{"id":60364,"date":"2020-12-14T21:00:03","date_gmt":"2020-12-15T00:00:03","guid":{"rendered":"https:\/\/portalnpm.com\/index.php\/2020\/12\/14\/vanderlei-luxemburgo-e-internado-com-covid-pela-segunda-vez\/"},"modified":"2020-12-14T21:00:03","modified_gmt":"2020-12-15T00:00:03","slug":"vanderlei-luxemburgo-e-internado-com-covid-pela-segunda-vez","status":"publish","type":"post","link":"https:\/\/portalnpm.com\/index.php\/2020\/12\/14\/vanderlei-luxemburgo-e-internado-com-covid-pela-segunda-vez\/","title":{"rendered":"Vanderlei Luxemburgo \u00e9 internado com covid pela segunda vez"},"content":{"rendered":"<p style=\"text-align: justify;\">O t\u00e9cnico Vanderlei Luxemburgo, de 68 anos, est\u00e1 internado no hospital S\u00edrio Liban\u00eas, em S\u00e3o Paulo, ap\u00f3s ser diagnosticado com\u00a0<a href=\"https:\/\/noticias.r7.com\/saude\/novo-coronavirus\" target=\"_blank\" rel=\"noopener noreferrer\"><strong>covid-19<\/strong><\/a>\u00a0pela segunda vez. O treinador, atualmente sem clube, testou positivo pela primeira vez no in\u00edcio de julho, quando ainda dirigia o\u00a0<a href=\"https:\/\/esportes.r7.com\/futebol\/times\/palmeiras\" target=\"_blank\" rel=\"noopener noreferrer\"><strong>Palmeiras<\/strong><\/a>.<\/p>\n<p style=\"text-align: justify;\">\n<p style=\"text-align: justify;\">O t\u00e9cnico estava no Rio de Janeiro com a fam\u00edlia quando apresentou sintomas do novo coronav\u00edrus e procurou tratamento na capital paulista. Na primeira ocasi\u00e3o que testou positivo, o treinador estava assintom\u00e1tico e foi afastado do trabalho na Academia de Futebol. O hospital S\u00edrio Liban\u00eas ainda n\u00e3o divulgou um boletim sobre o atual estado de sa\u00fade de Luxemburgo.<\/p>\n<p style=\"text-align: justify;\">O Brasil j\u00e1 registrou mais de seis milh\u00f5es de casos de novo coronav\u00edrus neste ano. No Rio de Janeiro, onde Luxemburgo estava com a fam\u00edlia, s\u00e3o cerca de 389.125 casos at\u00e9 o \u00faltimo domingo, dia 13, segundo a secretaria estadual de Sa\u00fade. Com os \u00faltimos dados divulgados, a m\u00e9dia m\u00f3vel no estado passa a ser de 2.579 casos e 84 mortes por dia, um \u00edndice considerado alto.<\/p>\n<p style=\"text-align: justify;\">Com informa\u00e7\u00f5es do R7 Esportes<\/p>\n","protected":false},"excerpt":{"rendered":"<p>O t\u00e9cnico Vanderlei Luxemburgo, de 68 anos, est\u00e1 internado no hospital S\u00edrio Liban\u00eas, em S\u00e3o Paulo, ap\u00f3s ser diagnosticado com\u00a0covid-19\u00a0pela segunda vez. O treinador, atualmente sem clube, testou positivo pela primeira vez no in\u00edcio de julho, quando ainda dirigia o\u00a0Palmeiras. O t\u00e9cnico estava no Rio de Janeiro com a fam\u00edlia quando apresentou sintomas do novo &hellip;<\/p>\n","protected":false},"author":2,"featured_media":60365,"comment_status":"open","ping_status":"open","sticky":false,"template":"","format":"standard","meta":{"content-type":"","rop_custom_images_group":[],"rop_custom_messages_group":[],"rop_publish_now":"initial","rop_publish_now_accounts":{"facebook_2648258775420054_1618374048415101":""},"rop_publish_now_history":[],"rop_publish_now_status":"pending","footnotes":"","_jetpack_memberships_contains_paid_content":false},"categories":[108],"tags":[8354,2323,8355,7052],"yoast_head":"<!-- This site is optimized with the Yoast SEO plugin v22.3 - https:\/\/yoast.com\/wordpress\/plugins\/seo\/ -->\n<title>Vanderlei Luxemburgo \u00e9 internado com covid pela segunda vez<\/title>\n<meta name=\"robots\" content=\"index, follow, max-snippet:-1, max-image-preview:large, max-video-preview:-1\" \/>\n<link rel=\"canonical\" href=\"https:\/\/portalnpm.com\/index.php\/2020\/12\/14\/vanderlei-luxemburgo-e-internado-com-covid-pela-segunda-vez\/\" \/>\n<meta property=\"og:locale\" content=\"pt_BR\" \/>\n<meta property=\"og:type\" content=\"article\" \/>\n<meta property=\"og:title\" content=\"Vanderlei Luxemburgo \u00e9 internado com covid pela segunda vez\" \/>\n<meta property=\"og:description\" content=\"O t\u00e9cnico Vanderlei Luxemburgo, de 68 anos, est\u00e1 internado no hospital S\u00edrio Liban\u00eas, em S\u00e3o Paulo, ap\u00f3s ser diagnosticado com\u00a0covid-19\u00a0pela segunda vez. O treinador, atualmente sem clube, testou positivo pela primeira vez no in\u00edcio de julho, quando ainda dirigia o\u00a0Palmeiras. O t\u00e9cnico estava no Rio de Janeiro com a fam\u00edlia quando apresentou sintomas do novo &hellip;\" \/>\n<meta property=\"og:url\" content=\"https:\/\/portalnpm.com\/index.php\/2020\/12\/14\/vanderlei-luxemburgo-e-internado-com-covid-pela-segunda-vez\/\" \/>\n<meta property=\"og:site_name\" content=\"Portal NPM\" \/>\n<meta property=\"article:published_time\" content=\"2020-12-15T00:00:03+00:00\" \/>\n<meta property=\"og:image\" content=\"https:\/\/portalnpm.com\/wp-content\/uploads\/2024\/01\/lance-14122020194209198.jpeg\" \/>\n\t<meta property=\"og:image:width\" content=\"660\" \/>\n\t<meta property=\"og:image:height\" content=\"360\" \/>\n\t<meta property=\"og:image:type\" content=\"image\/jpeg\" \/>\n<meta name=\"author\" content=\"Genival Barbosa\" \/>\n<meta name=\"twitter:card\" content=\"summary_large_image\" \/>\n<meta name=\"twitter:label1\" content=\"Escrito por\" \/>\n\t<meta name=\"twitter:data1\" content=\"Genival Barbosa\" \/>\n\t<meta name=\"twitter:label2\" content=\"Est. tempo de leitura\" \/>\n\t<meta name=\"twitter:data2\" content=\"1 minuto\" \/>\n<script type=\"application\/ld+json\" class=\"yoast-schema-graph\">{\"@context\":\"https:\/\/schema.org\",\"@graph\":[{\"@type\":\"WebPage\",\"@id\":\"https:\/\/portalnpm.com\/index.php\/2020\/12\/14\/vanderlei-luxemburgo-e-internado-com-covid-pela-segunda-vez\/\",\"url\":\"https:\/\/portalnpm.com\/index.php\/2020\/12\/14\/vanderlei-luxemburgo-e-internado-com-covid-pela-segunda-vez\/\",\"name\":\"Vanderlei Luxemburgo \u00e9 internado com covid pela segunda vez\",\"isPartOf\":{\"@id\":\"https:\/\/portalnpm.com\/#website\"},\"primaryImageOfPage\":{\"@id\":\"https:\/\/portalnpm.com\/index.php\/2020\/12\/14\/vanderlei-luxemburgo-e-internado-com-covid-pela-segunda-vez\/#primaryimage\"},\"image\":{\"@id\":\"https:\/\/portalnpm.com\/index.php\/2020\/12\/14\/vanderlei-luxemburgo-e-internado-com-covid-pela-segunda-vez\/#primaryimage\"},\"thumbnailUrl\":\"https:\/\/portalnpm.com\/wp-content\/uploads\/2024\/01\/lance-14122020194209198.jpeg\",\"datePublished\":\"2020-12-15T00:00:03+00:00\",\"dateModified\":\"2020-12-15T00:00:03+00:00\",\"author\":{\"@id\":\"https:\/\/portalnpm.com\/#\/schema\/person\/49313e563cfdefcc167f1ee4c017c294\"},\"breadcrumb\":{\"@id\":\"https:\/\/portalnpm.com\/index.php\/2020\/12\/14\/vanderlei-luxemburgo-e-internado-com-covid-pela-segunda-vez\/#breadcrumb\"},\"inLanguage\":\"pt-BR\",\"potentialAction\":[{\"@type\":\"ReadAction\",\"target\":[\"https:\/\/portalnpm.com\/index.php\/2020\/12\/14\/vanderlei-luxemburgo-e-internado-com-covid-pela-segunda-vez\/\"]}]},{\"@type\":\"ImageObject\",\"inLanguage\":\"pt-BR\",\"@id\":\"https:\/\/portalnpm.com\/index.php\/2020\/12\/14\/vanderlei-luxemburgo-e-internado-com-covid-pela-segunda-vez\/#primaryimage\",\"url\":\"https:\/\/portalnpm.com\/wp-content\/uploads\/2024\/01\/lance-14122020194209198.jpeg\",\"contentUrl\":\"https:\/\/portalnpm.com\/wp-content\/uploads\/2024\/01\/lance-14122020194209198.jpeg\",\"width\":660,\"height\":360},{\"@type\":\"BreadcrumbList\",\"@id\":\"https:\/\/portalnpm.com\/index.php\/2020\/12\/14\/vanderlei-luxemburgo-e-internado-com-covid-pela-segunda-vez\/#breadcrumb\",\"itemListElement\":[{\"@type\":\"ListItem\",\"position\":1,\"name\":\"In\u00edcio\",\"item\":\"https:\/\/portalnpm.com\/\"},{\"@type\":\"ListItem\",\"position\":2,\"name\":\"Vanderlei Luxemburgo \u00e9 internado com covid pela segunda vez\"}]},{\"@type\":\"WebSite\",\"@id\":\"https:\/\/portalnpm.com\/#website\",\"url\":\"https:\/\/portalnpm.com\/\",\"name\":\"Portal NPM\",\"description\":\"Not\u00edcias em Primeira M\u00e3o\",\"potentialAction\":[{\"@type\":\"SearchAction\",\"target\":{\"@type\":\"EntryPoint\",\"urlTemplate\":\"https:\/\/portalnpm.com\/?s={search_term_string}\"},\"query-input\":\"required name=search_term_string\"}],\"inLanguage\":\"pt-BR\"},{\"@type\":\"Person\",\"@id\":\"https:\/\/portalnpm.com\/#\/schema\/person\/49313e563cfdefcc167f1ee4c017c294\",\"name\":\"Genival Barbosa\",\"image\":{\"@type\":\"ImageObject\",\"inLanguage\":\"pt-BR\",\"@id\":\"https:\/\/portalnpm.com\/#\/schema\/person\/image\/\",\"url\":\"https:\/\/portalnpm.com\/wp-content\/uploads\/2024\/02\/avatar_user_2_1707743258-96x96.jpeg\",\"contentUrl\":\"https:\/\/portalnpm.com\/wp-content\/uploads\/2024\/02\/avatar_user_2_1707743258-96x96.jpeg\",\"caption\":\"Genival Barbosa\"},\"url\":\"https:\/\/portalnpm.com\/index.php\/author\/genival\/\"}]}<\/script>\n<!-- \/ Yoast SEO plugin. -->","yoast_head_json":{"title":"Vanderlei Luxemburgo \u00e9 internado com covid pela segunda vez","robots":{"index":"index","follow":"follow","max-snippet":"max-snippet:-1","max-image-preview":"max-image-preview:large","max-video-preview":"max-video-preview:-1"},"canonical":"https:\/\/portalnpm.com\/index.php\/2020\/12\/14\/vanderlei-luxemburgo-e-internado-com-covid-pela-segunda-vez\/","og_locale":"pt_BR","og_type":"article","og_title":"Vanderlei Luxemburgo \u00e9 internado com covid pela segunda vez","og_description":"O t\u00e9cnico Vanderlei Luxemburgo, de 68 anos, est\u00e1 internado no hospital S\u00edrio Liban\u00eas, em S\u00e3o Paulo, ap\u00f3s ser diagnosticado com\u00a0covid-19\u00a0pela segunda vez. O treinador, atualmente sem clube, testou positivo pela primeira vez no in\u00edcio de julho, quando ainda dirigia o\u00a0Palmeiras. O t\u00e9cnico estava no Rio de Janeiro com a fam\u00edlia quando apresentou sintomas do novo &hellip;","og_url":"https:\/\/portalnpm.com\/index.php\/2020\/12\/14\/vanderlei-luxemburgo-e-internado-com-covid-pela-segunda-vez\/","og_site_name":"Portal NPM","article_published_time":"2020-12-15T00:00:03+00:00","og_image":[{"width":660,"height":360,"url":"https:\/\/portalnpm.com\/wp-content\/uploads\/2024\/01\/lance-14122020194209198.jpeg","type":"image\/jpeg"}],"author":"Genival Barbosa","twitter_card":"summary_large_image","twitter_misc":{"Escrito por":"Genival Barbosa","Est. tempo de leitura":"1 minuto"},"schema":{"@context":"https:\/\/schema.org","@graph":[{"@type":"WebPage","@id":"https:\/\/portalnpm.com\/index.php\/2020\/12\/14\/vanderlei-luxemburgo-e-internado-com-covid-pela-segunda-vez\/","url":"https:\/\/portalnpm.com\/index.php\/2020\/12\/14\/vanderlei-luxemburgo-e-internado-com-covid-pela-segunda-vez\/","name":"Vanderlei Luxemburgo \u00e9 internado com covid pela segunda vez","isPartOf":{"@id":"https:\/\/portalnpm.com\/#website"},"primaryImageOfPage":{"@id":"https:\/\/portalnpm.com\/index.php\/2020\/12\/14\/vanderlei-luxemburgo-e-internado-com-covid-pela-segunda-vez\/#primaryimage"},"image":{"@id":"https:\/\/portalnpm.com\/index.php\/2020\/12\/14\/vanderlei-luxemburgo-e-internado-com-covid-pela-segunda-vez\/#primaryimage"},"thumbnailUrl":"https:\/\/portalnpm.com\/wp-content\/uploads\/2024\/01\/lance-14122020194209198.jpeg","datePublished":"2020-12-15T00:00:03+00:00","dateModified":"2020-12-15T00:00:03+00:00","author":{"@id":"https:\/\/portalnpm.com\/#\/schema\/person\/49313e563cfdefcc167f1ee4c017c294"},"breadcrumb":{"@id":"https:\/\/portalnpm.com\/index.php\/2020\/12\/14\/vanderlei-luxemburgo-e-internado-com-covid-pela-segunda-vez\/#breadcrumb"},"inLanguage":"pt-BR","potentialAction":[{"@type":"ReadAction","target":["https:\/\/portalnpm.com\/index.php\/2020\/12\/14\/vanderlei-luxemburgo-e-internado-com-covid-pela-segunda-vez\/"]}]},{"@type":"ImageObject","inLanguage":"pt-BR","@id":"https:\/\/portalnpm.com\/index.php\/2020\/12\/14\/vanderlei-luxemburgo-e-internado-com-covid-pela-segunda-vez\/#primaryimage","url":"https:\/\/portalnpm.com\/wp-content\/uploads\/2024\/01\/lance-14122020194209198.jpeg","contentUrl":"https:\/\/portalnpm.com\/wp-content\/uploads\/2024\/01\/lance-14122020194209198.jpeg","width":660,"height":360},{"@type":"BreadcrumbList","@id":"https:\/\/portalnpm.com\/index.php\/2020\/12\/14\/vanderlei-luxemburgo-e-internado-com-covid-pela-segunda-vez\/#breadcrumb","itemListElement":[{"@type":"ListItem","position":1,"name":"In\u00edcio","item":"https:\/\/portalnpm.com\/"},{"@type":"ListItem","position":2,"name":"Vanderlei Luxemburgo \u00e9 internado com covid pela segunda vez"}]},{"@type":"WebSite","@id":"https:\/\/portalnpm.com\/#website","url":"https:\/\/portalnpm.com\/","name":"Portal NPM","description":"Not\u00edcias em Primeira M\u00e3o","potentialAction":[{"@type":"SearchAction","target":{"@type":"EntryPoint","urlTemplate":"https:\/\/portalnpm.com\/?s={search_term_string}"},"query-input":"required name=search_term_string"}],"inLanguage":"pt-BR"},{"@type":"Person","@id":"https:\/\/portalnpm.com\/#\/schema\/person\/49313e563cfdefcc167f1ee4c017c294","name":"Genival Barbosa","image":{"@type":"ImageObject","inLanguage":"pt-BR","@id":"https:\/\/portalnpm.com\/#\/schema\/person\/image\/","url":"https:\/\/portalnpm.com\/wp-content\/uploads\/2024\/02\/avatar_user_2_1707743258-96x96.jpeg","contentUrl":"https:\/\/portalnpm.com\/wp-content\/uploads\/2024\/02\/avatar_user_2_1707743258-96x96.jpeg","caption":"Genival Barbosa"},"url":"https:\/\/portalnpm.com\/index.php\/author\/genival\/"}]}},"jetpack_sharing_enabled":true,"jetpack_featured_media_url":"https:\/\/portalnpm.com\/wp-content\/uploads\/2024\/01\/lance-14122020194209198.jpeg","_links":{"self":[{"href":"https:\/\/portalnpm.com\/index.php\/wp-json\/wp\/v2\/posts\/60364"}],"collection":[{"href":"https:\/\/portalnpm.com\/index.php\/wp-json\/wp\/v2\/posts"}],"about":[{"href":"https:\/\/portalnpm.com\/index.php\/wp-json\/wp\/v2\/types\/post"}],"author":[{"embeddable":true,"href":"https:\/\/portalnpm.com\/index.php\/wp-json\/wp\/v2\/users\/2"}],"replies":[{"embeddable":true,"href":"https:\/\/portalnpm.com\/index.php\/wp-json\/wp\/v2\/comments?post=60364"}],"version-history":[{"count":0,"href":"https:\/\/portalnpm.com\/index.php\/wp-json\/wp\/v2\/posts\/60364\/revisions"}],"wp:featuredmedia":[{"embeddable":true,"href":"https:\/\/portalnpm.com\/index.php\/wp-json\/wp\/v2\/media\/60365"}],"wp:attachment":[{"href":"https:\/\/portalnpm.com\/index.php\/wp-json\/wp\/v2\/media?parent=60364"}],"wp:term":[{"taxonomy":"category","embeddable":true,"href":"https:\/\/portalnpm.com\/index.php\/wp-json\/wp\/v2\/categories?post=60364"},{"taxonomy":"post_tag","embeddable":true,"href":"https:\/\/portalnpm.com\/index.php\/wp-json\/wp\/v2\/tags?post=60364"}],"curies":[{"name":"wp","href":"https:\/\/api.w.org\/{rel}","templated":true}]}}