{"id":60366,"date":"2020-12-14T22:25:52","date_gmt":"2020-12-15T01:25:52","guid":{"rendered":"https:\/\/portalnpm.com\/index.php\/2020\/12\/14\/morre-paulinho-vocalista-e-percussionista-do-roupa-nova-vitima-da-covid-19\/"},"modified":"2020-12-14T22:25:52","modified_gmt":"2020-12-15T01:25:52","slug":"morre-paulinho-vocalista-e-percussionista-do-roupa-nova-vitima-da-covid-19","status":"publish","type":"post","link":"https:\/\/portalnpm.com\/index.php\/2020\/12\/14\/morre-paulinho-vocalista-e-percussionista-do-roupa-nova-vitima-da-covid-19\/","title":{"rendered":"Morre Paulinho, vocalista e percussionista do Roupa Nova, v\u00edtima da Covid-19"},"content":{"rendered":"<div class=\"mc-column content-text active-extra-styles \" data-block-type=\"unstyled\" data-block-weight=\"40\" data-block-id=\"2\">\n<p class=\"content-text__container \" style=\"text-align: justify;\" data-track-category=\"Link no Texto\" data-track-links=\"\">O cantor Paulo C\u00e9sar Santos, o Paulinho, integrante do grupo Roupa Nova, morreu na noite desta segunda-feira (14), aos 68 anos. Ele estava internado na Unidade de Terapia Intensiva (UTI) do Hospital Copa D&#8217;or, na Zona Sul do Rio.<\/p>\n<\/div>\n<div class=\"wall protected-content\">\n<div class=\"mc-column content-text active-extra-styles \" style=\"text-align: justify;\" data-block-type=\"unstyled\" data-block-weight=\"32\" data-block-id=\"3\">\n<p data-track-category=\"Link no Texto\" data-track-links=\"\">\n<p data-track-category=\"Link no Texto\" data-track-links=\"\">\n<p class=\"content-text__container \" data-track-category=\"Link no Texto\" data-track-links=\"\">A informa\u00e7\u00e3o da morte foi confirmada pela assessoria de imprensa da banda e pela unidade de sa\u00fade. O hospital disse ainda que n\u00e3o tem autoriza\u00e7\u00e3o da fam\u00edlia para divulgar mais detalhes.<\/p>\n<\/div>\n<div class=\"mc-column content-text active-extra-styles \" style=\"text-align: justify;\" data-block-type=\"unstyled\" data-block-weight=\"48\" data-block-id=\"4\">\n<p class=\"content-text__container \" data-track-category=\"Link no Texto\" data-track-links=\"\">No m\u00eas passado, Paulinho foi internado com Covid-19. Em setembro, ele passou por um transplante de medula \u00f3ssea para tratar de um linfoma. No procedimento, foram utilizadas as pr\u00f3prias c\u00e9lulas do paciente. Ele respondeu bem ao tratamento, mas depois precisou ser novamente internado para tratar a Covid.<\/p>\n<\/div>\n<div class=\"mc-column content-text active-extra-styles \" style=\"text-align: justify;\" data-block-type=\"unstyled\" data-block-weight=\"20\" data-block-id=\"5\">\n<p class=\"content-text__container \" data-track-category=\"Link no Texto\" data-track-links=\"\">Em uma postagem nas redes sociais nesta segunda-feira (14), a banda\u00a0<a href=\"https:\/\/g1.globo.com\/rj\/rio-de-janeiro\/noticia\/2020\/12\/14\/vocalista-do-roupa-nova-esta-internado-com-quadro-delicado-diz-banda.ghtml\">informou que o quadro de sa\u00fade dele era delicado.<\/a><\/p>\n<\/div>\n<div class=\"mc-column content-text active-extra-styles\" style=\"text-align: justify;\" data-block-type=\"raw\" data-block-weight=\"1\" data-block-id=\"6\">\n<p class=\"content-text__container\">\n<div class=\"content-intertitle\">\n<h2>Trajet\u00f3ria<\/h2>\n<\/div>\n<p>\u00a0<\/p>\n<\/div>\n<div class=\"mc-column content-text active-extra-styles \" style=\"text-align: justify;\" data-block-type=\"unstyled\" data-block-weight=\"24\" data-block-id=\"7\">\n<p class=\"content-text__container \" data-track-category=\"Link no Texto\" data-track-links=\"\">Paulinho foi diagnosticado com Covid-19 enquanto se recuperava de um transplante de medula \u00f3ssea, feito h\u00e1 dois meses para tratar um linfoma.<\/p>\n<\/div>\n<div class=\"mc-column content-text active-extra-styles \" style=\"text-align: justify;\" data-block-type=\"unstyled\" data-block-weight=\"47\" data-block-id=\"8\">\n<p class=\"content-text__container \" data-track-category=\"Link no Texto\" data-track-links=\"\">H\u00e1 mais de 40 anos, ele estava \u00e0 frente da forma\u00e7\u00e3o do Roupa Nova, que estreou nos anos 1970 como Os Famks. Depois, o grupo ainda se chamaria Os Motokas antes de receber o nome definitivo, ap\u00f3s assinar um contrato de grava\u00e7\u00e3o j\u00e1 nos anos 80.<\/p>\n<\/div>\n<div class=\"mc-column content-text active-extra-styles \" style=\"text-align: justify;\" data-block-type=\"unstyled\" data-block-weight=\"34\" data-block-id=\"10\">\n<p class=\"content-text__container \" data-track-category=\"Link no Texto\" data-track-links=\"\">Sua voz se tornou uma das principais marcas da banda. Paulinho assume os vocais principais em hits como &#8220;Can\u00e7\u00e3o de ver\u00e3o&#8221;, \u201cSensual\u201d, \u201cVolta pra mim\u201d, \u201cAsas do prazer\u201d e \u201cMeu universo \u00e9 voc\u00ea\u201d.<\/p>\n<\/div>\n<div class=\"mc-column content-text active-extra-styles \" style=\"text-align: justify;\" data-block-type=\"unstyled\" data-block-weight=\"24\" data-block-id=\"11\">\n<p class=\"content-text__container \" data-track-category=\"Link no Texto\" data-track-links=\"\">Foi tamb\u00e9m percussionista do grupo, al\u00e9m de compor m\u00fasicas como \u201cAssim como eu\u201d e \u201cFora do ar\u201d, ao lado de outros integrantes.<\/p>\n<\/div>\n<div class=\"mc-column content-text active-extra-styles \" style=\"text-align: justify;\" data-block-type=\"unstyled\" data-block-weight=\"21\" data-block-id=\"12\">\n<p class=\"content-text__container \" data-track-category=\"Link no Texto\" data-track-links=\"\">Nascido no Rio de Janeiro em 1952, Paulinho se apresentava em bailes cariocas antes de se juntar aos Famks.<\/p>\n<\/div>\n<div class=\"mc-column content-text active-extra-styles \" style=\"text-align: justify;\" data-block-type=\"unstyled\" data-block-weight=\"26\" data-block-id=\"13\">\n<p class=\"content-text__container \" data-track-category=\"Link no Texto\" data-track-links=\"\">Com Serginho Herval, Kiko, Nando, Ricardo Feghali e Cleberson Horsth, ajudou a transformar o Roupa Nova em fen\u00f4meno j\u00e1 no in\u00edcio dos anos 80.<\/p>\n<\/div>\n<div class=\"mc-column content-text active-extra-styles \" style=\"text-align: justify;\" data-block-type=\"unstyled\" data-block-weight=\"30\" data-block-id=\"14\">\n<p class=\"content-text__container \" data-track-category=\"Link no Texto\" data-track-links=\"\">O grupo se consagrou a partir do segundo disco da carreira, lan\u00e7ado em 1982, com a cl\u00e1ssica \u201cClarear\u201d, que se tornou tema da novela \u201cJogo da vida\u201d (TV Globo).<\/p>\n<\/div>\n<div class=\"mc-column content-text active-extra-styles \" style=\"text-align: justify;\" data-block-type=\"unstyled\" data-block-weight=\"29\" data-block-id=\"15\">\n<p class=\"content-text__container \" data-track-category=\"Link no Texto\" data-track-links=\"\">Era o in\u00edcio de uma trajet\u00f3ria que transformaria o Roupa Nova em recordista de trilhas de novelas, com mais de 30 m\u00fasicas selecionadas para tramas de TV.<\/p>\n<\/div>\n<div class=\"mc-column content-text active-extra-styles \" style=\"text-align: justify;\" data-block-type=\"unstyled\" data-block-weight=\"35\" data-block-id=\"16\">\n<p class=\"content-text__container \" data-track-category=\"Link no Texto\" data-track-links=\"\">Com o grupo, Paulinho j\u00e1 dividiu os vocais com nomes como Ivete Sangalo, Z\u00e9lia Duncan, Elba Ramalho, Zez\u00e9 di Camargo e Luciano e artistas internacionais, como a banda de Soul americana The Commodores.<\/p>\n<\/div>\n<div class=\"mc-column content-text active-extra-styles \" style=\"text-align: justify;\" data-block-type=\"unstyled\" data-block-weight=\"20\" data-block-id=\"17\">\n<p class=\"content-text__container \" data-track-category=\"Link no Texto\" data-track-links=\"\">Paulinho deixa dois filhos: Pep\u00ea, baterista da banda Jamz, revelada no programa SuperStar (TV Globo), e a cantora Twigg.<\/p>\n<\/div>\n<div class=\"mc-column\" data-block-type=\"ads\" data-block-id=\"18\">\n<div class=\"content-ads\">\n<div id=\"banner_materia__fee580cc-3ea8-454e-8ef8-dbf6dbe360d0\" class=\"tag-manager-publicidade-container mc-has-ad-lazyload tag-manager-publicidade-banner_materia__fee580cc-3ea8-454e-8ef8-dbf6dbe360d0 tag-manager-publicidade-container--carregado tag-manager-publicidade-container--visivel\" style=\"text-align: justify;\" data-id=\"banner_materia__fee580cc-3ea8-454e-8ef8-dbf6dbe360d0\" data-req=\"true\" data-google-query-id=\"CPWhwOnizu0CFeQDuQYd198MYA\" data-cid=\"138333732616\" data-lid=\"5555677634\"><b>Fonte: <a href=\"https:\/\/g1.globo.com\/rj\/rio-de-janeiro\/noticia\/2020\/12\/14\/paulinho-integrante-do-roupa-nova-morre-no-rio.ghtml\">G1<\/a><\/b><\/div>\n<\/div>\n<\/div>\n<\/div>\n","protected":false},"excerpt":{"rendered":"<p>O cantor Paulo C\u00e9sar Santos, o Paulinho, integrante do grupo Roupa Nova, morreu na noite desta segunda-feira (14), aos 68 anos. Ele estava internado na Unidade de Terapia Intensiva (UTI) do Hospital Copa D&#8217;or, na Zona Sul do Rio. A informa\u00e7\u00e3o da morte foi confirmada pela assessoria de imprensa da banda e pela unidade de &hellip;<\/p>\n","protected":false},"author":2,"featured_media":60367,"comment_status":"open","ping_status":"open","sticky":false,"template":"","format":"standard","meta":{"content-type":"","rop_custom_images_group":[],"rop_custom_messages_group":[],"rop_publish_now":"initial","rop_publish_now_accounts":{"facebook_2648258775420054_1618374048415101":""},"rop_publish_now_history":[],"rop_publish_now_status":"pending","footnotes":"","_jetpack_memberships_contains_paid_content":false},"categories":[113,147],"tags":[8356,8357,8358,8359],"yoast_head":"<!-- This site is optimized with the Yoast SEO plugin v22.3 - https:\/\/yoast.com\/wordpress\/plugins\/seo\/ -->\n<title>Morre Paulinho, vocalista e percussionista do Roupa Nova, v\u00edtima da Covid-19<\/title>\n<meta name=\"robots\" content=\"index, follow, max-snippet:-1, max-image-preview:large, max-video-preview:-1\" \/>\n<link rel=\"canonical\" href=\"https:\/\/portalnpm.com\/index.php\/2020\/12\/14\/morre-paulinho-vocalista-e-percussionista-do-roupa-nova-vitima-da-covid-19\/\" \/>\n<meta property=\"og:locale\" content=\"pt_BR\" \/>\n<meta property=\"og:type\" content=\"article\" \/>\n<meta property=\"og:title\" content=\"Morre Paulinho, vocalista e percussionista do Roupa Nova, v\u00edtima da Covid-19\" \/>\n<meta property=\"og:description\" content=\"O cantor Paulo C\u00e9sar Santos, o Paulinho, integrante do grupo Roupa Nova, morreu na noite desta segunda-feira (14), aos 68 anos. Ele estava internado na Unidade de Terapia Intensiva (UTI) do Hospital Copa D&#8217;or, na Zona Sul do Rio. A informa\u00e7\u00e3o da morte foi confirmada pela assessoria de imprensa da banda e pela unidade de &hellip;\" \/>\n<meta property=\"og:url\" content=\"https:\/\/portalnpm.com\/index.php\/2020\/12\/14\/morre-paulinho-vocalista-e-percussionista-do-roupa-nova-vitima-da-covid-19\/\" \/>\n<meta property=\"og:site_name\" content=\"Portal NPM\" \/>\n<meta property=\"article:published_time\" content=\"2020-12-15T01:25:52+00:00\" \/>\n<meta property=\"og:image\" content=\"https:\/\/portalnpm.com\/wp-content\/uploads\/2024\/01\/foto_13.jpg\" \/>\n\t<meta property=\"og:image:width\" content=\"640\" \/>\n\t<meta property=\"og:image:height\" content=\"401\" \/>\n\t<meta property=\"og:image:type\" content=\"image\/jpeg\" \/>\n<meta name=\"author\" content=\"Genival Barbosa\" \/>\n<meta name=\"twitter:card\" content=\"summary_large_image\" \/>\n<meta name=\"twitter:label1\" content=\"Escrito por\" \/>\n\t<meta name=\"twitter:data1\" content=\"Genival Barbosa\" \/>\n\t<meta name=\"twitter:label2\" content=\"Est. tempo de leitura\" \/>\n\t<meta name=\"twitter:data2\" content=\"2 minutos\" \/>\n<script type=\"application\/ld+json\" class=\"yoast-schema-graph\">{\"@context\":\"https:\/\/schema.org\",\"@graph\":[{\"@type\":\"WebPage\",\"@id\":\"https:\/\/portalnpm.com\/index.php\/2020\/12\/14\/morre-paulinho-vocalista-e-percussionista-do-roupa-nova-vitima-da-covid-19\/\",\"url\":\"https:\/\/portalnpm.com\/index.php\/2020\/12\/14\/morre-paulinho-vocalista-e-percussionista-do-roupa-nova-vitima-da-covid-19\/\",\"name\":\"Morre Paulinho, vocalista e percussionista do Roupa Nova, v\u00edtima da Covid-19\",\"isPartOf\":{\"@id\":\"https:\/\/portalnpm.com\/#website\"},\"primaryImageOfPage\":{\"@id\":\"https:\/\/portalnpm.com\/index.php\/2020\/12\/14\/morre-paulinho-vocalista-e-percussionista-do-roupa-nova-vitima-da-covid-19\/#primaryimage\"},\"image\":{\"@id\":\"https:\/\/portalnpm.com\/index.php\/2020\/12\/14\/morre-paulinho-vocalista-e-percussionista-do-roupa-nova-vitima-da-covid-19\/#primaryimage\"},\"thumbnailUrl\":\"https:\/\/portalnpm.com\/wp-content\/uploads\/2024\/01\/foto_13.jpg\",\"datePublished\":\"2020-12-15T01:25:52+00:00\",\"dateModified\":\"2020-12-15T01:25:52+00:00\",\"author\":{\"@id\":\"https:\/\/portalnpm.com\/#\/schema\/person\/49313e563cfdefcc167f1ee4c017c294\"},\"breadcrumb\":{\"@id\":\"https:\/\/portalnpm.com\/index.php\/2020\/12\/14\/morre-paulinho-vocalista-e-percussionista-do-roupa-nova-vitima-da-covid-19\/#breadcrumb\"},\"inLanguage\":\"pt-BR\",\"potentialAction\":[{\"@type\":\"ReadAction\",\"target\":[\"https:\/\/portalnpm.com\/index.php\/2020\/12\/14\/morre-paulinho-vocalista-e-percussionista-do-roupa-nova-vitima-da-covid-19\/\"]}]},{\"@type\":\"ImageObject\",\"inLanguage\":\"pt-BR\",\"@id\":\"https:\/\/portalnpm.com\/index.php\/2020\/12\/14\/morre-paulinho-vocalista-e-percussionista-do-roupa-nova-vitima-da-covid-19\/#primaryimage\",\"url\":\"https:\/\/portalnpm.com\/wp-content\/uploads\/2024\/01\/foto_13.jpg\",\"contentUrl\":\"https:\/\/portalnpm.com\/wp-content\/uploads\/2024\/01\/foto_13.jpg\",\"width\":640,\"height\":401},{\"@type\":\"BreadcrumbList\",\"@id\":\"https:\/\/portalnpm.com\/index.php\/2020\/12\/14\/morre-paulinho-vocalista-e-percussionista-do-roupa-nova-vitima-da-covid-19\/#breadcrumb\",\"itemListElement\":[{\"@type\":\"ListItem\",\"position\":1,\"name\":\"In\u00edcio\",\"item\":\"https:\/\/portalnpm.com\/\"},{\"@type\":\"ListItem\",\"position\":2,\"name\":\"Morre Paulinho, vocalista e percussionista do Roupa Nova, v\u00edtima da Covid-19\"}]},{\"@type\":\"WebSite\",\"@id\":\"https:\/\/portalnpm.com\/#website\",\"url\":\"https:\/\/portalnpm.com\/\",\"name\":\"Portal NPM\",\"description\":\"Not\u00edcias em Primeira M\u00e3o\",\"potentialAction\":[{\"@type\":\"SearchAction\",\"target\":{\"@type\":\"EntryPoint\",\"urlTemplate\":\"https:\/\/portalnpm.com\/?s={search_term_string}\"},\"query-input\":\"required name=search_term_string\"}],\"inLanguage\":\"pt-BR\"},{\"@type\":\"Person\",\"@id\":\"https:\/\/portalnpm.com\/#\/schema\/person\/49313e563cfdefcc167f1ee4c017c294\",\"name\":\"Genival Barbosa\",\"image\":{\"@type\":\"ImageObject\",\"inLanguage\":\"pt-BR\",\"@id\":\"https:\/\/portalnpm.com\/#\/schema\/person\/image\/\",\"url\":\"https:\/\/portalnpm.com\/wp-content\/uploads\/2024\/02\/avatar_user_2_1707743258-96x96.jpeg\",\"contentUrl\":\"https:\/\/portalnpm.com\/wp-content\/uploads\/2024\/02\/avatar_user_2_1707743258-96x96.jpeg\",\"caption\":\"Genival Barbosa\"},\"url\":\"https:\/\/portalnpm.com\/index.php\/author\/genival\/\"}]}<\/script>\n<!-- \/ Yoast SEO plugin. -->","yoast_head_json":{"title":"Morre Paulinho, vocalista e percussionista do Roupa Nova, v\u00edtima da Covid-19","robots":{"index":"index","follow":"follow","max-snippet":"max-snippet:-1","max-image-preview":"max-image-preview:large","max-video-preview":"max-video-preview:-1"},"canonical":"https:\/\/portalnpm.com\/index.php\/2020\/12\/14\/morre-paulinho-vocalista-e-percussionista-do-roupa-nova-vitima-da-covid-19\/","og_locale":"pt_BR","og_type":"article","og_title":"Morre Paulinho, vocalista e percussionista do Roupa Nova, v\u00edtima da Covid-19","og_description":"O cantor Paulo C\u00e9sar Santos, o Paulinho, integrante do grupo Roupa Nova, morreu na noite desta segunda-feira (14), aos 68 anos. Ele estava internado na Unidade de Terapia Intensiva (UTI) do Hospital Copa D&#8217;or, na Zona Sul do Rio. A informa\u00e7\u00e3o da morte foi confirmada pela assessoria de imprensa da banda e pela unidade de &hellip;","og_url":"https:\/\/portalnpm.com\/index.php\/2020\/12\/14\/morre-paulinho-vocalista-e-percussionista-do-roupa-nova-vitima-da-covid-19\/","og_site_name":"Portal NPM","article_published_time":"2020-12-15T01:25:52+00:00","og_image":[{"width":640,"height":401,"url":"https:\/\/portalnpm.com\/wp-content\/uploads\/2024\/01\/foto_13.jpg","type":"image\/jpeg"}],"author":"Genival Barbosa","twitter_card":"summary_large_image","twitter_misc":{"Escrito por":"Genival Barbosa","Est. tempo de leitura":"2 minutos"},"schema":{"@context":"https:\/\/schema.org","@graph":[{"@type":"WebPage","@id":"https:\/\/portalnpm.com\/index.php\/2020\/12\/14\/morre-paulinho-vocalista-e-percussionista-do-roupa-nova-vitima-da-covid-19\/","url":"https:\/\/portalnpm.com\/index.php\/2020\/12\/14\/morre-paulinho-vocalista-e-percussionista-do-roupa-nova-vitima-da-covid-19\/","name":"Morre Paulinho, vocalista e percussionista do Roupa Nova, v\u00edtima da Covid-19","isPartOf":{"@id":"https:\/\/portalnpm.com\/#website"},"primaryImageOfPage":{"@id":"https:\/\/portalnpm.com\/index.php\/2020\/12\/14\/morre-paulinho-vocalista-e-percussionista-do-roupa-nova-vitima-da-covid-19\/#primaryimage"},"image":{"@id":"https:\/\/portalnpm.com\/index.php\/2020\/12\/14\/morre-paulinho-vocalista-e-percussionista-do-roupa-nova-vitima-da-covid-19\/#primaryimage"},"thumbnailUrl":"https:\/\/portalnpm.com\/wp-content\/uploads\/2024\/01\/foto_13.jpg","datePublished":"2020-12-15T01:25:52+00:00","dateModified":"2020-12-15T01:25:52+00:00","author":{"@id":"https:\/\/portalnpm.com\/#\/schema\/person\/49313e563cfdefcc167f1ee4c017c294"},"breadcrumb":{"@id":"https:\/\/portalnpm.com\/index.php\/2020\/12\/14\/morre-paulinho-vocalista-e-percussionista-do-roupa-nova-vitima-da-covid-19\/#breadcrumb"},"inLanguage":"pt-BR","potentialAction":[{"@type":"ReadAction","target":["https:\/\/portalnpm.com\/index.php\/2020\/12\/14\/morre-paulinho-vocalista-e-percussionista-do-roupa-nova-vitima-da-covid-19\/"]}]},{"@type":"ImageObject","inLanguage":"pt-BR","@id":"https:\/\/portalnpm.com\/index.php\/2020\/12\/14\/morre-paulinho-vocalista-e-percussionista-do-roupa-nova-vitima-da-covid-19\/#primaryimage","url":"https:\/\/portalnpm.com\/wp-content\/uploads\/2024\/01\/foto_13.jpg","contentUrl":"https:\/\/portalnpm.com\/wp-content\/uploads\/2024\/01\/foto_13.jpg","width":640,"height":401},{"@type":"BreadcrumbList","@id":"https:\/\/portalnpm.com\/index.php\/2020\/12\/14\/morre-paulinho-vocalista-e-percussionista-do-roupa-nova-vitima-da-covid-19\/#breadcrumb","itemListElement":[{"@type":"ListItem","position":1,"name":"In\u00edcio","item":"https:\/\/portalnpm.com\/"},{"@type":"ListItem","position":2,"name":"Morre Paulinho, vocalista e percussionista do Roupa Nova, v\u00edtima da Covid-19"}]},{"@type":"WebSite","@id":"https:\/\/portalnpm.com\/#website","url":"https:\/\/portalnpm.com\/","name":"Portal NPM","description":"Not\u00edcias em Primeira M\u00e3o","potentialAction":[{"@type":"SearchAction","target":{"@type":"EntryPoint","urlTemplate":"https:\/\/portalnpm.com\/?s={search_term_string}"},"query-input":"required name=search_term_string"}],"inLanguage":"pt-BR"},{"@type":"Person","@id":"https:\/\/portalnpm.com\/#\/schema\/person\/49313e563cfdefcc167f1ee4c017c294","name":"Genival Barbosa","image":{"@type":"ImageObject","inLanguage":"pt-BR","@id":"https:\/\/portalnpm.com\/#\/schema\/person\/image\/","url":"https:\/\/portalnpm.com\/wp-content\/uploads\/2024\/02\/avatar_user_2_1707743258-96x96.jpeg","contentUrl":"https:\/\/portalnpm.com\/wp-content\/uploads\/2024\/02\/avatar_user_2_1707743258-96x96.jpeg","caption":"Genival Barbosa"},"url":"https:\/\/portalnpm.com\/index.php\/author\/genival\/"}]}},"jetpack_sharing_enabled":true,"jetpack_featured_media_url":"https:\/\/portalnpm.com\/wp-content\/uploads\/2024\/01\/foto_13.jpg","_links":{"self":[{"href":"https:\/\/portalnpm.com\/index.php\/wp-json\/wp\/v2\/posts\/60366"}],"collection":[{"href":"https:\/\/portalnpm.com\/index.php\/wp-json\/wp\/v2\/posts"}],"about":[{"href":"https:\/\/portalnpm.com\/index.php\/wp-json\/wp\/v2\/types\/post"}],"author":[{"embeddable":true,"href":"https:\/\/portalnpm.com\/index.php\/wp-json\/wp\/v2\/users\/2"}],"replies":[{"embeddable":true,"href":"https:\/\/portalnpm.com\/index.php\/wp-json\/wp\/v2\/comments?post=60366"}],"version-history":[{"count":0,"href":"https:\/\/portalnpm.com\/index.php\/wp-json\/wp\/v2\/posts\/60366\/revisions"}],"wp:featuredmedia":[{"embeddable":true,"href":"https:\/\/portalnpm.com\/index.php\/wp-json\/wp\/v2\/media\/60367"}],"wp:attachment":[{"href":"https:\/\/portalnpm.com\/index.php\/wp-json\/wp\/v2\/media?parent=60366"}],"wp:term":[{"taxonomy":"category","embeddable":true,"href":"https:\/\/portalnpm.com\/index.php\/wp-json\/wp\/v2\/categories?post=60366"},{"taxonomy":"post_tag","embeddable":true,"href":"https:\/\/portalnpm.com\/index.php\/wp-json\/wp\/v2\/tags?post=60366"}],"curies":[{"name":"wp","href":"https:\/\/api.w.org\/{rel}","templated":true}]}}