{"id":60369,"date":"2020-12-16T19:22:27","date_gmt":"2020-12-16T22:22:27","guid":{"rendered":"https:\/\/portalnpm.com\/index.php\/2020\/12\/16\/auxilio-emergencial-nao-sera-renovado-diz-lider-do-governo-da-camara\/"},"modified":"2020-12-16T19:22:27","modified_gmt":"2020-12-16T22:22:27","slug":"auxilio-emergencial-nao-sera-renovado-diz-lider-do-governo-da-camara","status":"publish","type":"post","link":"https:\/\/portalnpm.com\/index.php\/2020\/12\/16\/auxilio-emergencial-nao-sera-renovado-diz-lider-do-governo-da-camara\/","title":{"rendered":"Aux\u00edlio emergencial n\u00e3o ser\u00e1 renovado, diz l\u00edder do governo da C\u00e2mara"},"content":{"rendered":"<p style=\"text-align: justify;\">O deputado federal Ricardo Barros (PP-PR), l\u00edder do governo na C\u00e2mara, descartou nesta segunda-feira, (14), a renova\u00e7\u00e3o do aux\u00edlio emergencial porque, \u201cem princ\u00edpio\u201d, o governo n\u00e3o vai prorrogar o \u201cor\u00e7amento de guerra\u201d que suspendeu a aplica\u00e7\u00e3o de regras fiscais. \u201cEm princ\u00edpio, n\u00e3o haver\u00e1 prorroga\u00e7\u00e3o do or\u00e7amento de guerra.<\/p>\n<p style=\"text-align: justify;\">\n<p style=\"text-align: justify;\">\n<p style=\"text-align: justify;\">N\u00e3o havendo prorroga\u00e7\u00e3o, n\u00e3o h\u00e1 nenhuma chance de renova\u00e7\u00e3o do aux\u00edlio emergencial\u201d, comentou o parlamentar em evento online da Eur\u00e1sia.<\/p>\n<p style=\"text-align: justify;\">Ele acrescentou que n\u00e3o h\u00e1 espa\u00e7o or\u00e7ament\u00e1rio para acomodar a continuidade do aux\u00edlio.<\/p>\n<p style=\"text-align: justify;\">\u201cObviamente, n\u00e3o tem fura-teto\u201d, disse o deputado, referindo-se \u00e0 regra que estabelece um limite m\u00e1ximo \u00e0s despesas p\u00fablicas.<\/p>\n<p style=\"text-align: justify;\">O l\u00edder do governo na C\u00e2mara ponderou que o governo pode reeditar o programa de aux\u00edlio emergencial apenas se uma nova grande onda de contamina\u00e7\u00f5es, paralisando completamente a economia, atingir o pa\u00eds no ano que vem.<\/p>\n<p style=\"text-align: justify;\">Neste caso, observou, o aux\u00edlio teria de ser financiado pela redu\u00e7\u00e3o de ren\u00fancias fiscais que somam R$ 370 bilh\u00f5es.<\/p>\n<p style=\"text-align: justify;\">Contudo, ele disse n\u00e3o perceber hoje tal risco. \u201cN\u00e3o vejo press\u00e3o sobre a prorroga\u00e7\u00e3o do aux\u00edlio. Muitos retomaram atividades, que est\u00e3o quase sendo normalizadas em cidades do interior. Isso permite que as pessoas voltem a ter sua renda\u201d, disse Barros.<\/p>\n<p style=\"text-align: justify;\">\u201cTemos ainda algumas medidas restritivas\u00a0<em>de combate \u00e0 pandemia<\/em>, mas n\u00e3o uma paralisa\u00e7\u00e3o que justifique a necessidade de aux\u00edlio emergencial\u201d, complementou.<\/p>\n<p style=\"text-align: justify;\">Ele assinalou, contudo, que o governo segue trabalhando em frentes, como um programa de microcr\u00e9dito, para ampliar o alcance do Bolsa Fam\u00edlia, que chega hoje a 20 milh\u00f5es de brasileiros.<\/p>\n<p style=\"text-align: justify;\">\n<p style=\"text-align: justify;\"><strong>Fonte: CNN<\/strong><\/p>\n","protected":false},"excerpt":{"rendered":"<p>O deputado federal Ricardo Barros (PP-PR), l\u00edder do governo na C\u00e2mara, descartou nesta segunda-feira, (14), a renova\u00e7\u00e3o do aux\u00edlio emergencial porque, \u201cem princ\u00edpio\u201d, o governo n\u00e3o vai prorrogar o \u201cor\u00e7amento de guerra\u201d que suspendeu a aplica\u00e7\u00e3o de regras fiscais. \u201cEm princ\u00edpio, n\u00e3o haver\u00e1 prorroga\u00e7\u00e3o do or\u00e7amento de guerra. N\u00e3o havendo prorroga\u00e7\u00e3o, n\u00e3o h\u00e1 nenhuma chance &hellip;<\/p>\n","protected":false},"author":2,"featured_media":28664,"comment_status":"open","ping_status":"open","sticky":false,"template":"","format":"standard","meta":{"content-type":"","rop_custom_images_group":[],"rop_custom_messages_group":[],"rop_publish_now":"initial","rop_publish_now_accounts":{"facebook_2648258775420054_1618374048415101":""},"rop_publish_now_history":[],"rop_publish_now_status":"pending","footnotes":"","_jetpack_memberships_contains_paid_content":false},"categories":[113,414],"tags":[3975,8362,8363,8364],"yoast_head":"<!-- This site is optimized with the Yoast SEO plugin v22.3 - https:\/\/yoast.com\/wordpress\/plugins\/seo\/ -->\n<title>Aux\u00edlio emergencial n\u00e3o ser\u00e1 renovado, diz l\u00edder do governo da C\u00e2mara<\/title>\n<meta name=\"robots\" content=\"index, follow, max-snippet:-1, max-image-preview:large, max-video-preview:-1\" \/>\n<link rel=\"canonical\" href=\"https:\/\/portalnpm.com\/index.php\/2020\/12\/16\/auxilio-emergencial-nao-sera-renovado-diz-lider-do-governo-da-camara\/\" \/>\n<meta property=\"og:locale\" content=\"pt_BR\" \/>\n<meta property=\"og:type\" content=\"article\" \/>\n<meta property=\"og:title\" content=\"Aux\u00edlio emergencial n\u00e3o ser\u00e1 renovado, diz l\u00edder do governo da C\u00e2mara\" \/>\n<meta property=\"og:description\" content=\"O deputado federal Ricardo Barros (PP-PR), l\u00edder do governo na C\u00e2mara, descartou nesta segunda-feira, (14), a renova\u00e7\u00e3o do aux\u00edlio emergencial porque, \u201cem princ\u00edpio\u201d, o governo n\u00e3o vai prorrogar o \u201cor\u00e7amento de guerra\u201d que suspendeu a aplica\u00e7\u00e3o de regras fiscais. \u201cEm princ\u00edpio, n\u00e3o haver\u00e1 prorroga\u00e7\u00e3o do or\u00e7amento de guerra. N\u00e3o havendo prorroga\u00e7\u00e3o, n\u00e3o h\u00e1 nenhuma chance &hellip;\" \/>\n<meta property=\"og:url\" content=\"https:\/\/portalnpm.com\/index.php\/2020\/12\/16\/auxilio-emergencial-nao-sera-renovado-diz-lider-do-governo-da-camara\/\" \/>\n<meta property=\"og:site_name\" content=\"Portal NPM\" \/>\n<meta property=\"article:published_time\" content=\"2020-12-16T22:22:27+00:00\" \/>\n<meta name=\"author\" content=\"Genival Barbosa\" \/>\n<meta name=\"twitter:card\" content=\"summary_large_image\" \/>\n<meta name=\"twitter:label1\" content=\"Escrito por\" \/>\n\t<meta name=\"twitter:data1\" content=\"Genival Barbosa\" \/>\n\t<meta name=\"twitter:label2\" content=\"Est. tempo de leitura\" \/>\n\t<meta name=\"twitter:data2\" content=\"1 minuto\" \/>\n<script type=\"application\/ld+json\" class=\"yoast-schema-graph\">{\"@context\":\"https:\/\/schema.org\",\"@graph\":[{\"@type\":\"WebPage\",\"@id\":\"https:\/\/portalnpm.com\/index.php\/2020\/12\/16\/auxilio-emergencial-nao-sera-renovado-diz-lider-do-governo-da-camara\/\",\"url\":\"https:\/\/portalnpm.com\/index.php\/2020\/12\/16\/auxilio-emergencial-nao-sera-renovado-diz-lider-do-governo-da-camara\/\",\"name\":\"Aux\u00edlio emergencial n\u00e3o ser\u00e1 renovado, diz l\u00edder do governo da C\u00e2mara\",\"isPartOf\":{\"@id\":\"https:\/\/portalnpm.com\/#website\"},\"primaryImageOfPage\":{\"@id\":\"https:\/\/portalnpm.com\/index.php\/2020\/12\/16\/auxilio-emergencial-nao-sera-renovado-diz-lider-do-governo-da-camara\/#primaryimage\"},\"image\":{\"@id\":\"https:\/\/portalnpm.com\/index.php\/2020\/12\/16\/auxilio-emergencial-nao-sera-renovado-diz-lider-do-governo-da-camara\/#primaryimage\"},\"thumbnailUrl\":\"\",\"datePublished\":\"2020-12-16T22:22:27+00:00\",\"dateModified\":\"2020-12-16T22:22:27+00:00\",\"author\":{\"@id\":\"https:\/\/portalnpm.com\/#\/schema\/person\/49313e563cfdefcc167f1ee4c017c294\"},\"breadcrumb\":{\"@id\":\"https:\/\/portalnpm.com\/index.php\/2020\/12\/16\/auxilio-emergencial-nao-sera-renovado-diz-lider-do-governo-da-camara\/#breadcrumb\"},\"inLanguage\":\"pt-BR\",\"potentialAction\":[{\"@type\":\"ReadAction\",\"target\":[\"https:\/\/portalnpm.com\/index.php\/2020\/12\/16\/auxilio-emergencial-nao-sera-renovado-diz-lider-do-governo-da-camara\/\"]}]},{\"@type\":\"ImageObject\",\"inLanguage\":\"pt-BR\",\"@id\":\"https:\/\/portalnpm.com\/index.php\/2020\/12\/16\/auxilio-emergencial-nao-sera-renovado-diz-lider-do-governo-da-camara\/#primaryimage\",\"url\":\"\",\"contentUrl\":\"\"},{\"@type\":\"BreadcrumbList\",\"@id\":\"https:\/\/portalnpm.com\/index.php\/2020\/12\/16\/auxilio-emergencial-nao-sera-renovado-diz-lider-do-governo-da-camara\/#breadcrumb\",\"itemListElement\":[{\"@type\":\"ListItem\",\"position\":1,\"name\":\"In\u00edcio\",\"item\":\"https:\/\/portalnpm.com\/\"},{\"@type\":\"ListItem\",\"position\":2,\"name\":\"Aux\u00edlio emergencial n\u00e3o ser\u00e1 renovado, diz l\u00edder do governo da C\u00e2mara\"}]},{\"@type\":\"WebSite\",\"@id\":\"https:\/\/portalnpm.com\/#website\",\"url\":\"https:\/\/portalnpm.com\/\",\"name\":\"Portal NPM\",\"description\":\"Not\u00edcias em Primeira M\u00e3o\",\"potentialAction\":[{\"@type\":\"SearchAction\",\"target\":{\"@type\":\"EntryPoint\",\"urlTemplate\":\"https:\/\/portalnpm.com\/?s={search_term_string}\"},\"query-input\":\"required name=search_term_string\"}],\"inLanguage\":\"pt-BR\"},{\"@type\":\"Person\",\"@id\":\"https:\/\/portalnpm.com\/#\/schema\/person\/49313e563cfdefcc167f1ee4c017c294\",\"name\":\"Genival Barbosa\",\"image\":{\"@type\":\"ImageObject\",\"inLanguage\":\"pt-BR\",\"@id\":\"https:\/\/portalnpm.com\/#\/schema\/person\/image\/\",\"url\":\"https:\/\/portalnpm.com\/wp-content\/uploads\/2024\/02\/avatar_user_2_1707743258-96x96.jpeg\",\"contentUrl\":\"https:\/\/portalnpm.com\/wp-content\/uploads\/2024\/02\/avatar_user_2_1707743258-96x96.jpeg\",\"caption\":\"Genival Barbosa\"},\"url\":\"https:\/\/portalnpm.com\/index.php\/author\/genival\/\"}]}<\/script>\n<!-- \/ Yoast SEO plugin. -->","yoast_head_json":{"title":"Aux\u00edlio emergencial n\u00e3o ser\u00e1 renovado, diz l\u00edder do governo da C\u00e2mara","robots":{"index":"index","follow":"follow","max-snippet":"max-snippet:-1","max-image-preview":"max-image-preview:large","max-video-preview":"max-video-preview:-1"},"canonical":"https:\/\/portalnpm.com\/index.php\/2020\/12\/16\/auxilio-emergencial-nao-sera-renovado-diz-lider-do-governo-da-camara\/","og_locale":"pt_BR","og_type":"article","og_title":"Aux\u00edlio emergencial n\u00e3o ser\u00e1 renovado, diz l\u00edder do governo da C\u00e2mara","og_description":"O deputado federal Ricardo Barros (PP-PR), l\u00edder do governo na C\u00e2mara, descartou nesta segunda-feira, (14), a renova\u00e7\u00e3o do aux\u00edlio emergencial porque, \u201cem princ\u00edpio\u201d, o governo n\u00e3o vai prorrogar o \u201cor\u00e7amento de guerra\u201d que suspendeu a aplica\u00e7\u00e3o de regras fiscais. \u201cEm princ\u00edpio, n\u00e3o haver\u00e1 prorroga\u00e7\u00e3o do or\u00e7amento de guerra. N\u00e3o havendo prorroga\u00e7\u00e3o, n\u00e3o h\u00e1 nenhuma chance &hellip;","og_url":"https:\/\/portalnpm.com\/index.php\/2020\/12\/16\/auxilio-emergencial-nao-sera-renovado-diz-lider-do-governo-da-camara\/","og_site_name":"Portal NPM","article_published_time":"2020-12-16T22:22:27+00:00","author":"Genival Barbosa","twitter_card":"summary_large_image","twitter_misc":{"Escrito por":"Genival Barbosa","Est. tempo de leitura":"1 minuto"},"schema":{"@context":"https:\/\/schema.org","@graph":[{"@type":"WebPage","@id":"https:\/\/portalnpm.com\/index.php\/2020\/12\/16\/auxilio-emergencial-nao-sera-renovado-diz-lider-do-governo-da-camara\/","url":"https:\/\/portalnpm.com\/index.php\/2020\/12\/16\/auxilio-emergencial-nao-sera-renovado-diz-lider-do-governo-da-camara\/","name":"Aux\u00edlio emergencial n\u00e3o ser\u00e1 renovado, diz l\u00edder do governo da C\u00e2mara","isPartOf":{"@id":"https:\/\/portalnpm.com\/#website"},"primaryImageOfPage":{"@id":"https:\/\/portalnpm.com\/index.php\/2020\/12\/16\/auxilio-emergencial-nao-sera-renovado-diz-lider-do-governo-da-camara\/#primaryimage"},"image":{"@id":"https:\/\/portalnpm.com\/index.php\/2020\/12\/16\/auxilio-emergencial-nao-sera-renovado-diz-lider-do-governo-da-camara\/#primaryimage"},"thumbnailUrl":"","datePublished":"2020-12-16T22:22:27+00:00","dateModified":"2020-12-16T22:22:27+00:00","author":{"@id":"https:\/\/portalnpm.com\/#\/schema\/person\/49313e563cfdefcc167f1ee4c017c294"},"breadcrumb":{"@id":"https:\/\/portalnpm.com\/index.php\/2020\/12\/16\/auxilio-emergencial-nao-sera-renovado-diz-lider-do-governo-da-camara\/#breadcrumb"},"inLanguage":"pt-BR","potentialAction":[{"@type":"ReadAction","target":["https:\/\/portalnpm.com\/index.php\/2020\/12\/16\/auxilio-emergencial-nao-sera-renovado-diz-lider-do-governo-da-camara\/"]}]},{"@type":"ImageObject","inLanguage":"pt-BR","@id":"https:\/\/portalnpm.com\/index.php\/2020\/12\/16\/auxilio-emergencial-nao-sera-renovado-diz-lider-do-governo-da-camara\/#primaryimage","url":"","contentUrl":""},{"@type":"BreadcrumbList","@id":"https:\/\/portalnpm.com\/index.php\/2020\/12\/16\/auxilio-emergencial-nao-sera-renovado-diz-lider-do-governo-da-camara\/#breadcrumb","itemListElement":[{"@type":"ListItem","position":1,"name":"In\u00edcio","item":"https:\/\/portalnpm.com\/"},{"@type":"ListItem","position":2,"name":"Aux\u00edlio emergencial n\u00e3o ser\u00e1 renovado, diz l\u00edder do governo da C\u00e2mara"}]},{"@type":"WebSite","@id":"https:\/\/portalnpm.com\/#website","url":"https:\/\/portalnpm.com\/","name":"Portal NPM","description":"Not\u00edcias em Primeira M\u00e3o","potentialAction":[{"@type":"SearchAction","target":{"@type":"EntryPoint","urlTemplate":"https:\/\/portalnpm.com\/?s={search_term_string}"},"query-input":"required name=search_term_string"}],"inLanguage":"pt-BR"},{"@type":"Person","@id":"https:\/\/portalnpm.com\/#\/schema\/person\/49313e563cfdefcc167f1ee4c017c294","name":"Genival Barbosa","image":{"@type":"ImageObject","inLanguage":"pt-BR","@id":"https:\/\/portalnpm.com\/#\/schema\/person\/image\/","url":"https:\/\/portalnpm.com\/wp-content\/uploads\/2024\/02\/avatar_user_2_1707743258-96x96.jpeg","contentUrl":"https:\/\/portalnpm.com\/wp-content\/uploads\/2024\/02\/avatar_user_2_1707743258-96x96.jpeg","caption":"Genival Barbosa"},"url":"https:\/\/portalnpm.com\/index.php\/author\/genival\/"}]}},"jetpack_sharing_enabled":true,"jetpack_featured_media_url":"","_links":{"self":[{"href":"https:\/\/portalnpm.com\/index.php\/wp-json\/wp\/v2\/posts\/60369"}],"collection":[{"href":"https:\/\/portalnpm.com\/index.php\/wp-json\/wp\/v2\/posts"}],"about":[{"href":"https:\/\/portalnpm.com\/index.php\/wp-json\/wp\/v2\/types\/post"}],"author":[{"embeddable":true,"href":"https:\/\/portalnpm.com\/index.php\/wp-json\/wp\/v2\/users\/2"}],"replies":[{"embeddable":true,"href":"https:\/\/portalnpm.com\/index.php\/wp-json\/wp\/v2\/comments?post=60369"}],"version-history":[{"count":0,"href":"https:\/\/portalnpm.com\/index.php\/wp-json\/wp\/v2\/posts\/60369\/revisions"}],"wp:featuredmedia":[{"embeddable":true,"href":"https:\/\/portalnpm.com\/index.php\/wp-json\/"}],"wp:attachment":[{"href":"https:\/\/portalnpm.com\/index.php\/wp-json\/wp\/v2\/media?parent=60369"}],"wp:term":[{"taxonomy":"category","embeddable":true,"href":"https:\/\/portalnpm.com\/index.php\/wp-json\/wp\/v2\/categories?post=60369"},{"taxonomy":"post_tag","embeddable":true,"href":"https:\/\/portalnpm.com\/index.php\/wp-json\/wp\/v2\/tags?post=60369"}],"curies":[{"name":"wp","href":"https:\/\/api.w.org\/{rel}","templated":true}]}}