{"id":60457,"date":"2020-12-19T09:39:15","date_gmt":"2020-12-19T12:39:15","guid":{"rendered":"https:\/\/portalnpm.com\/index.php\/2020\/12\/19\/pernambuco-suspende-carnaval-apos-aumento-de-casos-de-covid\/"},"modified":"2020-12-19T09:39:15","modified_gmt":"2020-12-19T12:39:15","slug":"pernambuco-suspende-carnaval-apos-aumento-de-casos-de-covid","status":"publish","type":"post","link":"https:\/\/portalnpm.com\/index.php\/2020\/12\/19\/pernambuco-suspende-carnaval-apos-aumento-de-casos-de-covid\/","title":{"rendered":"Pernambuco suspende Carnaval ap\u00f3s aumento de casos de Covid"},"content":{"rendered":"<p style=\"text-align: justify;\">O Carnaval de Pernambuco foi suspenso nesta quinta-feira (17) em raz\u00e3o do aumento de casos de Covid-19. O governo de Pernambuco anunciou que a medida vale para todo o estado e teve como base o atual momento epidemiol\u00f3gico e os indicadores da doen\u00e7a.<\/p>\n<p style=\"text-align: justify;\">\n<p style=\"text-align: justify;\">\n<p style=\"text-align: justify;\">Nas \u00faltimas semanas, mesmo antes do an\u00fancio oficial, algumas agremia\u00e7\u00f5es carnavalescas j\u00e1 tinham comunicado por meio das redes sociais que n\u00e3o iriam desfilar em 2021.<\/p>\n<p style=\"text-align: justify;\">O Homem da Meia-Noite, entidade m\u00e1xima do Carnaval pernambucano, respons\u00e1vel por abrir oficialmente a folia em Olinda, informou na semana passada que n\u00e3o iria \u00e0s ruas em respeito \u00e0 vida.<\/p>\n<p style=\"text-align: justify;\">O secret\u00e1rio de Sa\u00fade de Pernambuco, Andr\u00e9 Longo, destacou o peso da decis\u00e3o anunciada nesta quinta. &#8220;Essa n\u00e3o \u00e9 uma decis\u00e3o f\u00e1cil, pois o Carnaval representa muito mais do que uma festa para o povo pernambucano. \u00c9 fato que, at\u00e9 fevereiro, n\u00e3o teremos a maior parte da popula\u00e7\u00e3o vacinada&#8221;, destacou.<\/p>\n<p style=\"text-align: justify;\">A medida pro\u00edbe a realiza\u00e7\u00e3o de festas em espa\u00e7os p\u00fablicos e privados. O governo j\u00e1 havia cancelado festividades relacionadas ao Natal e ao R\u00e9veillon.<\/p>\n<p style=\"text-align: justify;\">Nos bastidores, o prefeito eleito do Recife, Jo\u00e3o Campos (PSB), espera a aprova\u00e7\u00e3o de lei em tramita\u00e7\u00e3o na C\u00e2mara dos Deputados que transfere o feriado do Carnaval para os dias 5 e 6 de julho. Desta maneira, as pessoas teriam que trabalhar no feriado previsto em fevereiro, o que diminuiria as chances de aglomera\u00e7\u00f5es nesta \u00e9poca.<\/p>\n<p style=\"text-align: justify;\">Campos teve conversas em Bras\u00edlia com o autor do projeto, o deputado Luiz Ant\u00f4nio Teixeira J\u00fanior (PP-RJ). O parlamentar acredita que, no segundo semestre, haver\u00e1 uma boa parte da popula\u00e7\u00e3o imunizada.<\/p>\n<p style=\"text-align: justify;\">O governo de Pernambuco tamb\u00e9m publicou nesta quinta-feira novo decreto prorrogando o estado de calamidade p\u00fablica, em raz\u00e3o da pandemia, at\u00e9 o dia 30 de junho de 2021. A validade do novo decreto \u00e9 de 180 dias e come\u00e7a a vigorar em 1\u00ba de janeiro de 2021.<\/p>\n<p style=\"text-align: justify;\">Na semana passada, diante do aumento de casos do novo coronav\u00edrus, o governo anunciou que colocaria em opera\u00e7\u00e3o mais leitos \u00e0 disposi\u00e7\u00e3o dos pacientes suspeitos ou confirmados para a Covid-19.<\/p>\n<p style=\"text-align: justify;\">O plano, que beneficiar\u00e1 todas as quatro macrorregionais de sa\u00fade do Estado, come\u00e7ou a ser colocado em pr\u00e1tica. De acordo com a Secretaria de Sa\u00fade, at\u00e9 agora, 151 leitos novos foram abertos, sendo 50 de UTI e 101 de enfermaria. Dos 894 leitos de UTI regulados pelo estado, 82% est\u00e3o ocupados.<\/p>\n<p style=\"text-align: justify;\">\n<p style=\"text-align: justify;\"><em>Folhapress<\/em><\/p>\n","protected":false},"excerpt":{"rendered":"<p>O Carnaval de Pernambuco foi suspenso nesta quinta-feira (17) em raz\u00e3o do aumento de casos de Covid-19. O governo de Pernambuco anunciou que a medida vale para todo o estado e teve como base o atual momento epidemiol\u00f3gico e os indicadores da doen\u00e7a. Nas \u00faltimas semanas, mesmo antes do an\u00fancio oficial, algumas agremia\u00e7\u00f5es carnavalescas j\u00e1 &hellip;<\/p>\n","protected":false},"author":2,"featured_media":60458,"comment_status":"open","ping_status":"open","sticky":false,"template":"","format":"standard","meta":{"content-type":"","rop_custom_images_group":[],"rop_custom_messages_group":[],"rop_publish_now":"initial","rop_publish_now_accounts":{"facebook_2648258775420054_1618374048415101":""},"rop_publish_now_history":[],"rop_publish_now_status":"pending","footnotes":"","_jetpack_memberships_contains_paid_content":false},"categories":[125],"tags":[8391,8392,737,8393],"yoast_head":"<!-- This site is optimized with the Yoast SEO plugin v22.3 - https:\/\/yoast.com\/wordpress\/plugins\/seo\/ -->\n<title>Pernambuco suspende Carnaval ap\u00f3s aumento de casos de Covid<\/title>\n<meta name=\"robots\" content=\"index, follow, max-snippet:-1, max-image-preview:large, max-video-preview:-1\" \/>\n<link rel=\"canonical\" href=\"https:\/\/portalnpm.com\/index.php\/2020\/12\/19\/pernambuco-suspende-carnaval-apos-aumento-de-casos-de-covid\/\" \/>\n<meta property=\"og:locale\" content=\"pt_BR\" \/>\n<meta property=\"og:type\" content=\"article\" \/>\n<meta property=\"og:title\" content=\"Pernambuco suspende Carnaval ap\u00f3s aumento de casos de Covid\" \/>\n<meta property=\"og:description\" content=\"O Carnaval de Pernambuco foi suspenso nesta quinta-feira (17) em raz\u00e3o do aumento de casos de Covid-19. O governo de Pernambuco anunciou que a medida vale para todo o estado e teve como base o atual momento epidemiol\u00f3gico e os indicadores da doen\u00e7a. Nas \u00faltimas semanas, mesmo antes do an\u00fancio oficial, algumas agremia\u00e7\u00f5es carnavalescas j\u00e1 &hellip;\" \/>\n<meta property=\"og:url\" content=\"https:\/\/portalnpm.com\/index.php\/2020\/12\/19\/pernambuco-suspende-carnaval-apos-aumento-de-casos-de-covid\/\" \/>\n<meta property=\"og:site_name\" content=\"Portal NPM\" \/>\n<meta property=\"article:published_time\" content=\"2020-12-19T12:39:15+00:00\" \/>\n<meta property=\"og:image\" content=\"https:\/\/portalnpm.com\/wp-content\/uploads\/2024\/01\/1d086d8fd91d14f902bd72a3444700bc.jpg\" \/>\n\t<meta property=\"og:image:width\" content=\"790\" \/>\n\t<meta property=\"og:image:height\" content=\"522\" \/>\n\t<meta property=\"og:image:type\" content=\"image\/jpeg\" \/>\n<meta name=\"author\" content=\"Genival Barbosa\" \/>\n<meta name=\"twitter:card\" content=\"summary_large_image\" \/>\n<meta name=\"twitter:label1\" content=\"Escrito por\" \/>\n\t<meta name=\"twitter:data1\" content=\"Genival Barbosa\" \/>\n\t<meta name=\"twitter:label2\" content=\"Est. tempo de leitura\" \/>\n\t<meta name=\"twitter:data2\" content=\"2 minutos\" \/>\n<script type=\"application\/ld+json\" class=\"yoast-schema-graph\">{\"@context\":\"https:\/\/schema.org\",\"@graph\":[{\"@type\":\"WebPage\",\"@id\":\"https:\/\/portalnpm.com\/index.php\/2020\/12\/19\/pernambuco-suspende-carnaval-apos-aumento-de-casos-de-covid\/\",\"url\":\"https:\/\/portalnpm.com\/index.php\/2020\/12\/19\/pernambuco-suspende-carnaval-apos-aumento-de-casos-de-covid\/\",\"name\":\"Pernambuco suspende Carnaval ap\u00f3s aumento de casos de Covid\",\"isPartOf\":{\"@id\":\"https:\/\/portalnpm.com\/#website\"},\"primaryImageOfPage\":{\"@id\":\"https:\/\/portalnpm.com\/index.php\/2020\/12\/19\/pernambuco-suspende-carnaval-apos-aumento-de-casos-de-covid\/#primaryimage\"},\"image\":{\"@id\":\"https:\/\/portalnpm.com\/index.php\/2020\/12\/19\/pernambuco-suspende-carnaval-apos-aumento-de-casos-de-covid\/#primaryimage\"},\"thumbnailUrl\":\"https:\/\/portalnpm.com\/wp-content\/uploads\/2024\/01\/1d086d8fd91d14f902bd72a3444700bc.jpg\",\"datePublished\":\"2020-12-19T12:39:15+00:00\",\"dateModified\":\"2020-12-19T12:39:15+00:00\",\"author\":{\"@id\":\"https:\/\/portalnpm.com\/#\/schema\/person\/49313e563cfdefcc167f1ee4c017c294\"},\"breadcrumb\":{\"@id\":\"https:\/\/portalnpm.com\/index.php\/2020\/12\/19\/pernambuco-suspende-carnaval-apos-aumento-de-casos-de-covid\/#breadcrumb\"},\"inLanguage\":\"pt-BR\",\"potentialAction\":[{\"@type\":\"ReadAction\",\"target\":[\"https:\/\/portalnpm.com\/index.php\/2020\/12\/19\/pernambuco-suspende-carnaval-apos-aumento-de-casos-de-covid\/\"]}]},{\"@type\":\"ImageObject\",\"inLanguage\":\"pt-BR\",\"@id\":\"https:\/\/portalnpm.com\/index.php\/2020\/12\/19\/pernambuco-suspende-carnaval-apos-aumento-de-casos-de-covid\/#primaryimage\",\"url\":\"https:\/\/portalnpm.com\/wp-content\/uploads\/2024\/01\/1d086d8fd91d14f902bd72a3444700bc.jpg\",\"contentUrl\":\"https:\/\/portalnpm.com\/wp-content\/uploads\/2024\/01\/1d086d8fd91d14f902bd72a3444700bc.jpg\",\"width\":790,\"height\":522},{\"@type\":\"BreadcrumbList\",\"@id\":\"https:\/\/portalnpm.com\/index.php\/2020\/12\/19\/pernambuco-suspende-carnaval-apos-aumento-de-casos-de-covid\/#breadcrumb\",\"itemListElement\":[{\"@type\":\"ListItem\",\"position\":1,\"name\":\"In\u00edcio\",\"item\":\"https:\/\/portalnpm.com\/\"},{\"@type\":\"ListItem\",\"position\":2,\"name\":\"Pernambuco suspende Carnaval ap\u00f3s aumento de casos de Covid\"}]},{\"@type\":\"WebSite\",\"@id\":\"https:\/\/portalnpm.com\/#website\",\"url\":\"https:\/\/portalnpm.com\/\",\"name\":\"Portal NPM\",\"description\":\"Not\u00edcias em Primeira M\u00e3o\",\"potentialAction\":[{\"@type\":\"SearchAction\",\"target\":{\"@type\":\"EntryPoint\",\"urlTemplate\":\"https:\/\/portalnpm.com\/?s={search_term_string}\"},\"query-input\":\"required name=search_term_string\"}],\"inLanguage\":\"pt-BR\"},{\"@type\":\"Person\",\"@id\":\"https:\/\/portalnpm.com\/#\/schema\/person\/49313e563cfdefcc167f1ee4c017c294\",\"name\":\"Genival Barbosa\",\"image\":{\"@type\":\"ImageObject\",\"inLanguage\":\"pt-BR\",\"@id\":\"https:\/\/portalnpm.com\/#\/schema\/person\/image\/\",\"url\":\"https:\/\/portalnpm.com\/wp-content\/uploads\/2024\/02\/avatar_user_2_1707743258-96x96.jpeg\",\"contentUrl\":\"https:\/\/portalnpm.com\/wp-content\/uploads\/2024\/02\/avatar_user_2_1707743258-96x96.jpeg\",\"caption\":\"Genival Barbosa\"},\"url\":\"https:\/\/portalnpm.com\/index.php\/author\/genival\/\"}]}<\/script>\n<!-- \/ Yoast SEO plugin. -->","yoast_head_json":{"title":"Pernambuco suspende Carnaval ap\u00f3s aumento de casos de Covid","robots":{"index":"index","follow":"follow","max-snippet":"max-snippet:-1","max-image-preview":"max-image-preview:large","max-video-preview":"max-video-preview:-1"},"canonical":"https:\/\/portalnpm.com\/index.php\/2020\/12\/19\/pernambuco-suspende-carnaval-apos-aumento-de-casos-de-covid\/","og_locale":"pt_BR","og_type":"article","og_title":"Pernambuco suspende Carnaval ap\u00f3s aumento de casos de Covid","og_description":"O Carnaval de Pernambuco foi suspenso nesta quinta-feira (17) em raz\u00e3o do aumento de casos de Covid-19. O governo de Pernambuco anunciou que a medida vale para todo o estado e teve como base o atual momento epidemiol\u00f3gico e os indicadores da doen\u00e7a. Nas \u00faltimas semanas, mesmo antes do an\u00fancio oficial, algumas agremia\u00e7\u00f5es carnavalescas j\u00e1 &hellip;","og_url":"https:\/\/portalnpm.com\/index.php\/2020\/12\/19\/pernambuco-suspende-carnaval-apos-aumento-de-casos-de-covid\/","og_site_name":"Portal NPM","article_published_time":"2020-12-19T12:39:15+00:00","og_image":[{"width":790,"height":522,"url":"https:\/\/portalnpm.com\/wp-content\/uploads\/2024\/01\/1d086d8fd91d14f902bd72a3444700bc.jpg","type":"image\/jpeg"}],"author":"Genival Barbosa","twitter_card":"summary_large_image","twitter_misc":{"Escrito por":"Genival Barbosa","Est. tempo de leitura":"2 minutos"},"schema":{"@context":"https:\/\/schema.org","@graph":[{"@type":"WebPage","@id":"https:\/\/portalnpm.com\/index.php\/2020\/12\/19\/pernambuco-suspende-carnaval-apos-aumento-de-casos-de-covid\/","url":"https:\/\/portalnpm.com\/index.php\/2020\/12\/19\/pernambuco-suspende-carnaval-apos-aumento-de-casos-de-covid\/","name":"Pernambuco suspende Carnaval ap\u00f3s aumento de casos de Covid","isPartOf":{"@id":"https:\/\/portalnpm.com\/#website"},"primaryImageOfPage":{"@id":"https:\/\/portalnpm.com\/index.php\/2020\/12\/19\/pernambuco-suspende-carnaval-apos-aumento-de-casos-de-covid\/#primaryimage"},"image":{"@id":"https:\/\/portalnpm.com\/index.php\/2020\/12\/19\/pernambuco-suspende-carnaval-apos-aumento-de-casos-de-covid\/#primaryimage"},"thumbnailUrl":"https:\/\/portalnpm.com\/wp-content\/uploads\/2024\/01\/1d086d8fd91d14f902bd72a3444700bc.jpg","datePublished":"2020-12-19T12:39:15+00:00","dateModified":"2020-12-19T12:39:15+00:00","author":{"@id":"https:\/\/portalnpm.com\/#\/schema\/person\/49313e563cfdefcc167f1ee4c017c294"},"breadcrumb":{"@id":"https:\/\/portalnpm.com\/index.php\/2020\/12\/19\/pernambuco-suspende-carnaval-apos-aumento-de-casos-de-covid\/#breadcrumb"},"inLanguage":"pt-BR","potentialAction":[{"@type":"ReadAction","target":["https:\/\/portalnpm.com\/index.php\/2020\/12\/19\/pernambuco-suspende-carnaval-apos-aumento-de-casos-de-covid\/"]}]},{"@type":"ImageObject","inLanguage":"pt-BR","@id":"https:\/\/portalnpm.com\/index.php\/2020\/12\/19\/pernambuco-suspende-carnaval-apos-aumento-de-casos-de-covid\/#primaryimage","url":"https:\/\/portalnpm.com\/wp-content\/uploads\/2024\/01\/1d086d8fd91d14f902bd72a3444700bc.jpg","contentUrl":"https:\/\/portalnpm.com\/wp-content\/uploads\/2024\/01\/1d086d8fd91d14f902bd72a3444700bc.jpg","width":790,"height":522},{"@type":"BreadcrumbList","@id":"https:\/\/portalnpm.com\/index.php\/2020\/12\/19\/pernambuco-suspende-carnaval-apos-aumento-de-casos-de-covid\/#breadcrumb","itemListElement":[{"@type":"ListItem","position":1,"name":"In\u00edcio","item":"https:\/\/portalnpm.com\/"},{"@type":"ListItem","position":2,"name":"Pernambuco suspende Carnaval ap\u00f3s aumento de casos de Covid"}]},{"@type":"WebSite","@id":"https:\/\/portalnpm.com\/#website","url":"https:\/\/portalnpm.com\/","name":"Portal NPM","description":"Not\u00edcias em Primeira M\u00e3o","potentialAction":[{"@type":"SearchAction","target":{"@type":"EntryPoint","urlTemplate":"https:\/\/portalnpm.com\/?s={search_term_string}"},"query-input":"required name=search_term_string"}],"inLanguage":"pt-BR"},{"@type":"Person","@id":"https:\/\/portalnpm.com\/#\/schema\/person\/49313e563cfdefcc167f1ee4c017c294","name":"Genival Barbosa","image":{"@type":"ImageObject","inLanguage":"pt-BR","@id":"https:\/\/portalnpm.com\/#\/schema\/person\/image\/","url":"https:\/\/portalnpm.com\/wp-content\/uploads\/2024\/02\/avatar_user_2_1707743258-96x96.jpeg","contentUrl":"https:\/\/portalnpm.com\/wp-content\/uploads\/2024\/02\/avatar_user_2_1707743258-96x96.jpeg","caption":"Genival Barbosa"},"url":"https:\/\/portalnpm.com\/index.php\/author\/genival\/"}]}},"jetpack_sharing_enabled":true,"jetpack_featured_media_url":"https:\/\/portalnpm.com\/wp-content\/uploads\/2024\/01\/1d086d8fd91d14f902bd72a3444700bc.jpg","_links":{"self":[{"href":"https:\/\/portalnpm.com\/index.php\/wp-json\/wp\/v2\/posts\/60457"}],"collection":[{"href":"https:\/\/portalnpm.com\/index.php\/wp-json\/wp\/v2\/posts"}],"about":[{"href":"https:\/\/portalnpm.com\/index.php\/wp-json\/wp\/v2\/types\/post"}],"author":[{"embeddable":true,"href":"https:\/\/portalnpm.com\/index.php\/wp-json\/wp\/v2\/users\/2"}],"replies":[{"embeddable":true,"href":"https:\/\/portalnpm.com\/index.php\/wp-json\/wp\/v2\/comments?post=60457"}],"version-history":[{"count":0,"href":"https:\/\/portalnpm.com\/index.php\/wp-json\/wp\/v2\/posts\/60457\/revisions"}],"wp:featuredmedia":[{"embeddable":true,"href":"https:\/\/portalnpm.com\/index.php\/wp-json\/wp\/v2\/media\/60458"}],"wp:attachment":[{"href":"https:\/\/portalnpm.com\/index.php\/wp-json\/wp\/v2\/media?parent=60457"}],"wp:term":[{"taxonomy":"category","embeddable":true,"href":"https:\/\/portalnpm.com\/index.php\/wp-json\/wp\/v2\/categories?post=60457"},{"taxonomy":"post_tag","embeddable":true,"href":"https:\/\/portalnpm.com\/index.php\/wp-json\/wp\/v2\/tags?post=60457"}],"curies":[{"name":"wp","href":"https:\/\/api.w.org\/{rel}","templated":true}]}}