{"id":60691,"date":"2020-12-24T09:41:43","date_gmt":"2020-12-24T12:41:43","guid":{"rendered":"https:\/\/portalnpm.com\/index.php\/2020\/12\/24\/presidente-da-camara-de-teresina-e-internado-apos-testar-positivo-pela-2a-vez\/"},"modified":"2020-12-24T09:41:43","modified_gmt":"2020-12-24T12:41:43","slug":"presidente-da-camara-de-teresina-e-internado-apos-testar-positivo-pela-2a-vez","status":"publish","type":"post","link":"https:\/\/portalnpm.com\/index.php\/2020\/12\/24\/presidente-da-camara-de-teresina-e-internado-apos-testar-positivo-pela-2a-vez\/","title":{"rendered":"Presidente da C\u00e2mara de Teresina \u00e9 internado ap\u00f3s testar positivo pela 2\u00aa vez"},"content":{"rendered":"<p style=\"text-align: justify;\">O vereador e presidente da C\u00e2mara Municipal de Teresina \u00e9 v\u00edtima de reinfec\u00e7\u00e3o pelo novo coronav\u00edrus. O parlamentar testou positivo novamente para Covid-19 e j\u00e1 est\u00e1 internado para tratamento em hospital particular \u00a0em Teresina.\u00a0\u00a0<a href=\"https:\/\/cidadeverde.com\/lidiabrito\/109640\/joeva-alencar-testa-positivo-para-o-coronavirus-e-aguarda-contraprova\">Em julho, Jeov\u00e1 Alencar (MDB) j\u00e1 havia sido diagnosticado com a doen\u00e7a.<\/a><\/p>\n<div class=\"teads-inread xs-screen\" style=\"text-align: justify;\">\n<div id=\"teads0\" class=\"teads-player\"><\/div>\n<\/div>\n<p style=\"text-align: justify;\">\n<p style=\"text-align: justify;\">\n<p style=\"text-align: justify;\">Segundo informa\u00e7\u00f5es de bastidores a situa\u00e7\u00e3o de Jeov\u00e1 Alencar \u00e9 est\u00e1vel.<\/p>\n<p style=\"text-align: justify;\">O presidente da C\u00e2mara Municipal marcou para o dia primeiro de janeiro sess\u00e3o semipresencial para as posses no parlamento, do prefeito e vice, al\u00e9m da elei\u00e7\u00e3o da mesa diretora do legislativo.<\/p>\n<p style=\"text-align: justify;\">Fonte:\u00a0 Cidade Verde<\/p>\n","protected":false},"excerpt":{"rendered":"<p>O vereador e presidente da C\u00e2mara Municipal de Teresina \u00e9 v\u00edtima de reinfec\u00e7\u00e3o pelo novo coronav\u00edrus. O parlamentar testou positivo novamente para Covid-19 e j\u00e1 est\u00e1 internado para tratamento em hospital particular \u00a0em Teresina.\u00a0\u00a0Em julho, Jeov\u00e1 Alencar (MDB) j\u00e1 havia sido diagnosticado com a doen\u00e7a. Segundo informa\u00e7\u00f5es de bastidores a situa\u00e7\u00e3o de Jeov\u00e1 Alencar \u00e9 &hellip;<\/p>\n","protected":false},"author":2,"featured_media":60692,"comment_status":"open","ping_status":"open","sticky":false,"template":"","format":"standard","meta":{"content-type":"","rop_custom_images_group":[],"rop_custom_messages_group":[],"rop_publish_now":"initial","rop_publish_now_accounts":{"facebook_2648258775420054_1618374048415101":""},"rop_publish_now_history":[],"rop_publish_now_status":"pending","footnotes":"","_jetpack_memberships_contains_paid_content":false},"categories":[130],"tags":[8512,2323,8513,8514,766],"yoast_head":"<!-- This site is optimized with the Yoast SEO plugin v22.3 - https:\/\/yoast.com\/wordpress\/plugins\/seo\/ -->\n<title>Presidente da C\u00e2mara de Teresina \u00e9 internado ap\u00f3s testar positivo pela 2\u00aa vez<\/title>\n<meta name=\"robots\" content=\"index, follow, max-snippet:-1, max-image-preview:large, max-video-preview:-1\" \/>\n<link rel=\"canonical\" href=\"https:\/\/portalnpm.com\/index.php\/2020\/12\/24\/presidente-da-camara-de-teresina-e-internado-apos-testar-positivo-pela-2a-vez\/\" \/>\n<meta property=\"og:locale\" content=\"pt_BR\" \/>\n<meta property=\"og:type\" content=\"article\" \/>\n<meta property=\"og:title\" content=\"Presidente da C\u00e2mara de Teresina \u00e9 internado ap\u00f3s testar positivo pela 2\u00aa vez\" \/>\n<meta property=\"og:description\" content=\"O vereador e presidente da C\u00e2mara Municipal de Teresina \u00e9 v\u00edtima de reinfec\u00e7\u00e3o pelo novo coronav\u00edrus. O parlamentar testou positivo novamente para Covid-19 e j\u00e1 est\u00e1 internado para tratamento em hospital particular \u00a0em Teresina.\u00a0\u00a0Em julho, Jeov\u00e1 Alencar (MDB) j\u00e1 havia sido diagnosticado com a doen\u00e7a. Segundo informa\u00e7\u00f5es de bastidores a situa\u00e7\u00e3o de Jeov\u00e1 Alencar \u00e9 &hellip;\" \/>\n<meta property=\"og:url\" content=\"https:\/\/portalnpm.com\/index.php\/2020\/12\/24\/presidente-da-camara-de-teresina-e-internado-apos-testar-positivo-pela-2a-vez\/\" \/>\n<meta property=\"og:site_name\" content=\"Portal NPM\" \/>\n<meta property=\"article:published_time\" content=\"2020-12-24T12:41:43+00:00\" \/>\n<meta property=\"og:image\" content=\"https:\/\/portalnpm.com\/wp-content\/uploads\/2024\/01\/c830a60992b067d2af8d592cfcad2e694.jpg\" \/>\n\t<meta property=\"og:image:width\" content=\"790\" \/>\n\t<meta property=\"og:image:height\" content=\"527\" \/>\n\t<meta property=\"og:image:type\" content=\"image\/jpeg\" \/>\n<meta name=\"author\" content=\"Genival Barbosa\" \/>\n<meta name=\"twitter:card\" content=\"summary_large_image\" \/>\n<meta name=\"twitter:label1\" content=\"Escrito por\" \/>\n\t<meta name=\"twitter:data1\" content=\"Genival Barbosa\" \/>\n\t<meta name=\"twitter:label2\" content=\"Est. tempo de leitura\" \/>\n\t<meta name=\"twitter:data2\" content=\"1 minuto\" \/>\n<script type=\"application\/ld+json\" class=\"yoast-schema-graph\">{\"@context\":\"https:\/\/schema.org\",\"@graph\":[{\"@type\":\"WebPage\",\"@id\":\"https:\/\/portalnpm.com\/index.php\/2020\/12\/24\/presidente-da-camara-de-teresina-e-internado-apos-testar-positivo-pela-2a-vez\/\",\"url\":\"https:\/\/portalnpm.com\/index.php\/2020\/12\/24\/presidente-da-camara-de-teresina-e-internado-apos-testar-positivo-pela-2a-vez\/\",\"name\":\"Presidente da C\u00e2mara de Teresina \u00e9 internado ap\u00f3s testar positivo pela 2\u00aa vez\",\"isPartOf\":{\"@id\":\"https:\/\/portalnpm.com\/#website\"},\"primaryImageOfPage\":{\"@id\":\"https:\/\/portalnpm.com\/index.php\/2020\/12\/24\/presidente-da-camara-de-teresina-e-internado-apos-testar-positivo-pela-2a-vez\/#primaryimage\"},\"image\":{\"@id\":\"https:\/\/portalnpm.com\/index.php\/2020\/12\/24\/presidente-da-camara-de-teresina-e-internado-apos-testar-positivo-pela-2a-vez\/#primaryimage\"},\"thumbnailUrl\":\"https:\/\/portalnpm.com\/wp-content\/uploads\/2024\/01\/c830a60992b067d2af8d592cfcad2e694.jpg\",\"datePublished\":\"2020-12-24T12:41:43+00:00\",\"dateModified\":\"2020-12-24T12:41:43+00:00\",\"author\":{\"@id\":\"https:\/\/portalnpm.com\/#\/schema\/person\/49313e563cfdefcc167f1ee4c017c294\"},\"breadcrumb\":{\"@id\":\"https:\/\/portalnpm.com\/index.php\/2020\/12\/24\/presidente-da-camara-de-teresina-e-internado-apos-testar-positivo-pela-2a-vez\/#breadcrumb\"},\"inLanguage\":\"pt-BR\",\"potentialAction\":[{\"@type\":\"ReadAction\",\"target\":[\"https:\/\/portalnpm.com\/index.php\/2020\/12\/24\/presidente-da-camara-de-teresina-e-internado-apos-testar-positivo-pela-2a-vez\/\"]}]},{\"@type\":\"ImageObject\",\"inLanguage\":\"pt-BR\",\"@id\":\"https:\/\/portalnpm.com\/index.php\/2020\/12\/24\/presidente-da-camara-de-teresina-e-internado-apos-testar-positivo-pela-2a-vez\/#primaryimage\",\"url\":\"https:\/\/portalnpm.com\/wp-content\/uploads\/2024\/01\/c830a60992b067d2af8d592cfcad2e694.jpg\",\"contentUrl\":\"https:\/\/portalnpm.com\/wp-content\/uploads\/2024\/01\/c830a60992b067d2af8d592cfcad2e694.jpg\",\"width\":790,\"height\":527},{\"@type\":\"BreadcrumbList\",\"@id\":\"https:\/\/portalnpm.com\/index.php\/2020\/12\/24\/presidente-da-camara-de-teresina-e-internado-apos-testar-positivo-pela-2a-vez\/#breadcrumb\",\"itemListElement\":[{\"@type\":\"ListItem\",\"position\":1,\"name\":\"In\u00edcio\",\"item\":\"https:\/\/portalnpm.com\/\"},{\"@type\":\"ListItem\",\"position\":2,\"name\":\"Presidente da C\u00e2mara de Teresina \u00e9 internado ap\u00f3s testar positivo pela 2\u00aa vez\"}]},{\"@type\":\"WebSite\",\"@id\":\"https:\/\/portalnpm.com\/#website\",\"url\":\"https:\/\/portalnpm.com\/\",\"name\":\"Portal NPM\",\"description\":\"Not\u00edcias em Primeira M\u00e3o\",\"potentialAction\":[{\"@type\":\"SearchAction\",\"target\":{\"@type\":\"EntryPoint\",\"urlTemplate\":\"https:\/\/portalnpm.com\/?s={search_term_string}\"},\"query-input\":\"required name=search_term_string\"}],\"inLanguage\":\"pt-BR\"},{\"@type\":\"Person\",\"@id\":\"https:\/\/portalnpm.com\/#\/schema\/person\/49313e563cfdefcc167f1ee4c017c294\",\"name\":\"Genival Barbosa\",\"image\":{\"@type\":\"ImageObject\",\"inLanguage\":\"pt-BR\",\"@id\":\"https:\/\/portalnpm.com\/#\/schema\/person\/image\/\",\"url\":\"https:\/\/portalnpm.com\/wp-content\/uploads\/2024\/02\/avatar_user_2_1707743258-96x96.jpeg\",\"contentUrl\":\"https:\/\/portalnpm.com\/wp-content\/uploads\/2024\/02\/avatar_user_2_1707743258-96x96.jpeg\",\"caption\":\"Genival Barbosa\"},\"url\":\"https:\/\/portalnpm.com\/index.php\/author\/genival\/\"}]}<\/script>\n<!-- \/ Yoast SEO plugin. -->","yoast_head_json":{"title":"Presidente da C\u00e2mara de Teresina \u00e9 internado ap\u00f3s testar positivo pela 2\u00aa vez","robots":{"index":"index","follow":"follow","max-snippet":"max-snippet:-1","max-image-preview":"max-image-preview:large","max-video-preview":"max-video-preview:-1"},"canonical":"https:\/\/portalnpm.com\/index.php\/2020\/12\/24\/presidente-da-camara-de-teresina-e-internado-apos-testar-positivo-pela-2a-vez\/","og_locale":"pt_BR","og_type":"article","og_title":"Presidente da C\u00e2mara de Teresina \u00e9 internado ap\u00f3s testar positivo pela 2\u00aa vez","og_description":"O vereador e presidente da C\u00e2mara Municipal de Teresina \u00e9 v\u00edtima de reinfec\u00e7\u00e3o pelo novo coronav\u00edrus. O parlamentar testou positivo novamente para Covid-19 e j\u00e1 est\u00e1 internado para tratamento em hospital particular \u00a0em Teresina.\u00a0\u00a0Em julho, Jeov\u00e1 Alencar (MDB) j\u00e1 havia sido diagnosticado com a doen\u00e7a. Segundo informa\u00e7\u00f5es de bastidores a situa\u00e7\u00e3o de Jeov\u00e1 Alencar \u00e9 &hellip;","og_url":"https:\/\/portalnpm.com\/index.php\/2020\/12\/24\/presidente-da-camara-de-teresina-e-internado-apos-testar-positivo-pela-2a-vez\/","og_site_name":"Portal NPM","article_published_time":"2020-12-24T12:41:43+00:00","og_image":[{"width":790,"height":527,"url":"https:\/\/portalnpm.com\/wp-content\/uploads\/2024\/01\/c830a60992b067d2af8d592cfcad2e694.jpg","type":"image\/jpeg"}],"author":"Genival Barbosa","twitter_card":"summary_large_image","twitter_misc":{"Escrito por":"Genival Barbosa","Est. tempo de leitura":"1 minuto"},"schema":{"@context":"https:\/\/schema.org","@graph":[{"@type":"WebPage","@id":"https:\/\/portalnpm.com\/index.php\/2020\/12\/24\/presidente-da-camara-de-teresina-e-internado-apos-testar-positivo-pela-2a-vez\/","url":"https:\/\/portalnpm.com\/index.php\/2020\/12\/24\/presidente-da-camara-de-teresina-e-internado-apos-testar-positivo-pela-2a-vez\/","name":"Presidente da C\u00e2mara de Teresina \u00e9 internado ap\u00f3s testar positivo pela 2\u00aa vez","isPartOf":{"@id":"https:\/\/portalnpm.com\/#website"},"primaryImageOfPage":{"@id":"https:\/\/portalnpm.com\/index.php\/2020\/12\/24\/presidente-da-camara-de-teresina-e-internado-apos-testar-positivo-pela-2a-vez\/#primaryimage"},"image":{"@id":"https:\/\/portalnpm.com\/index.php\/2020\/12\/24\/presidente-da-camara-de-teresina-e-internado-apos-testar-positivo-pela-2a-vez\/#primaryimage"},"thumbnailUrl":"https:\/\/portalnpm.com\/wp-content\/uploads\/2024\/01\/c830a60992b067d2af8d592cfcad2e694.jpg","datePublished":"2020-12-24T12:41:43+00:00","dateModified":"2020-12-24T12:41:43+00:00","author":{"@id":"https:\/\/portalnpm.com\/#\/schema\/person\/49313e563cfdefcc167f1ee4c017c294"},"breadcrumb":{"@id":"https:\/\/portalnpm.com\/index.php\/2020\/12\/24\/presidente-da-camara-de-teresina-e-internado-apos-testar-positivo-pela-2a-vez\/#breadcrumb"},"inLanguage":"pt-BR","potentialAction":[{"@type":"ReadAction","target":["https:\/\/portalnpm.com\/index.php\/2020\/12\/24\/presidente-da-camara-de-teresina-e-internado-apos-testar-positivo-pela-2a-vez\/"]}]},{"@type":"ImageObject","inLanguage":"pt-BR","@id":"https:\/\/portalnpm.com\/index.php\/2020\/12\/24\/presidente-da-camara-de-teresina-e-internado-apos-testar-positivo-pela-2a-vez\/#primaryimage","url":"https:\/\/portalnpm.com\/wp-content\/uploads\/2024\/01\/c830a60992b067d2af8d592cfcad2e694.jpg","contentUrl":"https:\/\/portalnpm.com\/wp-content\/uploads\/2024\/01\/c830a60992b067d2af8d592cfcad2e694.jpg","width":790,"height":527},{"@type":"BreadcrumbList","@id":"https:\/\/portalnpm.com\/index.php\/2020\/12\/24\/presidente-da-camara-de-teresina-e-internado-apos-testar-positivo-pela-2a-vez\/#breadcrumb","itemListElement":[{"@type":"ListItem","position":1,"name":"In\u00edcio","item":"https:\/\/portalnpm.com\/"},{"@type":"ListItem","position":2,"name":"Presidente da C\u00e2mara de Teresina \u00e9 internado ap\u00f3s testar positivo pela 2\u00aa vez"}]},{"@type":"WebSite","@id":"https:\/\/portalnpm.com\/#website","url":"https:\/\/portalnpm.com\/","name":"Portal NPM","description":"Not\u00edcias em Primeira M\u00e3o","potentialAction":[{"@type":"SearchAction","target":{"@type":"EntryPoint","urlTemplate":"https:\/\/portalnpm.com\/?s={search_term_string}"},"query-input":"required name=search_term_string"}],"inLanguage":"pt-BR"},{"@type":"Person","@id":"https:\/\/portalnpm.com\/#\/schema\/person\/49313e563cfdefcc167f1ee4c017c294","name":"Genival Barbosa","image":{"@type":"ImageObject","inLanguage":"pt-BR","@id":"https:\/\/portalnpm.com\/#\/schema\/person\/image\/","url":"https:\/\/portalnpm.com\/wp-content\/uploads\/2024\/02\/avatar_user_2_1707743258-96x96.jpeg","contentUrl":"https:\/\/portalnpm.com\/wp-content\/uploads\/2024\/02\/avatar_user_2_1707743258-96x96.jpeg","caption":"Genival Barbosa"},"url":"https:\/\/portalnpm.com\/index.php\/author\/genival\/"}]}},"jetpack_sharing_enabled":true,"jetpack_featured_media_url":"https:\/\/portalnpm.com\/wp-content\/uploads\/2024\/01\/c830a60992b067d2af8d592cfcad2e694.jpg","_links":{"self":[{"href":"https:\/\/portalnpm.com\/index.php\/wp-json\/wp\/v2\/posts\/60691"}],"collection":[{"href":"https:\/\/portalnpm.com\/index.php\/wp-json\/wp\/v2\/posts"}],"about":[{"href":"https:\/\/portalnpm.com\/index.php\/wp-json\/wp\/v2\/types\/post"}],"author":[{"embeddable":true,"href":"https:\/\/portalnpm.com\/index.php\/wp-json\/wp\/v2\/users\/2"}],"replies":[{"embeddable":true,"href":"https:\/\/portalnpm.com\/index.php\/wp-json\/wp\/v2\/comments?post=60691"}],"version-history":[{"count":0,"href":"https:\/\/portalnpm.com\/index.php\/wp-json\/wp\/v2\/posts\/60691\/revisions"}],"wp:featuredmedia":[{"embeddable":true,"href":"https:\/\/portalnpm.com\/index.php\/wp-json\/wp\/v2\/media\/60692"}],"wp:attachment":[{"href":"https:\/\/portalnpm.com\/index.php\/wp-json\/wp\/v2\/media?parent=60691"}],"wp:term":[{"taxonomy":"category","embeddable":true,"href":"https:\/\/portalnpm.com\/index.php\/wp-json\/wp\/v2\/categories?post=60691"},{"taxonomy":"post_tag","embeddable":true,"href":"https:\/\/portalnpm.com\/index.php\/wp-json\/wp\/v2\/tags?post=60691"}],"curies":[{"name":"wp","href":"https:\/\/api.w.org\/{rel}","templated":true}]}}