{"id":60867,"date":"2020-12-29T19:12:18","date_gmt":"2020-12-29T22:12:18","guid":{"rendered":"https:\/\/portalnpm.com\/index.php\/2020\/12\/29\/prefeito-de-piripiri-e-internado-apos-testar-positivo-para-covid-pela-2avez\/"},"modified":"2020-12-29T19:12:18","modified_gmt":"2020-12-29T22:12:18","slug":"prefeito-de-piripiri-e-internado-apos-testar-positivo-para-covid-pela-2avez","status":"publish","type":"post","link":"https:\/\/portalnpm.com\/index.php\/2020\/12\/29\/prefeito-de-piripiri-e-internado-apos-testar-positivo-para-covid-pela-2avez\/","title":{"rendered":"Prefeito de Piripiri \u00e9 internado ap\u00f3s testar positivo para covid pela 2\u00aavez"},"content":{"rendered":"<p style=\"text-align: justify;\">O prefeito do munic\u00edpio de Piripiri, Luiz Menezes, foi internado ap\u00f3s testar positivo para a covid-19 pela segunda vez.<\/p>\n<p style=\"text-align: justify;\">\n<p style=\"text-align: justify;\">\n<p style=\"text-align: justify;\">Segundo nota divulgada pela assessoria do prefeito, Luiz Menezes \u201capresentou fortes sintomas gripais nos \u00faltimos dias e, ap\u00f3s realiza\u00e7\u00e3o de exames SWAB e sorol\u00f3gico, foi diagnosticado novamente com a doen\u00e7a\u201d.<\/p>\n<p style=\"text-align: justify;\">O prefeito tem um quadro de cansa\u00e7o, febre e desidrata\u00e7\u00e3o, e est\u00e1 sendo acompanhado pelo m\u00e9dico Thalles Cruz.<\/p>\n<p style=\"text-align: justify;\">Luiz Menezes testou positivo para a doen\u00e7a pra primeira vez em 19 de junho, segundo a assessoria.<\/p>\n<p style=\"text-align: justify;\"><strong>Veja a nota na \u00edntegra:\u00a0<\/strong><\/p>\n<p style=\"text-align: justify;\">Informamos \u00e0 popula\u00e7\u00e3o piripiriense que, mesmo ap\u00f3s j\u00e1 ter testado positivo para COVID-19 em junho deste ano, o prefeito Luiz Menezes apresentou fortes sintomas gripais nos \u00faltimos dias e, ap\u00f3s realiza\u00e7\u00e3o de exames SWAB e sorol\u00f3gico, foi diagnosticado novamente com a doen\u00e7a.<\/p>\n<p style=\"text-align: justify;\">Ele est\u00e1 sendo acompanhado pelo m\u00e9dico Dr. Thalles Cruz, que recomendou sua interna\u00e7\u00e3o hospitalar, diante de um quadro de cansa\u00e7o, febre e desidrata\u00e7\u00e3o.<\/p>\n<p style=\"text-align: justify;\">Dessa forma, os compromissos de entregas de obras, como a pra\u00e7a de eventos do povoado Furnas, assim como a \u2018LIVE\u2019 de presta\u00e7\u00e3o de contas, que estava prevista para acontecer amanh\u00e3, foram cancelados.<\/p>\n<p style=\"text-align: justify;\">Todos estamos na torcida e orando pela sua plena recupera\u00e7\u00e3o.<\/p>\n<p style=\"text-align: justify;\">Fonte: ASCOM<\/p>\n","protected":false},"excerpt":{"rendered":"<p>O prefeito do munic\u00edpio de Piripiri, Luiz Menezes, foi internado ap\u00f3s testar positivo para a covid-19 pela segunda vez. Segundo nota divulgada pela assessoria do prefeito, Luiz Menezes \u201capresentou fortes sintomas gripais nos \u00faltimos dias e, ap\u00f3s realiza\u00e7\u00e3o de exames SWAB e sorol\u00f3gico, foi diagnosticado novamente com a doen\u00e7a\u201d. O prefeito tem um quadro de &hellip;<\/p>\n","protected":false},"author":2,"featured_media":29102,"comment_status":"open","ping_status":"open","sticky":false,"template":"","format":"standard","meta":{"content-type":"","rop_custom_images_group":[],"rop_custom_messages_group":[],"rop_publish_now":"initial","rop_publish_now_accounts":{"facebook_2648258775420054_1618374048415101":""},"rop_publish_now_history":[],"rop_publish_now_status":"pending","footnotes":"","_jetpack_memberships_contains_paid_content":false},"categories":[188,130],"tags":[8512,2323,8626,8627],"yoast_head":"<!-- This site is optimized with the Yoast SEO plugin v22.3 - https:\/\/yoast.com\/wordpress\/plugins\/seo\/ -->\n<title>Prefeito de Piripiri \u00e9 internado ap\u00f3s testar positivo para covid pela 2\u00aavez<\/title>\n<meta name=\"robots\" content=\"index, follow, max-snippet:-1, max-image-preview:large, max-video-preview:-1\" \/>\n<link rel=\"canonical\" href=\"https:\/\/portalnpm.com\/index.php\/2020\/12\/29\/prefeito-de-piripiri-e-internado-apos-testar-positivo-para-covid-pela-2avez\/\" \/>\n<meta property=\"og:locale\" content=\"pt_BR\" \/>\n<meta property=\"og:type\" content=\"article\" \/>\n<meta property=\"og:title\" content=\"Prefeito de Piripiri \u00e9 internado ap\u00f3s testar positivo para covid pela 2\u00aavez\" \/>\n<meta property=\"og:description\" content=\"O prefeito do munic\u00edpio de Piripiri, Luiz Menezes, foi internado ap\u00f3s testar positivo para a covid-19 pela segunda vez. Segundo nota divulgada pela assessoria do prefeito, Luiz Menezes \u201capresentou fortes sintomas gripais nos \u00faltimos dias e, ap\u00f3s realiza\u00e7\u00e3o de exames SWAB e sorol\u00f3gico, foi diagnosticado novamente com a doen\u00e7a\u201d. O prefeito tem um quadro de &hellip;\" \/>\n<meta property=\"og:url\" content=\"https:\/\/portalnpm.com\/index.php\/2020\/12\/29\/prefeito-de-piripiri-e-internado-apos-testar-positivo-para-covid-pela-2avez\/\" \/>\n<meta property=\"og:site_name\" content=\"Portal NPM\" \/>\n<meta property=\"article:published_time\" content=\"2020-12-29T22:12:18+00:00\" \/>\n<meta name=\"author\" content=\"Genival Barbosa\" \/>\n<meta name=\"twitter:card\" content=\"summary_large_image\" \/>\n<meta name=\"twitter:label1\" content=\"Escrito por\" \/>\n\t<meta name=\"twitter:data1\" content=\"Genival Barbosa\" \/>\n\t<meta name=\"twitter:label2\" content=\"Est. tempo de leitura\" \/>\n\t<meta name=\"twitter:data2\" content=\"1 minuto\" \/>\n<script type=\"application\/ld+json\" class=\"yoast-schema-graph\">{\"@context\":\"https:\/\/schema.org\",\"@graph\":[{\"@type\":\"WebPage\",\"@id\":\"https:\/\/portalnpm.com\/index.php\/2020\/12\/29\/prefeito-de-piripiri-e-internado-apos-testar-positivo-para-covid-pela-2avez\/\",\"url\":\"https:\/\/portalnpm.com\/index.php\/2020\/12\/29\/prefeito-de-piripiri-e-internado-apos-testar-positivo-para-covid-pela-2avez\/\",\"name\":\"Prefeito de Piripiri \u00e9 internado ap\u00f3s testar positivo para covid pela 2\u00aavez\",\"isPartOf\":{\"@id\":\"https:\/\/portalnpm.com\/#website\"},\"primaryImageOfPage\":{\"@id\":\"https:\/\/portalnpm.com\/index.php\/2020\/12\/29\/prefeito-de-piripiri-e-internado-apos-testar-positivo-para-covid-pela-2avez\/#primaryimage\"},\"image\":{\"@id\":\"https:\/\/portalnpm.com\/index.php\/2020\/12\/29\/prefeito-de-piripiri-e-internado-apos-testar-positivo-para-covid-pela-2avez\/#primaryimage\"},\"thumbnailUrl\":\"\",\"datePublished\":\"2020-12-29T22:12:18+00:00\",\"dateModified\":\"2020-12-29T22:12:18+00:00\",\"author\":{\"@id\":\"https:\/\/portalnpm.com\/#\/schema\/person\/49313e563cfdefcc167f1ee4c017c294\"},\"breadcrumb\":{\"@id\":\"https:\/\/portalnpm.com\/index.php\/2020\/12\/29\/prefeito-de-piripiri-e-internado-apos-testar-positivo-para-covid-pela-2avez\/#breadcrumb\"},\"inLanguage\":\"pt-BR\",\"potentialAction\":[{\"@type\":\"ReadAction\",\"target\":[\"https:\/\/portalnpm.com\/index.php\/2020\/12\/29\/prefeito-de-piripiri-e-internado-apos-testar-positivo-para-covid-pela-2avez\/\"]}]},{\"@type\":\"ImageObject\",\"inLanguage\":\"pt-BR\",\"@id\":\"https:\/\/portalnpm.com\/index.php\/2020\/12\/29\/prefeito-de-piripiri-e-internado-apos-testar-positivo-para-covid-pela-2avez\/#primaryimage\",\"url\":\"\",\"contentUrl\":\"\"},{\"@type\":\"BreadcrumbList\",\"@id\":\"https:\/\/portalnpm.com\/index.php\/2020\/12\/29\/prefeito-de-piripiri-e-internado-apos-testar-positivo-para-covid-pela-2avez\/#breadcrumb\",\"itemListElement\":[{\"@type\":\"ListItem\",\"position\":1,\"name\":\"In\u00edcio\",\"item\":\"https:\/\/portalnpm.com\/\"},{\"@type\":\"ListItem\",\"position\":2,\"name\":\"Prefeito de Piripiri \u00e9 internado ap\u00f3s testar positivo para covid pela 2\u00aavez\"}]},{\"@type\":\"WebSite\",\"@id\":\"https:\/\/portalnpm.com\/#website\",\"url\":\"https:\/\/portalnpm.com\/\",\"name\":\"Portal NPM\",\"description\":\"Not\u00edcias em Primeira M\u00e3o\",\"potentialAction\":[{\"@type\":\"SearchAction\",\"target\":{\"@type\":\"EntryPoint\",\"urlTemplate\":\"https:\/\/portalnpm.com\/?s={search_term_string}\"},\"query-input\":\"required name=search_term_string\"}],\"inLanguage\":\"pt-BR\"},{\"@type\":\"Person\",\"@id\":\"https:\/\/portalnpm.com\/#\/schema\/person\/49313e563cfdefcc167f1ee4c017c294\",\"name\":\"Genival Barbosa\",\"image\":{\"@type\":\"ImageObject\",\"inLanguage\":\"pt-BR\",\"@id\":\"https:\/\/portalnpm.com\/#\/schema\/person\/image\/\",\"url\":\"https:\/\/portalnpm.com\/wp-content\/uploads\/2024\/02\/avatar_user_2_1707743258-96x96.jpeg\",\"contentUrl\":\"https:\/\/portalnpm.com\/wp-content\/uploads\/2024\/02\/avatar_user_2_1707743258-96x96.jpeg\",\"caption\":\"Genival Barbosa\"},\"url\":\"https:\/\/portalnpm.com\/index.php\/author\/genival\/\"}]}<\/script>\n<!-- \/ Yoast SEO plugin. -->","yoast_head_json":{"title":"Prefeito de Piripiri \u00e9 internado ap\u00f3s testar positivo para covid pela 2\u00aavez","robots":{"index":"index","follow":"follow","max-snippet":"max-snippet:-1","max-image-preview":"max-image-preview:large","max-video-preview":"max-video-preview:-1"},"canonical":"https:\/\/portalnpm.com\/index.php\/2020\/12\/29\/prefeito-de-piripiri-e-internado-apos-testar-positivo-para-covid-pela-2avez\/","og_locale":"pt_BR","og_type":"article","og_title":"Prefeito de Piripiri \u00e9 internado ap\u00f3s testar positivo para covid pela 2\u00aavez","og_description":"O prefeito do munic\u00edpio de Piripiri, Luiz Menezes, foi internado ap\u00f3s testar positivo para a covid-19 pela segunda vez. Segundo nota divulgada pela assessoria do prefeito, Luiz Menezes \u201capresentou fortes sintomas gripais nos \u00faltimos dias e, ap\u00f3s realiza\u00e7\u00e3o de exames SWAB e sorol\u00f3gico, foi diagnosticado novamente com a doen\u00e7a\u201d. O prefeito tem um quadro de &hellip;","og_url":"https:\/\/portalnpm.com\/index.php\/2020\/12\/29\/prefeito-de-piripiri-e-internado-apos-testar-positivo-para-covid-pela-2avez\/","og_site_name":"Portal NPM","article_published_time":"2020-12-29T22:12:18+00:00","author":"Genival Barbosa","twitter_card":"summary_large_image","twitter_misc":{"Escrito por":"Genival Barbosa","Est. tempo de leitura":"1 minuto"},"schema":{"@context":"https:\/\/schema.org","@graph":[{"@type":"WebPage","@id":"https:\/\/portalnpm.com\/index.php\/2020\/12\/29\/prefeito-de-piripiri-e-internado-apos-testar-positivo-para-covid-pela-2avez\/","url":"https:\/\/portalnpm.com\/index.php\/2020\/12\/29\/prefeito-de-piripiri-e-internado-apos-testar-positivo-para-covid-pela-2avez\/","name":"Prefeito de Piripiri \u00e9 internado ap\u00f3s testar positivo para covid pela 2\u00aavez","isPartOf":{"@id":"https:\/\/portalnpm.com\/#website"},"primaryImageOfPage":{"@id":"https:\/\/portalnpm.com\/index.php\/2020\/12\/29\/prefeito-de-piripiri-e-internado-apos-testar-positivo-para-covid-pela-2avez\/#primaryimage"},"image":{"@id":"https:\/\/portalnpm.com\/index.php\/2020\/12\/29\/prefeito-de-piripiri-e-internado-apos-testar-positivo-para-covid-pela-2avez\/#primaryimage"},"thumbnailUrl":"","datePublished":"2020-12-29T22:12:18+00:00","dateModified":"2020-12-29T22:12:18+00:00","author":{"@id":"https:\/\/portalnpm.com\/#\/schema\/person\/49313e563cfdefcc167f1ee4c017c294"},"breadcrumb":{"@id":"https:\/\/portalnpm.com\/index.php\/2020\/12\/29\/prefeito-de-piripiri-e-internado-apos-testar-positivo-para-covid-pela-2avez\/#breadcrumb"},"inLanguage":"pt-BR","potentialAction":[{"@type":"ReadAction","target":["https:\/\/portalnpm.com\/index.php\/2020\/12\/29\/prefeito-de-piripiri-e-internado-apos-testar-positivo-para-covid-pela-2avez\/"]}]},{"@type":"ImageObject","inLanguage":"pt-BR","@id":"https:\/\/portalnpm.com\/index.php\/2020\/12\/29\/prefeito-de-piripiri-e-internado-apos-testar-positivo-para-covid-pela-2avez\/#primaryimage","url":"","contentUrl":""},{"@type":"BreadcrumbList","@id":"https:\/\/portalnpm.com\/index.php\/2020\/12\/29\/prefeito-de-piripiri-e-internado-apos-testar-positivo-para-covid-pela-2avez\/#breadcrumb","itemListElement":[{"@type":"ListItem","position":1,"name":"In\u00edcio","item":"https:\/\/portalnpm.com\/"},{"@type":"ListItem","position":2,"name":"Prefeito de Piripiri \u00e9 internado ap\u00f3s testar positivo para covid pela 2\u00aavez"}]},{"@type":"WebSite","@id":"https:\/\/portalnpm.com\/#website","url":"https:\/\/portalnpm.com\/","name":"Portal NPM","description":"Not\u00edcias em Primeira M\u00e3o","potentialAction":[{"@type":"SearchAction","target":{"@type":"EntryPoint","urlTemplate":"https:\/\/portalnpm.com\/?s={search_term_string}"},"query-input":"required name=search_term_string"}],"inLanguage":"pt-BR"},{"@type":"Person","@id":"https:\/\/portalnpm.com\/#\/schema\/person\/49313e563cfdefcc167f1ee4c017c294","name":"Genival Barbosa","image":{"@type":"ImageObject","inLanguage":"pt-BR","@id":"https:\/\/portalnpm.com\/#\/schema\/person\/image\/","url":"https:\/\/portalnpm.com\/wp-content\/uploads\/2024\/02\/avatar_user_2_1707743258-96x96.jpeg","contentUrl":"https:\/\/portalnpm.com\/wp-content\/uploads\/2024\/02\/avatar_user_2_1707743258-96x96.jpeg","caption":"Genival Barbosa"},"url":"https:\/\/portalnpm.com\/index.php\/author\/genival\/"}]}},"jetpack_sharing_enabled":true,"jetpack_featured_media_url":"","_links":{"self":[{"href":"https:\/\/portalnpm.com\/index.php\/wp-json\/wp\/v2\/posts\/60867"}],"collection":[{"href":"https:\/\/portalnpm.com\/index.php\/wp-json\/wp\/v2\/posts"}],"about":[{"href":"https:\/\/portalnpm.com\/index.php\/wp-json\/wp\/v2\/types\/post"}],"author":[{"embeddable":true,"href":"https:\/\/portalnpm.com\/index.php\/wp-json\/wp\/v2\/users\/2"}],"replies":[{"embeddable":true,"href":"https:\/\/portalnpm.com\/index.php\/wp-json\/wp\/v2\/comments?post=60867"}],"version-history":[{"count":0,"href":"https:\/\/portalnpm.com\/index.php\/wp-json\/wp\/v2\/posts\/60867\/revisions"}],"wp:featuredmedia":[{"embeddable":true,"href":"https:\/\/portalnpm.com\/index.php\/wp-json\/"}],"wp:attachment":[{"href":"https:\/\/portalnpm.com\/index.php\/wp-json\/wp\/v2\/media?parent=60867"}],"wp:term":[{"taxonomy":"category","embeddable":true,"href":"https:\/\/portalnpm.com\/index.php\/wp-json\/wp\/v2\/categories?post=60867"},{"taxonomy":"post_tag","embeddable":true,"href":"https:\/\/portalnpm.com\/index.php\/wp-json\/wp\/v2\/tags?post=60867"}],"curies":[{"name":"wp","href":"https:\/\/api.w.org\/{rel}","templated":true}]}}