{"id":60878,"date":"2020-12-29T19:41:43","date_gmt":"2020-12-29T22:41:43","guid":{"rendered":"https:\/\/portalnpm.com\/index.php\/2020\/12\/29\/campeonato-carioca-2021-ferj-divulga-tabela-com-inicio-marcado-para-o-dia-27-de-fevereiro\/"},"modified":"2020-12-29T19:41:43","modified_gmt":"2020-12-29T22:41:43","slug":"campeonato-carioca-2021-ferj-divulga-tabela-com-inicio-marcado-para-o-dia-27-de-fevereiro","status":"publish","type":"post","link":"https:\/\/portalnpm.com\/index.php\/2020\/12\/29\/campeonato-carioca-2021-ferj-divulga-tabela-com-inicio-marcado-para-o-dia-27-de-fevereiro\/","title":{"rendered":"Campeonato Carioca 2021: Ferj divulga tabela com in\u00edcio marcado para o dia 27 de fevereiro"},"content":{"rendered":"<section class=\"elementor-section elementor-top-section elementor-element elementor-element-81f2c39 elementor-section-boxed elementor-section-height-default elementor-section-height-default\" data-id=\"81f2c39\" data-element_type=\"section\">\n<div class=\"elementor-container elementor-column-gap-default\">\n<div class=\"elementor-row\">\n<div class=\"elementor-column elementor-col-100 elementor-top-column elementor-element elementor-element-1ab2fdd2\" data-id=\"1ab2fdd2\" data-element_type=\"column\">\n<div class=\"elementor-column-wrap elementor-element-populated\">\n<div class=\"elementor-widget-wrap\">\n<div class=\"elementor-element elementor-element-4df55894 elementor-widget elementor-widget-text-editor\" data-id=\"4df55894\" data-element_type=\"widget\" data-widget_type=\"text-editor.default\">\n<div class=\"elementor-widget-container\">\n<div class=\"elementor-text-editor elementor-clearfix\">\n<p style=\"text-align: justify;\"><strong><a href=\"https:\/\/news-pt.365scores.com\/2020\/12\/28\/clubes-votam-e-campeonato-carioca-tera-nova-formula-de-disputa-em-2021\/\">Depois de definir um novo formato<\/a><\/strong>, a Federa\u00e7\u00e3o de Futebol do Rio de Janeiro (Ferj) divulgou a tabela da fase principal do Campeonato Carioca. Os 12 times ir\u00e3o se enfrentar em 11 rodadas dentro de um sistema de pontos corridos. Os quatro primeiros se classificam para disputar semifinais e finais, ambos em partidas de ida e volta.<\/p>\n<p style=\"text-align: justify;\">\n<p style=\"text-align: justify;\">\n<p style=\"text-align: justify;\">A competi\u00e7\u00e3o tem data marcada para come\u00e7ar no dia 27 de fevereiro. Entre 16 de janeiro e 25 de fevereiro, seis clubes disputar\u00e3o a fase preliminar para definir o \u00faltimo classificado para a fase principal. S\u00e3o eles: Cabofriense, Friburguense, Americano, Am\u00e9rica, Nova Igua\u00e7u e Sampaio Correa. Confira abaixo os cl\u00e1ssicos da primeira fase e a rodada de estreia.<\/p>\n<\/div>\n<\/div>\n<\/div>\n<\/div>\n<\/div>\n<\/div>\n<\/div>\n<\/div>\n<\/section>\n<section class=\"elementor-section elementor-top-section elementor-element elementor-element-33d5d375 elementor-section-boxed elementor-section-height-default elementor-section-height-default\" data-id=\"33d5d375\" data-element_type=\"section\">\n<div class=\"elementor-container elementor-column-gap-default\">\n<div class=\"elementor-row\">\n<div class=\"elementor-column elementor-col-100 elementor-top-column elementor-element elementor-element-53be9185\" data-id=\"53be9185\" data-element_type=\"column\">\n<div class=\"elementor-column-wrap elementor-element-populated\">\n<div class=\"elementor-widget-wrap\">\n<div class=\"elementor-element elementor-element-560c85a4 elementor-widget elementor-widget-spacer\" data-id=\"560c85a4\" data-element_type=\"widget\" data-widget_type=\"spacer.default\">\n<div class=\"elementor-widget-container\">\n<div class=\"elementor-spacer\">\n<div class=\"elementor-spacer-inner\"><\/div>\n<\/div>\n<\/div>\n<\/div>\n<\/div>\n<\/div>\n<\/div>\n<\/div>\n<\/div>\n<\/section>\n<section class=\"elementor-section elementor-top-section elementor-element elementor-element-2637f7ce elementor-section-boxed elementor-section-height-default elementor-section-height-default\" data-id=\"2637f7ce\" data-element_type=\"section\">\n<div class=\"elementor-container elementor-column-gap-default\">\n<div class=\"elementor-row\">\n<div class=\"elementor-column elementor-col-100 elementor-top-column elementor-element elementor-element-174e0789\" data-id=\"174e0789\" data-element_type=\"column\">\n<div class=\"elementor-column-wrap elementor-element-populated\">\n<div class=\"elementor-widget-wrap\">\n<div class=\"elementor-element elementor-element-e724f46 elementor-widget elementor-widget-text-editor\" data-id=\"e724f46\" data-element_type=\"widget\" data-widget_type=\"text-editor.default\">\n<div class=\"elementor-widget-container\">\n<div class=\"elementor-text-editor elementor-clearfix\">\n<p style=\"text-align: justify;\"><strong>Jogos da primeira rodada (27 de 28 de fevereiro):<\/strong><\/p>\n<ul style=\"text-align: justify;\">\n<li>Resende x Fluminense<\/li>\n<li>Volta Redonda x Madureira<\/li>\n<li>Botafogo x Boavista<\/li>\n<li>Flamengo x A definir (classificado da 1\u00aa fase)<\/li>\n<li>Maca\u00e9 x Bangu<\/li>\n<li>Vasco x Portuguesa<\/li>\n<\/ul>\n<p style=\"text-align: justify;\"><strong>Cl\u00e1ssicos da primeira fase:\u00a0<\/strong><\/p>\n<ul>\n<li style=\"text-align: justify;\">\u200bFlamengo x Fluminense (3\u00aa rodada) \u2013 13 ou 14 de mar\u00e7o<\/li>\n<li style=\"text-align: justify;\">Vasco x Botafogo (4\u00aa rodada) \u2013 20 ou 21 de mar\u00e7o<\/li>\n<li style=\"text-align: justify;\">Botafogo x Flamengo (6\u00aa rodada) \u2013 27 ou 28 de mar\u00e7o<\/li>\n<li style=\"text-align: justify;\">Fluminense x Vasco (7\u00aa rodada) \u2013 31 de mar\u00e7o ou 1\u00ba de abril<\/li>\n<li style=\"text-align: justify;\">Flamengo x Vasco (9\u00aa rodada) \u2013 10 ou 11 de abril<\/li>\n<li style=\"text-align: justify;\">Fluminense x Botafogo (10\u00aa rodada) \u2013 14 ou 15 de abril<\/li>\n<li style=\"text-align: justify;\">FONTE:\u00a0 365 SCORES.<\/li>\n<\/ul>\n<\/div>\n<\/div>\n<\/div>\n<\/div>\n<\/div>\n<\/div>\n<\/div>\n<\/div>\n<\/section>\n","protected":false},"excerpt":{"rendered":"<p>Depois de definir um novo formato, a Federa\u00e7\u00e3o de Futebol do Rio de Janeiro (Ferj) divulgou a tabela da fase principal do Campeonato Carioca. Os 12 times ir\u00e3o se enfrentar em 11 rodadas dentro de um sistema de pontos corridos. Os quatro primeiros se classificam para disputar semifinais e finais, ambos em partidas de ida &hellip;<\/p>\n","protected":false},"author":2,"featured_media":60879,"comment_status":"open","ping_status":"open","sticky":false,"template":"","format":"standard","meta":{"content-type":"","rop_custom_images_group":[],"rop_custom_messages_group":[],"rop_publish_now":"initial","rop_publish_now_accounts":{"facebook_2648258775420054_1618374048415101":""},"rop_publish_now_history":[],"rop_publish_now_status":"pending","footnotes":"","_jetpack_memberships_contains_paid_content":false},"categories":[108],"tags":[5278,8640,8641],"yoast_head":"<!-- This site is optimized with the Yoast SEO plugin v22.3 - https:\/\/yoast.com\/wordpress\/plugins\/seo\/ -->\n<title>Campeonato Carioca 2021: Ferj divulga tabela com in\u00edcio marcado para o dia 27 de fevereiro<\/title>\n<meta name=\"robots\" content=\"index, follow, max-snippet:-1, max-image-preview:large, max-video-preview:-1\" \/>\n<link rel=\"canonical\" href=\"https:\/\/portalnpm.com\/index.php\/2020\/12\/29\/campeonato-carioca-2021-ferj-divulga-tabela-com-inicio-marcado-para-o-dia-27-de-fevereiro\/\" \/>\n<meta property=\"og:locale\" content=\"pt_BR\" \/>\n<meta property=\"og:type\" content=\"article\" \/>\n<meta property=\"og:title\" content=\"Campeonato Carioca 2021: Ferj divulga tabela com in\u00edcio marcado para o dia 27 de fevereiro\" \/>\n<meta property=\"og:description\" content=\"Depois de definir um novo formato, a Federa\u00e7\u00e3o de Futebol do Rio de Janeiro (Ferj) divulgou a tabela da fase principal do Campeonato Carioca. Os 12 times ir\u00e3o se enfrentar em 11 rodadas dentro de um sistema de pontos corridos. Os quatro primeiros se classificam para disputar semifinais e finais, ambos em partidas de ida &hellip;\" \/>\n<meta property=\"og:url\" content=\"https:\/\/portalnpm.com\/index.php\/2020\/12\/29\/campeonato-carioca-2021-ferj-divulga-tabela-com-inicio-marcado-para-o-dia-27-de-fevereiro\/\" \/>\n<meta property=\"og:site_name\" content=\"Portal NPM\" \/>\n<meta property=\"article:published_time\" content=\"2020-12-29T22:41:43+00:00\" \/>\n<meta property=\"og:image\" content=\"https:\/\/portalnpm.com\/wp-content\/uploads\/2024\/01\/5fea35b527d3d.jpeg\" \/>\n\t<meta property=\"og:image:width\" content=\"320\" \/>\n\t<meta property=\"og:image:height\" content=\"280\" \/>\n\t<meta property=\"og:image:type\" content=\"image\/jpeg\" \/>\n<meta name=\"author\" content=\"Genival Barbosa\" \/>\n<meta name=\"twitter:card\" content=\"summary_large_image\" \/>\n<meta name=\"twitter:label1\" content=\"Escrito por\" \/>\n\t<meta name=\"twitter:data1\" content=\"Genival Barbosa\" \/>\n\t<meta name=\"twitter:label2\" content=\"Est. tempo de leitura\" \/>\n\t<meta name=\"twitter:data2\" content=\"1 minuto\" \/>\n<script type=\"application\/ld+json\" class=\"yoast-schema-graph\">{\"@context\":\"https:\/\/schema.org\",\"@graph\":[{\"@type\":\"WebPage\",\"@id\":\"https:\/\/portalnpm.com\/index.php\/2020\/12\/29\/campeonato-carioca-2021-ferj-divulga-tabela-com-inicio-marcado-para-o-dia-27-de-fevereiro\/\",\"url\":\"https:\/\/portalnpm.com\/index.php\/2020\/12\/29\/campeonato-carioca-2021-ferj-divulga-tabela-com-inicio-marcado-para-o-dia-27-de-fevereiro\/\",\"name\":\"Campeonato Carioca 2021: Ferj divulga tabela com in\u00edcio marcado para o dia 27 de fevereiro\",\"isPartOf\":{\"@id\":\"https:\/\/portalnpm.com\/#website\"},\"primaryImageOfPage\":{\"@id\":\"https:\/\/portalnpm.com\/index.php\/2020\/12\/29\/campeonato-carioca-2021-ferj-divulga-tabela-com-inicio-marcado-para-o-dia-27-de-fevereiro\/#primaryimage\"},\"image\":{\"@id\":\"https:\/\/portalnpm.com\/index.php\/2020\/12\/29\/campeonato-carioca-2021-ferj-divulga-tabela-com-inicio-marcado-para-o-dia-27-de-fevereiro\/#primaryimage\"},\"thumbnailUrl\":\"https:\/\/portalnpm.com\/wp-content\/uploads\/2024\/01\/5fea35b527d3d.jpeg\",\"datePublished\":\"2020-12-29T22:41:43+00:00\",\"dateModified\":\"2020-12-29T22:41:43+00:00\",\"author\":{\"@id\":\"https:\/\/portalnpm.com\/#\/schema\/person\/49313e563cfdefcc167f1ee4c017c294\"},\"breadcrumb\":{\"@id\":\"https:\/\/portalnpm.com\/index.php\/2020\/12\/29\/campeonato-carioca-2021-ferj-divulga-tabela-com-inicio-marcado-para-o-dia-27-de-fevereiro\/#breadcrumb\"},\"inLanguage\":\"pt-BR\",\"potentialAction\":[{\"@type\":\"ReadAction\",\"target\":[\"https:\/\/portalnpm.com\/index.php\/2020\/12\/29\/campeonato-carioca-2021-ferj-divulga-tabela-com-inicio-marcado-para-o-dia-27-de-fevereiro\/\"]}]},{\"@type\":\"ImageObject\",\"inLanguage\":\"pt-BR\",\"@id\":\"https:\/\/portalnpm.com\/index.php\/2020\/12\/29\/campeonato-carioca-2021-ferj-divulga-tabela-com-inicio-marcado-para-o-dia-27-de-fevereiro\/#primaryimage\",\"url\":\"https:\/\/portalnpm.com\/wp-content\/uploads\/2024\/01\/5fea35b527d3d.jpeg\",\"contentUrl\":\"https:\/\/portalnpm.com\/wp-content\/uploads\/2024\/01\/5fea35b527d3d.jpeg\",\"width\":320,\"height\":280},{\"@type\":\"BreadcrumbList\",\"@id\":\"https:\/\/portalnpm.com\/index.php\/2020\/12\/29\/campeonato-carioca-2021-ferj-divulga-tabela-com-inicio-marcado-para-o-dia-27-de-fevereiro\/#breadcrumb\",\"itemListElement\":[{\"@type\":\"ListItem\",\"position\":1,\"name\":\"In\u00edcio\",\"item\":\"https:\/\/portalnpm.com\/\"},{\"@type\":\"ListItem\",\"position\":2,\"name\":\"Campeonato Carioca 2021: Ferj divulga tabela com in\u00edcio marcado para o dia 27 de fevereiro\"}]},{\"@type\":\"WebSite\",\"@id\":\"https:\/\/portalnpm.com\/#website\",\"url\":\"https:\/\/portalnpm.com\/\",\"name\":\"Portal NPM\",\"description\":\"Not\u00edcias em Primeira M\u00e3o\",\"potentialAction\":[{\"@type\":\"SearchAction\",\"target\":{\"@type\":\"EntryPoint\",\"urlTemplate\":\"https:\/\/portalnpm.com\/?s={search_term_string}\"},\"query-input\":\"required name=search_term_string\"}],\"inLanguage\":\"pt-BR\"},{\"@type\":\"Person\",\"@id\":\"https:\/\/portalnpm.com\/#\/schema\/person\/49313e563cfdefcc167f1ee4c017c294\",\"name\":\"Genival Barbosa\",\"image\":{\"@type\":\"ImageObject\",\"inLanguage\":\"pt-BR\",\"@id\":\"https:\/\/portalnpm.com\/#\/schema\/person\/image\/\",\"url\":\"https:\/\/portalnpm.com\/wp-content\/uploads\/2024\/02\/avatar_user_2_1707743258-96x96.jpeg\",\"contentUrl\":\"https:\/\/portalnpm.com\/wp-content\/uploads\/2024\/02\/avatar_user_2_1707743258-96x96.jpeg\",\"caption\":\"Genival Barbosa\"},\"url\":\"https:\/\/portalnpm.com\/index.php\/author\/genival\/\"}]}<\/script>\n<!-- \/ Yoast SEO plugin. -->","yoast_head_json":{"title":"Campeonato Carioca 2021: Ferj divulga tabela com in\u00edcio marcado para o dia 27 de fevereiro","robots":{"index":"index","follow":"follow","max-snippet":"max-snippet:-1","max-image-preview":"max-image-preview:large","max-video-preview":"max-video-preview:-1"},"canonical":"https:\/\/portalnpm.com\/index.php\/2020\/12\/29\/campeonato-carioca-2021-ferj-divulga-tabela-com-inicio-marcado-para-o-dia-27-de-fevereiro\/","og_locale":"pt_BR","og_type":"article","og_title":"Campeonato Carioca 2021: Ferj divulga tabela com in\u00edcio marcado para o dia 27 de fevereiro","og_description":"Depois de definir um novo formato, a Federa\u00e7\u00e3o de Futebol do Rio de Janeiro (Ferj) divulgou a tabela da fase principal do Campeonato Carioca. Os 12 times ir\u00e3o se enfrentar em 11 rodadas dentro de um sistema de pontos corridos. Os quatro primeiros se classificam para disputar semifinais e finais, ambos em partidas de ida &hellip;","og_url":"https:\/\/portalnpm.com\/index.php\/2020\/12\/29\/campeonato-carioca-2021-ferj-divulga-tabela-com-inicio-marcado-para-o-dia-27-de-fevereiro\/","og_site_name":"Portal NPM","article_published_time":"2020-12-29T22:41:43+00:00","og_image":[{"width":320,"height":280,"url":"https:\/\/portalnpm.com\/wp-content\/uploads\/2024\/01\/5fea35b527d3d.jpeg","type":"image\/jpeg"}],"author":"Genival Barbosa","twitter_card":"summary_large_image","twitter_misc":{"Escrito por":"Genival Barbosa","Est. tempo de leitura":"1 minuto"},"schema":{"@context":"https:\/\/schema.org","@graph":[{"@type":"WebPage","@id":"https:\/\/portalnpm.com\/index.php\/2020\/12\/29\/campeonato-carioca-2021-ferj-divulga-tabela-com-inicio-marcado-para-o-dia-27-de-fevereiro\/","url":"https:\/\/portalnpm.com\/index.php\/2020\/12\/29\/campeonato-carioca-2021-ferj-divulga-tabela-com-inicio-marcado-para-o-dia-27-de-fevereiro\/","name":"Campeonato Carioca 2021: Ferj divulga tabela com in\u00edcio marcado para o dia 27 de fevereiro","isPartOf":{"@id":"https:\/\/portalnpm.com\/#website"},"primaryImageOfPage":{"@id":"https:\/\/portalnpm.com\/index.php\/2020\/12\/29\/campeonato-carioca-2021-ferj-divulga-tabela-com-inicio-marcado-para-o-dia-27-de-fevereiro\/#primaryimage"},"image":{"@id":"https:\/\/portalnpm.com\/index.php\/2020\/12\/29\/campeonato-carioca-2021-ferj-divulga-tabela-com-inicio-marcado-para-o-dia-27-de-fevereiro\/#primaryimage"},"thumbnailUrl":"https:\/\/portalnpm.com\/wp-content\/uploads\/2024\/01\/5fea35b527d3d.jpeg","datePublished":"2020-12-29T22:41:43+00:00","dateModified":"2020-12-29T22:41:43+00:00","author":{"@id":"https:\/\/portalnpm.com\/#\/schema\/person\/49313e563cfdefcc167f1ee4c017c294"},"breadcrumb":{"@id":"https:\/\/portalnpm.com\/index.php\/2020\/12\/29\/campeonato-carioca-2021-ferj-divulga-tabela-com-inicio-marcado-para-o-dia-27-de-fevereiro\/#breadcrumb"},"inLanguage":"pt-BR","potentialAction":[{"@type":"ReadAction","target":["https:\/\/portalnpm.com\/index.php\/2020\/12\/29\/campeonato-carioca-2021-ferj-divulga-tabela-com-inicio-marcado-para-o-dia-27-de-fevereiro\/"]}]},{"@type":"ImageObject","inLanguage":"pt-BR","@id":"https:\/\/portalnpm.com\/index.php\/2020\/12\/29\/campeonato-carioca-2021-ferj-divulga-tabela-com-inicio-marcado-para-o-dia-27-de-fevereiro\/#primaryimage","url":"https:\/\/portalnpm.com\/wp-content\/uploads\/2024\/01\/5fea35b527d3d.jpeg","contentUrl":"https:\/\/portalnpm.com\/wp-content\/uploads\/2024\/01\/5fea35b527d3d.jpeg","width":320,"height":280},{"@type":"BreadcrumbList","@id":"https:\/\/portalnpm.com\/index.php\/2020\/12\/29\/campeonato-carioca-2021-ferj-divulga-tabela-com-inicio-marcado-para-o-dia-27-de-fevereiro\/#breadcrumb","itemListElement":[{"@type":"ListItem","position":1,"name":"In\u00edcio","item":"https:\/\/portalnpm.com\/"},{"@type":"ListItem","position":2,"name":"Campeonato Carioca 2021: Ferj divulga tabela com in\u00edcio marcado para o dia 27 de fevereiro"}]},{"@type":"WebSite","@id":"https:\/\/portalnpm.com\/#website","url":"https:\/\/portalnpm.com\/","name":"Portal NPM","description":"Not\u00edcias em Primeira M\u00e3o","potentialAction":[{"@type":"SearchAction","target":{"@type":"EntryPoint","urlTemplate":"https:\/\/portalnpm.com\/?s={search_term_string}"},"query-input":"required name=search_term_string"}],"inLanguage":"pt-BR"},{"@type":"Person","@id":"https:\/\/portalnpm.com\/#\/schema\/person\/49313e563cfdefcc167f1ee4c017c294","name":"Genival Barbosa","image":{"@type":"ImageObject","inLanguage":"pt-BR","@id":"https:\/\/portalnpm.com\/#\/schema\/person\/image\/","url":"https:\/\/portalnpm.com\/wp-content\/uploads\/2024\/02\/avatar_user_2_1707743258-96x96.jpeg","contentUrl":"https:\/\/portalnpm.com\/wp-content\/uploads\/2024\/02\/avatar_user_2_1707743258-96x96.jpeg","caption":"Genival Barbosa"},"url":"https:\/\/portalnpm.com\/index.php\/author\/genival\/"}]}},"jetpack_sharing_enabled":true,"jetpack_featured_media_url":"https:\/\/portalnpm.com\/wp-content\/uploads\/2024\/01\/5fea35b527d3d.jpeg","_links":{"self":[{"href":"https:\/\/portalnpm.com\/index.php\/wp-json\/wp\/v2\/posts\/60878"}],"collection":[{"href":"https:\/\/portalnpm.com\/index.php\/wp-json\/wp\/v2\/posts"}],"about":[{"href":"https:\/\/portalnpm.com\/index.php\/wp-json\/wp\/v2\/types\/post"}],"author":[{"embeddable":true,"href":"https:\/\/portalnpm.com\/index.php\/wp-json\/wp\/v2\/users\/2"}],"replies":[{"embeddable":true,"href":"https:\/\/portalnpm.com\/index.php\/wp-json\/wp\/v2\/comments?post=60878"}],"version-history":[{"count":0,"href":"https:\/\/portalnpm.com\/index.php\/wp-json\/wp\/v2\/posts\/60878\/revisions"}],"wp:featuredmedia":[{"embeddable":true,"href":"https:\/\/portalnpm.com\/index.php\/wp-json\/wp\/v2\/media\/60879"}],"wp:attachment":[{"href":"https:\/\/portalnpm.com\/index.php\/wp-json\/wp\/v2\/media?parent=60878"}],"wp:term":[{"taxonomy":"category","embeddable":true,"href":"https:\/\/portalnpm.com\/index.php\/wp-json\/wp\/v2\/categories?post=60878"},{"taxonomy":"post_tag","embeddable":true,"href":"https:\/\/portalnpm.com\/index.php\/wp-json\/wp\/v2\/tags?post=60878"}],"curies":[{"name":"wp","href":"https:\/\/api.w.org\/{rel}","templated":true}]}}