{"id":6105,"date":"2019-03-12T13:28:24","date_gmt":"2019-03-12T16:28:24","guid":{"rendered":"http:\/\/srv.portalnpm.com.br\/?p=6105"},"modified":"2019-03-12T13:28:24","modified_gmt":"2019-03-12T16:28:24","slug":"wellington-dias-quer-evitar-fim-dos-fundos-de-desenvolvimento","status":"publish","type":"post","link":"https:\/\/portalnpm.com\/index.php\/2019\/03\/12\/wellington-dias-quer-evitar-fim-dos-fundos-de-desenvolvimento\/","title":{"rendered":"Wellington Dias quer evitar fim dos fundos de desenvolvimento"},"content":{"rendered":"<div class=\"clearfix texto\">\n<p style=\"text-align: justify;\">Ser\u00e1 realizado, na pr\u00f3xima quinta-feira (14), o F\u00f3rum dos Governadores do Nordeste. O evento acontece na cidade de S\u00e3o Lu\u00eds, no Maranh\u00e3o, e contar\u00e1 com a participa\u00e7\u00e3o dos nove governadores, inclusive do governador Wellington Dias, que destacou, nessa segunda-feira (11), os temas que ser\u00e3o debatidos.<\/p>\n<p style=\"text-align: justify;\">\u201cNessa oportunidade vamos estar tratando de temas como a Reforma da Previd\u00eancia, a renova\u00e7\u00e3o do Fundeb, que vencem agora em 2020, as regras da lei no Brasil e n\u00f3s precisamos ter uma solu\u00e7\u00e3o esse ano para que em 2020 a gente possa prosseguir, vamos tratar tamb\u00e9m de uma estrat\u00e9gia em rela\u00e7\u00e3o \u00e0 defesa de instrumento e desenvolvimento da regi\u00e3o, como os fundos regionais\u201d, explanou.<\/p>\n<p style=\"text-align: justify;\">Wellington alertou para a import\u00e2ncia de se manter os fundos de desenvolvimento que podem ser extintos. \u201cChegou mais um PEC (Proposta de Emenda \u00e0 Constitui\u00e7\u00e3o) no Congresso Nacional que em nome da desvincula\u00e7\u00e3o de receita praticamente acaba com os fundos de desenvolvimento da regi\u00e3o Nordeste e isso coloca em cheque a pr\u00f3pria defesa do Banco do Nordeste, da Chesf, da Caixa Econ\u00f4mica Federal, ou seja, de instrumentos que s\u00e3o importantes para nossa regi\u00e3o\u201d.<\/p>\n<p style=\"text-align: justify;\">\u201cEnt\u00e3o, \u00e9 uma a\u00e7\u00e3o que junta a for\u00e7a de 9 estados, \u00e9 um momento importante em S\u00e3o Lu\u00eds, com governador Fl\u00e1vio Dino, onde vamos trabalhar essa pauta dos nossos estados\u201d, finalizou.<\/p>\n<p style=\"text-align: justify;\">Durante o evento, ser\u00e1 assinado o protocolo para criar o Cons\u00f3rcio Interestadual de Desenvolvimento Sustent\u00e1vel do Nordeste \u2013 ou simplesmente Cons\u00f3rcio Nordeste.<\/p>\n<p style=\"text-align: justify;\"><strong>FONTE: GP1<\/strong><\/p>\n<\/div>\n","protected":false},"excerpt":{"rendered":"<p>Ser\u00e1 realizado, na pr\u00f3xima quinta-feira (14), o F\u00f3rum dos Governadores do Nordeste. O evento acontece na cidade de S\u00e3o Lu\u00eds, no Maranh\u00e3o, e contar\u00e1 com a participa\u00e7\u00e3o dos nove governadores, inclusive do governador Wellington Dias, que destacou, nessa segunda-feira (11), os temas que ser\u00e3o debatidos. \u201cNessa oportunidade vamos estar tratando de temas como a Reforma &hellip;<\/p>\n","protected":false},"author":4,"featured_media":6106,"comment_status":"open","ping_status":"open","sticky":false,"template":"","format":"standard","meta":{"content-type":"","rop_custom_images_group":[],"rop_custom_messages_group":[],"rop_publish_now":"initial","rop_publish_now_accounts":{"facebook_2648258775420054_1618374048415101":""},"rop_publish_now_history":[],"rop_publish_now_status":"pending","footnotes":"","_jetpack_memberships_contains_paid_content":false},"categories":[130],"tags":[2355,2356,2357,407],"yoast_head":"<!-- This site is optimized with the Yoast SEO plugin v22.3 - https:\/\/yoast.com\/wordpress\/plugins\/seo\/ -->\n<title>Wellington Dias quer evitar fim dos fundos de desenvolvimento - Portal NPM<\/title>\n<meta name=\"robots\" content=\"index, follow, max-snippet:-1, max-image-preview:large, max-video-preview:-1\" \/>\n<link rel=\"canonical\" href=\"https:\/\/portalnpm.com\/index.php\/2019\/03\/12\/wellington-dias-quer-evitar-fim-dos-fundos-de-desenvolvimento\/\" \/>\n<meta property=\"og:locale\" content=\"pt_BR\" \/>\n<meta property=\"og:type\" content=\"article\" \/>\n<meta property=\"og:title\" content=\"Wellington Dias quer evitar fim dos fundos de desenvolvimento - Portal NPM\" \/>\n<meta property=\"og:description\" content=\"Ser\u00e1 realizado, na pr\u00f3xima quinta-feira (14), o F\u00f3rum dos Governadores do Nordeste. O evento acontece na cidade de S\u00e3o Lu\u00eds, no Maranh\u00e3o, e contar\u00e1 com a participa\u00e7\u00e3o dos nove governadores, inclusive do governador Wellington Dias, que destacou, nessa segunda-feira (11), os temas que ser\u00e3o debatidos. \u201cNessa oportunidade vamos estar tratando de temas como a Reforma &hellip;\" \/>\n<meta property=\"og:url\" content=\"https:\/\/portalnpm.com\/index.php\/2019\/03\/12\/wellington-dias-quer-evitar-fim-dos-fundos-de-desenvolvimento\/\" \/>\n<meta property=\"og:site_name\" content=\"Portal NPM\" \/>\n<meta property=\"article:published_time\" content=\"2019-03-12T16:28:24+00:00\" \/>\n<meta name=\"author\" content=\"Reda\u00e7\u00e3o\" \/>\n<meta name=\"twitter:card\" content=\"summary_large_image\" \/>\n<meta name=\"twitter:label1\" content=\"Escrito por\" \/>\n\t<meta name=\"twitter:data1\" content=\"Reda\u00e7\u00e3o\" \/>\n\t<meta name=\"twitter:label2\" content=\"Est. tempo de leitura\" \/>\n\t<meta name=\"twitter:data2\" content=\"1 minuto\" \/>\n<script type=\"application\/ld+json\" class=\"yoast-schema-graph\">{\"@context\":\"https:\/\/schema.org\",\"@graph\":[{\"@type\":\"WebPage\",\"@id\":\"https:\/\/portalnpm.com\/index.php\/2019\/03\/12\/wellington-dias-quer-evitar-fim-dos-fundos-de-desenvolvimento\/\",\"url\":\"https:\/\/portalnpm.com\/index.php\/2019\/03\/12\/wellington-dias-quer-evitar-fim-dos-fundos-de-desenvolvimento\/\",\"name\":\"Wellington Dias quer evitar fim dos fundos de desenvolvimento - Portal NPM\",\"isPartOf\":{\"@id\":\"https:\/\/portalnpm.com\/#website\"},\"primaryImageOfPage\":{\"@id\":\"https:\/\/portalnpm.com\/index.php\/2019\/03\/12\/wellington-dias-quer-evitar-fim-dos-fundos-de-desenvolvimento\/#primaryimage\"},\"image\":{\"@id\":\"https:\/\/portalnpm.com\/index.php\/2019\/03\/12\/wellington-dias-quer-evitar-fim-dos-fundos-de-desenvolvimento\/#primaryimage\"},\"thumbnailUrl\":\"\",\"datePublished\":\"2019-03-12T16:28:24+00:00\",\"dateModified\":\"2019-03-12T16:28:24+00:00\",\"author\":{\"@id\":\"https:\/\/portalnpm.com\/#\/schema\/person\/0b5f230ec96cee25504fa328e7f2b733\"},\"breadcrumb\":{\"@id\":\"https:\/\/portalnpm.com\/index.php\/2019\/03\/12\/wellington-dias-quer-evitar-fim-dos-fundos-de-desenvolvimento\/#breadcrumb\"},\"inLanguage\":\"pt-BR\",\"potentialAction\":[{\"@type\":\"ReadAction\",\"target\":[\"https:\/\/portalnpm.com\/index.php\/2019\/03\/12\/wellington-dias-quer-evitar-fim-dos-fundos-de-desenvolvimento\/\"]}]},{\"@type\":\"ImageObject\",\"inLanguage\":\"pt-BR\",\"@id\":\"https:\/\/portalnpm.com\/index.php\/2019\/03\/12\/wellington-dias-quer-evitar-fim-dos-fundos-de-desenvolvimento\/#primaryimage\",\"url\":\"\",\"contentUrl\":\"\"},{\"@type\":\"BreadcrumbList\",\"@id\":\"https:\/\/portalnpm.com\/index.php\/2019\/03\/12\/wellington-dias-quer-evitar-fim-dos-fundos-de-desenvolvimento\/#breadcrumb\",\"itemListElement\":[{\"@type\":\"ListItem\",\"position\":1,\"name\":\"In\u00edcio\",\"item\":\"https:\/\/portalnpm.com\/\"},{\"@type\":\"ListItem\",\"position\":2,\"name\":\"Wellington Dias quer evitar fim dos fundos de desenvolvimento\"}]},{\"@type\":\"WebSite\",\"@id\":\"https:\/\/portalnpm.com\/#website\",\"url\":\"https:\/\/portalnpm.com\/\",\"name\":\"Portal NPM\",\"description\":\"Not\u00edcias em Primeira M\u00e3o\",\"potentialAction\":[{\"@type\":\"SearchAction\",\"target\":{\"@type\":\"EntryPoint\",\"urlTemplate\":\"https:\/\/portalnpm.com\/?s={search_term_string}\"},\"query-input\":\"required name=search_term_string\"}],\"inLanguage\":\"pt-BR\"},{\"@type\":\"Person\",\"@id\":\"https:\/\/portalnpm.com\/#\/schema\/person\/0b5f230ec96cee25504fa328e7f2b733\",\"name\":\"Reda\u00e7\u00e3o\",\"image\":{\"@type\":\"ImageObject\",\"inLanguage\":\"pt-BR\",\"@id\":\"https:\/\/portalnpm.com\/#\/schema\/person\/image\/\",\"url\":\"https:\/\/portalnpm.com\/wp-content\/uploads\/2024\/03\/avatar_user_4_1710097212-96x96.png\",\"contentUrl\":\"https:\/\/portalnpm.com\/wp-content\/uploads\/2024\/03\/avatar_user_4_1710097212-96x96.png\",\"caption\":\"Reda\u00e7\u00e3o\"},\"url\":\"https:\/\/portalnpm.com\/index.php\/author\/redacao\/\"}]}<\/script>\n<!-- \/ Yoast SEO plugin. -->","yoast_head_json":{"title":"Wellington Dias quer evitar fim dos fundos de desenvolvimento - Portal NPM","robots":{"index":"index","follow":"follow","max-snippet":"max-snippet:-1","max-image-preview":"max-image-preview:large","max-video-preview":"max-video-preview:-1"},"canonical":"https:\/\/portalnpm.com\/index.php\/2019\/03\/12\/wellington-dias-quer-evitar-fim-dos-fundos-de-desenvolvimento\/","og_locale":"pt_BR","og_type":"article","og_title":"Wellington Dias quer evitar fim dos fundos de desenvolvimento - Portal NPM","og_description":"Ser\u00e1 realizado, na pr\u00f3xima quinta-feira (14), o F\u00f3rum dos Governadores do Nordeste. O evento acontece na cidade de S\u00e3o Lu\u00eds, no Maranh\u00e3o, e contar\u00e1 com a participa\u00e7\u00e3o dos nove governadores, inclusive do governador Wellington Dias, que destacou, nessa segunda-feira (11), os temas que ser\u00e3o debatidos. \u201cNessa oportunidade vamos estar tratando de temas como a Reforma &hellip;","og_url":"https:\/\/portalnpm.com\/index.php\/2019\/03\/12\/wellington-dias-quer-evitar-fim-dos-fundos-de-desenvolvimento\/","og_site_name":"Portal NPM","article_published_time":"2019-03-12T16:28:24+00:00","author":"Reda\u00e7\u00e3o","twitter_card":"summary_large_image","twitter_misc":{"Escrito por":"Reda\u00e7\u00e3o","Est. tempo de leitura":"1 minuto"},"schema":{"@context":"https:\/\/schema.org","@graph":[{"@type":"WebPage","@id":"https:\/\/portalnpm.com\/index.php\/2019\/03\/12\/wellington-dias-quer-evitar-fim-dos-fundos-de-desenvolvimento\/","url":"https:\/\/portalnpm.com\/index.php\/2019\/03\/12\/wellington-dias-quer-evitar-fim-dos-fundos-de-desenvolvimento\/","name":"Wellington Dias quer evitar fim dos fundos de desenvolvimento - Portal NPM","isPartOf":{"@id":"https:\/\/portalnpm.com\/#website"},"primaryImageOfPage":{"@id":"https:\/\/portalnpm.com\/index.php\/2019\/03\/12\/wellington-dias-quer-evitar-fim-dos-fundos-de-desenvolvimento\/#primaryimage"},"image":{"@id":"https:\/\/portalnpm.com\/index.php\/2019\/03\/12\/wellington-dias-quer-evitar-fim-dos-fundos-de-desenvolvimento\/#primaryimage"},"thumbnailUrl":"","datePublished":"2019-03-12T16:28:24+00:00","dateModified":"2019-03-12T16:28:24+00:00","author":{"@id":"https:\/\/portalnpm.com\/#\/schema\/person\/0b5f230ec96cee25504fa328e7f2b733"},"breadcrumb":{"@id":"https:\/\/portalnpm.com\/index.php\/2019\/03\/12\/wellington-dias-quer-evitar-fim-dos-fundos-de-desenvolvimento\/#breadcrumb"},"inLanguage":"pt-BR","potentialAction":[{"@type":"ReadAction","target":["https:\/\/portalnpm.com\/index.php\/2019\/03\/12\/wellington-dias-quer-evitar-fim-dos-fundos-de-desenvolvimento\/"]}]},{"@type":"ImageObject","inLanguage":"pt-BR","@id":"https:\/\/portalnpm.com\/index.php\/2019\/03\/12\/wellington-dias-quer-evitar-fim-dos-fundos-de-desenvolvimento\/#primaryimage","url":"","contentUrl":""},{"@type":"BreadcrumbList","@id":"https:\/\/portalnpm.com\/index.php\/2019\/03\/12\/wellington-dias-quer-evitar-fim-dos-fundos-de-desenvolvimento\/#breadcrumb","itemListElement":[{"@type":"ListItem","position":1,"name":"In\u00edcio","item":"https:\/\/portalnpm.com\/"},{"@type":"ListItem","position":2,"name":"Wellington Dias quer evitar fim dos fundos de desenvolvimento"}]},{"@type":"WebSite","@id":"https:\/\/portalnpm.com\/#website","url":"https:\/\/portalnpm.com\/","name":"Portal NPM","description":"Not\u00edcias em Primeira M\u00e3o","potentialAction":[{"@type":"SearchAction","target":{"@type":"EntryPoint","urlTemplate":"https:\/\/portalnpm.com\/?s={search_term_string}"},"query-input":"required name=search_term_string"}],"inLanguage":"pt-BR"},{"@type":"Person","@id":"https:\/\/portalnpm.com\/#\/schema\/person\/0b5f230ec96cee25504fa328e7f2b733","name":"Reda\u00e7\u00e3o","image":{"@type":"ImageObject","inLanguage":"pt-BR","@id":"https:\/\/portalnpm.com\/#\/schema\/person\/image\/","url":"https:\/\/portalnpm.com\/wp-content\/uploads\/2024\/03\/avatar_user_4_1710097212-96x96.png","contentUrl":"https:\/\/portalnpm.com\/wp-content\/uploads\/2024\/03\/avatar_user_4_1710097212-96x96.png","caption":"Reda\u00e7\u00e3o"},"url":"https:\/\/portalnpm.com\/index.php\/author\/redacao\/"}]}},"jetpack_sharing_enabled":true,"jetpack_featured_media_url":"","_links":{"self":[{"href":"https:\/\/portalnpm.com\/index.php\/wp-json\/wp\/v2\/posts\/6105"}],"collection":[{"href":"https:\/\/portalnpm.com\/index.php\/wp-json\/wp\/v2\/posts"}],"about":[{"href":"https:\/\/portalnpm.com\/index.php\/wp-json\/wp\/v2\/types\/post"}],"author":[{"embeddable":true,"href":"https:\/\/portalnpm.com\/index.php\/wp-json\/wp\/v2\/users\/4"}],"replies":[{"embeddable":true,"href":"https:\/\/portalnpm.com\/index.php\/wp-json\/wp\/v2\/comments?post=6105"}],"version-history":[{"count":0,"href":"https:\/\/portalnpm.com\/index.php\/wp-json\/wp\/v2\/posts\/6105\/revisions"}],"wp:featuredmedia":[{"embeddable":true,"href":"https:\/\/portalnpm.com\/index.php\/wp-json\/"}],"wp:attachment":[{"href":"https:\/\/portalnpm.com\/index.php\/wp-json\/wp\/v2\/media?parent=6105"}],"wp:term":[{"taxonomy":"category","embeddable":true,"href":"https:\/\/portalnpm.com\/index.php\/wp-json\/wp\/v2\/categories?post=6105"},{"taxonomy":"post_tag","embeddable":true,"href":"https:\/\/portalnpm.com\/index.php\/wp-json\/wp\/v2\/tags?post=6105"}],"curies":[{"name":"wp","href":"https:\/\/api.w.org\/{rel}","templated":true}]}}