{"id":61067,"date":"2021-01-03T15:07:28","date_gmt":"2021-01-03T18:07:28","guid":{"rendered":"https:\/\/portalnpm.com\/index.php\/2021\/01\/03\/genesis-a-nova-superproducao-da-record-tv-estreia-em-19-de-janeiro-veja\/"},"modified":"2024-01-15T22:32:29","modified_gmt":"2024-01-16T01:32:29","slug":"genesis-a-nova-superproducao-da-record-tv-estreia-em-19-de-janeiro-veja","status":"publish","type":"post","link":"https:\/\/portalnpm.com\/index.php\/2021\/01\/03\/genesis-a-nova-superproducao-da-record-tv-estreia-em-19-de-janeiro-veja\/","title":{"rendered":"G\u00eanesis: A nova superprodu\u00e7\u00e3o da Record TV estreia em 19 de janeiro; veja!"},"content":{"rendered":"<p><p class=\"text-primary\"><strong>Para entender o presente, temos de voltar ao in&iacute;cio<\/strong><\/p>\n<div class=\"mt-4 mb-4 text-center\"><img decoding=\"async\" class=\"i-amphtml-intrinsic-sizer\" role=\"presentation\" src=\"\" alt=\"\" aria-hidden=\"true\"><img decoding=\"async\" class=\"i-amphtml-fill-content i-amphtml-replaced-content\" src=\"https:\/\/portalnpm.com\/wp-content\/uploads\/2024\/01\/1498-14-03-e1609428190211.png\" sizes=\"(max-width: 393px) 363px, 100vw\" srcset=\"https:\/\/s3-amazonaws-com.cdn.ampproject.org\/ii\/w680\/s\/s3.amazonaws.com\/portalwp\/wp-content\/uploads\/2020\/12\/30194956\/1498-14-03-e1609428190211.png 680w, https:\/\/s3-amazonaws-com.cdn.ampproject.org\/ii\/w820\/s\/s3.amazonaws.com\/portalwp\/wp-content\/uploads\/2020\/12\/30194956\/1498-14-03-e1609428190211.png 820w\" alt=\"G&ecirc;nesis: A nova superprodu&ccedil;&atilde;o da Record TV estreia em 19 de janeiro\"><\/div>\n<div id=\"wtr-content\" data-bg=\"#FFFFFF\" data-comments=\"0\" data-commentsbg=\"#b1232a\" data-content-offset=\"0\" data-endfg=\"#f44813\" data-fg=\"#b1232a\" data-fgopacity=\"1.00\" data-location=\"page\" data-mute=\"\" data-mutedfg=\"#b1232a\" data-mutedopacity=\"1.00\" data-non-touch=\"1\" data-placement=\"bottom\" data-placement-offset=\"0\" data-placement-offset-touch=\"0\" data-placement-touch=\"bottom\" data-rtl=\"\" data-shadow=\"1\" data-touch=\"1\" data-transparent=\"\" data-width=\"5\">\n<p style=\"text-align: justify;\">O novo ano come&ccedil;ar&aacute; com tudo na tela da Record TV com a estreia de G&ecirc;nesis, confirmada para o dia 19 de janeiro de 2021. A trama b&iacute;blica &eacute; uma superprodu&ccedil;&atilde;o que conta com um elenco grandioso de mais de 200 atores.<img decoding=\"async\" class=\"i-amphtml-intrinsic-sizer\" role=\"presentation\" src=\"\" alt=\"\" aria-hidden=\"true\"><img decoding=\"async\" class=\"i-amphtml-fill-content i-amphtml-replaced-content\" src=\"https:\/\/portalnpm.com\/wp-content\/uploads\/2024\/01\/1498-14-01-300x284.png\" sizes=\"(max-width: 393px) 302px, 100vw\" srcset=\"https:\/\/s3-amazonaws-com.cdn.ampproject.org\/i\/s\/s3.amazonaws.com\/portalwp\/wp-content\/uploads\/2020\/12\/31091654\/1498-14-01-300x284.png 300w, https:\/\/s3-amazonaws-com.cdn.ampproject.org\/i\/s\/s3.amazonaws.com\/portalwp\/wp-content\/uploads\/2020\/12\/31091654\/1498-14-01-1024x968.png 1024w, https:\/\/s3-amazonaws-com.cdn.ampproject.org\/i\/s\/s3.amazonaws.com\/portalwp\/wp-content\/uploads\/2020\/12\/31091654\/1498-14-01-768x726.png 768w, https:\/\/s3-amazonaws-com.cdn.ampproject.org\/i\/s\/s3.amazonaws.com\/portalwp\/wp-content\/uploads\/2020\/12\/31091654\/1498-14-01.png 1142w\" alt=\"\"><\/p>\n<p style=\"text-align: justify;\">G&ecirc;nesis traz a hist&oacute;ria dos primeiros dois mil e trezentos anos da humanidade, com cenas de importantes eventos &eacute;picos. A novela come&ccedil;a oferecendo um entendimento da origem da vida humana na Terra e mostra como a Humanidade, que um dia foi perfeita, se tornou imperfeita. A raz&atilde;o de todos os problemas existentes ficar&aacute; clara nos primeiros cap&iacute;tulos, no in&iacute;cio de tudo, quando o ser humano, que s&oacute; conhecia o bem e usufru&iacute;a dele, decidiu conhecer o mal e, por isso, teve de arcar com s&eacute;rias consequ&ecirc;ncias.<\/p>\n<p style=\"text-align: justify;\">O enredo da superprodu&ccedil;&atilde;o &eacute; baseado no primeiro livro das Sagradas Escrituras. A trama ser&aacute; dividida em fases, sendo algumas com passagem de tempo. As fases s&atilde;o: C&eacute;u, Cria&ccedil;&atilde;o, Caim e Abel, Dil&uacute;vio, Torre de Babel, Ur dos Caldeus, Abra&atilde;o, Isaque, Jac&oacute; e Jos&eacute; no Egito.<\/p>\n<p style=\"text-align: justify;\">A narrativa ser&aacute; marcada por grandes acontecimentos e o telespectador far&aacute; uma viagem no tempo com os seguintes eventos: a queda de L&uacute;cifer, a Cria&ccedil;&atilde;o do mundo, o engano de Eva diante da serpente, o dil&uacute;vio, a Torre de Babel, a destrui&ccedil;&atilde;o de Sodoma e Gomorra, a prova que Deus colocou a Abra&atilde;o, a luta de Jac&oacute; com Deus, a venda de Jos&eacute; como escravo e a ascens&atilde;o de Jos&eacute; como governador do Egito.<\/p>\n<p style=\"text-align: justify;\">A primeira fase mostra a beleza da cria&ccedil;&atilde;o com Ad&atilde;o e Eva, interpretados pelos atores Carlo Porto e Juliana Boller, e seus filhos, entre eles Caim (Eduardo Speroni) e Abel (Caio Manhete). Como consequ&ecirc;ncia das escolhas de Ad&atilde;o e Eva, o casal e seus filhos, al&eacute;m de todas as gera&ccedil;&otilde;es posteriores a eles, pagaram um alto pre&ccedil;o ao se tornarem corruptas, desobedientes e injustas. A queda de L&uacute;cifer (Igor Rickli) e a voz de Deus (Fl&aacute;vio Galv&atilde;o) tamb&eacute;m ser&atilde;o destaques da fase inicial.<img decoding=\"async\" class=\"i-amphtml-intrinsic-sizer\" role=\"presentation\" src=\"\" alt=\"\" aria-hidden=\"true\"><img decoding=\"async\" class=\"i-amphtml-fill-content i-amphtml-replaced-content\" src=\"https:\/\/portalnpm.com\/wp-content\/uploads\/2024\/01\/1498-15-02-260x300.jpg\" sizes=\"(max-width: 393px) 363px, 100vw\" srcset=\"https:\/\/s3-amazonaws-com.cdn.ampproject.org\/i\/s\/s3.amazonaws.com\/portalwp\/wp-content\/uploads\/2020\/12\/31090146\/1498-15-02-260x300.jpg 260w, https:\/\/s3-amazonaws-com.cdn.ampproject.org\/i\/s\/s3.amazonaws.com\/portalwp\/wp-content\/uploads\/2020\/12\/31090146\/1498-15-02.jpg 354w\" alt=\"\"><\/p>\n<p style=\"text-align: justify;\">A segunda fase revela que se n&atilde;o fosse pelo car&aacute;ter e boa conduta de um homem, No&eacute; (Bruno Guedes\/Oscar Magrini), n&atilde;o sobraria ningu&eacute;m para contar a hist&oacute;ria depois do grande dil&uacute;vio que veio sobre a Terra para p&ocirc;r fim na pervers&atilde;o que havia naquele per&iacute;odo.<\/p>\n<p style=\"text-align: justify;\">Por&eacute;m, com a mudan&ccedil;a de gera&ccedil;&otilde;es, veio novamente o afastamento dos bons costumes e princ&iacute;pios que Deus havia encontrado em No&eacute;. Um de seus descendentes, Ninrode (Pablo Morais), decidiu construir a Torre de Babel para chegar aos c&eacute;us e n&atilde;o precisar dar satisfa&ccedil;&atilde;o da sua vida a ningu&eacute;m, inclusive ao Pr&oacute;prio Deus. E foi assim que a humanidade se dividiu, dando origem a diferentes povos e na&ccedil;&otilde;es. Esses eventos marcar&atilde;o a terceira fase de G&ecirc;nesis.<\/p>\n<p style=\"text-align: justify;\"><img decoding=\"async\" class=\"i-amphtml-intrinsic-sizer\" role=\"presentation\" src=\"\" alt=\"\" aria-hidden=\"true\"><img decoding=\"async\" class=\"i-amphtml-fill-content i-amphtml-replaced-content\" src=\"https:\/\/portalnpm.com\/wp-content\/uploads\/2024\/01\/1498-15-03-243x300.png\" sizes=\"(max-width: 393px) 245px, 100vw\" srcset=\"https:\/\/s3-amazonaws-com.cdn.ampproject.org\/i\/s\/s3.amazonaws.com\/portalwp\/wp-content\/uploads\/2020\/12\/31090152\/1498-15-03-243x300.png 243w, https:\/\/s3-amazonaws-com.cdn.ampproject.org\/i\/s\/s3.amazonaws.com\/portalwp\/wp-content\/uploads\/2020\/12\/31090152\/1498-15-03.png 331w\" alt=\"\"><\/p>\n<p style=\"text-align: justify;\">Com o amor do Criador para que a Sua principal cria&ccedil;&atilde;o n&atilde;o se perdesse mais uma vez, como aconteceu na &eacute;poca do dil&uacute;vio, Deus escolheu um homem, Abr&atilde;o (Victor Novello e Zecarlos Machado). Por meio dele, que depois se tornou Abra&atilde;o, e Sarai, sua mulher, que posteriormente se tornou Sara (Laryssa Ayres e Adriana Garambone), uma gera&ccedil;&atilde;o foi formada longe dos demais povos e dos costumes da &eacute;poca. A hist&oacute;ria desse casal de protagonistas se inicia em Ur dos Caldeus. O pai de Abra&atilde;o, Ter&aacute; (&Acirc;ngelo Paes Leme), tamb&eacute;m ganha espa&ccedil;o na trama.<img decoding=\"async\" class=\"i-amphtml-intrinsic-sizer\" role=\"presentation\" src=\"\" alt=\"\" aria-hidden=\"true\"><img decoding=\"async\" class=\"i-amphtml-fill-content i-amphtml-replaced-content\" src=\"https:\/\/portalnpm.com\/wp-content\/uploads\/2024\/01\/1498-15-04-153x300.png\" sizes=\"(max-width: 393px) 363px, 100vw\" srcset=\"https:\/\/s3-amazonaws-com.cdn.ampproject.org\/i\/s\/s3.amazonaws.com\/portalwp\/wp-content\/uploads\/2020\/12\/31090200\/1498-15-04-153x300.png 153w, https:\/\/s3-amazonaws-com.cdn.ampproject.org\/i\/s\/s3.amazonaws.com\/portalwp\/wp-content\/uploads\/2020\/12\/31090200\/1498-15-04.png 354w\" alt=\"\"><\/p>\n<p style=\"text-align: justify;\">A vida de Abra&atilde;o, o &ldquo;pai da F&eacute;&rdquo;, ser&aacute; conhecida na quarta fase. Ele e sua esposa Sara s&oacute; se tornam pais na velhice, quando nasce Isaque (Henri Pagnoncellie), depois que ela j&aacute; havia convencido o marido a gerar herdeiros com Agar (Hylka Maria), sua serva. Uma trajet&oacute;ria de fidelidade a Deus, promessas, sacrif&iacute;cios e<br \/>\nobedi&ecirc;ncia inspiradora.<\/p>\n<p style=\"text-align: justify;\">Isaque e Rebeca (Selma Egre) s&atilde;o protagonistas da quinta fase. Depois, um dos filhos do casal, Jac&oacute; (Petr&ocirc;nio Gontijo), ter&aacute; destaque na trama e, por fim, Jos&eacute; do Egito (Arthur Aguiar).<\/p>\n<p style=\"text-align: justify;\">A hist&oacute;ria da fam&iacute;lia de Abra&atilde;o, escolhida entre todas as demais, revela conflitos, decis&otilde;es erradas e certeiras com todas as suas consequ&ecirc;ncias. O telespectador vai se emocionar, se alegrar, refletir e tirar li&ccedil;&otilde;es de vida atrav&eacute;s dos muitos personagens, al&eacute;m de entender o mundo e tudo o que nele acontece nos atuais dias sob um novo prisma.<\/p>\n<p style=\"text-align: justify;\"><img decoding=\"async\" class=\"i-amphtml-intrinsic-sizer\" role=\"presentation\" src=\"\" alt=\"\" aria-hidden=\"true\"><img decoding=\"async\" class=\"i-amphtml-fill-content i-amphtml-replaced-content\" src=\"https:\/\/portalnpm.com\/wp-content\/uploads\/2024\/01\/1498-15-01-300x169.png\" alt=\"\"><\/p>\n<p style=\"text-align: justify;\">A produ&ccedil;&atilde;o exibir&aacute; cen&aacute;rios incr&iacute;veis, com grava&ccedil;&otilde;es feitas em Minas Gerais, Rio de Janeiro, Paran&aacute;, Rio Grande do Sul e no Marrocos. Escrita por Camilo Pellegrini, Raphaela Castro e Stephanie Ribeiro, a novela tem dire&ccedil;&atilde;o geral de Edgard Miranda. Acompanhe as redes sociais de G&ecirc;nesis: @NovelaGenesisRecord no Facebook e @novelagenesis no Instagram.<\/p>\n<p><strong>Fonte: Universal&nbsp;<\/strong><\/p>\n<\/div>\n","protected":false},"excerpt":{"rendered":"<p>Para entender o presente, temos de voltar ao in&iacute;cio O novo ano come&ccedil;ar&aacute; com tudo na tela da Record TV com a estreia de G&ecirc;nesis, confirmada para o dia 19 de janeiro de 2021. A trama b&iacute;blica &eacute; uma superprodu&ccedil;&atilde;o que conta com um elenco grandioso de mais de 200 atores. G&ecirc;nesis traz a hist&oacute;ria &hellip;<\/p>\n","protected":false},"author":4,"featured_media":61068,"comment_status":"open","ping_status":"open","sticky":false,"template":"","format":"standard","meta":{"content-type":"","rop_custom_images_group":[],"rop_custom_messages_group":[],"rop_publish_now":"initial","rop_publish_now_accounts":{"facebook_2648258775420054_1618374048415101":""},"rop_publish_now_history":[],"rop_publish_now_status":"pending","footnotes":"","_jetpack_memberships_contains_paid_content":false},"categories":[113,147],"tags":[8782,8783,8784],"yoast_head":"<!-- This site is optimized with the Yoast SEO plugin v22.3 - https:\/\/yoast.com\/wordpress\/plugins\/seo\/ -->\n<title>G\u00eanesis: A nova superprodu\u00e7\u00e3o da Record TV estreia em 19 de janeiro; veja!<\/title>\n<meta name=\"robots\" content=\"index, follow, max-snippet:-1, max-image-preview:large, max-video-preview:-1\" \/>\n<link rel=\"canonical\" href=\"https:\/\/portalnpm.com\/index.php\/2021\/01\/03\/genesis-a-nova-superproducao-da-record-tv-estreia-em-19-de-janeiro-veja\/\" \/>\n<meta property=\"og:locale\" content=\"pt_BR\" \/>\n<meta property=\"og:type\" content=\"article\" \/>\n<meta property=\"og:title\" content=\"G\u00eanesis: A nova superprodu\u00e7\u00e3o da Record TV estreia em 19 de janeiro; veja!\" \/>\n<meta property=\"og:description\" content=\"Para entender o presente, temos de voltar ao in&iacute;cio O novo ano come&ccedil;ar&aacute; com tudo na tela da Record TV com a estreia de G&ecirc;nesis, confirmada para o dia 19 de janeiro de 2021. A trama b&iacute;blica &eacute; uma superprodu&ccedil;&atilde;o que conta com um elenco grandioso de mais de 200 atores. G&ecirc;nesis traz a hist&oacute;ria &hellip;\" \/>\n<meta property=\"og:url\" content=\"https:\/\/portalnpm.com\/index.php\/2021\/01\/03\/genesis-a-nova-superproducao-da-record-tv-estreia-em-19-de-janeiro-veja\/\" \/>\n<meta property=\"og:site_name\" content=\"Portal NPM\" \/>\n<meta property=\"article:published_time\" content=\"2021-01-03T18:07:28+00:00\" \/>\n<meta property=\"article:modified_time\" content=\"2024-01-16T01:32:29+00:00\" \/>\n<meta property=\"og:image\" content=\"https:\/\/portalnpm.com\/wp-content\/uploads\/2024\/01\/1498-14-03-e1609428190211.png\" \/>\n\t<meta property=\"og:image:width\" content=\"606\" \/>\n\t<meta property=\"og:image:height\" content=\"316\" \/>\n\t<meta property=\"og:image:type\" content=\"image\/png\" \/>\n<meta name=\"author\" content=\"Reda\u00e7\u00e3o\" \/>\n<meta name=\"twitter:card\" content=\"summary_large_image\" \/>\n<meta name=\"twitter:label1\" content=\"Escrito por\" \/>\n\t<meta name=\"twitter:data1\" content=\"Reda\u00e7\u00e3o\" \/>\n\t<meta name=\"twitter:label2\" content=\"Est. tempo de leitura\" \/>\n\t<meta name=\"twitter:data2\" content=\"5 minutos\" \/>\n<script type=\"application\/ld+json\" class=\"yoast-schema-graph\">{\"@context\":\"https:\/\/schema.org\",\"@graph\":[{\"@type\":\"WebPage\",\"@id\":\"https:\/\/portalnpm.com\/index.php\/2021\/01\/03\/genesis-a-nova-superproducao-da-record-tv-estreia-em-19-de-janeiro-veja\/\",\"url\":\"https:\/\/portalnpm.com\/index.php\/2021\/01\/03\/genesis-a-nova-superproducao-da-record-tv-estreia-em-19-de-janeiro-veja\/\",\"name\":\"G\u00eanesis: A nova superprodu\u00e7\u00e3o da Record TV estreia em 19 de janeiro; veja!\",\"isPartOf\":{\"@id\":\"https:\/\/portalnpm.com\/#website\"},\"primaryImageOfPage\":{\"@id\":\"https:\/\/portalnpm.com\/index.php\/2021\/01\/03\/genesis-a-nova-superproducao-da-record-tv-estreia-em-19-de-janeiro-veja\/#primaryimage\"},\"image\":{\"@id\":\"https:\/\/portalnpm.com\/index.php\/2021\/01\/03\/genesis-a-nova-superproducao-da-record-tv-estreia-em-19-de-janeiro-veja\/#primaryimage\"},\"thumbnailUrl\":\"https:\/\/portalnpm.com\/wp-content\/uploads\/2024\/01\/1498-14-03-e1609428190211.png\",\"datePublished\":\"2021-01-03T18:07:28+00:00\",\"dateModified\":\"2024-01-16T01:32:29+00:00\",\"author\":{\"@id\":\"https:\/\/portalnpm.com\/#\/schema\/person\/0b5f230ec96cee25504fa328e7f2b733\"},\"breadcrumb\":{\"@id\":\"https:\/\/portalnpm.com\/index.php\/2021\/01\/03\/genesis-a-nova-superproducao-da-record-tv-estreia-em-19-de-janeiro-veja\/#breadcrumb\"},\"inLanguage\":\"pt-BR\",\"potentialAction\":[{\"@type\":\"ReadAction\",\"target\":[\"https:\/\/portalnpm.com\/index.php\/2021\/01\/03\/genesis-a-nova-superproducao-da-record-tv-estreia-em-19-de-janeiro-veja\/\"]}]},{\"@type\":\"ImageObject\",\"inLanguage\":\"pt-BR\",\"@id\":\"https:\/\/portalnpm.com\/index.php\/2021\/01\/03\/genesis-a-nova-superproducao-da-record-tv-estreia-em-19-de-janeiro-veja\/#primaryimage\",\"url\":\"https:\/\/portalnpm.com\/wp-content\/uploads\/2024\/01\/1498-14-03-e1609428190211.png\",\"contentUrl\":\"https:\/\/portalnpm.com\/wp-content\/uploads\/2024\/01\/1498-14-03-e1609428190211.png\",\"width\":606,\"height\":316},{\"@type\":\"BreadcrumbList\",\"@id\":\"https:\/\/portalnpm.com\/index.php\/2021\/01\/03\/genesis-a-nova-superproducao-da-record-tv-estreia-em-19-de-janeiro-veja\/#breadcrumb\",\"itemListElement\":[{\"@type\":\"ListItem\",\"position\":1,\"name\":\"In\u00edcio\",\"item\":\"https:\/\/portalnpm.com\/\"},{\"@type\":\"ListItem\",\"position\":2,\"name\":\"G\u00eanesis: A nova superprodu\u00e7\u00e3o da Record TV estreia em 19 de janeiro; veja!\"}]},{\"@type\":\"WebSite\",\"@id\":\"https:\/\/portalnpm.com\/#website\",\"url\":\"https:\/\/portalnpm.com\/\",\"name\":\"Portal NPM\",\"description\":\"Not\u00edcias em Primeira M\u00e3o\",\"potentialAction\":[{\"@type\":\"SearchAction\",\"target\":{\"@type\":\"EntryPoint\",\"urlTemplate\":\"https:\/\/portalnpm.com\/?s={search_term_string}\"},\"query-input\":\"required name=search_term_string\"}],\"inLanguage\":\"pt-BR\"},{\"@type\":\"Person\",\"@id\":\"https:\/\/portalnpm.com\/#\/schema\/person\/0b5f230ec96cee25504fa328e7f2b733\",\"name\":\"Reda\u00e7\u00e3o\",\"image\":{\"@type\":\"ImageObject\",\"inLanguage\":\"pt-BR\",\"@id\":\"https:\/\/portalnpm.com\/#\/schema\/person\/image\/\",\"url\":\"https:\/\/portalnpm.com\/wp-content\/uploads\/2024\/03\/avatar_user_4_1710097212-96x96.png\",\"contentUrl\":\"https:\/\/portalnpm.com\/wp-content\/uploads\/2024\/03\/avatar_user_4_1710097212-96x96.png\",\"caption\":\"Reda\u00e7\u00e3o\"},\"url\":\"https:\/\/portalnpm.com\/index.php\/author\/redacao\/\"}]}<\/script>\n<!-- \/ Yoast SEO plugin. -->","yoast_head_json":{"title":"G\u00eanesis: A nova superprodu\u00e7\u00e3o da Record TV estreia em 19 de janeiro; veja!","robots":{"index":"index","follow":"follow","max-snippet":"max-snippet:-1","max-image-preview":"max-image-preview:large","max-video-preview":"max-video-preview:-1"},"canonical":"https:\/\/portalnpm.com\/index.php\/2021\/01\/03\/genesis-a-nova-superproducao-da-record-tv-estreia-em-19-de-janeiro-veja\/","og_locale":"pt_BR","og_type":"article","og_title":"G\u00eanesis: A nova superprodu\u00e7\u00e3o da Record TV estreia em 19 de janeiro; veja!","og_description":"Para entender o presente, temos de voltar ao in&iacute;cio O novo ano come&ccedil;ar&aacute; com tudo na tela da Record TV com a estreia de G&ecirc;nesis, confirmada para o dia 19 de janeiro de 2021. A trama b&iacute;blica &eacute; uma superprodu&ccedil;&atilde;o que conta com um elenco grandioso de mais de 200 atores. G&ecirc;nesis traz a hist&oacute;ria &hellip;","og_url":"https:\/\/portalnpm.com\/index.php\/2021\/01\/03\/genesis-a-nova-superproducao-da-record-tv-estreia-em-19-de-janeiro-veja\/","og_site_name":"Portal NPM","article_published_time":"2021-01-03T18:07:28+00:00","article_modified_time":"2024-01-16T01:32:29+00:00","og_image":[{"width":606,"height":316,"url":"https:\/\/portalnpm.com\/wp-content\/uploads\/2024\/01\/1498-14-03-e1609428190211.png","type":"image\/png"}],"author":"Reda\u00e7\u00e3o","twitter_card":"summary_large_image","twitter_misc":{"Escrito por":"Reda\u00e7\u00e3o","Est. tempo de leitura":"5 minutos"},"schema":{"@context":"https:\/\/schema.org","@graph":[{"@type":"WebPage","@id":"https:\/\/portalnpm.com\/index.php\/2021\/01\/03\/genesis-a-nova-superproducao-da-record-tv-estreia-em-19-de-janeiro-veja\/","url":"https:\/\/portalnpm.com\/index.php\/2021\/01\/03\/genesis-a-nova-superproducao-da-record-tv-estreia-em-19-de-janeiro-veja\/","name":"G\u00eanesis: A nova superprodu\u00e7\u00e3o da Record TV estreia em 19 de janeiro; veja!","isPartOf":{"@id":"https:\/\/portalnpm.com\/#website"},"primaryImageOfPage":{"@id":"https:\/\/portalnpm.com\/index.php\/2021\/01\/03\/genesis-a-nova-superproducao-da-record-tv-estreia-em-19-de-janeiro-veja\/#primaryimage"},"image":{"@id":"https:\/\/portalnpm.com\/index.php\/2021\/01\/03\/genesis-a-nova-superproducao-da-record-tv-estreia-em-19-de-janeiro-veja\/#primaryimage"},"thumbnailUrl":"https:\/\/portalnpm.com\/wp-content\/uploads\/2024\/01\/1498-14-03-e1609428190211.png","datePublished":"2021-01-03T18:07:28+00:00","dateModified":"2024-01-16T01:32:29+00:00","author":{"@id":"https:\/\/portalnpm.com\/#\/schema\/person\/0b5f230ec96cee25504fa328e7f2b733"},"breadcrumb":{"@id":"https:\/\/portalnpm.com\/index.php\/2021\/01\/03\/genesis-a-nova-superproducao-da-record-tv-estreia-em-19-de-janeiro-veja\/#breadcrumb"},"inLanguage":"pt-BR","potentialAction":[{"@type":"ReadAction","target":["https:\/\/portalnpm.com\/index.php\/2021\/01\/03\/genesis-a-nova-superproducao-da-record-tv-estreia-em-19-de-janeiro-veja\/"]}]},{"@type":"ImageObject","inLanguage":"pt-BR","@id":"https:\/\/portalnpm.com\/index.php\/2021\/01\/03\/genesis-a-nova-superproducao-da-record-tv-estreia-em-19-de-janeiro-veja\/#primaryimage","url":"https:\/\/portalnpm.com\/wp-content\/uploads\/2024\/01\/1498-14-03-e1609428190211.png","contentUrl":"https:\/\/portalnpm.com\/wp-content\/uploads\/2024\/01\/1498-14-03-e1609428190211.png","width":606,"height":316},{"@type":"BreadcrumbList","@id":"https:\/\/portalnpm.com\/index.php\/2021\/01\/03\/genesis-a-nova-superproducao-da-record-tv-estreia-em-19-de-janeiro-veja\/#breadcrumb","itemListElement":[{"@type":"ListItem","position":1,"name":"In\u00edcio","item":"https:\/\/portalnpm.com\/"},{"@type":"ListItem","position":2,"name":"G\u00eanesis: A nova superprodu\u00e7\u00e3o da Record TV estreia em 19 de janeiro; veja!"}]},{"@type":"WebSite","@id":"https:\/\/portalnpm.com\/#website","url":"https:\/\/portalnpm.com\/","name":"Portal NPM","description":"Not\u00edcias em Primeira M\u00e3o","potentialAction":[{"@type":"SearchAction","target":{"@type":"EntryPoint","urlTemplate":"https:\/\/portalnpm.com\/?s={search_term_string}"},"query-input":"required name=search_term_string"}],"inLanguage":"pt-BR"},{"@type":"Person","@id":"https:\/\/portalnpm.com\/#\/schema\/person\/0b5f230ec96cee25504fa328e7f2b733","name":"Reda\u00e7\u00e3o","image":{"@type":"ImageObject","inLanguage":"pt-BR","@id":"https:\/\/portalnpm.com\/#\/schema\/person\/image\/","url":"https:\/\/portalnpm.com\/wp-content\/uploads\/2024\/03\/avatar_user_4_1710097212-96x96.png","contentUrl":"https:\/\/portalnpm.com\/wp-content\/uploads\/2024\/03\/avatar_user_4_1710097212-96x96.png","caption":"Reda\u00e7\u00e3o"},"url":"https:\/\/portalnpm.com\/index.php\/author\/redacao\/"}]}},"jetpack_sharing_enabled":true,"jetpack_featured_media_url":"https:\/\/portalnpm.com\/wp-content\/uploads\/2024\/01\/1498-14-03-e1609428190211.png","_links":{"self":[{"href":"https:\/\/portalnpm.com\/index.php\/wp-json\/wp\/v2\/posts\/61067"}],"collection":[{"href":"https:\/\/portalnpm.com\/index.php\/wp-json\/wp\/v2\/posts"}],"about":[{"href":"https:\/\/portalnpm.com\/index.php\/wp-json\/wp\/v2\/types\/post"}],"author":[{"embeddable":true,"href":"https:\/\/portalnpm.com\/index.php\/wp-json\/wp\/v2\/users\/4"}],"replies":[{"embeddable":true,"href":"https:\/\/portalnpm.com\/index.php\/wp-json\/wp\/v2\/comments?post=61067"}],"version-history":[{"count":1,"href":"https:\/\/portalnpm.com\/index.php\/wp-json\/wp\/v2\/posts\/61067\/revisions"}],"predecessor-version":[{"id":61076,"href":"https:\/\/portalnpm.com\/index.php\/wp-json\/wp\/v2\/posts\/61067\/revisions\/61076"}],"wp:featuredmedia":[{"embeddable":true,"href":"https:\/\/portalnpm.com\/index.php\/wp-json\/wp\/v2\/media\/61068"}],"wp:attachment":[{"href":"https:\/\/portalnpm.com\/index.php\/wp-json\/wp\/v2\/media?parent=61067"}],"wp:term":[{"taxonomy":"category","embeddable":true,"href":"https:\/\/portalnpm.com\/index.php\/wp-json\/wp\/v2\/categories?post=61067"},{"taxonomy":"post_tag","embeddable":true,"href":"https:\/\/portalnpm.com\/index.php\/wp-json\/wp\/v2\/tags?post=61067"}],"curies":[{"name":"wp","href":"https:\/\/api.w.org\/{rel}","templated":true}]}}