{"id":6108,"date":"2019-03-12T13:43:19","date_gmt":"2019-03-12T16:43:19","guid":{"rendered":"http:\/\/srv.portalnpm.com.br\/?p=6108"},"modified":"2019-03-12T13:43:19","modified_gmt":"2019-03-12T16:43:19","slug":"franze-silva-faz-criticas-sobre-pressoes-por-cargos-no-governo","status":"publish","type":"post","link":"https:\/\/portalnpm.com\/index.php\/2019\/03\/12\/franze-silva-faz-criticas-sobre-pressoes-por-cargos-no-governo\/","title":{"rendered":"Franz\u00e9 Silva faz cr\u00edticas sobre press\u00f5es por cargos no governo"},"content":{"rendered":"<p style=\"text-align: justify;\">A reforma administrativa proposta pelo governador Wellington Dias (PT), que entre outras medidas vai reduzir os cargos no governo, ser\u00e1 votada nos pr\u00f3ximos dias. O deputado estadual Franz\u00e9 Silva (PT) refor\u00e7a a necessidade de ajustes na m\u00e1quina administrativa e declarou que \u201cn\u00e3o vai adiantar press\u00f5es para ocupa\u00e7\u00f5es de cargos\u201d.<\/p>\n<p style=\"text-align: justify;\">\u201cN\u00e3o vai adiantar press\u00f5es para ocupa\u00e7\u00f5es de cargos, colocando o estado em risco de atrasar a folha de pagamento, de n\u00e3o ter capacidade de investimento [\u2026] os deputados devem se preocupar mais em levar obras\u00a0 para os seus col\u00e9gios eleitorais do que est\u00e1 brigando por cargos\u201d, criticou o parlamentar.<\/p>\n<p style=\"text-align: justify;\">Franz\u00e9 Silva destaca que a reforma administrativa deve ser aprovada at\u00e9 a primeira semana do m\u00eas de abril.<\/p>\n<p style=\"text-align: justify;\">\u201cO presidente Them\u00edstocles, juntamente com os l\u00edderes, tem conversado no sentido de que a gente possa, at\u00e9 o fim do m\u00eas de mar\u00e7o estendendo no mais tardar no primeiro dec\u00eanio de abril, t\u00e1 com essas mensagens votadas e conclu\u00eddas para encaminhamento e san\u00e7\u00e3o ao governador\u201d, disse o deputado em entrevista ao Not\u00edcia da Manh\u00e3, desta ter\u00e7a-feira (12).<\/p>\n<p style=\"text-align: justify;\">Franz\u00e9 Silva refor\u00e7a que as cinco mensagens do projeto\u00a0[na semana passada foi retirada a mensagem de n\u00famero 6]\u00a0devem ser aprovadas.<\/p>\n<p style=\"text-align: justify;\">\u201cA partir de hoje, na reuni\u00e3o da CCJ, acreditamos que j\u00e1 iremos encaminhar para o plen\u00e1rio, a PEC que trata da quest\u00e3o da Controladoria vir a fazer os processos administrativos. Essa \u00e9 a primeira que ir\u00e1 a plen\u00e1rio e em seguida teremos, em sequ\u00eancia, todas as cinco mensagens sendo apreciadas [\u2026] a perspectiva do governador \u00e9 acelerar e criar as condi\u00e7\u00f5es para que o estado possa vir a fazer a economia necess\u00e1ria para fazer o fluxo de caixa acontecer em 2019, sem atropelos\u201d, finaliza Franz\u00e9 Silva.<\/p>\n<p style=\"text-align: justify;\"><strong>FONTE: Cidade Verde\u00a0<\/strong><\/p>\n","protected":false},"excerpt":{"rendered":"<p>A reforma administrativa proposta pelo governador Wellington Dias (PT), que entre outras medidas vai reduzir os cargos no governo, ser\u00e1 votada nos pr\u00f3ximos dias. O deputado estadual Franz\u00e9 Silva (PT) refor\u00e7a a necessidade de ajustes na m\u00e1quina administrativa e declarou que \u201cn\u00e3o vai adiantar press\u00f5es para ocupa\u00e7\u00f5es de cargos\u201d. \u201cN\u00e3o vai adiantar press\u00f5es para ocupa\u00e7\u00f5es &hellip;<\/p>\n","protected":false},"author":4,"featured_media":6109,"comment_status":"open","ping_status":"open","sticky":false,"template":"","format":"standard","meta":{"content-type":"","rop_custom_images_group":[],"rop_custom_messages_group":[],"rop_publish_now":"initial","rop_publish_now_accounts":{"facebook_2648258775420054_1618374048415101":""},"rop_publish_now_history":[],"rop_publish_now_status":"pending","footnotes":"","_jetpack_memberships_contains_paid_content":false},"categories":[113,130],"tags":[1263,2358,658,2359,524,2360],"yoast_head":"<!-- This site is optimized with the Yoast SEO plugin v22.3 - https:\/\/yoast.com\/wordpress\/plugins\/seo\/ -->\n<title>Franz\u00e9 Silva faz cr\u00edticas sobre press\u00f5es por cargos no governo - Portal NPM<\/title>\n<meta name=\"robots\" content=\"index, follow, max-snippet:-1, max-image-preview:large, max-video-preview:-1\" \/>\n<link rel=\"canonical\" href=\"https:\/\/portalnpm.com\/index.php\/2019\/03\/12\/franze-silva-faz-criticas-sobre-pressoes-por-cargos-no-governo\/\" \/>\n<meta property=\"og:locale\" content=\"pt_BR\" \/>\n<meta property=\"og:type\" content=\"article\" \/>\n<meta property=\"og:title\" content=\"Franz\u00e9 Silva faz cr\u00edticas sobre press\u00f5es por cargos no governo - Portal NPM\" \/>\n<meta property=\"og:description\" content=\"A reforma administrativa proposta pelo governador Wellington Dias (PT), que entre outras medidas vai reduzir os cargos no governo, ser\u00e1 votada nos pr\u00f3ximos dias. O deputado estadual Franz\u00e9 Silva (PT) refor\u00e7a a necessidade de ajustes na m\u00e1quina administrativa e declarou que \u201cn\u00e3o vai adiantar press\u00f5es para ocupa\u00e7\u00f5es de cargos\u201d. \u201cN\u00e3o vai adiantar press\u00f5es para ocupa\u00e7\u00f5es &hellip;\" \/>\n<meta property=\"og:url\" content=\"https:\/\/portalnpm.com\/index.php\/2019\/03\/12\/franze-silva-faz-criticas-sobre-pressoes-por-cargos-no-governo\/\" \/>\n<meta property=\"og:site_name\" content=\"Portal NPM\" \/>\n<meta property=\"article:published_time\" content=\"2019-03-12T16:43:19+00:00\" \/>\n<meta name=\"author\" content=\"Reda\u00e7\u00e3o\" \/>\n<meta name=\"twitter:card\" content=\"summary_large_image\" \/>\n<meta name=\"twitter:label1\" content=\"Escrito por\" \/>\n\t<meta name=\"twitter:data1\" content=\"Reda\u00e7\u00e3o\" \/>\n\t<meta name=\"twitter:label2\" content=\"Est. tempo de leitura\" \/>\n\t<meta name=\"twitter:data2\" content=\"2 minutos\" \/>\n<script type=\"application\/ld+json\" class=\"yoast-schema-graph\">{\"@context\":\"https:\/\/schema.org\",\"@graph\":[{\"@type\":\"WebPage\",\"@id\":\"https:\/\/portalnpm.com\/index.php\/2019\/03\/12\/franze-silva-faz-criticas-sobre-pressoes-por-cargos-no-governo\/\",\"url\":\"https:\/\/portalnpm.com\/index.php\/2019\/03\/12\/franze-silva-faz-criticas-sobre-pressoes-por-cargos-no-governo\/\",\"name\":\"Franz\u00e9 Silva faz cr\u00edticas sobre press\u00f5es por cargos no governo - Portal NPM\",\"isPartOf\":{\"@id\":\"https:\/\/portalnpm.com\/#website\"},\"primaryImageOfPage\":{\"@id\":\"https:\/\/portalnpm.com\/index.php\/2019\/03\/12\/franze-silva-faz-criticas-sobre-pressoes-por-cargos-no-governo\/#primaryimage\"},\"image\":{\"@id\":\"https:\/\/portalnpm.com\/index.php\/2019\/03\/12\/franze-silva-faz-criticas-sobre-pressoes-por-cargos-no-governo\/#primaryimage\"},\"thumbnailUrl\":\"\",\"datePublished\":\"2019-03-12T16:43:19+00:00\",\"dateModified\":\"2019-03-12T16:43:19+00:00\",\"author\":{\"@id\":\"https:\/\/portalnpm.com\/#\/schema\/person\/0b5f230ec96cee25504fa328e7f2b733\"},\"breadcrumb\":{\"@id\":\"https:\/\/portalnpm.com\/index.php\/2019\/03\/12\/franze-silva-faz-criticas-sobre-pressoes-por-cargos-no-governo\/#breadcrumb\"},\"inLanguage\":\"pt-BR\",\"potentialAction\":[{\"@type\":\"ReadAction\",\"target\":[\"https:\/\/portalnpm.com\/index.php\/2019\/03\/12\/franze-silva-faz-criticas-sobre-pressoes-por-cargos-no-governo\/\"]}]},{\"@type\":\"ImageObject\",\"inLanguage\":\"pt-BR\",\"@id\":\"https:\/\/portalnpm.com\/index.php\/2019\/03\/12\/franze-silva-faz-criticas-sobre-pressoes-por-cargos-no-governo\/#primaryimage\",\"url\":\"\",\"contentUrl\":\"\"},{\"@type\":\"BreadcrumbList\",\"@id\":\"https:\/\/portalnpm.com\/index.php\/2019\/03\/12\/franze-silva-faz-criticas-sobre-pressoes-por-cargos-no-governo\/#breadcrumb\",\"itemListElement\":[{\"@type\":\"ListItem\",\"position\":1,\"name\":\"In\u00edcio\",\"item\":\"https:\/\/portalnpm.com\/\"},{\"@type\":\"ListItem\",\"position\":2,\"name\":\"Franz\u00e9 Silva faz cr\u00edticas sobre press\u00f5es por cargos no governo\"}]},{\"@type\":\"WebSite\",\"@id\":\"https:\/\/portalnpm.com\/#website\",\"url\":\"https:\/\/portalnpm.com\/\",\"name\":\"Portal NPM\",\"description\":\"Not\u00edcias em Primeira M\u00e3o\",\"potentialAction\":[{\"@type\":\"SearchAction\",\"target\":{\"@type\":\"EntryPoint\",\"urlTemplate\":\"https:\/\/portalnpm.com\/?s={search_term_string}\"},\"query-input\":\"required name=search_term_string\"}],\"inLanguage\":\"pt-BR\"},{\"@type\":\"Person\",\"@id\":\"https:\/\/portalnpm.com\/#\/schema\/person\/0b5f230ec96cee25504fa328e7f2b733\",\"name\":\"Reda\u00e7\u00e3o\",\"image\":{\"@type\":\"ImageObject\",\"inLanguage\":\"pt-BR\",\"@id\":\"https:\/\/portalnpm.com\/#\/schema\/person\/image\/\",\"url\":\"https:\/\/portalnpm.com\/wp-content\/uploads\/2024\/03\/avatar_user_4_1710097212-96x96.png\",\"contentUrl\":\"https:\/\/portalnpm.com\/wp-content\/uploads\/2024\/03\/avatar_user_4_1710097212-96x96.png\",\"caption\":\"Reda\u00e7\u00e3o\"},\"url\":\"https:\/\/portalnpm.com\/index.php\/author\/redacao\/\"}]}<\/script>\n<!-- \/ Yoast SEO plugin. -->","yoast_head_json":{"title":"Franz\u00e9 Silva faz cr\u00edticas sobre press\u00f5es por cargos no governo - Portal NPM","robots":{"index":"index","follow":"follow","max-snippet":"max-snippet:-1","max-image-preview":"max-image-preview:large","max-video-preview":"max-video-preview:-1"},"canonical":"https:\/\/portalnpm.com\/index.php\/2019\/03\/12\/franze-silva-faz-criticas-sobre-pressoes-por-cargos-no-governo\/","og_locale":"pt_BR","og_type":"article","og_title":"Franz\u00e9 Silva faz cr\u00edticas sobre press\u00f5es por cargos no governo - Portal NPM","og_description":"A reforma administrativa proposta pelo governador Wellington Dias (PT), que entre outras medidas vai reduzir os cargos no governo, ser\u00e1 votada nos pr\u00f3ximos dias. O deputado estadual Franz\u00e9 Silva (PT) refor\u00e7a a necessidade de ajustes na m\u00e1quina administrativa e declarou que \u201cn\u00e3o vai adiantar press\u00f5es para ocupa\u00e7\u00f5es de cargos\u201d. \u201cN\u00e3o vai adiantar press\u00f5es para ocupa\u00e7\u00f5es &hellip;","og_url":"https:\/\/portalnpm.com\/index.php\/2019\/03\/12\/franze-silva-faz-criticas-sobre-pressoes-por-cargos-no-governo\/","og_site_name":"Portal NPM","article_published_time":"2019-03-12T16:43:19+00:00","author":"Reda\u00e7\u00e3o","twitter_card":"summary_large_image","twitter_misc":{"Escrito por":"Reda\u00e7\u00e3o","Est. tempo de leitura":"2 minutos"},"schema":{"@context":"https:\/\/schema.org","@graph":[{"@type":"WebPage","@id":"https:\/\/portalnpm.com\/index.php\/2019\/03\/12\/franze-silva-faz-criticas-sobre-pressoes-por-cargos-no-governo\/","url":"https:\/\/portalnpm.com\/index.php\/2019\/03\/12\/franze-silva-faz-criticas-sobre-pressoes-por-cargos-no-governo\/","name":"Franz\u00e9 Silva faz cr\u00edticas sobre press\u00f5es por cargos no governo - Portal NPM","isPartOf":{"@id":"https:\/\/portalnpm.com\/#website"},"primaryImageOfPage":{"@id":"https:\/\/portalnpm.com\/index.php\/2019\/03\/12\/franze-silva-faz-criticas-sobre-pressoes-por-cargos-no-governo\/#primaryimage"},"image":{"@id":"https:\/\/portalnpm.com\/index.php\/2019\/03\/12\/franze-silva-faz-criticas-sobre-pressoes-por-cargos-no-governo\/#primaryimage"},"thumbnailUrl":"","datePublished":"2019-03-12T16:43:19+00:00","dateModified":"2019-03-12T16:43:19+00:00","author":{"@id":"https:\/\/portalnpm.com\/#\/schema\/person\/0b5f230ec96cee25504fa328e7f2b733"},"breadcrumb":{"@id":"https:\/\/portalnpm.com\/index.php\/2019\/03\/12\/franze-silva-faz-criticas-sobre-pressoes-por-cargos-no-governo\/#breadcrumb"},"inLanguage":"pt-BR","potentialAction":[{"@type":"ReadAction","target":["https:\/\/portalnpm.com\/index.php\/2019\/03\/12\/franze-silva-faz-criticas-sobre-pressoes-por-cargos-no-governo\/"]}]},{"@type":"ImageObject","inLanguage":"pt-BR","@id":"https:\/\/portalnpm.com\/index.php\/2019\/03\/12\/franze-silva-faz-criticas-sobre-pressoes-por-cargos-no-governo\/#primaryimage","url":"","contentUrl":""},{"@type":"BreadcrumbList","@id":"https:\/\/portalnpm.com\/index.php\/2019\/03\/12\/franze-silva-faz-criticas-sobre-pressoes-por-cargos-no-governo\/#breadcrumb","itemListElement":[{"@type":"ListItem","position":1,"name":"In\u00edcio","item":"https:\/\/portalnpm.com\/"},{"@type":"ListItem","position":2,"name":"Franz\u00e9 Silva faz cr\u00edticas sobre press\u00f5es por cargos no governo"}]},{"@type":"WebSite","@id":"https:\/\/portalnpm.com\/#website","url":"https:\/\/portalnpm.com\/","name":"Portal NPM","description":"Not\u00edcias em Primeira M\u00e3o","potentialAction":[{"@type":"SearchAction","target":{"@type":"EntryPoint","urlTemplate":"https:\/\/portalnpm.com\/?s={search_term_string}"},"query-input":"required name=search_term_string"}],"inLanguage":"pt-BR"},{"@type":"Person","@id":"https:\/\/portalnpm.com\/#\/schema\/person\/0b5f230ec96cee25504fa328e7f2b733","name":"Reda\u00e7\u00e3o","image":{"@type":"ImageObject","inLanguage":"pt-BR","@id":"https:\/\/portalnpm.com\/#\/schema\/person\/image\/","url":"https:\/\/portalnpm.com\/wp-content\/uploads\/2024\/03\/avatar_user_4_1710097212-96x96.png","contentUrl":"https:\/\/portalnpm.com\/wp-content\/uploads\/2024\/03\/avatar_user_4_1710097212-96x96.png","caption":"Reda\u00e7\u00e3o"},"url":"https:\/\/portalnpm.com\/index.php\/author\/redacao\/"}]}},"jetpack_sharing_enabled":true,"jetpack_featured_media_url":"","_links":{"self":[{"href":"https:\/\/portalnpm.com\/index.php\/wp-json\/wp\/v2\/posts\/6108"}],"collection":[{"href":"https:\/\/portalnpm.com\/index.php\/wp-json\/wp\/v2\/posts"}],"about":[{"href":"https:\/\/portalnpm.com\/index.php\/wp-json\/wp\/v2\/types\/post"}],"author":[{"embeddable":true,"href":"https:\/\/portalnpm.com\/index.php\/wp-json\/wp\/v2\/users\/4"}],"replies":[{"embeddable":true,"href":"https:\/\/portalnpm.com\/index.php\/wp-json\/wp\/v2\/comments?post=6108"}],"version-history":[{"count":0,"href":"https:\/\/portalnpm.com\/index.php\/wp-json\/wp\/v2\/posts\/6108\/revisions"}],"wp:featuredmedia":[{"embeddable":true,"href":"https:\/\/portalnpm.com\/index.php\/wp-json\/"}],"wp:attachment":[{"href":"https:\/\/portalnpm.com\/index.php\/wp-json\/wp\/v2\/media?parent=6108"}],"wp:term":[{"taxonomy":"category","embeddable":true,"href":"https:\/\/portalnpm.com\/index.php\/wp-json\/wp\/v2\/categories?post=6108"},{"taxonomy":"post_tag","embeddable":true,"href":"https:\/\/portalnpm.com\/index.php\/wp-json\/wp\/v2\/tags?post=6108"}],"curies":[{"name":"wp","href":"https:\/\/api.w.org\/{rel}","templated":true}]}}