{"id":61104,"date":"2021-01-05T14:21:38","date_gmt":"2021-01-05T17:21:38","guid":{"rendered":"https:\/\/portalnpm.com\/index.php\/2021\/01\/05\/com-novos-apoios-a-baleia-rossi-na-camara-bolsonaro-paralisa-reforma-ministerial\/"},"modified":"2024-01-15T22:33:16","modified_gmt":"2024-01-16T01:33:16","slug":"com-novos-apoios-a-baleia-rossi-na-camara-bolsonaro-paralisa-reforma-ministerial","status":"publish","type":"post","link":"https:\/\/portalnpm.com\/index.php\/2021\/01\/05\/com-novos-apoios-a-baleia-rossi-na-camara-bolsonaro-paralisa-reforma-ministerial\/","title":{"rendered":"Com novos apoios a Baleia Rossi na C\u00e2mara, Bolsonaro paralisa reforma ministerial"},"content":{"rendered":"<p><h2 class=\"c-content-head__subtitle\">Receio no governo &eacute; que siglas como Solidariedade e PTB, hoje com Lira, mudem de lado na elei&ccedil;&atilde;o da Casa<\/h2>\n<p><img fetchpriority=\"high\" decoding=\"async\" class=\"aligncenter size-full wp-image-29293\" src=\"https:\/\/portalnpm.com\/wp-content\/uploads\/2024\/01\/15559760595cbe4f7bb6cc6_1555976059_3x2_md.jpg\" alt=\"\" width=\"768\" height=\"512\"><\/p>\n<p style=\"text-align: justify;\">O presidente Jair Bolsonaro adotou postura de cautela e interrompeu as negocia&ccedil;&otilde;es para a realiza&ccedil;&atilde;o de uma reforma ministerial no in&iacute;cio deste ano.<\/p>\n<p style=\"text-align: justify;\">A articula&ccedil;&atilde;o com os partidos do centr&atilde;o, que vinha ocorrendo desde o ano passado, foi paralisada ap&oacute;s o deputado federal Baleia Rossi (MDB-SP) ter efetivado nesta segunda-feira (4)&nbsp;<a href=\"https:\/\/www1.folha.uol.com.br\/poder\/2021\/01\/em-votacao-apertada-pt-decide-apoiar-baleia-rossi-candidato-de-maia-na-eleicao-da-camara.shtml\" target=\"_top\" rel=\"noopener noreferrer\">alian&ccedil;as com siglas de oposi&ccedil;&atilde;o<\/a>&nbsp;na disputa pela presid&ecirc;ncia da C&acirc;mara.<\/p>\n<p style=\"text-align: justify;\">A bancada do PT anunciou, ap&oacute;s reuni&atilde;o por videoconfer&ecirc;ncia, que apoiar&aacute; o candidato do presidente da Casa, Rodrigo Maia (DEM-RJ). A legenda tem a maior bancada, com 52 parlamentares.<\/p>\n<div>\n<div class=\"c-gallery c-amp-widget\">\n<div class=\"i-amphtml-slides-container i-amphtml-slidescroll-no-snap\" style=\"text-align: justify;\" tabindex=\"-1\" aria-live=\"polite\">\n<div class=\"i-amphtml-slide-item i-amphtml-slide-item-show\">\n<figure class=\"slide c-gallery__slide amp-carousel-slide\" aria-hidden=\"false\"><img decoding=\"async\" class=\"i-amphtml-fill-content i-amphtml-replaced-content\" src=\"https:\/\/portalnpm.com\/wp-content\/uploads\/2024\/01\/16092455745feb2386d647e_1609245574_3x2_md.jpg\" alt=\"O deputado federal Baleia Rossi diante do Pal&aacute;cio do Planalto, em Bras&iacute;lia\"><figcaption class=\"\" tabindex=\"0\" role=\"button\">O deputado federal Baleia Rossi diante do Pal&aacute;cio do Planalto, em Bras&iacute;lia.&nbsp;<span class=\"c-gallery__author\">Reprodu&ccedil;&atilde;o\/Flickr\/19.set.2017<\/span><\/p>\n<\/figcaption><\/figure>\n<\/div>\n<div class=\"i-amphtml-slide-item i-amphtml-slide-item-show\">\n<figure class=\"slide c-gallery__slide amp-carousel-slide\" aria-hidden=\"true\"><img decoding=\"async\" class=\"i-amphtml-fill-content i-amphtml-replaced-content\" src=\"https:\/\/portalnpm.com\/wp-content\/uploads\/2024\/01\/15833449695e5fed493f652_1583344969_3x2_md.jpg\" alt=\"O apresentador Jos&eacute; Luiz Datena ao lado do deputado e presidente do MDB Baleia Rossi durante sua filia&ccedil;&atilde;o ao partido, em cerim&ocirc;nia em Bras&iacute;lia \"><figcaption class=\"\" tabindex=\"0\" role=\"button\">O apresentador Jos&eacute; Luiz Datena ao lado do deputado e presidente do MDB Baleia Rossi durante sua filia&ccedil;&atilde;o ao partido, em cerim&ocirc;nia em Bras&iacute;lia .&nbsp;<span class=\"c-gallery__author\">Reprodu&ccedil;&atilde;o Facebook Baleia Rossi\/04.mar.2020<\/span><\/p>\n<\/figcaption><\/figure>\n<\/div>\n<\/div>\n<div class=\"amp-carousel-button amp-carousel-button-prev amp-disabled\" style=\"text-align: justify;\" tabindex=\"-1\" title=\"Previous item in carousel (1 of 16)\" role=\"button\" aria-disabled=\"true\"><\/div>\n<div class=\"amp-carousel-button amp-carousel-button-next\" tabindex=\"0\" title=\"Next item in carousel (2 of 16)\" role=\"button\" aria-disabled=\"false\"><\/div>\n<div class=\"i-amphtml-scrollable-carousel-container\" tabindex=\"-1\"><button class=\"amp-carousel-slide amp-scrollable-carousel-slide\"><img decoding=\"async\" class=\"i-amphtml-blurry-placeholder\" src=\"https:\/\/portalnpm.com\/wp-content\/uploads\/2024\/01\/16092455745feb2386d647e_1609245574_3x2_th.jpg\"><img decoding=\"async\" class=\"i-amphtml-fill-content i-amphtml-replaced-content\" src=\"https:\/\/portalnpm.com\/wp-content\/uploads\/2024\/01\/15833449695e5fed493f652_1583344969_3x2_th.jpg\" alt=\"O ent&atilde;o deputado estadual Baleia Rossi em almo&ccedil;o com o ex-governador Orestes Qu&eacute;rcia, na &eacute;poica presidente do PMDB\n\"><\/button><button class=\"amp-carousel-slide amp-scrollable-carousel-slide\"><img decoding=\"async\" class=\"i-amphtml-blurry-placeholder\" src=\"https:\/\/portalnpm.com\/wp-content\/uploads\/2024\/01\/16092442475feb1e57427c4_1609244247_3x2_th.jpg\"><img decoding=\"async\" class=\"i-amphtml-fill-content i-amphtml-replaced-content\" src=\"https:\/\/portalnpm.com\/wp-content\/uploads\/2024\/01\/15704206375d9ab79d90982_1570420637_3x2_th.jpg\" alt=\"O ent&atilde;o deputado estadual Baleia Rossi em almo&ccedil;o com o ex-governador Orestes Qu&eacute;rcia, na &eacute;poica presidente do PMDB\n\"><\/button><button class=\"amp-carousel-slide amp-scrollable-carousel-slide\"><img decoding=\"async\" class=\"i-amphtml-blurry-placeholder\" src=\"https:\/\/portalnpm.com\/wp-content\/uploads\/2024\/01\/16092441385feb1deab25fb_1609244138_3x2_th.jpg\"><img decoding=\"async\" class=\"i-amphtml-fill-content i-amphtml-replaced-content\" src=\"https:\/\/portalnpm.com\/wp-content\/uploads\/2024\/01\/15961515915f2357276a465_1596151591_3x2_th.jpg\" alt=\"O ent&atilde;o deputado estadual Baleia Rossi em almo&ccedil;o com o ex-governador Orestes Qu&eacute;rcia, na &eacute;poica presidente do PMDB\n\"><\/button><button class=\"amp-carousel-slide amp-scrollable-carousel-slide\"><img decoding=\"async\" class=\"i-amphtml-blurry-placeholder\" src=\"https:\/\/portalnpm.com\/wp-content\/uploads\/2024\/01\/16092457485feb2434e1842_1609245748_3x2_th.jpg\"><img decoding=\"async\" class=\"i-amphtml-fill-content i-amphtml-replaced-content\" src=\"https:\/\/portalnpm.com\/wp-content\/uploads\/2024\/01\/16092440895feb1db904529_1609244089_3x2_th.jpg\" alt=\"O ent&atilde;o deputado estadual Baleia Rossi em almo&ccedil;o com o ex-governador Orestes Qu&eacute;rcia, na &eacute;poica presidente do PMDB\n\"><\/button><button class=\"amp-carousel-slide amp-scrollable-carousel-slide\"><img decoding=\"async\" class=\"i-amphtml-blurry-placeholder\" src=\"https:\/\/portalnpm.com\/wp-content\/uploads\/2024\/01\/16092440445feb1d8c492fb_1609244044_3x2_th.jpg\"><img decoding=\"async\" class=\"i-amphtml-fill-content i-amphtml-replaced-content\" src=\"https:\/\/portalnpm.com\/wp-content\/uploads\/2024\/01\/15489763555c5380e3c9e2e_1548976355_3x2_md.jpg\" alt=\"O ent&atilde;o deputado estadual Baleia Rossi em almo&ccedil;o com o ex-governador Orestes Qu&eacute;rcia, na &eacute;poica presidente do PMDB\n\"><\/button><button class=\"amp-carousel-slide amp-scrollable-carousel-slide\"><img decoding=\"async\" class=\"i-amphtml-fill-content i-amphtml-replaced-content\" src=\"https:\/\/portalnpm.com\/wp-content\/uploads\/2024\/01\/15489763535c5380e152c84_1548976353_3x2_md.jpg\" alt=\"O ent&atilde;o deputado estadual Baleia Rossi em almo&ccedil;o com o ex-governador Orestes Qu&eacute;rcia, na &eacute;poica presidente do PMDB\n\"><\/button><button class=\"amp-carousel-slide amp-scrollable-carousel-slide\"><img decoding=\"async\" class=\"i-amphtml-fill-content i-amphtml-replaced-content\" src=\"https:\/\/portalnpm.com\/wp-content\/uploads\/2024\/01\/15489763555c5380e3c9e2e_1548976355_3x2_th.jpg\" alt=\"O ent&atilde;o deputado estadual Baleia Rossi em almo&ccedil;o com o ex-governador Orestes Qu&eacute;rcia, na &eacute;poica presidente do PMDB\n\"><\/button><button class=\"amp-carousel-slide amp-scrollable-carousel-slide\"><img decoding=\"async\" class=\"i-amphtml-fill-content i-amphtml-replaced-content\" src=\"https:\/\/portalnpm.com\/wp-content\/uploads\/2024\/01\/15489763535c5380e152c84_1548976353_3x2_th.jpg\" alt=\"O ent&atilde;o deputado estadual Baleia Rossi em almo&ccedil;o com o ex-governador Orestes Qu&eacute;rcia, na &eacute;poica presidente do PMDB\n\"><\/button><button class=\"amp-carousel-slide amp-scrollable-carousel-slide\"><img decoding=\"async\" class=\"i-amphtml-fill-content i-amphtml-replaced-content\" src=\"https:\/\/portalnpm.com\/wp-content\/uploads\/2024\/01\/15489781175c5387c55e567_1548978117_3x2_th.jpg\" alt=\"O ent&atilde;o deputado estadual Baleia Rossi em almo&ccedil;o com o ex-governador Orestes Qu&eacute;rcia, na &eacute;poica presidente do PMDB\n\"><\/button><button class=\"amp-carousel-slide amp-scrollable-carousel-slide\"><\/button><button class=\"amp-carousel-slide amp-scrollable-carousel-slide\"><\/button><button class=\"amp-carousel-slide amp-scrollable-carousel-slide\"><\/button><button class=\"amp-carousel-slide amp-scrollable-carousel-slide\"><\/button><button class=\"amp-carousel-slide amp-scrollable-carousel-slide\"><\/button><button class=\"amp-carousel-slide amp-scrollable-carousel-slide\"><\/button><button class=\"amp-carousel-slide amp-scrollable-carousel-slide\"><\/button><\/div>\n<\/div>\n<\/div>\n<p style=\"text-align: justify;\">O avan&ccedil;o do bloco de Maia convenceu Bolsonaro a seguir conselho de assessores palacianos, sobretudo da c&uacute;pula militar, de interromper negocia&ccedil;&otilde;es at&eacute; que o cen&aacute;rio de favoritismo se torne mais claro, o que esperam que ocorra at&eacute; o final de janeiro.<\/p>\n<p style=\"text-align: justify;\">Al&eacute;m do PT, PDT, PSB, PC do B e Rede oficializaram a entrada na candidatura de Baleia. O receio no governo &eacute; de que o movimento possa mudar a posi&ccedil;&atilde;o de legendas como Solidariedade e PTB, que j&aacute; tinham sinalizado&nbsp;<a href=\"https:\/\/www1.folha.uol.com.br\/poder\/2020\/12\/candidato-de-bolsonaro-arthur-lira-lanca-candidatura-a-presidencia-da-camara.shtml\" target=\"_top\" rel=\"noopener noreferrer\">apoio ao deputado federal Arthur Lira (PP-AL), l&iacute;der do centr&atilde;o e nome de Bolsonaro<\/a>.<\/p>\n<p style=\"text-align: justify;\">O diagn&oacute;stico no Pal&aacute;cio do Planalto &eacute; de que agora h&aacute; chances concretas de uma vit&oacute;ria de Baleia. Caso ela ocorra, o mapa de cargos articulado at&eacute; o momento ter&aacute; de ser refeito, j&aacute; que Bolsonaro ser&aacute; obrigado a negociar espa&ccedil;o com o MDB para garantir a vota&ccedil;&atilde;o da pauta de interesse do governo.<\/p>\n<p style=\"text-align: justify;\">Em conversas reservadas, integrantes do centr&atilde;o j&aacute; tratavam com o Planalto a divis&atilde;o de minist&eacute;rios ap&oacute;s uma eventual vit&oacute;ria de Lira. Nas negocia&ccedil;&otilde;es, eram discutidas indica&ccedil;&otilde;es para os comandos de pastas como Turismo, Educa&ccedil;&atilde;o, Minas e Energia e a Secretaria de Governo<\/p>\n<p style=\"text-align: justify;\">Para a Sa&uacute;de, mesmo em meio &agrave; pandemia do coronav&iacute;rus, o presidente avaliava retirar o general Eduardo Pazuello e nomear o l&iacute;der do governo na C&acirc;mara, Ricardo Barros (PP-PR). O assunto, segundo assessores palacianos, foi abordado no final do ano passado em reuni&atilde;o no Planalto.<\/p>\n<p style=\"text-align: justify;\">Para o lugar do ministro Onyx Lorenzoni, que hoje comanda a Cidadania, a ideia era nomear um indicado do Republicanos, sigla a qual se filiaram dois filhos do presidente: o senador Fl&aacute;vio Bolsonaro (RJ) e o vereador Carlos Bolsonaro, do Rio de Janeiro.<\/p>\n<p style=\"text-align: justify;\">Com o an&uacute;ncio do PT feito nesta segunda-feira, Baleia conta agora com o apoio de um conjunto de partidos que soma 278 parlamentares. J&aacute; Lira tem o respaldo de siglas que totalizam 206 parlamentares.<\/p>\n<p style=\"text-align: justify;\">Para vencer a elei&ccedil;&atilde;o, marcada para o in&iacute;cio de fevereiro, &eacute; necess&aacute;rio ter o apoio m&iacute;nimo de 257 parlamentares. A sinaliza&ccedil;&atilde;o de apoio, no entanto, n&atilde;o significa a ades&atilde;o completa da bancada da sigla &agrave; chapa eleitoral.<\/p>\n<p style=\"text-align: justify;\">Isso porque elas s&oacute; se tornam oficiais ap&oacute;s o registro da candidatura, na v&eacute;spera da vota&ccedil;&atilde;o, e podem mudar de postura at&eacute; l&aacute;. Al&eacute;m disso, o voto &eacute; secreto, podendo haver trai&ccedil;&otilde;es de deputados &agrave; decis&atilde;o oficial da bancada.<\/p>\n<div>\n<div class=\"c-gallery c-amp-widget\">\n<div class=\"i-amphtml-slides-container i-amphtml-slidescroll-no-snap\" tabindex=\"-1\" aria-live=\"polite\">\n<div class=\"i-amphtml-slide-item i-amphtml-slide-item-show\">\n<figure class=\"slide c-gallery__slide amp-carousel-slide\" aria-hidden=\"false\"><img decoding=\"async\" class=\"i-amphtml-fill-content i-amphtml-replaced-content\" src=\"https:\/\/portalnpm.com\/wp-content\/uploads\/2024\/01\/15489763515c5380df2534a_1548976351_3x2_th.jpg\" alt=\"O deputado federal Ulysses Guimar&atilde;es, em 1985, durante sua segunda passagem pela presid&ecirc;ncia da C&acirc;mara\n\"><figcaption class=\"\" tabindex=\"0\" role=\"button\">\n<p style=\"text-align: justify;\">O deputado federal Ulysses Guimar&atilde;es, em 1985, durante sua segunda passagem pela presid&ecirc;ncia da C&acirc;mara .&nbsp;<span class=\"c-gallery__author\">Folhapress\/Avani Stein &#8211; 31.dez.1985<\/span><\/p>\n<\/figcaption><\/figure>\n<\/div>\n<div class=\"i-amphtml-slide-item i-amphtml-slide-item-show\">\n<figure class=\"slide c-gallery__slide amp-carousel-slide\" aria-hidden=\"true\"><img decoding=\"async\" class=\"i-amphtml-fill-content i-amphtml-replaced-content\" src=\"https:\/\/portalnpm.com\/wp-content\/uploads\/2024\/01\/15489765735c5381bd8136b_1548976573_1x1_th.jpg\" alt=\"O deputado federal Ulysses Guimar&atilde;es, ao lado de Lula, em 1987, durante sua terceira passagem pela presid&ecirc;ncia da C&acirc;mara\n\"><figcaption class=\"\" tabindex=\"0\" role=\"button\">\n<p style=\"text-align: justify;\">O deputado federal Ulysses Guimar&atilde;es, ao lado de Lula, em 1987, durante sua terceira passagem pela presid&ecirc;ncia da C&acirc;mara .&nbsp;<span class=\"c-gallery__author\">Lula Marques\/Folhapress\/Lula Marques &#8211; 28.jul.1987\/Folhapress<\/span><\/p>\n<\/figcaption><\/figure>\n<\/div>\n<\/div>\n<div class=\"amp-carousel-button amp-carousel-button-prev amp-disabled\" tabindex=\"-1\" title=\"Previous item in carousel (1 of 19)\" role=\"button\" aria-disabled=\"true\"><\/div>\n<div class=\"amp-carousel-button amp-carousel-button-next\" tabindex=\"0\" title=\"Next item in carousel (2 of 19)\" role=\"button\" aria-disabled=\"false\"><\/div>\n<div class=\"i-amphtml-scrollable-carousel-container\" tabindex=\"-1\"><button class=\"amp-carousel-slide amp-scrollable-carousel-slide\"><img decoding=\"async\" class=\"i-amphtml-fill-content i-amphtml-replaced-content\" src=\"https:\/\/portalnpm.com\/wp-content\/uploads\/2024\/01\/15489763485c5380dc0aff9_1548976348_3x2_th.jpg\" alt=\"O deputado federal Rodrigo Maia, que preside a C&acirc;mara desde 2016\"><\/button><button class=\"amp-carousel-slide amp-scrollable-carousel-slide\"><img decoding=\"async\" class=\"i-amphtml-fill-content i-amphtml-replaced-content\" src=\"https:\/\/portalnpm.com\/wp-content\/uploads\/2024\/01\/15489763425c5380d69588c_1548976342_1x1_th.jpg\" alt=\"O deputado federal Rodrigo Maia, que preside a C&acirc;mara desde 2016\"><\/button><button class=\"amp-carousel-slide amp-scrollable-carousel-slide\"><img decoding=\"async\" class=\"i-amphtml-fill-content i-amphtml-replaced-content\" src=\"https:\/\/portalnpm.com\/wp-content\/uploads\/2024\/01\/15489763445c5380d86f242_1548976344_3x2_th.jpg\" alt=\"O deputado federal Rodrigo Maia, que preside a C&acirc;mara desde 2016\"><\/button><button class=\"amp-carousel-slide amp-scrollable-carousel-slide\"><img decoding=\"async\" class=\"i-amphtml-fill-content i-amphtml-replaced-content\" src=\"https:\/\/portalnpm.com\/wp-content\/uploads\/2024\/01\/15489763425c5380d6931d1_1548976342_3x2_th.jpg\" alt=\"O deputado federal Rodrigo Maia, que preside a C&acirc;mara desde 2016\"><\/button><button class=\"amp-carousel-slide amp-scrollable-carousel-slide\"><img decoding=\"async\" class=\"i-amphtml-fill-content i-amphtml-replaced-content\" src=\"https:\/\/portalnpm.com\/wp-content\/uploads\/2024\/01\/15967337565f2c393c42b6d_1596733756_3x2_md.jpg\" alt=\"O deputado federal Rodrigo Maia, que preside a C&acirc;mara desde 2016\"><\/button><button class=\"amp-carousel-slide amp-scrollable-carousel-slide\"><img decoding=\"async\" class=\"i-amphtml-fill-content i-amphtml-replaced-content\" src=\"https:\/\/portalnpm.com\/wp-content\/uploads\/2024\/01\/15967337445f2c39302fcab_1596733744_3x2_md.jpg\" alt=\"O deputado federal Rodrigo Maia, que preside a C&acirc;mara desde 2016\"><\/button><button class=\"amp-carousel-slide amp-scrollable-carousel-slide\"><img decoding=\"async\" class=\"i-amphtml-fill-content i-amphtml-replaced-content\" src=\"https:\/\/portalnpm.com\/wp-content\/uploads\/2024\/01\/15967337565f2c393c42b6d_1596733756_3x2_th.jpg\" alt=\"O deputado federal Rodrigo Maia, que preside a C&acirc;mara desde 2016\"><\/button><button class=\"amp-carousel-slide amp-scrollable-carousel-slide\"><img decoding=\"async\" class=\"i-amphtml-fill-content i-amphtml-replaced-content\" src=\"https:\/\/portalnpm.com\/wp-content\/uploads\/2024\/01\/15967337445f2c39302fcab_1596733744_3x2_th.jpg\" alt=\"O deputado federal Rodrigo Maia, que preside a C&acirc;mara desde 2016\"><\/button><button class=\"amp-carousel-slide amp-scrollable-carousel-slide\"><img decoding=\"async\" class=\"i-amphtml-fill-content i-amphtml-replaced-content\" src=\"https:\/\/portalnpm.com\/wp-content\/uploads\/2024\/01\/15967337455f2c393112df4_1596733745_3x2_th.jpg\" alt=\"O deputado federal Rodrigo Maia, que preside a C&acirc;mara desde 2016\"><\/button><button class=\"amp-carousel-slide amp-scrollable-carousel-slide\"><\/button><button class=\"amp-carousel-slide amp-scrollable-carousel-slide\"><\/button><button class=\"amp-carousel-slide amp-scrollable-carousel-slide\"><\/button><button class=\"amp-carousel-slide amp-scrollable-carousel-slide\"><\/button><button class=\"amp-carousel-slide amp-scrollable-carousel-slide\"><\/button><button class=\"amp-carousel-slide amp-scrollable-carousel-slide\"><\/button><button class=\"amp-carousel-slide amp-scrollable-carousel-slide\"><\/button><button class=\"amp-carousel-slide amp-scrollable-carousel-slide\"><\/button><button class=\"amp-carousel-slide amp-scrollable-carousel-slide\"><\/button><button class=\"amp-carousel-slide amp-scrollable-carousel-slide\"><\/button><\/div>\n<\/div>\n<\/div>\n<p style=\"text-align: justify;\">Nos bastidores, por exemplo, j&aacute; s&atilde;o contabilizadas trai&ccedil;&otilde;es em legendas como PSL, PC do B e at&eacute; mesmo no PT, entre aqueles que votaram contra o apoio a Baleia na bancada do partido.<\/p>\n<p style=\"text-align: justify;\">A um m&ecirc;s para a elei&ccedil;&atilde;o legislativa, a equipe ministerial tem, em conversas de bastidor, se dividido sobre o apoio de Bolsonaro ao l&iacute;der do centr&atilde;o. Na c&uacute;pula militar, e at&eacute; mesmo no n&uacute;cleo ideol&oacute;gico, h&aacute; integrantes que n&atilde;o escondem simpatia por Baleia, apesar de rejeitarem Maia.<\/p>\n<p style=\"text-align: justify;\">A posi&ccedil;&atilde;o un&acirc;nime, contudo, &eacute; de que agora Bolsonaro n&atilde;o pode abandonar Lira, gesto que irritaria o centr&atilde;o e poderia fomentar retalia&ccedil;&otilde;es contra o presidente e a pauta do governo, sobretudo a econ&ocirc;mica.<\/p>\n<p style=\"text-align: justify;\">A estrat&eacute;gia &eacute; que Bolsonaro siga declarando apoio p&uacute;blico a Lira, mas que a articula&ccedil;&atilde;o pol&iacute;tica mantenha, em car&aacute;ter reservado, contato com Baleia. O di&aacute;logo, segundo relatos feitos &agrave;&nbsp;<strong>Folha<\/strong>, tem sido capitaneado pelo ministro da Secretaria de Governo, Luiz Eduardo Ramos.<\/p>\n<p style=\"text-align: justify;\">O general tem uma boa rela&ccedil;&atilde;o com Baleia e simpatia pelo deputado. Apesar de Bolsonaro ter como principal objetivo neste in&iacute;cio de ano derrotar Maia, o ministro da articula&ccedil;&atilde;o pol&iacute;tica j&aacute; foi mais de uma vez elogiado pelo atual presidente da C&acirc;mara.<\/p>\n<p style=\"text-align: justify;\">Antes de Bolsonaro declarar apoio a Lira, militares do governo chegaram a defender ao presidente o nome de Baleia, j&aacute; que o MDB teve uma s&eacute;rie de posi&ccedil;&otilde;es favor&aacute;veis ao governo em vota&ccedil;&otilde;es importantes e hoje tem integrantes do partido nos postos de l&iacute;der do governo no Senado e no Congresso.<\/p>\n<p style=\"text-align: justify;\">A resist&ecirc;ncia a Lira tanto entre militares como entre ideol&oacute;gicos deve-se, sobretudo, &agrave; press&atilde;o do bloco do centr&atilde;o por cargos no governo, com o objetivo de oferec&ecirc;-los como moeda de troca por votos na disputa legislativa. Em conversa reservada, o pr&oacute;prio presidente j&aacute; se queixou sobre o apetite do centr&atilde;o.<\/p>\n<div>\n<div class=\"c-gallery c-amp-widget\">\n<div class=\"i-amphtml-slides-container i-amphtml-slidescroll-no-snap\" style=\"text-align: justify;\" tabindex=\"-1\" aria-live=\"polite\">\n<div class=\"i-amphtml-slide-item i-amphtml-slide-item-show\">\n<figure class=\"slide c-gallery__slide amp-carousel-slide\" aria-hidden=\"false\"><img decoding=\"async\" class=\"i-amphtml-fill-content i-amphtml-replaced-content\" src=\"https:\/\/portalnpm.com\/wp-content\/uploads\/2024\/01\/15967337505f2c3936a7271_1596733750_3x2_th.jpg\" alt=\"O deputado Federal e l&iacute;der do centr&atilde;o na C&acirc;mara, Arthur Lira (PP-AL), durante entrevista exclusiva ao UOL e a Folha de S.Paulo\"><figcaption class=\"\" tabindex=\"0\" role=\"button\">O deputado Federal e l&iacute;der do centr&atilde;o na C&acirc;mara, Arthur Lira (PP-AL), durante entrevista exclusiva ao UOL e a Folha de S.Paulo.&nbsp;<span class=\"c-gallery__author\">Kleyton Amorim\/UOL\/<\/span><\/p>\n<\/figcaption><\/figure>\n<\/div>\n<div class=\"i-amphtml-slide-item i-amphtml-slide-item-show\">\n<figure class=\"slide c-gallery__slide amp-carousel-slide\" aria-hidden=\"true\"><img decoding=\"async\" class=\"i-amphtml-fill-content i-amphtml-replaced-content\" src=\"https:\/\/portalnpm.com\/wp-content\/uploads\/2024\/01\/15967337515f2c393762536_1596733751_3x2_th.jpg\" alt=\"Sess&atilde;o da CCJ da C&acirc;mara, sob a presid&ecirc;ncia do deputado Felipe Francischini (PSL-PR). O deputado Arthur Lira (PP-AL) conversa com deputados da oposi&ccedil;&atilde;o e tenta fechar um acordo. \"><figcaption class=\"\" tabindex=\"0\" role=\"button\">Sess&atilde;o da CCJ da C&acirc;mara, sob a presid&ecirc;ncia do deputado Felipe Francischini (PSL-PR). O deputado Arthur Lira (PP-AL) conversa com deputados da oposi&ccedil;&atilde;o e tenta fechar um acordo. .&nbsp;<span class=\"c-gallery__author\">Pedro Ladeira\/Folhapress\/<\/span><\/p>\n<\/figcaption><\/figure>\n<\/div>\n<\/div>\n<div class=\"amp-carousel-button amp-carousel-button-prev amp-disabled\" style=\"text-align: justify;\" tabindex=\"-1\" title=\"Previous item in carousel (1 of 8)\" role=\"button\" aria-disabled=\"true\"><\/div>\n<div class=\"amp-carousel-button amp-carousel-button-next\" tabindex=\"0\" title=\"Next item in carousel (2 of 8)\" role=\"button\" aria-disabled=\"false\"><\/div>\n<div class=\"i-amphtml-scrollable-carousel-container\" tabindex=\"-1\"><button class=\"amp-carousel-slide amp-scrollable-carousel-slide\"><img decoding=\"async\" class=\"i-amphtml-fill-content i-amphtml-replaced-content\" src=\"https:\/\/portalnpm.com\/wp-content\/uploads\/2024\/01\/15967365445f2c4420b889a_1596736544_3x2_th.jpg\" alt=\"Lira durante a cerim&ocirc;nia de posse do novo ministro das Comunica&ccedil;&otilde;es, o deputado F&aacute;bio Faria (PSD-RN), no Pal&aacute;cio do Planalto\"><\/button><button class=\"amp-carousel-slide amp-scrollable-carousel-slide\"><img decoding=\"async\" class=\"i-amphtml-fill-content i-amphtml-replaced-content\" src=\"https:\/\/portalnpm.com\/wp-content\/uploads\/2024\/01\/15967369825f2c45d6473f5_1596736982_3x2_th.jpg\" alt=\"Lira durante a cerim&ocirc;nia de posse do novo ministro das Comunica&ccedil;&otilde;es, o deputado F&aacute;bio Faria (PSD-RN), no Pal&aacute;cio do Planalto\"><\/button><button class=\"amp-carousel-slide amp-scrollable-carousel-slide\"><img decoding=\"async\" class=\"i-amphtml-fill-content i-amphtml-replaced-content\" src=\"https:\/\/portalnpm.com\/wp-content\/uploads\/2024\/01\/15967337585f2c393e287f4_1596733758_3x2_th.jpg\" alt=\"Lira durante a cerim&ocirc;nia de posse do novo ministro das Comunica&ccedil;&otilde;es, o deputado F&aacute;bio Faria (PSD-RN), no Pal&aacute;cio do Planalto\"><\/button><button class=\"amp-carousel-slide amp-scrollable-carousel-slide\"><img decoding=\"async\" class=\"i-amphtml-fill-content i-amphtml-replaced-content\" src=\"\" alt=\"Lira durante a cerim&ocirc;nia de posse do novo ministro das Comunica&ccedil;&otilde;es, o deputado F&aacute;bio Faria (PSD-RN), no Pal&aacute;cio do Planalto\"><\/button><button class=\"amp-carousel-slide amp-scrollable-carousel-slide\"><img decoding=\"async\" class=\"i-amphtml-fill-content i-amphtml-replaced-content\" src=\"\" alt=\"Lira durante a cerim&ocirc;nia de posse do novo ministro das Comunica&ccedil;&otilde;es, o deputado F&aacute;bio Faria (PSD-RN), no Pal&aacute;cio do Planalto\"><\/button><button class=\"amp-carousel-slide amp-scrollable-carousel-slide\"><img decoding=\"async\" class=\"i-amphtml-fill-content i-amphtml-replaced-content\" src=\"\" alt=\"Lira durante a cerim&ocirc;nia de posse do novo ministro das Comunica&ccedil;&otilde;es, o deputado F&aacute;bio Faria (PSD-RN), no Pal&aacute;cio do Planalto\"><\/button><button class=\"amp-carousel-slide amp-scrollable-carousel-slide\"><img decoding=\"async\" class=\"i-amphtml-fill-content i-amphtml-replaced-content\" src=\"\" alt=\"Lira durante a cerim&ocirc;nia de posse do novo ministro das Comunica&ccedil;&otilde;es, o deputado F&aacute;bio Faria (PSD-RN), no Pal&aacute;cio do Planalto\"><\/button><button class=\"amp-carousel-slide amp-scrollable-carousel-slide\"><img decoding=\"async\" class=\"i-amphtml-fill-content i-amphtml-replaced-content\" src=\"\" alt=\"Lira durante a cerim&ocirc;nia de posse do novo ministro das Comunica&ccedil;&otilde;es, o deputado F&aacute;bio Faria (PSD-RN), no Pal&aacute;cio do Planalto\"><\/button><\/div>\n<\/div>\n<\/div>\n<p style=\"text-align: justify;\">Recentemente, segundo relato feito &agrave;&nbsp;<strong>Folha<\/strong>, integrantes do centr&atilde;o levaram ao Planalto uma lista com cerca de 500 cargos. A ideia &eacute; que os postos fossem oferecidos a partidos indecisos para assegurar apoio ao candidato de Bolsonaro.<\/p>\n<p style=\"text-align: justify;\">O receio do governo &eacute; que a exig&ecirc;ncia por cargos seja uma pr&aacute;tica permanente durante uma eventual gest&atilde;o de Lira, o que deixaria Bolsonaro, nas palavras de um assessor palaciano, em situa&ccedil;&atilde;o de chantagem ininterrupta.<\/p>\n<p style=\"text-align: justify;\">Um aliado do governo define Lira como o &#8220;novo Eduardo Cunha&#8221;, em uma refer&ecirc;ncia ao ex-presidente da C&acirc;mara que&nbsp;<a href=\"https:\/\/www1.folha.uol.com.br\/poder\/2015\/12\/1714133-cunha-deflara-processo-de-impeachment-contra-dlma.shtml\" target=\"_top\" rel=\"noopener noreferrer\">autorizou a abertura de processo de impeachment contra a ent&atilde;o presidente Dilma Rousseff (PT<\/a>).<\/p>\n<p style=\"text-align: justify;\">Antes de instaurar o processo, que levou ao afastamento da petista, o deputado federal do MDB fez amea&ccedil;as contra o governo em troca de apoio no Conselho de &Eacute;tica da C&acirc;mara.<\/p>\n<p style=\"text-align: justify;\">Segundo integrantes do centr&atilde;o, o grupo de Lira at&eacute; tentou impedir uma candidatura de Baleia. De acordo com relatos feitos &agrave;&nbsp;<strong>Folha<\/strong>, houve uma ofensiva sobre o MDB do Senado para for&ccedil;ar a desist&ecirc;ncia do deputado, iniciativa que acabou fracassada.<\/p>\n<p style=\"text-align: justify;\"><strong><em>Fonte: Folha.Uol<\/em><\/strong><\/p><\/p>\n","protected":false},"excerpt":{"rendered":"<p>Receio no governo &eacute; que siglas como Solidariedade e PTB, hoje com Lira, mudem de lado na elei&ccedil;&atilde;o da Casa O presidente Jair Bolsonaro adotou postura de cautela e interrompeu as negocia&ccedil;&otilde;es para a realiza&ccedil;&atilde;o de uma reforma ministerial no in&iacute;cio deste ano. A articula&ccedil;&atilde;o com os partidos do centr&atilde;o, que vinha ocorrendo desde o &hellip;<\/p>\n","protected":false},"author":4,"featured_media":61105,"comment_status":"open","ping_status":"open","sticky":false,"template":"","format":"standard","meta":{"content-type":"","rop_custom_images_group":[],"rop_custom_messages_group":[],"rop_publish_now":"initial","rop_publish_now_accounts":{"facebook_2648258775420054_1618374048415101":""},"rop_publish_now_history":[],"rop_publish_now_status":"pending","footnotes":"","_jetpack_memberships_contains_paid_content":false},"categories":[113,130],"tags":[2213,784,702],"yoast_head":"<!-- This site is optimized with the Yoast SEO plugin v22.3 - https:\/\/yoast.com\/wordpress\/plugins\/seo\/ -->\n<title>Com novos apoios a Baleia Rossi na C\u00e2mara, Bolsonaro paralisa reforma ministerial<\/title>\n<meta name=\"robots\" content=\"index, follow, max-snippet:-1, max-image-preview:large, max-video-preview:-1\" \/>\n<link rel=\"canonical\" href=\"https:\/\/portalnpm.com\/index.php\/2021\/01\/05\/com-novos-apoios-a-baleia-rossi-na-camara-bolsonaro-paralisa-reforma-ministerial\/\" \/>\n<meta property=\"og:locale\" content=\"pt_BR\" \/>\n<meta property=\"og:type\" content=\"article\" \/>\n<meta property=\"og:title\" content=\"Com novos apoios a Baleia Rossi na C\u00e2mara, Bolsonaro paralisa reforma ministerial\" \/>\n<meta property=\"og:description\" content=\"Receio no governo &eacute; que siglas como Solidariedade e PTB, hoje com Lira, mudem de lado na elei&ccedil;&atilde;o da Casa O presidente Jair Bolsonaro adotou postura de cautela e interrompeu as negocia&ccedil;&otilde;es para a realiza&ccedil;&atilde;o de uma reforma ministerial no in&iacute;cio deste ano. A articula&ccedil;&atilde;o com os partidos do centr&atilde;o, que vinha ocorrendo desde o &hellip;\" \/>\n<meta property=\"og:url\" content=\"https:\/\/portalnpm.com\/index.php\/2021\/01\/05\/com-novos-apoios-a-baleia-rossi-na-camara-bolsonaro-paralisa-reforma-ministerial\/\" \/>\n<meta property=\"og:site_name\" content=\"Portal NPM\" \/>\n<meta property=\"article:published_time\" content=\"2021-01-05T17:21:38+00:00\" \/>\n<meta property=\"article:modified_time\" content=\"2024-01-16T01:33:16+00:00\" \/>\n<meta property=\"og:image\" content=\"https:\/\/portalnpm.com\/wp-content\/uploads\/2024\/01\/16092455745feb2386d647e_1609245574_3x2_md.jpg\" \/>\n\t<meta property=\"og:image:width\" content=\"768\" \/>\n\t<meta property=\"og:image:height\" content=\"512\" \/>\n\t<meta property=\"og:image:type\" content=\"image\/jpeg\" \/>\n<meta name=\"author\" content=\"Reda\u00e7\u00e3o\" \/>\n<meta name=\"twitter:card\" content=\"summary_large_image\" \/>\n<meta name=\"twitter:label1\" content=\"Escrito por\" \/>\n\t<meta name=\"twitter:data1\" content=\"Reda\u00e7\u00e3o\" \/>\n\t<meta name=\"twitter:label2\" content=\"Est. tempo de leitura\" \/>\n\t<meta name=\"twitter:data2\" content=\"7 minutos\" \/>\n<script type=\"application\/ld+json\" class=\"yoast-schema-graph\">{\"@context\":\"https:\/\/schema.org\",\"@graph\":[{\"@type\":\"WebPage\",\"@id\":\"https:\/\/portalnpm.com\/index.php\/2021\/01\/05\/com-novos-apoios-a-baleia-rossi-na-camara-bolsonaro-paralisa-reforma-ministerial\/\",\"url\":\"https:\/\/portalnpm.com\/index.php\/2021\/01\/05\/com-novos-apoios-a-baleia-rossi-na-camara-bolsonaro-paralisa-reforma-ministerial\/\",\"name\":\"Com novos apoios a Baleia Rossi na C\u00e2mara, Bolsonaro paralisa reforma ministerial\",\"isPartOf\":{\"@id\":\"https:\/\/portalnpm.com\/#website\"},\"primaryImageOfPage\":{\"@id\":\"https:\/\/portalnpm.com\/index.php\/2021\/01\/05\/com-novos-apoios-a-baleia-rossi-na-camara-bolsonaro-paralisa-reforma-ministerial\/#primaryimage\"},\"image\":{\"@id\":\"https:\/\/portalnpm.com\/index.php\/2021\/01\/05\/com-novos-apoios-a-baleia-rossi-na-camara-bolsonaro-paralisa-reforma-ministerial\/#primaryimage\"},\"thumbnailUrl\":\"https:\/\/portalnpm.com\/wp-content\/uploads\/2024\/01\/16092455745feb2386d647e_1609245574_3x2_md.jpg\",\"datePublished\":\"2021-01-05T17:21:38+00:00\",\"dateModified\":\"2024-01-16T01:33:16+00:00\",\"author\":{\"@id\":\"https:\/\/portalnpm.com\/#\/schema\/person\/0b5f230ec96cee25504fa328e7f2b733\"},\"breadcrumb\":{\"@id\":\"https:\/\/portalnpm.com\/index.php\/2021\/01\/05\/com-novos-apoios-a-baleia-rossi-na-camara-bolsonaro-paralisa-reforma-ministerial\/#breadcrumb\"},\"inLanguage\":\"pt-BR\",\"potentialAction\":[{\"@type\":\"ReadAction\",\"target\":[\"https:\/\/portalnpm.com\/index.php\/2021\/01\/05\/com-novos-apoios-a-baleia-rossi-na-camara-bolsonaro-paralisa-reforma-ministerial\/\"]}]},{\"@type\":\"ImageObject\",\"inLanguage\":\"pt-BR\",\"@id\":\"https:\/\/portalnpm.com\/index.php\/2021\/01\/05\/com-novos-apoios-a-baleia-rossi-na-camara-bolsonaro-paralisa-reforma-ministerial\/#primaryimage\",\"url\":\"https:\/\/portalnpm.com\/wp-content\/uploads\/2024\/01\/16092455745feb2386d647e_1609245574_3x2_md.jpg\",\"contentUrl\":\"https:\/\/portalnpm.com\/wp-content\/uploads\/2024\/01\/16092455745feb2386d647e_1609245574_3x2_md.jpg\",\"width\":768,\"height\":512},{\"@type\":\"BreadcrumbList\",\"@id\":\"https:\/\/portalnpm.com\/index.php\/2021\/01\/05\/com-novos-apoios-a-baleia-rossi-na-camara-bolsonaro-paralisa-reforma-ministerial\/#breadcrumb\",\"itemListElement\":[{\"@type\":\"ListItem\",\"position\":1,\"name\":\"In\u00edcio\",\"item\":\"https:\/\/portalnpm.com\/\"},{\"@type\":\"ListItem\",\"position\":2,\"name\":\"Com novos apoios a Baleia Rossi na C\u00e2mara, Bolsonaro paralisa reforma ministerial\"}]},{\"@type\":\"WebSite\",\"@id\":\"https:\/\/portalnpm.com\/#website\",\"url\":\"https:\/\/portalnpm.com\/\",\"name\":\"Portal NPM\",\"description\":\"Not\u00edcias em Primeira M\u00e3o\",\"potentialAction\":[{\"@type\":\"SearchAction\",\"target\":{\"@type\":\"EntryPoint\",\"urlTemplate\":\"https:\/\/portalnpm.com\/?s={search_term_string}\"},\"query-input\":\"required name=search_term_string\"}],\"inLanguage\":\"pt-BR\"},{\"@type\":\"Person\",\"@id\":\"https:\/\/portalnpm.com\/#\/schema\/person\/0b5f230ec96cee25504fa328e7f2b733\",\"name\":\"Reda\u00e7\u00e3o\",\"image\":{\"@type\":\"ImageObject\",\"inLanguage\":\"pt-BR\",\"@id\":\"https:\/\/portalnpm.com\/#\/schema\/person\/image\/\",\"url\":\"https:\/\/portalnpm.com\/wp-content\/uploads\/2024\/03\/avatar_user_4_1710097212-96x96.png\",\"contentUrl\":\"https:\/\/portalnpm.com\/wp-content\/uploads\/2024\/03\/avatar_user_4_1710097212-96x96.png\",\"caption\":\"Reda\u00e7\u00e3o\"},\"url\":\"https:\/\/portalnpm.com\/index.php\/author\/redacao\/\"}]}<\/script>\n<!-- \/ Yoast SEO plugin. -->","yoast_head_json":{"title":"Com novos apoios a Baleia Rossi na C\u00e2mara, Bolsonaro paralisa reforma ministerial","robots":{"index":"index","follow":"follow","max-snippet":"max-snippet:-1","max-image-preview":"max-image-preview:large","max-video-preview":"max-video-preview:-1"},"canonical":"https:\/\/portalnpm.com\/index.php\/2021\/01\/05\/com-novos-apoios-a-baleia-rossi-na-camara-bolsonaro-paralisa-reforma-ministerial\/","og_locale":"pt_BR","og_type":"article","og_title":"Com novos apoios a Baleia Rossi na C\u00e2mara, Bolsonaro paralisa reforma ministerial","og_description":"Receio no governo &eacute; que siglas como Solidariedade e PTB, hoje com Lira, mudem de lado na elei&ccedil;&atilde;o da Casa O presidente Jair Bolsonaro adotou postura de cautela e interrompeu as negocia&ccedil;&otilde;es para a realiza&ccedil;&atilde;o de uma reforma ministerial no in&iacute;cio deste ano. A articula&ccedil;&atilde;o com os partidos do centr&atilde;o, que vinha ocorrendo desde o &hellip;","og_url":"https:\/\/portalnpm.com\/index.php\/2021\/01\/05\/com-novos-apoios-a-baleia-rossi-na-camara-bolsonaro-paralisa-reforma-ministerial\/","og_site_name":"Portal NPM","article_published_time":"2021-01-05T17:21:38+00:00","article_modified_time":"2024-01-16T01:33:16+00:00","og_image":[{"width":768,"height":512,"url":"https:\/\/portalnpm.com\/wp-content\/uploads\/2024\/01\/16092455745feb2386d647e_1609245574_3x2_md.jpg","type":"image\/jpeg"}],"author":"Reda\u00e7\u00e3o","twitter_card":"summary_large_image","twitter_misc":{"Escrito por":"Reda\u00e7\u00e3o","Est. tempo de leitura":"7 minutos"},"schema":{"@context":"https:\/\/schema.org","@graph":[{"@type":"WebPage","@id":"https:\/\/portalnpm.com\/index.php\/2021\/01\/05\/com-novos-apoios-a-baleia-rossi-na-camara-bolsonaro-paralisa-reforma-ministerial\/","url":"https:\/\/portalnpm.com\/index.php\/2021\/01\/05\/com-novos-apoios-a-baleia-rossi-na-camara-bolsonaro-paralisa-reforma-ministerial\/","name":"Com novos apoios a Baleia Rossi na C\u00e2mara, Bolsonaro paralisa reforma ministerial","isPartOf":{"@id":"https:\/\/portalnpm.com\/#website"},"primaryImageOfPage":{"@id":"https:\/\/portalnpm.com\/index.php\/2021\/01\/05\/com-novos-apoios-a-baleia-rossi-na-camara-bolsonaro-paralisa-reforma-ministerial\/#primaryimage"},"image":{"@id":"https:\/\/portalnpm.com\/index.php\/2021\/01\/05\/com-novos-apoios-a-baleia-rossi-na-camara-bolsonaro-paralisa-reforma-ministerial\/#primaryimage"},"thumbnailUrl":"https:\/\/portalnpm.com\/wp-content\/uploads\/2024\/01\/16092455745feb2386d647e_1609245574_3x2_md.jpg","datePublished":"2021-01-05T17:21:38+00:00","dateModified":"2024-01-16T01:33:16+00:00","author":{"@id":"https:\/\/portalnpm.com\/#\/schema\/person\/0b5f230ec96cee25504fa328e7f2b733"},"breadcrumb":{"@id":"https:\/\/portalnpm.com\/index.php\/2021\/01\/05\/com-novos-apoios-a-baleia-rossi-na-camara-bolsonaro-paralisa-reforma-ministerial\/#breadcrumb"},"inLanguage":"pt-BR","potentialAction":[{"@type":"ReadAction","target":["https:\/\/portalnpm.com\/index.php\/2021\/01\/05\/com-novos-apoios-a-baleia-rossi-na-camara-bolsonaro-paralisa-reforma-ministerial\/"]}]},{"@type":"ImageObject","inLanguage":"pt-BR","@id":"https:\/\/portalnpm.com\/index.php\/2021\/01\/05\/com-novos-apoios-a-baleia-rossi-na-camara-bolsonaro-paralisa-reforma-ministerial\/#primaryimage","url":"https:\/\/portalnpm.com\/wp-content\/uploads\/2024\/01\/16092455745feb2386d647e_1609245574_3x2_md.jpg","contentUrl":"https:\/\/portalnpm.com\/wp-content\/uploads\/2024\/01\/16092455745feb2386d647e_1609245574_3x2_md.jpg","width":768,"height":512},{"@type":"BreadcrumbList","@id":"https:\/\/portalnpm.com\/index.php\/2021\/01\/05\/com-novos-apoios-a-baleia-rossi-na-camara-bolsonaro-paralisa-reforma-ministerial\/#breadcrumb","itemListElement":[{"@type":"ListItem","position":1,"name":"In\u00edcio","item":"https:\/\/portalnpm.com\/"},{"@type":"ListItem","position":2,"name":"Com novos apoios a Baleia Rossi na C\u00e2mara, Bolsonaro paralisa reforma ministerial"}]},{"@type":"WebSite","@id":"https:\/\/portalnpm.com\/#website","url":"https:\/\/portalnpm.com\/","name":"Portal NPM","description":"Not\u00edcias em Primeira M\u00e3o","potentialAction":[{"@type":"SearchAction","target":{"@type":"EntryPoint","urlTemplate":"https:\/\/portalnpm.com\/?s={search_term_string}"},"query-input":"required name=search_term_string"}],"inLanguage":"pt-BR"},{"@type":"Person","@id":"https:\/\/portalnpm.com\/#\/schema\/person\/0b5f230ec96cee25504fa328e7f2b733","name":"Reda\u00e7\u00e3o","image":{"@type":"ImageObject","inLanguage":"pt-BR","@id":"https:\/\/portalnpm.com\/#\/schema\/person\/image\/","url":"https:\/\/portalnpm.com\/wp-content\/uploads\/2024\/03\/avatar_user_4_1710097212-96x96.png","contentUrl":"https:\/\/portalnpm.com\/wp-content\/uploads\/2024\/03\/avatar_user_4_1710097212-96x96.png","caption":"Reda\u00e7\u00e3o"},"url":"https:\/\/portalnpm.com\/index.php\/author\/redacao\/"}]}},"jetpack_sharing_enabled":true,"jetpack_featured_media_url":"https:\/\/portalnpm.com\/wp-content\/uploads\/2024\/01\/16092455745feb2386d647e_1609245574_3x2_md.jpg","_links":{"self":[{"href":"https:\/\/portalnpm.com\/index.php\/wp-json\/wp\/v2\/posts\/61104"}],"collection":[{"href":"https:\/\/portalnpm.com\/index.php\/wp-json\/wp\/v2\/posts"}],"about":[{"href":"https:\/\/portalnpm.com\/index.php\/wp-json\/wp\/v2\/types\/post"}],"author":[{"embeddable":true,"href":"https:\/\/portalnpm.com\/index.php\/wp-json\/wp\/v2\/users\/4"}],"replies":[{"embeddable":true,"href":"https:\/\/portalnpm.com\/index.php\/wp-json\/wp\/v2\/comments?post=61104"}],"version-history":[{"count":1,"href":"https:\/\/portalnpm.com\/index.php\/wp-json\/wp\/v2\/posts\/61104\/revisions"}],"predecessor-version":[{"id":61143,"href":"https:\/\/portalnpm.com\/index.php\/wp-json\/wp\/v2\/posts\/61104\/revisions\/61143"}],"wp:featuredmedia":[{"embeddable":true,"href":"https:\/\/portalnpm.com\/index.php\/wp-json\/wp\/v2\/media\/61105"}],"wp:attachment":[{"href":"https:\/\/portalnpm.com\/index.php\/wp-json\/wp\/v2\/media?parent=61104"}],"wp:term":[{"taxonomy":"category","embeddable":true,"href":"https:\/\/portalnpm.com\/index.php\/wp-json\/wp\/v2\/categories?post=61104"},{"taxonomy":"post_tag","embeddable":true,"href":"https:\/\/portalnpm.com\/index.php\/wp-json\/wp\/v2\/tags?post=61104"}],"curies":[{"name":"wp","href":"https:\/\/api.w.org\/{rel}","templated":true}]}}