{"id":6111,"date":"2019-03-12T13:55:10","date_gmt":"2019-03-12T16:55:10","guid":{"rendered":"http:\/\/srv.portalnpm.com.br\/?p=6111"},"modified":"2019-03-12T13:55:10","modified_gmt":"2019-03-12T16:55:10","slug":"deputados-aprovam-urgencia-na-votacao-da-reforma-administrativa","status":"publish","type":"post","link":"https:\/\/portalnpm.com\/index.php\/2019\/03\/12\/deputados-aprovam-urgencia-na-votacao-da-reforma-administrativa\/","title":{"rendered":"Deputados aprovam urg\u00eancia na vota\u00e7\u00e3o da reforma administrativa"},"content":{"rendered":"<p style=\"text-align: justify;\">A proposta de reforma administrativa do Estado foi retirada da pauta da Comiss\u00e3o de Constitui\u00e7\u00e3o e Justi\u00e7a do Piau\u00ed. Os deputados querem pressa na vota\u00e7\u00e3o e aprovaram pedido de urg\u00eancia para que a vota\u00e7\u00e3o possa ser mais c\u00e9lere.<\/p>\n<p style=\"text-align: justify;\">Ao encaminhar a proposta para a Casa, o governo n\u00e3o pediu urg\u00eancia. Mas os deputados t\u00eam pressa para que a mat\u00e9ria seja votada. O governador s\u00f3 ir\u00e1 montar o novo secretariado ap\u00f3s a aprova\u00e7\u00e3o da reforma.<\/p>\n<p style=\"text-align: justify;\">Os partidos querem uma defini\u00e7\u00e3o sobre a divis\u00e3o dos cargos. O secret\u00e1rio de Administra\u00e7\u00e3o, Ricardo Pontes, diz que o governo espera consenso na Casa.<\/p>\n<p style=\"text-align: justify;\">&#8220;Estamos conversando com os deputados para esclarecer as d\u00favidas. H\u00e1 o consenso da necessidade de\u00a0 aprova\u00e7\u00e3o dessas medidas. Hoje mesmo devemos apresentar no plen\u00e1rio o pedido de urg\u00eancia para tramita\u00e7\u00e3o da mat\u00e9ria. At\u00e9 o final de mar\u00e7o teremos a aprova\u00e7\u00e3o&#8221;, destacou.<\/p>\n<p style=\"text-align: justify;\">Com a urg\u00eancia, as reuni\u00f5es ir\u00e3o ocorrer de forma conjunta dando mais celeridade. A reforma deve ser votada ate o final de mar\u00e7o.<\/p>\n<p style=\"text-align: justify;\">&#8220;Os pr\u00f3prios parlamentares v\u00e3o apresentar o pedido de urg\u00eancia. Isso facilita o tr\u00e2mite. Quando tem a urg\u00eancia e emerg\u00eancia voc\u00ea pode realizar as reuni\u00f5es conjuntas. Isso facilita e agiliza o andamento &#8220;, afirmou Pontes.<\/p>\n<p><img fetchpriority=\"high\" decoding=\"async\" class=\"alignnone size-medium wp-image-6113\" src=\"http:\/\/portalnpm.com\/wp-content\/uploads\/2019\/03\/f4ebe3c7402ea178628ac1b72ab7ee5d-300x200.jpg\" alt=\"\" width=\"300\" height=\"200\" \/><\/p>\n<p style=\"text-align: justify;\">&#8220;Discutimos com eles e insistimos na manuten\u00e7\u00e3o da proposta de extin\u00e7\u00e3o. A lei n\u00e3o extingue de imediato, mas autoriza a extin\u00e7\u00e3o. Esse tempo estamos trabalhando e negociando&#8221;, destacou o secret\u00e1rio.<\/p>\n<p style=\"text-align: justify;\">O governo j\u00e1 anunciou alguma mudan\u00e7as. A coordenadoria da Mulher que ir\u00e1 perder a autonomia, voltou a ser subordinada ao Karnak.<\/p>\n<p style=\"text-align: justify;\">&#8220;Essa foi uma \u00f3tima not\u00edcia. \u00c9 uma reivindica\u00e7\u00e3o da oposi\u00e7\u00e3o. Ficamos felizes que o governo atendeu&#8221;, disse a deputada Teresa Britto.<\/p>\n<p style=\"text-align: justify;\">A oposi\u00e7\u00e3o quer agora que o governo volte atr\u00e1s na extin\u00e7\u00e3o da Funda\u00e7\u00e3o Cepro. &#8220;\u00c9 muito antiga e importante para o Estado. Acreditamos que o governo vai reavaliar&#8221;, destacou.<\/p>\n<p style=\"text-align: justify;\">Outro ponto de desacordo diz respeito a \u00e0 extin\u00e7\u00e3o da Funda\u00e7\u00e3o Hospitalar. O MDB insiste na manuten\u00e7\u00e3o do \u00f3rg\u00e3o.<\/p>\n<p style=\"text-align: justify;\"><strong>FONTE: Cidade Verde\u00a0<\/strong><\/p>\n","protected":false},"excerpt":{"rendered":"<p>A proposta de reforma administrativa do Estado foi retirada da pauta da Comiss\u00e3o de Constitui\u00e7\u00e3o e Justi\u00e7a do Piau\u00ed. Os deputados querem pressa na vota\u00e7\u00e3o e aprovaram pedido de urg\u00eancia para que a vota\u00e7\u00e3o possa ser mais c\u00e9lere. Ao encaminhar a proposta para a Casa, o governo n\u00e3o pediu urg\u00eancia. Mas os deputados t\u00eam pressa &hellip;<\/p>\n","protected":false},"author":4,"featured_media":6146,"comment_status":"open","ping_status":"open","sticky":false,"template":"","format":"standard","meta":{"content-type":"","rop_custom_images_group":[],"rop_custom_messages_group":[],"rop_publish_now":"initial","rop_publish_now_accounts":{"facebook_2648258775420054_1618374048415101":""},"rop_publish_now_history":[],"rop_publish_now_status":"pending","footnotes":"","_jetpack_memberships_contains_paid_content":false},"categories":[118,130],"tags":[2361,2362,527,1476],"yoast_head":"<!-- This site is optimized with the Yoast SEO plugin v22.3 - https:\/\/yoast.com\/wordpress\/plugins\/seo\/ -->\n<title>Deputados aprovam urg\u00eancia na vota\u00e7\u00e3o da reforma administrativa - Portal NPM<\/title>\n<meta name=\"robots\" content=\"index, follow, max-snippet:-1, max-image-preview:large, max-video-preview:-1\" \/>\n<link rel=\"canonical\" href=\"https:\/\/portalnpm.com\/index.php\/2019\/03\/12\/deputados-aprovam-urgencia-na-votacao-da-reforma-administrativa\/\" \/>\n<meta property=\"og:locale\" content=\"pt_BR\" \/>\n<meta property=\"og:type\" content=\"article\" \/>\n<meta property=\"og:title\" content=\"Deputados aprovam urg\u00eancia na vota\u00e7\u00e3o da reforma administrativa - Portal NPM\" \/>\n<meta property=\"og:description\" content=\"A proposta de reforma administrativa do Estado foi retirada da pauta da Comiss\u00e3o de Constitui\u00e7\u00e3o e Justi\u00e7a do Piau\u00ed. Os deputados querem pressa na vota\u00e7\u00e3o e aprovaram pedido de urg\u00eancia para que a vota\u00e7\u00e3o possa ser mais c\u00e9lere. Ao encaminhar a proposta para a Casa, o governo n\u00e3o pediu urg\u00eancia. Mas os deputados t\u00eam pressa &hellip;\" \/>\n<meta property=\"og:url\" content=\"https:\/\/portalnpm.com\/index.php\/2019\/03\/12\/deputados-aprovam-urgencia-na-votacao-da-reforma-administrativa\/\" \/>\n<meta property=\"og:site_name\" content=\"Portal NPM\" \/>\n<meta property=\"article:published_time\" content=\"2019-03-12T16:55:10+00:00\" \/>\n<meta name=\"author\" content=\"Reda\u00e7\u00e3o\" \/>\n<meta name=\"twitter:card\" content=\"summary_large_image\" \/>\n<meta name=\"twitter:label1\" content=\"Escrito por\" \/>\n\t<meta name=\"twitter:data1\" content=\"Reda\u00e7\u00e3o\" \/>\n\t<meta name=\"twitter:label2\" content=\"Est. tempo de leitura\" \/>\n\t<meta name=\"twitter:data2\" content=\"2 minutos\" \/>\n<script type=\"application\/ld+json\" class=\"yoast-schema-graph\">{\"@context\":\"https:\/\/schema.org\",\"@graph\":[{\"@type\":\"WebPage\",\"@id\":\"https:\/\/portalnpm.com\/index.php\/2019\/03\/12\/deputados-aprovam-urgencia-na-votacao-da-reforma-administrativa\/\",\"url\":\"https:\/\/portalnpm.com\/index.php\/2019\/03\/12\/deputados-aprovam-urgencia-na-votacao-da-reforma-administrativa\/\",\"name\":\"Deputados aprovam urg\u00eancia na vota\u00e7\u00e3o da reforma administrativa - Portal NPM\",\"isPartOf\":{\"@id\":\"https:\/\/portalnpm.com\/#website\"},\"primaryImageOfPage\":{\"@id\":\"https:\/\/portalnpm.com\/index.php\/2019\/03\/12\/deputados-aprovam-urgencia-na-votacao-da-reforma-administrativa\/#primaryimage\"},\"image\":{\"@id\":\"https:\/\/portalnpm.com\/index.php\/2019\/03\/12\/deputados-aprovam-urgencia-na-votacao-da-reforma-administrativa\/#primaryimage\"},\"thumbnailUrl\":\"\",\"datePublished\":\"2019-03-12T16:55:10+00:00\",\"dateModified\":\"2019-03-12T16:55:10+00:00\",\"author\":{\"@id\":\"https:\/\/portalnpm.com\/#\/schema\/person\/0b5f230ec96cee25504fa328e7f2b733\"},\"breadcrumb\":{\"@id\":\"https:\/\/portalnpm.com\/index.php\/2019\/03\/12\/deputados-aprovam-urgencia-na-votacao-da-reforma-administrativa\/#breadcrumb\"},\"inLanguage\":\"pt-BR\",\"potentialAction\":[{\"@type\":\"ReadAction\",\"target\":[\"https:\/\/portalnpm.com\/index.php\/2019\/03\/12\/deputados-aprovam-urgencia-na-votacao-da-reforma-administrativa\/\"]}]},{\"@type\":\"ImageObject\",\"inLanguage\":\"pt-BR\",\"@id\":\"https:\/\/portalnpm.com\/index.php\/2019\/03\/12\/deputados-aprovam-urgencia-na-votacao-da-reforma-administrativa\/#primaryimage\",\"url\":\"\",\"contentUrl\":\"\"},{\"@type\":\"BreadcrumbList\",\"@id\":\"https:\/\/portalnpm.com\/index.php\/2019\/03\/12\/deputados-aprovam-urgencia-na-votacao-da-reforma-administrativa\/#breadcrumb\",\"itemListElement\":[{\"@type\":\"ListItem\",\"position\":1,\"name\":\"In\u00edcio\",\"item\":\"https:\/\/portalnpm.com\/\"},{\"@type\":\"ListItem\",\"position\":2,\"name\":\"Deputados aprovam urg\u00eancia na vota\u00e7\u00e3o da reforma administrativa\"}]},{\"@type\":\"WebSite\",\"@id\":\"https:\/\/portalnpm.com\/#website\",\"url\":\"https:\/\/portalnpm.com\/\",\"name\":\"Portal NPM\",\"description\":\"Not\u00edcias em Primeira M\u00e3o\",\"potentialAction\":[{\"@type\":\"SearchAction\",\"target\":{\"@type\":\"EntryPoint\",\"urlTemplate\":\"https:\/\/portalnpm.com\/?s={search_term_string}\"},\"query-input\":\"required name=search_term_string\"}],\"inLanguage\":\"pt-BR\"},{\"@type\":\"Person\",\"@id\":\"https:\/\/portalnpm.com\/#\/schema\/person\/0b5f230ec96cee25504fa328e7f2b733\",\"name\":\"Reda\u00e7\u00e3o\",\"image\":{\"@type\":\"ImageObject\",\"inLanguage\":\"pt-BR\",\"@id\":\"https:\/\/portalnpm.com\/#\/schema\/person\/image\/\",\"url\":\"https:\/\/portalnpm.com\/wp-content\/uploads\/2024\/03\/avatar_user_4_1710097212-96x96.png\",\"contentUrl\":\"https:\/\/portalnpm.com\/wp-content\/uploads\/2024\/03\/avatar_user_4_1710097212-96x96.png\",\"caption\":\"Reda\u00e7\u00e3o\"},\"url\":\"https:\/\/portalnpm.com\/index.php\/author\/redacao\/\"}]}<\/script>\n<!-- \/ Yoast SEO plugin. -->","yoast_head_json":{"title":"Deputados aprovam urg\u00eancia na vota\u00e7\u00e3o da reforma administrativa - Portal NPM","robots":{"index":"index","follow":"follow","max-snippet":"max-snippet:-1","max-image-preview":"max-image-preview:large","max-video-preview":"max-video-preview:-1"},"canonical":"https:\/\/portalnpm.com\/index.php\/2019\/03\/12\/deputados-aprovam-urgencia-na-votacao-da-reforma-administrativa\/","og_locale":"pt_BR","og_type":"article","og_title":"Deputados aprovam urg\u00eancia na vota\u00e7\u00e3o da reforma administrativa - Portal NPM","og_description":"A proposta de reforma administrativa do Estado foi retirada da pauta da Comiss\u00e3o de Constitui\u00e7\u00e3o e Justi\u00e7a do Piau\u00ed. Os deputados querem pressa na vota\u00e7\u00e3o e aprovaram pedido de urg\u00eancia para que a vota\u00e7\u00e3o possa ser mais c\u00e9lere. Ao encaminhar a proposta para a Casa, o governo n\u00e3o pediu urg\u00eancia. Mas os deputados t\u00eam pressa &hellip;","og_url":"https:\/\/portalnpm.com\/index.php\/2019\/03\/12\/deputados-aprovam-urgencia-na-votacao-da-reforma-administrativa\/","og_site_name":"Portal NPM","article_published_time":"2019-03-12T16:55:10+00:00","author":"Reda\u00e7\u00e3o","twitter_card":"summary_large_image","twitter_misc":{"Escrito por":"Reda\u00e7\u00e3o","Est. tempo de leitura":"2 minutos"},"schema":{"@context":"https:\/\/schema.org","@graph":[{"@type":"WebPage","@id":"https:\/\/portalnpm.com\/index.php\/2019\/03\/12\/deputados-aprovam-urgencia-na-votacao-da-reforma-administrativa\/","url":"https:\/\/portalnpm.com\/index.php\/2019\/03\/12\/deputados-aprovam-urgencia-na-votacao-da-reforma-administrativa\/","name":"Deputados aprovam urg\u00eancia na vota\u00e7\u00e3o da reforma administrativa - Portal NPM","isPartOf":{"@id":"https:\/\/portalnpm.com\/#website"},"primaryImageOfPage":{"@id":"https:\/\/portalnpm.com\/index.php\/2019\/03\/12\/deputados-aprovam-urgencia-na-votacao-da-reforma-administrativa\/#primaryimage"},"image":{"@id":"https:\/\/portalnpm.com\/index.php\/2019\/03\/12\/deputados-aprovam-urgencia-na-votacao-da-reforma-administrativa\/#primaryimage"},"thumbnailUrl":"","datePublished":"2019-03-12T16:55:10+00:00","dateModified":"2019-03-12T16:55:10+00:00","author":{"@id":"https:\/\/portalnpm.com\/#\/schema\/person\/0b5f230ec96cee25504fa328e7f2b733"},"breadcrumb":{"@id":"https:\/\/portalnpm.com\/index.php\/2019\/03\/12\/deputados-aprovam-urgencia-na-votacao-da-reforma-administrativa\/#breadcrumb"},"inLanguage":"pt-BR","potentialAction":[{"@type":"ReadAction","target":["https:\/\/portalnpm.com\/index.php\/2019\/03\/12\/deputados-aprovam-urgencia-na-votacao-da-reforma-administrativa\/"]}]},{"@type":"ImageObject","inLanguage":"pt-BR","@id":"https:\/\/portalnpm.com\/index.php\/2019\/03\/12\/deputados-aprovam-urgencia-na-votacao-da-reforma-administrativa\/#primaryimage","url":"","contentUrl":""},{"@type":"BreadcrumbList","@id":"https:\/\/portalnpm.com\/index.php\/2019\/03\/12\/deputados-aprovam-urgencia-na-votacao-da-reforma-administrativa\/#breadcrumb","itemListElement":[{"@type":"ListItem","position":1,"name":"In\u00edcio","item":"https:\/\/portalnpm.com\/"},{"@type":"ListItem","position":2,"name":"Deputados aprovam urg\u00eancia na vota\u00e7\u00e3o da reforma administrativa"}]},{"@type":"WebSite","@id":"https:\/\/portalnpm.com\/#website","url":"https:\/\/portalnpm.com\/","name":"Portal NPM","description":"Not\u00edcias em Primeira M\u00e3o","potentialAction":[{"@type":"SearchAction","target":{"@type":"EntryPoint","urlTemplate":"https:\/\/portalnpm.com\/?s={search_term_string}"},"query-input":"required name=search_term_string"}],"inLanguage":"pt-BR"},{"@type":"Person","@id":"https:\/\/portalnpm.com\/#\/schema\/person\/0b5f230ec96cee25504fa328e7f2b733","name":"Reda\u00e7\u00e3o","image":{"@type":"ImageObject","inLanguage":"pt-BR","@id":"https:\/\/portalnpm.com\/#\/schema\/person\/image\/","url":"https:\/\/portalnpm.com\/wp-content\/uploads\/2024\/03\/avatar_user_4_1710097212-96x96.png","contentUrl":"https:\/\/portalnpm.com\/wp-content\/uploads\/2024\/03\/avatar_user_4_1710097212-96x96.png","caption":"Reda\u00e7\u00e3o"},"url":"https:\/\/portalnpm.com\/index.php\/author\/redacao\/"}]}},"jetpack_sharing_enabled":true,"jetpack_featured_media_url":"","_links":{"self":[{"href":"https:\/\/portalnpm.com\/index.php\/wp-json\/wp\/v2\/posts\/6111"}],"collection":[{"href":"https:\/\/portalnpm.com\/index.php\/wp-json\/wp\/v2\/posts"}],"about":[{"href":"https:\/\/portalnpm.com\/index.php\/wp-json\/wp\/v2\/types\/post"}],"author":[{"embeddable":true,"href":"https:\/\/portalnpm.com\/index.php\/wp-json\/wp\/v2\/users\/4"}],"replies":[{"embeddable":true,"href":"https:\/\/portalnpm.com\/index.php\/wp-json\/wp\/v2\/comments?post=6111"}],"version-history":[{"count":0,"href":"https:\/\/portalnpm.com\/index.php\/wp-json\/wp\/v2\/posts\/6111\/revisions"}],"wp:featuredmedia":[{"embeddable":true,"href":"https:\/\/portalnpm.com\/index.php\/wp-json\/"}],"wp:attachment":[{"href":"https:\/\/portalnpm.com\/index.php\/wp-json\/wp\/v2\/media?parent=6111"}],"wp:term":[{"taxonomy":"category","embeddable":true,"href":"https:\/\/portalnpm.com\/index.php\/wp-json\/wp\/v2\/categories?post=6111"},{"taxonomy":"post_tag","embeddable":true,"href":"https:\/\/portalnpm.com\/index.php\/wp-json\/wp\/v2\/tags?post=6111"}],"curies":[{"name":"wp","href":"https:\/\/api.w.org\/{rel}","templated":true}]}}