{"id":61171,"date":"2021-01-07T19:26:20","date_gmt":"2021-01-07T22:26:20","guid":{"rendered":"https:\/\/portalnpm.com\/index.php\/2021\/01\/07\/mayra-cardi-testa-positivo-para-covid-19-sou-grupo-de-risco\/"},"modified":"2021-01-07T19:26:20","modified_gmt":"2021-01-07T22:26:20","slug":"mayra-cardi-testa-positivo-para-covid-19-sou-grupo-de-risco","status":"publish","type":"post","link":"https:\/\/portalnpm.com\/index.php\/2021\/01\/07\/mayra-cardi-testa-positivo-para-covid-19-sou-grupo-de-risco\/","title":{"rendered":"Mayra Cardi testa positivo para covid-19: &#8216;sou grupo de risco&#8217;"},"content":{"rendered":"<article class=\"articlecontent allowvig loaded\" data-id=\"40\" data-m=\"{\"i\":40,\"p\":39,\"n\":\"article\",\"y\":6,\"o\":1}\">\n<section class=\"flexarticle\" data-id=\"42\" data-m=\"{\"i\":42,\"p\":40,\"n\":\"flexarticle\",\"y\":6,\"o\":2}\">\n<section class=\"articlebody  flexarticlebody \" data-id=\"43\" data-m=\"{\"i\":43,\"p\":42,\"n\":\"articlebody\",\"y\":6,\"o\":1}\">\n<p style=\"text-align: justify;\"><strong><a href=\"https:\/\/tudo-sobre.estadao.com.br\/mayra-cardi\" target=\"_blank\" rel=\"noopener noreferrer\" data-id=\"46\">Mayra Cardi<\/a>\u00a0<\/strong>usou seu Instagram para contar que testou positivo para\u00a0<a href=\"https:\/\/tudo-sobre.estadao.com.br\/coronavirus\" target=\"_blank\" rel=\"noopener noreferrer\" data-id=\"47\"><strong>covid-19<\/strong><\/a>\u00a0em v\u00eddeo publicado na noite de ter\u00e7a-feira, 5. A ex-BBB ainda afirmou que faz parte do grupo de risco e apresentou alguns sintomas leves.<\/p>\n<p style=\"text-align: justify;\">\n<p style=\"text-align: justify;\">\n<p style=\"text-align: justify;\">&#8220;Quando eu nasci, tive meningite. Fiquei um m\u00eas internada. Os m\u00e9dicos desacreditaram, achando que eu ia morrer. Estou viva&#8221;, relembrou, sobre seus primeiros meses de vida.<\/p>\n<p style=\"text-align: justify;\">Em seguida, continuou: &#8220;Obviamente isso deixou sequela, o monte de rem\u00e9dio que tomei para meningite, possivelmente me desenvolveu uma bronquite violenta, asm\u00e1tica e al\u00e9rgica, a tudo que voc\u00eas puderem imaginar.&#8221;<\/p>\n<p style=\"text-align: justify;\">Mayra Cardi tamb\u00e9m falou sobre outro problema de sa\u00fade: &#8220;Saiu uma mat\u00e9ria a meu respeito, que eu estou com uma estafa emocional muito grande. Foi por isso que eu viajei, porque eu realmente precisava disso. Tive uma estafa que chama Mommy Burnout.&#8221;<\/p>\n<p style=\"text-align: justify;\">Na sequ\u00eancia, afirmou que sempre foi uma pessoa &#8220;8 ou 80&#8221;, que se dedica &#8220;por inteiro&#8221; a tudo que faz, como trabalho, maternidade, etc.: &#8220;&#8216;Perguntam: como \u00e9 que voc\u00ea d\u00e1 conta?&#8217; Eu n\u00e3o dei. Prejudiquei minha sa\u00fade ps\u00edquica, emocional.&#8221;<\/p>\n<\/section>\n<\/section>\n<\/article>\n<div class=\"sameoab_ad_container loaded\" data-nativead-2call-placements=\"post-article:3\" data-nativead-postarticle-count=\"3\" data-id=\"50\" data-m=\"{\"i\":50,\"p\":39,\"n\":\"sameoab_ad\",\"y\":8,\"o\":2}\">\n<div class=\"section_header\">\n<div class=\"topics_heading\" style=\"text-align: justify;\">Via Estad\u00e3o Conte\u00fado<\/div>\n<\/div>\n<\/div>\n","protected":false},"excerpt":{"rendered":"<p>Mayra Cardi\u00a0usou seu Instagram para contar que testou positivo para\u00a0covid-19\u00a0em v\u00eddeo publicado na noite de ter\u00e7a-feira, 5. A ex-BBB ainda afirmou que faz parte do grupo de risco e apresentou alguns sintomas leves. &#8220;Quando eu nasci, tive meningite. Fiquei um m\u00eas internada. Os m\u00e9dicos desacreditaram, achando que eu ia morrer. Estou viva&#8221;, relembrou, sobre seus &hellip;<\/p>\n","protected":false},"author":2,"featured_media":61172,"comment_status":"open","ping_status":"open","sticky":false,"template":"","format":"standard","meta":{"content-type":"","rop_custom_images_group":[],"rop_custom_messages_group":[],"rop_publish_now":"initial","rop_publish_now_accounts":{"facebook_2648258775420054_1618374048415101":""},"rop_publish_now_history":[],"rop_publish_now_status":"pending","footnotes":"","_jetpack_memberships_contains_paid_content":false},"categories":[147],"tags":[8843,7895,4155],"yoast_head":"<!-- This site is optimized with the Yoast SEO plugin v22.3 - https:\/\/yoast.com\/wordpress\/plugins\/seo\/ -->\n<title>Mayra Cardi testa positivo para covid-19: &#039;sou grupo de risco&#039;<\/title>\n<meta name=\"robots\" content=\"index, follow, max-snippet:-1, max-image-preview:large, max-video-preview:-1\" \/>\n<link rel=\"canonical\" href=\"https:\/\/portalnpm.com\/index.php\/2021\/01\/07\/mayra-cardi-testa-positivo-para-covid-19-sou-grupo-de-risco\/\" \/>\n<meta property=\"og:locale\" content=\"pt_BR\" \/>\n<meta property=\"og:type\" content=\"article\" \/>\n<meta property=\"og:title\" content=\"Mayra Cardi testa positivo para covid-19: &#039;sou grupo de risco&#039;\" \/>\n<meta property=\"og:description\" content=\"Mayra Cardi\u00a0usou seu Instagram para contar que testou positivo para\u00a0covid-19\u00a0em v\u00eddeo publicado na noite de ter\u00e7a-feira, 5. A ex-BBB ainda afirmou que faz parte do grupo de risco e apresentou alguns sintomas leves. &#8220;Quando eu nasci, tive meningite. Fiquei um m\u00eas internada. Os m\u00e9dicos desacreditaram, achando que eu ia morrer. Estou viva&#8221;, relembrou, sobre seus &hellip;\" \/>\n<meta property=\"og:url\" content=\"https:\/\/portalnpm.com\/index.php\/2021\/01\/07\/mayra-cardi-testa-positivo-para-covid-19-sou-grupo-de-risco\/\" \/>\n<meta property=\"og:site_name\" content=\"Portal NPM\" \/>\n<meta property=\"article:published_time\" content=\"2021-01-07T22:26:20+00:00\" \/>\n<meta property=\"og:image\" content=\"https:\/\/portalnpm.com\/wp-content\/uploads\/2024\/01\/BB1cwFCV.jpeg\" \/>\n\t<meta property=\"og:image:width\" content=\"600\" \/>\n\t<meta property=\"og:image:height\" content=\"368\" \/>\n\t<meta property=\"og:image:type\" content=\"image\/jpeg\" \/>\n<meta name=\"author\" content=\"Genival Barbosa\" \/>\n<meta name=\"twitter:card\" content=\"summary_large_image\" \/>\n<meta name=\"twitter:label1\" content=\"Escrito por\" \/>\n\t<meta name=\"twitter:data1\" content=\"Genival Barbosa\" \/>\n\t<meta name=\"twitter:label2\" content=\"Est. tempo de leitura\" \/>\n\t<meta name=\"twitter:data2\" content=\"1 minuto\" \/>\n<script type=\"application\/ld+json\" class=\"yoast-schema-graph\">{\"@context\":\"https:\/\/schema.org\",\"@graph\":[{\"@type\":\"WebPage\",\"@id\":\"https:\/\/portalnpm.com\/index.php\/2021\/01\/07\/mayra-cardi-testa-positivo-para-covid-19-sou-grupo-de-risco\/\",\"url\":\"https:\/\/portalnpm.com\/index.php\/2021\/01\/07\/mayra-cardi-testa-positivo-para-covid-19-sou-grupo-de-risco\/\",\"name\":\"Mayra Cardi testa positivo para covid-19: 'sou grupo de risco'\",\"isPartOf\":{\"@id\":\"https:\/\/portalnpm.com\/#website\"},\"primaryImageOfPage\":{\"@id\":\"https:\/\/portalnpm.com\/index.php\/2021\/01\/07\/mayra-cardi-testa-positivo-para-covid-19-sou-grupo-de-risco\/#primaryimage\"},\"image\":{\"@id\":\"https:\/\/portalnpm.com\/index.php\/2021\/01\/07\/mayra-cardi-testa-positivo-para-covid-19-sou-grupo-de-risco\/#primaryimage\"},\"thumbnailUrl\":\"https:\/\/portalnpm.com\/wp-content\/uploads\/2024\/01\/BB1cwFCV.jpeg\",\"datePublished\":\"2021-01-07T22:26:20+00:00\",\"dateModified\":\"2021-01-07T22:26:20+00:00\",\"author\":{\"@id\":\"https:\/\/portalnpm.com\/#\/schema\/person\/49313e563cfdefcc167f1ee4c017c294\"},\"breadcrumb\":{\"@id\":\"https:\/\/portalnpm.com\/index.php\/2021\/01\/07\/mayra-cardi-testa-positivo-para-covid-19-sou-grupo-de-risco\/#breadcrumb\"},\"inLanguage\":\"pt-BR\",\"potentialAction\":[{\"@type\":\"ReadAction\",\"target\":[\"https:\/\/portalnpm.com\/index.php\/2021\/01\/07\/mayra-cardi-testa-positivo-para-covid-19-sou-grupo-de-risco\/\"]}]},{\"@type\":\"ImageObject\",\"inLanguage\":\"pt-BR\",\"@id\":\"https:\/\/portalnpm.com\/index.php\/2021\/01\/07\/mayra-cardi-testa-positivo-para-covid-19-sou-grupo-de-risco\/#primaryimage\",\"url\":\"https:\/\/portalnpm.com\/wp-content\/uploads\/2024\/01\/BB1cwFCV.jpeg\",\"contentUrl\":\"https:\/\/portalnpm.com\/wp-content\/uploads\/2024\/01\/BB1cwFCV.jpeg\",\"width\":600,\"height\":368},{\"@type\":\"BreadcrumbList\",\"@id\":\"https:\/\/portalnpm.com\/index.php\/2021\/01\/07\/mayra-cardi-testa-positivo-para-covid-19-sou-grupo-de-risco\/#breadcrumb\",\"itemListElement\":[{\"@type\":\"ListItem\",\"position\":1,\"name\":\"In\u00edcio\",\"item\":\"https:\/\/portalnpm.com\/\"},{\"@type\":\"ListItem\",\"position\":2,\"name\":\"Mayra Cardi testa positivo para covid-19: &#8216;sou grupo de risco&#8217;\"}]},{\"@type\":\"WebSite\",\"@id\":\"https:\/\/portalnpm.com\/#website\",\"url\":\"https:\/\/portalnpm.com\/\",\"name\":\"Portal NPM\",\"description\":\"Not\u00edcias em Primeira M\u00e3o\",\"potentialAction\":[{\"@type\":\"SearchAction\",\"target\":{\"@type\":\"EntryPoint\",\"urlTemplate\":\"https:\/\/portalnpm.com\/?s={search_term_string}\"},\"query-input\":\"required name=search_term_string\"}],\"inLanguage\":\"pt-BR\"},{\"@type\":\"Person\",\"@id\":\"https:\/\/portalnpm.com\/#\/schema\/person\/49313e563cfdefcc167f1ee4c017c294\",\"name\":\"Genival Barbosa\",\"image\":{\"@type\":\"ImageObject\",\"inLanguage\":\"pt-BR\",\"@id\":\"https:\/\/portalnpm.com\/#\/schema\/person\/image\/\",\"url\":\"https:\/\/portalnpm.com\/wp-content\/uploads\/2024\/02\/avatar_user_2_1707743258-96x96.jpeg\",\"contentUrl\":\"https:\/\/portalnpm.com\/wp-content\/uploads\/2024\/02\/avatar_user_2_1707743258-96x96.jpeg\",\"caption\":\"Genival Barbosa\"},\"url\":\"https:\/\/portalnpm.com\/index.php\/author\/genival\/\"}]}<\/script>\n<!-- \/ Yoast SEO plugin. -->","yoast_head_json":{"title":"Mayra Cardi testa positivo para covid-19: 'sou grupo de risco'","robots":{"index":"index","follow":"follow","max-snippet":"max-snippet:-1","max-image-preview":"max-image-preview:large","max-video-preview":"max-video-preview:-1"},"canonical":"https:\/\/portalnpm.com\/index.php\/2021\/01\/07\/mayra-cardi-testa-positivo-para-covid-19-sou-grupo-de-risco\/","og_locale":"pt_BR","og_type":"article","og_title":"Mayra Cardi testa positivo para covid-19: 'sou grupo de risco'","og_description":"Mayra Cardi\u00a0usou seu Instagram para contar que testou positivo para\u00a0covid-19\u00a0em v\u00eddeo publicado na noite de ter\u00e7a-feira, 5. A ex-BBB ainda afirmou que faz parte do grupo de risco e apresentou alguns sintomas leves. &#8220;Quando eu nasci, tive meningite. Fiquei um m\u00eas internada. Os m\u00e9dicos desacreditaram, achando que eu ia morrer. Estou viva&#8221;, relembrou, sobre seus &hellip;","og_url":"https:\/\/portalnpm.com\/index.php\/2021\/01\/07\/mayra-cardi-testa-positivo-para-covid-19-sou-grupo-de-risco\/","og_site_name":"Portal NPM","article_published_time":"2021-01-07T22:26:20+00:00","og_image":[{"width":600,"height":368,"url":"https:\/\/portalnpm.com\/wp-content\/uploads\/2024\/01\/BB1cwFCV.jpeg","type":"image\/jpeg"}],"author":"Genival Barbosa","twitter_card":"summary_large_image","twitter_misc":{"Escrito por":"Genival Barbosa","Est. tempo de leitura":"1 minuto"},"schema":{"@context":"https:\/\/schema.org","@graph":[{"@type":"WebPage","@id":"https:\/\/portalnpm.com\/index.php\/2021\/01\/07\/mayra-cardi-testa-positivo-para-covid-19-sou-grupo-de-risco\/","url":"https:\/\/portalnpm.com\/index.php\/2021\/01\/07\/mayra-cardi-testa-positivo-para-covid-19-sou-grupo-de-risco\/","name":"Mayra Cardi testa positivo para covid-19: 'sou grupo de risco'","isPartOf":{"@id":"https:\/\/portalnpm.com\/#website"},"primaryImageOfPage":{"@id":"https:\/\/portalnpm.com\/index.php\/2021\/01\/07\/mayra-cardi-testa-positivo-para-covid-19-sou-grupo-de-risco\/#primaryimage"},"image":{"@id":"https:\/\/portalnpm.com\/index.php\/2021\/01\/07\/mayra-cardi-testa-positivo-para-covid-19-sou-grupo-de-risco\/#primaryimage"},"thumbnailUrl":"https:\/\/portalnpm.com\/wp-content\/uploads\/2024\/01\/BB1cwFCV.jpeg","datePublished":"2021-01-07T22:26:20+00:00","dateModified":"2021-01-07T22:26:20+00:00","author":{"@id":"https:\/\/portalnpm.com\/#\/schema\/person\/49313e563cfdefcc167f1ee4c017c294"},"breadcrumb":{"@id":"https:\/\/portalnpm.com\/index.php\/2021\/01\/07\/mayra-cardi-testa-positivo-para-covid-19-sou-grupo-de-risco\/#breadcrumb"},"inLanguage":"pt-BR","potentialAction":[{"@type":"ReadAction","target":["https:\/\/portalnpm.com\/index.php\/2021\/01\/07\/mayra-cardi-testa-positivo-para-covid-19-sou-grupo-de-risco\/"]}]},{"@type":"ImageObject","inLanguage":"pt-BR","@id":"https:\/\/portalnpm.com\/index.php\/2021\/01\/07\/mayra-cardi-testa-positivo-para-covid-19-sou-grupo-de-risco\/#primaryimage","url":"https:\/\/portalnpm.com\/wp-content\/uploads\/2024\/01\/BB1cwFCV.jpeg","contentUrl":"https:\/\/portalnpm.com\/wp-content\/uploads\/2024\/01\/BB1cwFCV.jpeg","width":600,"height":368},{"@type":"BreadcrumbList","@id":"https:\/\/portalnpm.com\/index.php\/2021\/01\/07\/mayra-cardi-testa-positivo-para-covid-19-sou-grupo-de-risco\/#breadcrumb","itemListElement":[{"@type":"ListItem","position":1,"name":"In\u00edcio","item":"https:\/\/portalnpm.com\/"},{"@type":"ListItem","position":2,"name":"Mayra Cardi testa positivo para covid-19: &#8216;sou grupo de risco&#8217;"}]},{"@type":"WebSite","@id":"https:\/\/portalnpm.com\/#website","url":"https:\/\/portalnpm.com\/","name":"Portal NPM","description":"Not\u00edcias em Primeira M\u00e3o","potentialAction":[{"@type":"SearchAction","target":{"@type":"EntryPoint","urlTemplate":"https:\/\/portalnpm.com\/?s={search_term_string}"},"query-input":"required name=search_term_string"}],"inLanguage":"pt-BR"},{"@type":"Person","@id":"https:\/\/portalnpm.com\/#\/schema\/person\/49313e563cfdefcc167f1ee4c017c294","name":"Genival Barbosa","image":{"@type":"ImageObject","inLanguage":"pt-BR","@id":"https:\/\/portalnpm.com\/#\/schema\/person\/image\/","url":"https:\/\/portalnpm.com\/wp-content\/uploads\/2024\/02\/avatar_user_2_1707743258-96x96.jpeg","contentUrl":"https:\/\/portalnpm.com\/wp-content\/uploads\/2024\/02\/avatar_user_2_1707743258-96x96.jpeg","caption":"Genival Barbosa"},"url":"https:\/\/portalnpm.com\/index.php\/author\/genival\/"}]}},"jetpack_sharing_enabled":true,"jetpack_featured_media_url":"https:\/\/portalnpm.com\/wp-content\/uploads\/2024\/01\/BB1cwFCV.jpeg","_links":{"self":[{"href":"https:\/\/portalnpm.com\/index.php\/wp-json\/wp\/v2\/posts\/61171"}],"collection":[{"href":"https:\/\/portalnpm.com\/index.php\/wp-json\/wp\/v2\/posts"}],"about":[{"href":"https:\/\/portalnpm.com\/index.php\/wp-json\/wp\/v2\/types\/post"}],"author":[{"embeddable":true,"href":"https:\/\/portalnpm.com\/index.php\/wp-json\/wp\/v2\/users\/2"}],"replies":[{"embeddable":true,"href":"https:\/\/portalnpm.com\/index.php\/wp-json\/wp\/v2\/comments?post=61171"}],"version-history":[{"count":0,"href":"https:\/\/portalnpm.com\/index.php\/wp-json\/wp\/v2\/posts\/61171\/revisions"}],"wp:featuredmedia":[{"embeddable":true,"href":"https:\/\/portalnpm.com\/index.php\/wp-json\/wp\/v2\/media\/61172"}],"wp:attachment":[{"href":"https:\/\/portalnpm.com\/index.php\/wp-json\/wp\/v2\/media?parent=61171"}],"wp:term":[{"taxonomy":"category","embeddable":true,"href":"https:\/\/portalnpm.com\/index.php\/wp-json\/wp\/v2\/categories?post=61171"},{"taxonomy":"post_tag","embeddable":true,"href":"https:\/\/portalnpm.com\/index.php\/wp-json\/wp\/v2\/tags?post=61171"}],"curies":[{"name":"wp","href":"https:\/\/api.w.org\/{rel}","templated":true}]}}