{"id":61194,"date":"2021-01-08T18:47:28","date_gmt":"2021-01-08T21:47:28","guid":{"rendered":"https:\/\/portalnpm.com\/index.php\/2021\/01\/08\/aeroporto-de-araripina-entra-no-planejamento-do-governo-estadual-do-pernambuco\/"},"modified":"2021-01-08T18:47:28","modified_gmt":"2021-01-08T21:47:28","slug":"aeroporto-de-araripina-entra-no-planejamento-do-governo-estadual-do-pernambuco","status":"publish","type":"post","link":"https:\/\/portalnpm.com\/index.php\/2021\/01\/08\/aeroporto-de-araripina-entra-no-planejamento-do-governo-estadual-do-pernambuco\/","title":{"rendered":"Aeroporto de Araripina entra no planejamento do Governo Estadual do Pernambuco"},"content":{"rendered":"<p style=\"text-align: justify;\">Com a destina\u00e7\u00e3o da emenda parlamentar da deputada estadual Roberta Arraes (PP), no valor de 500 mil reais, como foi anunciado na semana passada pela pr\u00f3pria parlamentar no programa Araripina Urgente da R\u00e1dio Arari FM, finalmente o Aeroporto de Araripina entrou no planejamento do Governo Estadual.<\/p>\n<p style=\"text-align: justify;\">\n<p style=\"text-align: justify;\">\n<p style=\"text-align: justify;\">De acordo com a deputada, o governo Paulo C\u00e2mara est\u00e1 realizando um trabalho importante de fortalecimento na avia\u00e7\u00e3o regional, e divulgou essa semana, edital de licita\u00e7\u00e3o para requalifica\u00e7\u00e3o do Aeroporto de Garanhuns, e em breve, ser\u00e1 divulgado tamb\u00e9m para o de Araripina.<\/p>\n<div class=\"td-g-rec td-g-rec-id-content_inlineleft tdi_2_fc8 td_block_template_1\" style=\"text-align: justify;\">Ainda segundo Roberta Arraes, a requalifica\u00e7\u00e3o do futuro Aeroporto Regional do Araripe, beneficiar\u00e1 a regi\u00e3o como um todo, proporcionando a implanta\u00e7\u00e3o de voos comerciais, e gerando um grande impulso econ\u00f4mico para Araripina.<\/div>\n<div style=\"text-align: justify;\"><\/div>\n<div style=\"text-align: justify;\">Fonte: Ouricuri em Foco<\/div>\n","protected":false},"excerpt":{"rendered":"<p>Com a destina\u00e7\u00e3o da emenda parlamentar da deputada estadual Roberta Arraes (PP), no valor de 500 mil reais, como foi anunciado na semana passada pela pr\u00f3pria parlamentar no programa Araripina Urgente da R\u00e1dio Arari FM, finalmente o Aeroporto de Araripina entrou no planejamento do Governo Estadual. De acordo com a deputada, o governo Paulo C\u00e2mara &hellip;<\/p>\n","protected":false},"author":2,"featured_media":29379,"comment_status":"open","ping_status":"open","sticky":false,"template":"","format":"standard","meta":{"content-type":"","rop_custom_images_group":[],"rop_custom_messages_group":[],"rop_publish_now":"initial","rop_publish_now_accounts":{"facebook_2648258775420054_1618374048415101":""},"rop_publish_now_history":[],"rop_publish_now_status":"pending","footnotes":"","_jetpack_memberships_contains_paid_content":false},"categories":[125],"tags":[1062,667],"yoast_head":"<!-- This site is optimized with the Yoast SEO plugin v22.3 - https:\/\/yoast.com\/wordpress\/plugins\/seo\/ -->\n<title>Aeroporto de Araripina entra no planejamento do Governo Estadual do Pernambuco<\/title>\n<meta name=\"robots\" content=\"index, follow, max-snippet:-1, max-image-preview:large, max-video-preview:-1\" \/>\n<link rel=\"canonical\" href=\"https:\/\/portalnpm.com\/index.php\/2021\/01\/08\/aeroporto-de-araripina-entra-no-planejamento-do-governo-estadual-do-pernambuco\/\" \/>\n<meta property=\"og:locale\" content=\"pt_BR\" \/>\n<meta property=\"og:type\" content=\"article\" \/>\n<meta property=\"og:title\" content=\"Aeroporto de Araripina entra no planejamento do Governo Estadual do Pernambuco\" \/>\n<meta property=\"og:description\" content=\"Com a destina\u00e7\u00e3o da emenda parlamentar da deputada estadual Roberta Arraes (PP), no valor de 500 mil reais, como foi anunciado na semana passada pela pr\u00f3pria parlamentar no programa Araripina Urgente da R\u00e1dio Arari FM, finalmente o Aeroporto de Araripina entrou no planejamento do Governo Estadual. De acordo com a deputada, o governo Paulo C\u00e2mara &hellip;\" \/>\n<meta property=\"og:url\" content=\"https:\/\/portalnpm.com\/index.php\/2021\/01\/08\/aeroporto-de-araripina-entra-no-planejamento-do-governo-estadual-do-pernambuco\/\" \/>\n<meta property=\"og:site_name\" content=\"Portal NPM\" \/>\n<meta property=\"article:published_time\" content=\"2021-01-08T21:47:28+00:00\" \/>\n<meta name=\"author\" content=\"Genival Barbosa\" \/>\n<meta name=\"twitter:card\" content=\"summary_large_image\" \/>\n<meta name=\"twitter:label1\" content=\"Escrito por\" \/>\n\t<meta name=\"twitter:data1\" content=\"Genival Barbosa\" \/>\n\t<meta name=\"twitter:label2\" content=\"Est. tempo de leitura\" \/>\n\t<meta name=\"twitter:data2\" content=\"1 minuto\" \/>\n<script type=\"application\/ld+json\" class=\"yoast-schema-graph\">{\"@context\":\"https:\/\/schema.org\",\"@graph\":[{\"@type\":\"WebPage\",\"@id\":\"https:\/\/portalnpm.com\/index.php\/2021\/01\/08\/aeroporto-de-araripina-entra-no-planejamento-do-governo-estadual-do-pernambuco\/\",\"url\":\"https:\/\/portalnpm.com\/index.php\/2021\/01\/08\/aeroporto-de-araripina-entra-no-planejamento-do-governo-estadual-do-pernambuco\/\",\"name\":\"Aeroporto de Araripina entra no planejamento do Governo Estadual do Pernambuco\",\"isPartOf\":{\"@id\":\"https:\/\/portalnpm.com\/#website\"},\"primaryImageOfPage\":{\"@id\":\"https:\/\/portalnpm.com\/index.php\/2021\/01\/08\/aeroporto-de-araripina-entra-no-planejamento-do-governo-estadual-do-pernambuco\/#primaryimage\"},\"image\":{\"@id\":\"https:\/\/portalnpm.com\/index.php\/2021\/01\/08\/aeroporto-de-araripina-entra-no-planejamento-do-governo-estadual-do-pernambuco\/#primaryimage\"},\"thumbnailUrl\":\"\",\"datePublished\":\"2021-01-08T21:47:28+00:00\",\"dateModified\":\"2021-01-08T21:47:28+00:00\",\"author\":{\"@id\":\"https:\/\/portalnpm.com\/#\/schema\/person\/49313e563cfdefcc167f1ee4c017c294\"},\"breadcrumb\":{\"@id\":\"https:\/\/portalnpm.com\/index.php\/2021\/01\/08\/aeroporto-de-araripina-entra-no-planejamento-do-governo-estadual-do-pernambuco\/#breadcrumb\"},\"inLanguage\":\"pt-BR\",\"potentialAction\":[{\"@type\":\"ReadAction\",\"target\":[\"https:\/\/portalnpm.com\/index.php\/2021\/01\/08\/aeroporto-de-araripina-entra-no-planejamento-do-governo-estadual-do-pernambuco\/\"]}]},{\"@type\":\"ImageObject\",\"inLanguage\":\"pt-BR\",\"@id\":\"https:\/\/portalnpm.com\/index.php\/2021\/01\/08\/aeroporto-de-araripina-entra-no-planejamento-do-governo-estadual-do-pernambuco\/#primaryimage\",\"url\":\"\",\"contentUrl\":\"\"},{\"@type\":\"BreadcrumbList\",\"@id\":\"https:\/\/portalnpm.com\/index.php\/2021\/01\/08\/aeroporto-de-araripina-entra-no-planejamento-do-governo-estadual-do-pernambuco\/#breadcrumb\",\"itemListElement\":[{\"@type\":\"ListItem\",\"position\":1,\"name\":\"In\u00edcio\",\"item\":\"https:\/\/portalnpm.com\/\"},{\"@type\":\"ListItem\",\"position\":2,\"name\":\"Aeroporto de Araripina entra no planejamento do Governo Estadual do Pernambuco\"}]},{\"@type\":\"WebSite\",\"@id\":\"https:\/\/portalnpm.com\/#website\",\"url\":\"https:\/\/portalnpm.com\/\",\"name\":\"Portal NPM\",\"description\":\"Not\u00edcias em Primeira M\u00e3o\",\"potentialAction\":[{\"@type\":\"SearchAction\",\"target\":{\"@type\":\"EntryPoint\",\"urlTemplate\":\"https:\/\/portalnpm.com\/?s={search_term_string}\"},\"query-input\":\"required name=search_term_string\"}],\"inLanguage\":\"pt-BR\"},{\"@type\":\"Person\",\"@id\":\"https:\/\/portalnpm.com\/#\/schema\/person\/49313e563cfdefcc167f1ee4c017c294\",\"name\":\"Genival Barbosa\",\"image\":{\"@type\":\"ImageObject\",\"inLanguage\":\"pt-BR\",\"@id\":\"https:\/\/portalnpm.com\/#\/schema\/person\/image\/\",\"url\":\"https:\/\/portalnpm.com\/wp-content\/uploads\/2024\/02\/avatar_user_2_1707743258-96x96.jpeg\",\"contentUrl\":\"https:\/\/portalnpm.com\/wp-content\/uploads\/2024\/02\/avatar_user_2_1707743258-96x96.jpeg\",\"caption\":\"Genival Barbosa\"},\"url\":\"https:\/\/portalnpm.com\/index.php\/author\/genival\/\"}]}<\/script>\n<!-- \/ Yoast SEO plugin. -->","yoast_head_json":{"title":"Aeroporto de Araripina entra no planejamento do Governo Estadual do Pernambuco","robots":{"index":"index","follow":"follow","max-snippet":"max-snippet:-1","max-image-preview":"max-image-preview:large","max-video-preview":"max-video-preview:-1"},"canonical":"https:\/\/portalnpm.com\/index.php\/2021\/01\/08\/aeroporto-de-araripina-entra-no-planejamento-do-governo-estadual-do-pernambuco\/","og_locale":"pt_BR","og_type":"article","og_title":"Aeroporto de Araripina entra no planejamento do Governo Estadual do Pernambuco","og_description":"Com a destina\u00e7\u00e3o da emenda parlamentar da deputada estadual Roberta Arraes (PP), no valor de 500 mil reais, como foi anunciado na semana passada pela pr\u00f3pria parlamentar no programa Araripina Urgente da R\u00e1dio Arari FM, finalmente o Aeroporto de Araripina entrou no planejamento do Governo Estadual. De acordo com a deputada, o governo Paulo C\u00e2mara &hellip;","og_url":"https:\/\/portalnpm.com\/index.php\/2021\/01\/08\/aeroporto-de-araripina-entra-no-planejamento-do-governo-estadual-do-pernambuco\/","og_site_name":"Portal NPM","article_published_time":"2021-01-08T21:47:28+00:00","author":"Genival Barbosa","twitter_card":"summary_large_image","twitter_misc":{"Escrito por":"Genival Barbosa","Est. tempo de leitura":"1 minuto"},"schema":{"@context":"https:\/\/schema.org","@graph":[{"@type":"WebPage","@id":"https:\/\/portalnpm.com\/index.php\/2021\/01\/08\/aeroporto-de-araripina-entra-no-planejamento-do-governo-estadual-do-pernambuco\/","url":"https:\/\/portalnpm.com\/index.php\/2021\/01\/08\/aeroporto-de-araripina-entra-no-planejamento-do-governo-estadual-do-pernambuco\/","name":"Aeroporto de Araripina entra no planejamento do Governo Estadual do Pernambuco","isPartOf":{"@id":"https:\/\/portalnpm.com\/#website"},"primaryImageOfPage":{"@id":"https:\/\/portalnpm.com\/index.php\/2021\/01\/08\/aeroporto-de-araripina-entra-no-planejamento-do-governo-estadual-do-pernambuco\/#primaryimage"},"image":{"@id":"https:\/\/portalnpm.com\/index.php\/2021\/01\/08\/aeroporto-de-araripina-entra-no-planejamento-do-governo-estadual-do-pernambuco\/#primaryimage"},"thumbnailUrl":"","datePublished":"2021-01-08T21:47:28+00:00","dateModified":"2021-01-08T21:47:28+00:00","author":{"@id":"https:\/\/portalnpm.com\/#\/schema\/person\/49313e563cfdefcc167f1ee4c017c294"},"breadcrumb":{"@id":"https:\/\/portalnpm.com\/index.php\/2021\/01\/08\/aeroporto-de-araripina-entra-no-planejamento-do-governo-estadual-do-pernambuco\/#breadcrumb"},"inLanguage":"pt-BR","potentialAction":[{"@type":"ReadAction","target":["https:\/\/portalnpm.com\/index.php\/2021\/01\/08\/aeroporto-de-araripina-entra-no-planejamento-do-governo-estadual-do-pernambuco\/"]}]},{"@type":"ImageObject","inLanguage":"pt-BR","@id":"https:\/\/portalnpm.com\/index.php\/2021\/01\/08\/aeroporto-de-araripina-entra-no-planejamento-do-governo-estadual-do-pernambuco\/#primaryimage","url":"","contentUrl":""},{"@type":"BreadcrumbList","@id":"https:\/\/portalnpm.com\/index.php\/2021\/01\/08\/aeroporto-de-araripina-entra-no-planejamento-do-governo-estadual-do-pernambuco\/#breadcrumb","itemListElement":[{"@type":"ListItem","position":1,"name":"In\u00edcio","item":"https:\/\/portalnpm.com\/"},{"@type":"ListItem","position":2,"name":"Aeroporto de Araripina entra no planejamento do Governo Estadual do Pernambuco"}]},{"@type":"WebSite","@id":"https:\/\/portalnpm.com\/#website","url":"https:\/\/portalnpm.com\/","name":"Portal NPM","description":"Not\u00edcias em Primeira M\u00e3o","potentialAction":[{"@type":"SearchAction","target":{"@type":"EntryPoint","urlTemplate":"https:\/\/portalnpm.com\/?s={search_term_string}"},"query-input":"required name=search_term_string"}],"inLanguage":"pt-BR"},{"@type":"Person","@id":"https:\/\/portalnpm.com\/#\/schema\/person\/49313e563cfdefcc167f1ee4c017c294","name":"Genival Barbosa","image":{"@type":"ImageObject","inLanguage":"pt-BR","@id":"https:\/\/portalnpm.com\/#\/schema\/person\/image\/","url":"https:\/\/portalnpm.com\/wp-content\/uploads\/2024\/02\/avatar_user_2_1707743258-96x96.jpeg","contentUrl":"https:\/\/portalnpm.com\/wp-content\/uploads\/2024\/02\/avatar_user_2_1707743258-96x96.jpeg","caption":"Genival Barbosa"},"url":"https:\/\/portalnpm.com\/index.php\/author\/genival\/"}]}},"jetpack_sharing_enabled":true,"jetpack_featured_media_url":"","_links":{"self":[{"href":"https:\/\/portalnpm.com\/index.php\/wp-json\/wp\/v2\/posts\/61194"}],"collection":[{"href":"https:\/\/portalnpm.com\/index.php\/wp-json\/wp\/v2\/posts"}],"about":[{"href":"https:\/\/portalnpm.com\/index.php\/wp-json\/wp\/v2\/types\/post"}],"author":[{"embeddable":true,"href":"https:\/\/portalnpm.com\/index.php\/wp-json\/wp\/v2\/users\/2"}],"replies":[{"embeddable":true,"href":"https:\/\/portalnpm.com\/index.php\/wp-json\/wp\/v2\/comments?post=61194"}],"version-history":[{"count":0,"href":"https:\/\/portalnpm.com\/index.php\/wp-json\/wp\/v2\/posts\/61194\/revisions"}],"wp:featuredmedia":[{"embeddable":true,"href":"https:\/\/portalnpm.com\/index.php\/wp-json\/"}],"wp:attachment":[{"href":"https:\/\/portalnpm.com\/index.php\/wp-json\/wp\/v2\/media?parent=61194"}],"wp:term":[{"taxonomy":"category","embeddable":true,"href":"https:\/\/portalnpm.com\/index.php\/wp-json\/wp\/v2\/categories?post=61194"},{"taxonomy":"post_tag","embeddable":true,"href":"https:\/\/portalnpm.com\/index.php\/wp-json\/wp\/v2\/tags?post=61194"}],"curies":[{"name":"wp","href":"https:\/\/api.w.org\/{rel}","templated":true}]}}