{"id":61335,"date":"2021-01-10T11:10:17","date_gmt":"2021-01-10T14:10:17","guid":{"rendered":"https:\/\/portalnpm.com\/index.php\/2021\/01\/10\/papa-francisco-diz-que-deve-tomar-vacina-contra-a-covid-19-na-proxima-semana\/"},"modified":"2021-01-10T11:10:17","modified_gmt":"2021-01-10T14:10:17","slug":"papa-francisco-diz-que-deve-tomar-vacina-contra-a-covid-19-na-proxima-semana","status":"publish","type":"post","link":"https:\/\/portalnpm.com\/index.php\/2021\/01\/10\/papa-francisco-diz-que-deve-tomar-vacina-contra-a-covid-19-na-proxima-semana\/","title":{"rendered":"Papa Francisco diz que deve tomar vacina contra a Covid-19 na pr\u00f3xima semana"},"content":{"rendered":"<p style=\"text-align: justify;\">O Papa Francisco, 84, afirmou que deve tomar a vacina contra a Covid-19 na pr\u00f3xima semana e criticou quem se op\u00f5e \u00e0 vacina\u00e7\u00e3o. As declara\u00e7\u00f5es foram dadas em entrevista \u00e0 rede Canale 5, neste s\u00e1bado (9).<\/p>\n<p style=\"text-align: justify;\">\n<p style=\"text-align: justify;\">\n<p style=\"text-align: justify;\">&#8220;Na pr\u00f3xima semana come\u00e7aremos [a vacina\u00e7\u00e3o], j\u00e1 tenho minha data&#8221;, disse. &#8220;Temos que faz\u00ea-lo&#8221;, insistiu o pont\u00edfice argentino, para quem &#8220;h\u00e1 um negacionismo suicida que n\u00e3o consigo explicar&#8221;.<\/p>\n<p style=\"text-align: justify;\">&#8220;Acredito que do ponto de vista \u00e9tico todos devem ser vacinados, porque voc\u00ea n\u00e3o s\u00f3 p\u00f5e em risco a sua sa\u00fade, a sua vida, mas tamb\u00e9m a dos outros&#8221;, seguiu.<\/p>\n<p style=\"text-align: justify;\">&#8220;N\u00e3o sei por que alguns dizem &#8216;n\u00e3o, a vacina \u00e9 perigosa&#8217;, mas se os m\u00e9dicos a apresentam como algo que pode ser bom, que n\u00e3o apresenta riscos particulares, por que n\u00e3o faz\u00ea-lo?&#8221;, questionou o pont\u00edfice.<\/p>\n<p style=\"text-align: justify;\">Na entrevista, o papa tamb\u00e9m afirmou que pessoas que trabalham contra a democracia devem ser condenadas, independentemente de quem elas sejam, e que li\u00e7\u00f5es devem ser aprendidas sobre a invas\u00e3o do Congresso dos Estados Unidos por apoiadores do presidente Donald Trump na \u00faltima quarta-feira (6).<\/p>\n<p style=\"text-align: justify;\">&#8220;Fiquei estupefato porque se trata de um povo t\u00e3o disciplinado na democracia&#8221;, afirmou. &#8220;Sim, isso deve ser condenado, esse movimento, n\u00e3o importa quem esteja envolvido nele&#8221;, seguiu.<\/p>\n<p style=\"text-align: justify;\">Ele disse tamb\u00e9m que &#8220;nos ambientes mais evolu\u00eddos sempre h\u00e1 algo que n\u00e3o funciona&#8221; e que h\u00e1 pessoas &#8220;que tomam um caminho contra a comunidade, contra a democracia, contra o bem comum&#8221;.<\/p>\n<p style=\"text-align: justify;\">O pont\u00edfice tamb\u00e9m afirmou que viol\u00eancia pode aparecer em qualquer lugar, que \u00e9 importante compreender o que deu errado e que se aprenda com a hist\u00f3ria.<\/p>\n<p style=\"text-align: justify;\">Via 180 Graus<\/p>\n","protected":false},"excerpt":{"rendered":"<p>O Papa Francisco, 84, afirmou que deve tomar a vacina contra a Covid-19 na pr\u00f3xima semana e criticou quem se op\u00f5e \u00e0 vacina\u00e7\u00e3o. As declara\u00e7\u00f5es foram dadas em entrevista \u00e0 rede Canale 5, neste s\u00e1bado (9). &#8220;Na pr\u00f3xima semana come\u00e7aremos [a vacina\u00e7\u00e3o], j\u00e1 tenho minha data&#8221;, disse. &#8220;Temos que faz\u00ea-lo&#8221;, insistiu o pont\u00edfice argentino, para &hellip;<\/p>\n","protected":false},"author":2,"featured_media":61336,"comment_status":"open","ping_status":"open","sticky":false,"template":"","format":"standard","meta":{"content-type":"","rop_custom_images_group":[],"rop_custom_messages_group":[],"rop_publish_now":"initial","rop_publish_now_accounts":{"facebook_2648258775420054_1618374048415101":""},"rop_publish_now_history":[],"rop_publish_now_status":"pending","footnotes":"","_jetpack_memberships_contains_paid_content":false},"categories":[125],"tags":[5689,8949,5436,8950],"yoast_head":"<!-- This site is optimized with the Yoast SEO plugin v22.3 - https:\/\/yoast.com\/wordpress\/plugins\/seo\/ -->\n<title>Papa Francisco diz que deve tomar vacina contra a Covid-19 na pr\u00f3xima semana<\/title>\n<meta name=\"robots\" content=\"index, follow, max-snippet:-1, max-image-preview:large, max-video-preview:-1\" \/>\n<link rel=\"canonical\" href=\"https:\/\/portalnpm.com\/index.php\/2021\/01\/10\/papa-francisco-diz-que-deve-tomar-vacina-contra-a-covid-19-na-proxima-semana\/\" \/>\n<meta property=\"og:locale\" content=\"pt_BR\" \/>\n<meta property=\"og:type\" content=\"article\" \/>\n<meta property=\"og:title\" content=\"Papa Francisco diz que deve tomar vacina contra a Covid-19 na pr\u00f3xima semana\" \/>\n<meta property=\"og:description\" content=\"O Papa Francisco, 84, afirmou que deve tomar a vacina contra a Covid-19 na pr\u00f3xima semana e criticou quem se op\u00f5e \u00e0 vacina\u00e7\u00e3o. As declara\u00e7\u00f5es foram dadas em entrevista \u00e0 rede Canale 5, neste s\u00e1bado (9). &#8220;Na pr\u00f3xima semana come\u00e7aremos [a vacina\u00e7\u00e3o], j\u00e1 tenho minha data&#8221;, disse. &#8220;Temos que faz\u00ea-lo&#8221;, insistiu o pont\u00edfice argentino, para &hellip;\" \/>\n<meta property=\"og:url\" content=\"https:\/\/portalnpm.com\/index.php\/2021\/01\/10\/papa-francisco-diz-que-deve-tomar-vacina-contra-a-covid-19-na-proxima-semana\/\" \/>\n<meta property=\"og:site_name\" content=\"Portal NPM\" \/>\n<meta property=\"article:published_time\" content=\"2021-01-10T14:10:17+00:00\" \/>\n<meta property=\"og:image\" content=\"https:\/\/portalnpm.com\/wp-content\/uploads\/2024\/01\/papa.jpg\" \/>\n\t<meta property=\"og:image:width\" content=\"550\" \/>\n\t<meta property=\"og:image:height\" content=\"309\" \/>\n\t<meta property=\"og:image:type\" content=\"image\/jpeg\" \/>\n<meta name=\"author\" content=\"Genival Barbosa\" \/>\n<meta name=\"twitter:card\" content=\"summary_large_image\" \/>\n<meta name=\"twitter:label1\" content=\"Escrito por\" \/>\n\t<meta name=\"twitter:data1\" content=\"Genival Barbosa\" \/>\n\t<meta name=\"twitter:label2\" content=\"Est. tempo de leitura\" \/>\n\t<meta name=\"twitter:data2\" content=\"1 minuto\" \/>\n<script type=\"application\/ld+json\" class=\"yoast-schema-graph\">{\"@context\":\"https:\/\/schema.org\",\"@graph\":[{\"@type\":\"WebPage\",\"@id\":\"https:\/\/portalnpm.com\/index.php\/2021\/01\/10\/papa-francisco-diz-que-deve-tomar-vacina-contra-a-covid-19-na-proxima-semana\/\",\"url\":\"https:\/\/portalnpm.com\/index.php\/2021\/01\/10\/papa-francisco-diz-que-deve-tomar-vacina-contra-a-covid-19-na-proxima-semana\/\",\"name\":\"Papa Francisco diz que deve tomar vacina contra a Covid-19 na pr\u00f3xima semana\",\"isPartOf\":{\"@id\":\"https:\/\/portalnpm.com\/#website\"},\"primaryImageOfPage\":{\"@id\":\"https:\/\/portalnpm.com\/index.php\/2021\/01\/10\/papa-francisco-diz-que-deve-tomar-vacina-contra-a-covid-19-na-proxima-semana\/#primaryimage\"},\"image\":{\"@id\":\"https:\/\/portalnpm.com\/index.php\/2021\/01\/10\/papa-francisco-diz-que-deve-tomar-vacina-contra-a-covid-19-na-proxima-semana\/#primaryimage\"},\"thumbnailUrl\":\"https:\/\/portalnpm.com\/wp-content\/uploads\/2024\/01\/papa.jpg\",\"datePublished\":\"2021-01-10T14:10:17+00:00\",\"dateModified\":\"2021-01-10T14:10:17+00:00\",\"author\":{\"@id\":\"https:\/\/portalnpm.com\/#\/schema\/person\/49313e563cfdefcc167f1ee4c017c294\"},\"breadcrumb\":{\"@id\":\"https:\/\/portalnpm.com\/index.php\/2021\/01\/10\/papa-francisco-diz-que-deve-tomar-vacina-contra-a-covid-19-na-proxima-semana\/#breadcrumb\"},\"inLanguage\":\"pt-BR\",\"potentialAction\":[{\"@type\":\"ReadAction\",\"target\":[\"https:\/\/portalnpm.com\/index.php\/2021\/01\/10\/papa-francisco-diz-que-deve-tomar-vacina-contra-a-covid-19-na-proxima-semana\/\"]}]},{\"@type\":\"ImageObject\",\"inLanguage\":\"pt-BR\",\"@id\":\"https:\/\/portalnpm.com\/index.php\/2021\/01\/10\/papa-francisco-diz-que-deve-tomar-vacina-contra-a-covid-19-na-proxima-semana\/#primaryimage\",\"url\":\"https:\/\/portalnpm.com\/wp-content\/uploads\/2024\/01\/papa.jpg\",\"contentUrl\":\"https:\/\/portalnpm.com\/wp-content\/uploads\/2024\/01\/papa.jpg\",\"width\":550,\"height\":309},{\"@type\":\"BreadcrumbList\",\"@id\":\"https:\/\/portalnpm.com\/index.php\/2021\/01\/10\/papa-francisco-diz-que-deve-tomar-vacina-contra-a-covid-19-na-proxima-semana\/#breadcrumb\",\"itemListElement\":[{\"@type\":\"ListItem\",\"position\":1,\"name\":\"In\u00edcio\",\"item\":\"https:\/\/portalnpm.com\/\"},{\"@type\":\"ListItem\",\"position\":2,\"name\":\"Papa Francisco diz que deve tomar vacina contra a Covid-19 na pr\u00f3xima semana\"}]},{\"@type\":\"WebSite\",\"@id\":\"https:\/\/portalnpm.com\/#website\",\"url\":\"https:\/\/portalnpm.com\/\",\"name\":\"Portal NPM\",\"description\":\"Not\u00edcias em Primeira M\u00e3o\",\"potentialAction\":[{\"@type\":\"SearchAction\",\"target\":{\"@type\":\"EntryPoint\",\"urlTemplate\":\"https:\/\/portalnpm.com\/?s={search_term_string}\"},\"query-input\":\"required name=search_term_string\"}],\"inLanguage\":\"pt-BR\"},{\"@type\":\"Person\",\"@id\":\"https:\/\/portalnpm.com\/#\/schema\/person\/49313e563cfdefcc167f1ee4c017c294\",\"name\":\"Genival Barbosa\",\"image\":{\"@type\":\"ImageObject\",\"inLanguage\":\"pt-BR\",\"@id\":\"https:\/\/portalnpm.com\/#\/schema\/person\/image\/\",\"url\":\"https:\/\/portalnpm.com\/wp-content\/uploads\/2024\/02\/avatar_user_2_1707743258-96x96.jpeg\",\"contentUrl\":\"https:\/\/portalnpm.com\/wp-content\/uploads\/2024\/02\/avatar_user_2_1707743258-96x96.jpeg\",\"caption\":\"Genival Barbosa\"},\"url\":\"https:\/\/portalnpm.com\/index.php\/author\/genival\/\"}]}<\/script>\n<!-- \/ Yoast SEO plugin. -->","yoast_head_json":{"title":"Papa Francisco diz que deve tomar vacina contra a Covid-19 na pr\u00f3xima semana","robots":{"index":"index","follow":"follow","max-snippet":"max-snippet:-1","max-image-preview":"max-image-preview:large","max-video-preview":"max-video-preview:-1"},"canonical":"https:\/\/portalnpm.com\/index.php\/2021\/01\/10\/papa-francisco-diz-que-deve-tomar-vacina-contra-a-covid-19-na-proxima-semana\/","og_locale":"pt_BR","og_type":"article","og_title":"Papa Francisco diz que deve tomar vacina contra a Covid-19 na pr\u00f3xima semana","og_description":"O Papa Francisco, 84, afirmou que deve tomar a vacina contra a Covid-19 na pr\u00f3xima semana e criticou quem se op\u00f5e \u00e0 vacina\u00e7\u00e3o. As declara\u00e7\u00f5es foram dadas em entrevista \u00e0 rede Canale 5, neste s\u00e1bado (9). &#8220;Na pr\u00f3xima semana come\u00e7aremos [a vacina\u00e7\u00e3o], j\u00e1 tenho minha data&#8221;, disse. &#8220;Temos que faz\u00ea-lo&#8221;, insistiu o pont\u00edfice argentino, para &hellip;","og_url":"https:\/\/portalnpm.com\/index.php\/2021\/01\/10\/papa-francisco-diz-que-deve-tomar-vacina-contra-a-covid-19-na-proxima-semana\/","og_site_name":"Portal NPM","article_published_time":"2021-01-10T14:10:17+00:00","og_image":[{"width":550,"height":309,"url":"https:\/\/portalnpm.com\/wp-content\/uploads\/2024\/01\/papa.jpg","type":"image\/jpeg"}],"author":"Genival Barbosa","twitter_card":"summary_large_image","twitter_misc":{"Escrito por":"Genival Barbosa","Est. tempo de leitura":"1 minuto"},"schema":{"@context":"https:\/\/schema.org","@graph":[{"@type":"WebPage","@id":"https:\/\/portalnpm.com\/index.php\/2021\/01\/10\/papa-francisco-diz-que-deve-tomar-vacina-contra-a-covid-19-na-proxima-semana\/","url":"https:\/\/portalnpm.com\/index.php\/2021\/01\/10\/papa-francisco-diz-que-deve-tomar-vacina-contra-a-covid-19-na-proxima-semana\/","name":"Papa Francisco diz que deve tomar vacina contra a Covid-19 na pr\u00f3xima semana","isPartOf":{"@id":"https:\/\/portalnpm.com\/#website"},"primaryImageOfPage":{"@id":"https:\/\/portalnpm.com\/index.php\/2021\/01\/10\/papa-francisco-diz-que-deve-tomar-vacina-contra-a-covid-19-na-proxima-semana\/#primaryimage"},"image":{"@id":"https:\/\/portalnpm.com\/index.php\/2021\/01\/10\/papa-francisco-diz-que-deve-tomar-vacina-contra-a-covid-19-na-proxima-semana\/#primaryimage"},"thumbnailUrl":"https:\/\/portalnpm.com\/wp-content\/uploads\/2024\/01\/papa.jpg","datePublished":"2021-01-10T14:10:17+00:00","dateModified":"2021-01-10T14:10:17+00:00","author":{"@id":"https:\/\/portalnpm.com\/#\/schema\/person\/49313e563cfdefcc167f1ee4c017c294"},"breadcrumb":{"@id":"https:\/\/portalnpm.com\/index.php\/2021\/01\/10\/papa-francisco-diz-que-deve-tomar-vacina-contra-a-covid-19-na-proxima-semana\/#breadcrumb"},"inLanguage":"pt-BR","potentialAction":[{"@type":"ReadAction","target":["https:\/\/portalnpm.com\/index.php\/2021\/01\/10\/papa-francisco-diz-que-deve-tomar-vacina-contra-a-covid-19-na-proxima-semana\/"]}]},{"@type":"ImageObject","inLanguage":"pt-BR","@id":"https:\/\/portalnpm.com\/index.php\/2021\/01\/10\/papa-francisco-diz-que-deve-tomar-vacina-contra-a-covid-19-na-proxima-semana\/#primaryimage","url":"https:\/\/portalnpm.com\/wp-content\/uploads\/2024\/01\/papa.jpg","contentUrl":"https:\/\/portalnpm.com\/wp-content\/uploads\/2024\/01\/papa.jpg","width":550,"height":309},{"@type":"BreadcrumbList","@id":"https:\/\/portalnpm.com\/index.php\/2021\/01\/10\/papa-francisco-diz-que-deve-tomar-vacina-contra-a-covid-19-na-proxima-semana\/#breadcrumb","itemListElement":[{"@type":"ListItem","position":1,"name":"In\u00edcio","item":"https:\/\/portalnpm.com\/"},{"@type":"ListItem","position":2,"name":"Papa Francisco diz que deve tomar vacina contra a Covid-19 na pr\u00f3xima semana"}]},{"@type":"WebSite","@id":"https:\/\/portalnpm.com\/#website","url":"https:\/\/portalnpm.com\/","name":"Portal NPM","description":"Not\u00edcias em Primeira M\u00e3o","potentialAction":[{"@type":"SearchAction","target":{"@type":"EntryPoint","urlTemplate":"https:\/\/portalnpm.com\/?s={search_term_string}"},"query-input":"required name=search_term_string"}],"inLanguage":"pt-BR"},{"@type":"Person","@id":"https:\/\/portalnpm.com\/#\/schema\/person\/49313e563cfdefcc167f1ee4c017c294","name":"Genival Barbosa","image":{"@type":"ImageObject","inLanguage":"pt-BR","@id":"https:\/\/portalnpm.com\/#\/schema\/person\/image\/","url":"https:\/\/portalnpm.com\/wp-content\/uploads\/2024\/02\/avatar_user_2_1707743258-96x96.jpeg","contentUrl":"https:\/\/portalnpm.com\/wp-content\/uploads\/2024\/02\/avatar_user_2_1707743258-96x96.jpeg","caption":"Genival Barbosa"},"url":"https:\/\/portalnpm.com\/index.php\/author\/genival\/"}]}},"jetpack_sharing_enabled":true,"jetpack_featured_media_url":"https:\/\/portalnpm.com\/wp-content\/uploads\/2024\/01\/papa.jpg","_links":{"self":[{"href":"https:\/\/portalnpm.com\/index.php\/wp-json\/wp\/v2\/posts\/61335"}],"collection":[{"href":"https:\/\/portalnpm.com\/index.php\/wp-json\/wp\/v2\/posts"}],"about":[{"href":"https:\/\/portalnpm.com\/index.php\/wp-json\/wp\/v2\/types\/post"}],"author":[{"embeddable":true,"href":"https:\/\/portalnpm.com\/index.php\/wp-json\/wp\/v2\/users\/2"}],"replies":[{"embeddable":true,"href":"https:\/\/portalnpm.com\/index.php\/wp-json\/wp\/v2\/comments?post=61335"}],"version-history":[{"count":0,"href":"https:\/\/portalnpm.com\/index.php\/wp-json\/wp\/v2\/posts\/61335\/revisions"}],"wp:featuredmedia":[{"embeddable":true,"href":"https:\/\/portalnpm.com\/index.php\/wp-json\/wp\/v2\/media\/61336"}],"wp:attachment":[{"href":"https:\/\/portalnpm.com\/index.php\/wp-json\/wp\/v2\/media?parent=61335"}],"wp:term":[{"taxonomy":"category","embeddable":true,"href":"https:\/\/portalnpm.com\/index.php\/wp-json\/wp\/v2\/categories?post=61335"},{"taxonomy":"post_tag","embeddable":true,"href":"https:\/\/portalnpm.com\/index.php\/wp-json\/wp\/v2\/tags?post=61335"}],"curies":[{"name":"wp","href":"https:\/\/api.w.org\/{rel}","templated":true}]}}