{"id":61339,"date":"2021-01-11T08:17:31","date_gmt":"2021-01-11T11:17:31","guid":{"rendered":"https:\/\/portalnpm.com\/index.php\/2021\/01\/11\/em-pio-ix-cantor-e-sacado-de-veiculo-e-morre-em-acidente-automobilistico-veja\/"},"modified":"2024-01-15T22:35:53","modified_gmt":"2024-01-16T01:35:53","slug":"em-pio-ix-cantor-e-sacado-de-veiculo-e-morre-em-acidente-automobilistico-veja","status":"publish","type":"post","link":"https:\/\/portalnpm.com\/index.php\/2021\/01\/11\/em-pio-ix-cantor-e-sacado-de-veiculo-e-morre-em-acidente-automobilistico-veja\/","title":{"rendered":"Em Pio IX, Cantor \u00e9 sacado de ve\u00edculo e morre em acidente automobil\u00edstico; veja"},"content":{"rendered":"<p><p style=\"text-align: justify;\">Um acidente automobil&iacute;stico ocorrido na madrugada desta segunda-feira, 11 de janeiro, no munic&iacute;pio de Pio IX deixou um jovem morto e outros dois feridos.<\/p>\n<p style=\"text-align: justify;\">Populares informaram &agrave; reda&ccedil;&atilde;o do&nbsp;<em><a href=\"https:\/\/www.facebook.com\/ENoticiasOficial\">Portal &Eacute; Not&iacute;cias qu<\/a><\/em>e o acidente ocorreu pr&oacute;ximo aos col&eacute;gios agr&iacute;colas por volta das 4h30 da madrugada. Tr&ecirc;s jovens estavam a bordo no ve&iacute;culo.<\/p>\n<figure id=\"attachment_87067\" class=\"wp-caption alignnone\" aria-describedby=\"caption-attachment-87067\"><img fetchpriority=\"high\" decoding=\"async\" class=\"wp-image-87067 size-full\" src=\"https:\/\/portalnpm.com\/wp-content\/uploads\/2024\/01\/thebtrterss.jpg\" sizes=\"(max-width: 590px) 100vw, 590px\" srcset=\"https:\/\/i2.wp.com\/www.portalenoticias.com.br\/wp-content\/uploads\/2021\/01\/thebtrterss.jpg?fit=300%2C281&amp;ssl=1 300w, https:\/\/i2.wp.com\/www.portalenoticias.com.br\/wp-content\/uploads\/2021\/01\/thebtrterss.jpg?fit=590%2C553&amp;ssl=1 590w\" alt=\"\" width=\"361\" height=\"338\" data-attachment-id=\"87067\" data-permalink=\"https:\/\/www.portalenoticias.com.br\/cantor-e-sacado-de-veiculo-e-morre-em-acidente-automobilistico-em-pio-ix\/thebtrterss\/\" data-orig-file=\"https:\/\/i2.wp.com\/www.portalenoticias.com.br\/wp-content\/uploads\/2021\/01\/thebtrterss.jpg?fit=590%2C553&amp;ssl=1\" data-orig-size=\"590,553\" data-comments-opened=\"0\" data-image-meta='{\"aperture\":\"0\",\"credit\":\"\",\"camera\":\"\",\"caption\":\"\",\"created_timestamp\":\"0\",\"copyright\":\"\",\"focal_length\":\"0\",\"iso\":\"0\",\"shutter_speed\":\"0\",\"title\":\"\",\"orientation\":\"0\"}' data-image-title=\"thebtrterss\" data-image-description=\"\" data-medium-file=\"https:\/\/i2.wp.com\/www.portalenoticias.com.br\/wp-content\/uploads\/2021\/01\/thebtrterss.jpg?fit=300%2C281&amp;ssl=1\" data-large-file=\"https:\/\/i2.wp.com\/www.portalenoticias.com.br\/wp-content\/uploads\/2021\/01\/thebtrterss.jpg?fit=590%2C553&amp;ssl=1\"><figcaption id=\"caption-attachment-87067\" class=\"wp-caption-text\">Atualmente Ricardo Viana fazia parte do grupo musical The Brothers<\/figcaption><\/figure>\n<p style=\"text-align: justify;\">O motorista perdeu o controle do ve&iacute;culo e tombou v&aacute;rias vezes. Um dos jovens identificado por Ricardo Viana foi sacado para fora do carro e morreu no local do acidente. Os outros dois sofreram ferimentos e foram socorridos at&eacute; o hospital Dona Lourdes Mota.<\/p>\n<p style=\"text-align: justify;\">Ricardo Viana era bastante conhecido em Pio IX. Cantor, o jovem era ex-integrante da banda Forr&oacute; do Gui e atualmente fazia parte do grupo musical The Brothers.<\/p>\n<p style=\"text-align: justify;\">Al&eacute;m de m&uacute;sico, ele tamb&eacute;m era cabeleireiro e possu&iacute;a um sal&atilde;o no centro da cidade. Sua tr&aacute;gica morte comoveu Pio IX e regi&atilde;o<\/p>\n<p><iframe id=\"instagram-embed-0\" class=\"instagram-media instagram-media-rendered\" src=\"https:\/\/www.instagram.com\/tv\/CA12QH0B0kV\/embed\/captioned\/?cr=1&amp;v=13&amp;wp=992&amp;rd=https%3A%2F%2Fwww.portalenoticias.com.br&amp;rp=%2Fcantor-e-sacado-de-veiculo-e-morre-em-acidente-automobilistico-em-pio-ix%2F#%7B%22ci%22%3A0%2C%22os%22%3A15921.900000001187%7D\" height=\"769\" frameborder=\"0\" scrolling=\"no\" allowfullscreen=\"allowfullscreen\" data-instgrm-payload-id=\"instagram-media-payload-0\" data-mce-fragment=\"1\"><\/iframe><strong><em>Fonte: Portal &Eacute; Not&iacute;cias<\/em><\/strong><\/p>\n","protected":false},"excerpt":{"rendered":"<p>Um acidente automobil&iacute;stico ocorrido na madrugada desta segunda-feira, 11 de janeiro, no munic&iacute;pio de Pio IX deixou um jovem morto e outros dois feridos. Populares informaram &agrave; reda&ccedil;&atilde;o do&nbsp;Portal &Eacute; Not&iacute;cias que o acidente ocorreu pr&oacute;ximo aos col&eacute;gios agr&iacute;colas por volta das 4h30 da madrugada. Tr&ecirc;s jovens estavam a bordo no ve&iacute;culo. Atualmente Ricardo Viana &hellip;<\/p>\n","protected":false},"author":3,"featured_media":61340,"comment_status":"open","ping_status":"open","sticky":false,"template":"","format":"standard","meta":{"content-type":"","rop_custom_images_group":[],"rop_custom_messages_group":[],"rop_publish_now":"initial","rop_publish_now_accounts":{"facebook_2648258775420054_1618374048415101":""},"rop_publish_now_history":[],"rop_publish_now_status":"pending","footnotes":"","_jetpack_memberships_contains_paid_content":false},"categories":[109,439],"tags":[154,155,172,679],"yoast_head":"<!-- This site is optimized with the Yoast SEO plugin v22.3 - https:\/\/yoast.com\/wordpress\/plugins\/seo\/ -->\n<title>Em Pio IX, Cantor \u00e9 sacado de ve\u00edculo e morre em acidente automobil\u00edstico; veja<\/title>\n<meta name=\"robots\" content=\"index, follow, max-snippet:-1, max-image-preview:large, max-video-preview:-1\" \/>\n<link rel=\"canonical\" href=\"https:\/\/portalnpm.com\/index.php\/2021\/01\/11\/em-pio-ix-cantor-e-sacado-de-veiculo-e-morre-em-acidente-automobilistico-veja\/\" \/>\n<meta property=\"og:locale\" content=\"pt_BR\" \/>\n<meta property=\"og:type\" content=\"article\" \/>\n<meta property=\"og:title\" content=\"Em Pio IX, Cantor \u00e9 sacado de ve\u00edculo e morre em acidente automobil\u00edstico; veja\" \/>\n<meta property=\"og:description\" content=\"Um acidente automobil&iacute;stico ocorrido na madrugada desta segunda-feira, 11 de janeiro, no munic&iacute;pio de Pio IX deixou um jovem morto e outros dois feridos. Populares informaram &agrave; reda&ccedil;&atilde;o do&nbsp;Portal &Eacute; Not&iacute;cias que o acidente ocorreu pr&oacute;ximo aos col&eacute;gios agr&iacute;colas por volta das 4h30 da madrugada. Tr&ecirc;s jovens estavam a bordo no ve&iacute;culo. Atualmente Ricardo Viana &hellip;\" \/>\n<meta property=\"og:url\" content=\"https:\/\/portalnpm.com\/index.php\/2021\/01\/11\/em-pio-ix-cantor-e-sacado-de-veiculo-e-morre-em-acidente-automobilistico-veja\/\" \/>\n<meta property=\"og:site_name\" content=\"Portal NPM\" \/>\n<meta property=\"article:published_time\" content=\"2021-01-11T11:17:31+00:00\" \/>\n<meta property=\"article:modified_time\" content=\"2024-01-16T01:35:53+00:00\" \/>\n<meta property=\"og:image\" content=\"https:\/\/portalnpm.com\/wp-content\/uploads\/2024\/01\/IMG-20210111-WA0001.jpg\" \/>\n\t<meta property=\"og:image:width\" content=\"600\" \/>\n\t<meta property=\"og:image:height\" content=\"694\" \/>\n\t<meta property=\"og:image:type\" content=\"image\/jpeg\" \/>\n<meta name=\"author\" content=\"Luis Alberto\" \/>\n<meta name=\"twitter:card\" content=\"summary_large_image\" \/>\n<meta name=\"twitter:label1\" content=\"Escrito por\" \/>\n\t<meta name=\"twitter:data1\" content=\"Luis Alberto\" \/>\n\t<meta name=\"twitter:label2\" content=\"Est. tempo de leitura\" \/>\n\t<meta name=\"twitter:data2\" content=\"1 minuto\" \/>\n<script type=\"application\/ld+json\" class=\"yoast-schema-graph\">{\"@context\":\"https:\/\/schema.org\",\"@graph\":[{\"@type\":\"WebPage\",\"@id\":\"https:\/\/portalnpm.com\/index.php\/2021\/01\/11\/em-pio-ix-cantor-e-sacado-de-veiculo-e-morre-em-acidente-automobilistico-veja\/\",\"url\":\"https:\/\/portalnpm.com\/index.php\/2021\/01\/11\/em-pio-ix-cantor-e-sacado-de-veiculo-e-morre-em-acidente-automobilistico-veja\/\",\"name\":\"Em Pio IX, Cantor \u00e9 sacado de ve\u00edculo e morre em acidente automobil\u00edstico; veja\",\"isPartOf\":{\"@id\":\"https:\/\/portalnpm.com\/#website\"},\"primaryImageOfPage\":{\"@id\":\"https:\/\/portalnpm.com\/index.php\/2021\/01\/11\/em-pio-ix-cantor-e-sacado-de-veiculo-e-morre-em-acidente-automobilistico-veja\/#primaryimage\"},\"image\":{\"@id\":\"https:\/\/portalnpm.com\/index.php\/2021\/01\/11\/em-pio-ix-cantor-e-sacado-de-veiculo-e-morre-em-acidente-automobilistico-veja\/#primaryimage\"},\"thumbnailUrl\":\"https:\/\/portalnpm.com\/wp-content\/uploads\/2024\/01\/IMG-20210111-WA0001.jpg\",\"datePublished\":\"2021-01-11T11:17:31+00:00\",\"dateModified\":\"2024-01-16T01:35:53+00:00\",\"author\":{\"@id\":\"https:\/\/portalnpm.com\/#\/schema\/person\/5c8006acdf71774cd4e7a5ab98482152\"},\"breadcrumb\":{\"@id\":\"https:\/\/portalnpm.com\/index.php\/2021\/01\/11\/em-pio-ix-cantor-e-sacado-de-veiculo-e-morre-em-acidente-automobilistico-veja\/#breadcrumb\"},\"inLanguage\":\"pt-BR\",\"potentialAction\":[{\"@type\":\"ReadAction\",\"target\":[\"https:\/\/portalnpm.com\/index.php\/2021\/01\/11\/em-pio-ix-cantor-e-sacado-de-veiculo-e-morre-em-acidente-automobilistico-veja\/\"]}]},{\"@type\":\"ImageObject\",\"inLanguage\":\"pt-BR\",\"@id\":\"https:\/\/portalnpm.com\/index.php\/2021\/01\/11\/em-pio-ix-cantor-e-sacado-de-veiculo-e-morre-em-acidente-automobilistico-veja\/#primaryimage\",\"url\":\"https:\/\/portalnpm.com\/wp-content\/uploads\/2024\/01\/IMG-20210111-WA0001.jpg\",\"contentUrl\":\"https:\/\/portalnpm.com\/wp-content\/uploads\/2024\/01\/IMG-20210111-WA0001.jpg\",\"width\":600,\"height\":694},{\"@type\":\"BreadcrumbList\",\"@id\":\"https:\/\/portalnpm.com\/index.php\/2021\/01\/11\/em-pio-ix-cantor-e-sacado-de-veiculo-e-morre-em-acidente-automobilistico-veja\/#breadcrumb\",\"itemListElement\":[{\"@type\":\"ListItem\",\"position\":1,\"name\":\"In\u00edcio\",\"item\":\"https:\/\/portalnpm.com\/\"},{\"@type\":\"ListItem\",\"position\":2,\"name\":\"Em Pio IX, Cantor \u00e9 sacado de ve\u00edculo e morre em acidente automobil\u00edstico; veja\"}]},{\"@type\":\"WebSite\",\"@id\":\"https:\/\/portalnpm.com\/#website\",\"url\":\"https:\/\/portalnpm.com\/\",\"name\":\"Portal NPM\",\"description\":\"Not\u00edcias em Primeira M\u00e3o\",\"potentialAction\":[{\"@type\":\"SearchAction\",\"target\":{\"@type\":\"EntryPoint\",\"urlTemplate\":\"https:\/\/portalnpm.com\/?s={search_term_string}\"},\"query-input\":\"required name=search_term_string\"}],\"inLanguage\":\"pt-BR\"},{\"@type\":\"Person\",\"@id\":\"https:\/\/portalnpm.com\/#\/schema\/person\/5c8006acdf71774cd4e7a5ab98482152\",\"name\":\"Luis Alberto\",\"image\":{\"@type\":\"ImageObject\",\"inLanguage\":\"pt-BR\",\"@id\":\"https:\/\/portalnpm.com\/#\/schema\/person\/image\/\",\"url\":\"https:\/\/portalnpm.com\/wp-content\/uploads\/2024\/12\/avatar_user_3_1734699769-96x96.jpeg\",\"contentUrl\":\"https:\/\/portalnpm.com\/wp-content\/uploads\/2024\/12\/avatar_user_3_1734699769-96x96.jpeg\",\"caption\":\"Luis Alberto\"},\"description\":\"Editor-geral do Portal NPM, \u00e9 formado como T\u00e9cnico em Seguran\u00e7a do Trabalho pela Escola Metropolitana de Cursos T\u00e9cnicos. Det\u00e9m ainda licenciatura em Educa\u00e7\u00e3o F\u00edsica e bacharelado em Ci\u00eancias Pol\u00edticas, ambos obtidos pela institui\u00e7\u00e3o Anhanguera\/UNOPAR.\",\"url\":\"https:\/\/portalnpm.com\/index.php\/author\/pereira\/\"}]}<\/script>\n<!-- \/ Yoast SEO plugin. -->","yoast_head_json":{"title":"Em Pio IX, Cantor \u00e9 sacado de ve\u00edculo e morre em acidente automobil\u00edstico; veja","robots":{"index":"index","follow":"follow","max-snippet":"max-snippet:-1","max-image-preview":"max-image-preview:large","max-video-preview":"max-video-preview:-1"},"canonical":"https:\/\/portalnpm.com\/index.php\/2021\/01\/11\/em-pio-ix-cantor-e-sacado-de-veiculo-e-morre-em-acidente-automobilistico-veja\/","og_locale":"pt_BR","og_type":"article","og_title":"Em Pio IX, Cantor \u00e9 sacado de ve\u00edculo e morre em acidente automobil\u00edstico; veja","og_description":"Um acidente automobil&iacute;stico ocorrido na madrugada desta segunda-feira, 11 de janeiro, no munic&iacute;pio de Pio IX deixou um jovem morto e outros dois feridos. Populares informaram &agrave; reda&ccedil;&atilde;o do&nbsp;Portal &Eacute; Not&iacute;cias que o acidente ocorreu pr&oacute;ximo aos col&eacute;gios agr&iacute;colas por volta das 4h30 da madrugada. Tr&ecirc;s jovens estavam a bordo no ve&iacute;culo. Atualmente Ricardo Viana &hellip;","og_url":"https:\/\/portalnpm.com\/index.php\/2021\/01\/11\/em-pio-ix-cantor-e-sacado-de-veiculo-e-morre-em-acidente-automobilistico-veja\/","og_site_name":"Portal NPM","article_published_time":"2021-01-11T11:17:31+00:00","article_modified_time":"2024-01-16T01:35:53+00:00","og_image":[{"width":600,"height":694,"url":"https:\/\/portalnpm.com\/wp-content\/uploads\/2024\/01\/IMG-20210111-WA0001.jpg","type":"image\/jpeg"}],"author":"Luis Alberto","twitter_card":"summary_large_image","twitter_misc":{"Escrito por":"Luis Alberto","Est. tempo de leitura":"1 minuto"},"schema":{"@context":"https:\/\/schema.org","@graph":[{"@type":"WebPage","@id":"https:\/\/portalnpm.com\/index.php\/2021\/01\/11\/em-pio-ix-cantor-e-sacado-de-veiculo-e-morre-em-acidente-automobilistico-veja\/","url":"https:\/\/portalnpm.com\/index.php\/2021\/01\/11\/em-pio-ix-cantor-e-sacado-de-veiculo-e-morre-em-acidente-automobilistico-veja\/","name":"Em Pio IX, Cantor \u00e9 sacado de ve\u00edculo e morre em acidente automobil\u00edstico; veja","isPartOf":{"@id":"https:\/\/portalnpm.com\/#website"},"primaryImageOfPage":{"@id":"https:\/\/portalnpm.com\/index.php\/2021\/01\/11\/em-pio-ix-cantor-e-sacado-de-veiculo-e-morre-em-acidente-automobilistico-veja\/#primaryimage"},"image":{"@id":"https:\/\/portalnpm.com\/index.php\/2021\/01\/11\/em-pio-ix-cantor-e-sacado-de-veiculo-e-morre-em-acidente-automobilistico-veja\/#primaryimage"},"thumbnailUrl":"https:\/\/portalnpm.com\/wp-content\/uploads\/2024\/01\/IMG-20210111-WA0001.jpg","datePublished":"2021-01-11T11:17:31+00:00","dateModified":"2024-01-16T01:35:53+00:00","author":{"@id":"https:\/\/portalnpm.com\/#\/schema\/person\/5c8006acdf71774cd4e7a5ab98482152"},"breadcrumb":{"@id":"https:\/\/portalnpm.com\/index.php\/2021\/01\/11\/em-pio-ix-cantor-e-sacado-de-veiculo-e-morre-em-acidente-automobilistico-veja\/#breadcrumb"},"inLanguage":"pt-BR","potentialAction":[{"@type":"ReadAction","target":["https:\/\/portalnpm.com\/index.php\/2021\/01\/11\/em-pio-ix-cantor-e-sacado-de-veiculo-e-morre-em-acidente-automobilistico-veja\/"]}]},{"@type":"ImageObject","inLanguage":"pt-BR","@id":"https:\/\/portalnpm.com\/index.php\/2021\/01\/11\/em-pio-ix-cantor-e-sacado-de-veiculo-e-morre-em-acidente-automobilistico-veja\/#primaryimage","url":"https:\/\/portalnpm.com\/wp-content\/uploads\/2024\/01\/IMG-20210111-WA0001.jpg","contentUrl":"https:\/\/portalnpm.com\/wp-content\/uploads\/2024\/01\/IMG-20210111-WA0001.jpg","width":600,"height":694},{"@type":"BreadcrumbList","@id":"https:\/\/portalnpm.com\/index.php\/2021\/01\/11\/em-pio-ix-cantor-e-sacado-de-veiculo-e-morre-em-acidente-automobilistico-veja\/#breadcrumb","itemListElement":[{"@type":"ListItem","position":1,"name":"In\u00edcio","item":"https:\/\/portalnpm.com\/"},{"@type":"ListItem","position":2,"name":"Em Pio IX, Cantor \u00e9 sacado de ve\u00edculo e morre em acidente automobil\u00edstico; veja"}]},{"@type":"WebSite","@id":"https:\/\/portalnpm.com\/#website","url":"https:\/\/portalnpm.com\/","name":"Portal NPM","description":"Not\u00edcias em Primeira M\u00e3o","potentialAction":[{"@type":"SearchAction","target":{"@type":"EntryPoint","urlTemplate":"https:\/\/portalnpm.com\/?s={search_term_string}"},"query-input":"required name=search_term_string"}],"inLanguage":"pt-BR"},{"@type":"Person","@id":"https:\/\/portalnpm.com\/#\/schema\/person\/5c8006acdf71774cd4e7a5ab98482152","name":"Luis Alberto","image":{"@type":"ImageObject","inLanguage":"pt-BR","@id":"https:\/\/portalnpm.com\/#\/schema\/person\/image\/","url":"https:\/\/portalnpm.com\/wp-content\/uploads\/2024\/12\/avatar_user_3_1734699769-96x96.jpeg","contentUrl":"https:\/\/portalnpm.com\/wp-content\/uploads\/2024\/12\/avatar_user_3_1734699769-96x96.jpeg","caption":"Luis Alberto"},"description":"Editor-geral do Portal NPM, \u00e9 formado como T\u00e9cnico em Seguran\u00e7a do Trabalho pela Escola Metropolitana de Cursos T\u00e9cnicos. Det\u00e9m ainda licenciatura em Educa\u00e7\u00e3o F\u00edsica e bacharelado em Ci\u00eancias Pol\u00edticas, ambos obtidos pela institui\u00e7\u00e3o Anhanguera\/UNOPAR.","url":"https:\/\/portalnpm.com\/index.php\/author\/pereira\/"}]}},"jetpack_sharing_enabled":true,"jetpack_featured_media_url":"https:\/\/portalnpm.com\/wp-content\/uploads\/2024\/01\/IMG-20210111-WA0001.jpg","_links":{"self":[{"href":"https:\/\/portalnpm.com\/index.php\/wp-json\/wp\/v2\/posts\/61339"}],"collection":[{"href":"https:\/\/portalnpm.com\/index.php\/wp-json\/wp\/v2\/posts"}],"about":[{"href":"https:\/\/portalnpm.com\/index.php\/wp-json\/wp\/v2\/types\/post"}],"author":[{"embeddable":true,"href":"https:\/\/portalnpm.com\/index.php\/wp-json\/wp\/v2\/users\/3"}],"replies":[{"embeddable":true,"href":"https:\/\/portalnpm.com\/index.php\/wp-json\/wp\/v2\/comments?post=61339"}],"version-history":[{"count":1,"href":"https:\/\/portalnpm.com\/index.php\/wp-json\/wp\/v2\/posts\/61339\/revisions"}],"predecessor-version":[{"id":61352,"href":"https:\/\/portalnpm.com\/index.php\/wp-json\/wp\/v2\/posts\/61339\/revisions\/61352"}],"wp:featuredmedia":[{"embeddable":true,"href":"https:\/\/portalnpm.com\/index.php\/wp-json\/wp\/v2\/media\/61340"}],"wp:attachment":[{"href":"https:\/\/portalnpm.com\/index.php\/wp-json\/wp\/v2\/media?parent=61339"}],"wp:term":[{"taxonomy":"category","embeddable":true,"href":"https:\/\/portalnpm.com\/index.php\/wp-json\/wp\/v2\/categories?post=61339"},{"taxonomy":"post_tag","embeddable":true,"href":"https:\/\/portalnpm.com\/index.php\/wp-json\/wp\/v2\/tags?post=61339"}],"curies":[{"name":"wp","href":"https:\/\/api.w.org\/{rel}","templated":true}]}}