{"id":61381,"date":"2021-01-13T15:34:32","date_gmt":"2021-01-13T18:34:32","guid":{"rendered":"https:\/\/portalnpm.com\/index.php\/2021\/01\/13\/29545-2\/"},"modified":"2021-01-13T15:34:32","modified_gmt":"2021-01-13T18:34:32","slug":"29545-2","status":"publish","type":"post","link":"https:\/\/portalnpm.com\/index.php\/2021\/01\/13\/29545-2\/","title":{"rendered":"Coronel Viana pode se candidatar ao cargo de deputado em 2022"},"content":{"rendered":"<p style=\"text-align: justify;\">O ex-comandante do 4\u00ba Batalh\u00e3o da Pol\u00edcia Militar em Picos, coronel Edwaldo Viana anunciou nesta quarta-feira (13) durante visita a feira livre do munic\u00edpio, considerada a segunda maior de todo o Nordeste, que estuda a possibilidade de se candidatar a deputado estadual ou federal em 2022. Acompanhado do empres\u00e1rio Junior Nobre, do filho e assessores, Viana caminhou pela feira, conversou com populares e almo\u00e7ou com amigos no local.<\/p>\n<p>\u00a0<\/p>\n<p style=\"text-align: justify;\">Na ocasi\u00e3o, Coronel Viana comentou sobre as possibilidades para as pr\u00f3ximas elei\u00e7\u00f5es. \u201c<em>Preciso definir isso politicamente e pessoalmente. \u00c9 nessas visitas onde converso com as pessoas, que sinto a confian\u00e7a e que sou grato por cada apoio que recebo. Nunca abandonarei meu povo e vou estar lutando por algo em que eu acredito<\/em>\u201d, pontuou ele.<\/p>\n<p style=\"text-align: justify;\">Com um projeto mais maduro e que vem sendo trabalhado, Viana acrescenta.<em> \u201cEu tenho muita coragem e ousadia para participar de qualquer desafio. Ainda \u00e9 muito cedo para gente falar sobre isso. Tudo que se tem \u00e9 muita conversa\u00e7\u00e3o, muitas possibilidades, mas j\u00e1 temos um grupo que est\u00e1 funcionando a todo vapor. Continuo fazendo meu trabalho em prol do povo de Picos\u201d<\/em> finalizou.<\/p>\n<p style=\"text-align: justify;\"><strong>Assessoria<\/strong><\/p>\n","protected":false},"excerpt":{"rendered":"<p>O ex-comandante do 4\u00ba Batalh\u00e3o da Pol\u00edcia Militar em Picos, coronel Edwaldo Viana anunciou nesta quarta-feira (13) durante visita a feira livre do munic\u00edpio, considerada a segunda maior de todo o Nordeste, que estuda a possibilidade de se candidatar a deputado estadual ou federal em 2022. Acompanhado do empres\u00e1rio Junior Nobre, do filho e assessores, &hellip;<\/p>\n","protected":false},"author":3,"featured_media":61382,"comment_status":"open","ping_status":"open","sticky":false,"template":"","format":"standard","meta":{"content-type":"","rop_custom_images_group":[],"rop_custom_messages_group":[],"rop_publish_now":"initial","rop_publish_now_accounts":{"facebook_2648258775420054_1618374048415101":""},"rop_publish_now_history":[],"rop_publish_now_status":"pending","footnotes":"","_jetpack_memberships_contains_paid_content":false},"categories":[113,127,130],"tags":[856,539,3688,583],"yoast_head":"<!-- This site is optimized with the Yoast SEO plugin v22.3 - https:\/\/yoast.com\/wordpress\/plugins\/seo\/ -->\n<title>Coronel Viana pode se candidatar ao cargo de deputado em 2022<\/title>\n<meta name=\"robots\" content=\"index, follow, max-snippet:-1, max-image-preview:large, max-video-preview:-1\" \/>\n<link rel=\"canonical\" href=\"https:\/\/portalnpm.com\/index.php\/2021\/01\/13\/29545-2\/\" \/>\n<meta property=\"og:locale\" content=\"pt_BR\" \/>\n<meta property=\"og:type\" content=\"article\" \/>\n<meta property=\"og:title\" content=\"Coronel Viana pode se candidatar ao cargo de deputado em 2022\" \/>\n<meta property=\"og:description\" content=\"O ex-comandante do 4\u00ba Batalh\u00e3o da Pol\u00edcia Militar em Picos, coronel Edwaldo Viana anunciou nesta quarta-feira (13) durante visita a feira livre do munic\u00edpio, considerada a segunda maior de todo o Nordeste, que estuda a possibilidade de se candidatar a deputado estadual ou federal em 2022. Acompanhado do empres\u00e1rio Junior Nobre, do filho e assessores, &hellip;\" \/>\n<meta property=\"og:url\" content=\"https:\/\/portalnpm.com\/index.php\/2021\/01\/13\/29545-2\/\" \/>\n<meta property=\"og:site_name\" content=\"Portal NPM\" \/>\n<meta property=\"article:published_time\" content=\"2021-01-13T18:34:32+00:00\" \/>\n<meta property=\"og:image\" content=\"https:\/\/portalnpm.com\/wp-content\/uploads\/2024\/01\/IMG-20210113-WA0342.jpg\" \/>\n\t<meta property=\"og:image:width\" content=\"993\" \/>\n\t<meta property=\"og:image:height\" content=\"788\" \/>\n\t<meta property=\"og:image:type\" content=\"image\/jpeg\" \/>\n<meta name=\"author\" content=\"Luis Alberto\" \/>\n<meta name=\"twitter:card\" content=\"summary_large_image\" \/>\n<meta name=\"twitter:label1\" content=\"Escrito por\" \/>\n\t<meta name=\"twitter:data1\" content=\"Luis Alberto\" \/>\n\t<meta name=\"twitter:label2\" content=\"Est. tempo de leitura\" \/>\n\t<meta name=\"twitter:data2\" content=\"1 minuto\" \/>\n<script type=\"application\/ld+json\" class=\"yoast-schema-graph\">{\"@context\":\"https:\/\/schema.org\",\"@graph\":[{\"@type\":\"WebPage\",\"@id\":\"https:\/\/portalnpm.com\/index.php\/2021\/01\/13\/29545-2\/\",\"url\":\"https:\/\/portalnpm.com\/index.php\/2021\/01\/13\/29545-2\/\",\"name\":\"Coronel Viana pode se candidatar ao cargo de deputado em 2022\",\"isPartOf\":{\"@id\":\"https:\/\/portalnpm.com\/#website\"},\"primaryImageOfPage\":{\"@id\":\"https:\/\/portalnpm.com\/index.php\/2021\/01\/13\/29545-2\/#primaryimage\"},\"image\":{\"@id\":\"https:\/\/portalnpm.com\/index.php\/2021\/01\/13\/29545-2\/#primaryimage\"},\"thumbnailUrl\":\"https:\/\/portalnpm.com\/wp-content\/uploads\/2024\/01\/IMG-20210113-WA0342.jpg\",\"datePublished\":\"2021-01-13T18:34:32+00:00\",\"dateModified\":\"2021-01-13T18:34:32+00:00\",\"author\":{\"@id\":\"https:\/\/portalnpm.com\/#\/schema\/person\/5c8006acdf71774cd4e7a5ab98482152\"},\"breadcrumb\":{\"@id\":\"https:\/\/portalnpm.com\/index.php\/2021\/01\/13\/29545-2\/#breadcrumb\"},\"inLanguage\":\"pt-BR\",\"potentialAction\":[{\"@type\":\"ReadAction\",\"target\":[\"https:\/\/portalnpm.com\/index.php\/2021\/01\/13\/29545-2\/\"]}]},{\"@type\":\"ImageObject\",\"inLanguage\":\"pt-BR\",\"@id\":\"https:\/\/portalnpm.com\/index.php\/2021\/01\/13\/29545-2\/#primaryimage\",\"url\":\"https:\/\/portalnpm.com\/wp-content\/uploads\/2024\/01\/IMG-20210113-WA0342.jpg\",\"contentUrl\":\"https:\/\/portalnpm.com\/wp-content\/uploads\/2024\/01\/IMG-20210113-WA0342.jpg\",\"width\":993,\"height\":788},{\"@type\":\"BreadcrumbList\",\"@id\":\"https:\/\/portalnpm.com\/index.php\/2021\/01\/13\/29545-2\/#breadcrumb\",\"itemListElement\":[{\"@type\":\"ListItem\",\"position\":1,\"name\":\"In\u00edcio\",\"item\":\"https:\/\/portalnpm.com\/\"},{\"@type\":\"ListItem\",\"position\":2,\"name\":\"Coronel Viana pode se candidatar ao cargo de deputado em 2022\"}]},{\"@type\":\"WebSite\",\"@id\":\"https:\/\/portalnpm.com\/#website\",\"url\":\"https:\/\/portalnpm.com\/\",\"name\":\"Portal NPM\",\"description\":\"Not\u00edcias em Primeira M\u00e3o\",\"potentialAction\":[{\"@type\":\"SearchAction\",\"target\":{\"@type\":\"EntryPoint\",\"urlTemplate\":\"https:\/\/portalnpm.com\/?s={search_term_string}\"},\"query-input\":\"required name=search_term_string\"}],\"inLanguage\":\"pt-BR\"},{\"@type\":\"Person\",\"@id\":\"https:\/\/portalnpm.com\/#\/schema\/person\/5c8006acdf71774cd4e7a5ab98482152\",\"name\":\"Luis Alberto\",\"image\":{\"@type\":\"ImageObject\",\"inLanguage\":\"pt-BR\",\"@id\":\"https:\/\/portalnpm.com\/#\/schema\/person\/image\/\",\"url\":\"https:\/\/portalnpm.com\/wp-content\/uploads\/2024\/12\/avatar_user_3_1734699769-96x96.jpeg\",\"contentUrl\":\"https:\/\/portalnpm.com\/wp-content\/uploads\/2024\/12\/avatar_user_3_1734699769-96x96.jpeg\",\"caption\":\"Luis Alberto\"},\"description\":\"Editor-geral do Portal NPM, \u00e9 formado como T\u00e9cnico em Seguran\u00e7a do Trabalho pela Escola Metropolitana de Cursos T\u00e9cnicos. Det\u00e9m ainda licenciatura em Educa\u00e7\u00e3o F\u00edsica e bacharelado em Ci\u00eancias Pol\u00edticas, ambos obtidos pela institui\u00e7\u00e3o Anhanguera\/UNOPAR.\",\"url\":\"https:\/\/portalnpm.com\/index.php\/author\/pereira\/\"}]}<\/script>\n<!-- \/ Yoast SEO plugin. -->","yoast_head_json":{"title":"Coronel Viana pode se candidatar ao cargo de deputado em 2022","robots":{"index":"index","follow":"follow","max-snippet":"max-snippet:-1","max-image-preview":"max-image-preview:large","max-video-preview":"max-video-preview:-1"},"canonical":"https:\/\/portalnpm.com\/index.php\/2021\/01\/13\/29545-2\/","og_locale":"pt_BR","og_type":"article","og_title":"Coronel Viana pode se candidatar ao cargo de deputado em 2022","og_description":"O ex-comandante do 4\u00ba Batalh\u00e3o da Pol\u00edcia Militar em Picos, coronel Edwaldo Viana anunciou nesta quarta-feira (13) durante visita a feira livre do munic\u00edpio, considerada a segunda maior de todo o Nordeste, que estuda a possibilidade de se candidatar a deputado estadual ou federal em 2022. Acompanhado do empres\u00e1rio Junior Nobre, do filho e assessores, &hellip;","og_url":"https:\/\/portalnpm.com\/index.php\/2021\/01\/13\/29545-2\/","og_site_name":"Portal NPM","article_published_time":"2021-01-13T18:34:32+00:00","og_image":[{"width":993,"height":788,"url":"https:\/\/portalnpm.com\/wp-content\/uploads\/2024\/01\/IMG-20210113-WA0342.jpg","type":"image\/jpeg"}],"author":"Luis Alberto","twitter_card":"summary_large_image","twitter_misc":{"Escrito por":"Luis Alberto","Est. tempo de leitura":"1 minuto"},"schema":{"@context":"https:\/\/schema.org","@graph":[{"@type":"WebPage","@id":"https:\/\/portalnpm.com\/index.php\/2021\/01\/13\/29545-2\/","url":"https:\/\/portalnpm.com\/index.php\/2021\/01\/13\/29545-2\/","name":"Coronel Viana pode se candidatar ao cargo de deputado em 2022","isPartOf":{"@id":"https:\/\/portalnpm.com\/#website"},"primaryImageOfPage":{"@id":"https:\/\/portalnpm.com\/index.php\/2021\/01\/13\/29545-2\/#primaryimage"},"image":{"@id":"https:\/\/portalnpm.com\/index.php\/2021\/01\/13\/29545-2\/#primaryimage"},"thumbnailUrl":"https:\/\/portalnpm.com\/wp-content\/uploads\/2024\/01\/IMG-20210113-WA0342.jpg","datePublished":"2021-01-13T18:34:32+00:00","dateModified":"2021-01-13T18:34:32+00:00","author":{"@id":"https:\/\/portalnpm.com\/#\/schema\/person\/5c8006acdf71774cd4e7a5ab98482152"},"breadcrumb":{"@id":"https:\/\/portalnpm.com\/index.php\/2021\/01\/13\/29545-2\/#breadcrumb"},"inLanguage":"pt-BR","potentialAction":[{"@type":"ReadAction","target":["https:\/\/portalnpm.com\/index.php\/2021\/01\/13\/29545-2\/"]}]},{"@type":"ImageObject","inLanguage":"pt-BR","@id":"https:\/\/portalnpm.com\/index.php\/2021\/01\/13\/29545-2\/#primaryimage","url":"https:\/\/portalnpm.com\/wp-content\/uploads\/2024\/01\/IMG-20210113-WA0342.jpg","contentUrl":"https:\/\/portalnpm.com\/wp-content\/uploads\/2024\/01\/IMG-20210113-WA0342.jpg","width":993,"height":788},{"@type":"BreadcrumbList","@id":"https:\/\/portalnpm.com\/index.php\/2021\/01\/13\/29545-2\/#breadcrumb","itemListElement":[{"@type":"ListItem","position":1,"name":"In\u00edcio","item":"https:\/\/portalnpm.com\/"},{"@type":"ListItem","position":2,"name":"Coronel Viana pode se candidatar ao cargo de deputado em 2022"}]},{"@type":"WebSite","@id":"https:\/\/portalnpm.com\/#website","url":"https:\/\/portalnpm.com\/","name":"Portal NPM","description":"Not\u00edcias em Primeira M\u00e3o","potentialAction":[{"@type":"SearchAction","target":{"@type":"EntryPoint","urlTemplate":"https:\/\/portalnpm.com\/?s={search_term_string}"},"query-input":"required name=search_term_string"}],"inLanguage":"pt-BR"},{"@type":"Person","@id":"https:\/\/portalnpm.com\/#\/schema\/person\/5c8006acdf71774cd4e7a5ab98482152","name":"Luis Alberto","image":{"@type":"ImageObject","inLanguage":"pt-BR","@id":"https:\/\/portalnpm.com\/#\/schema\/person\/image\/","url":"https:\/\/portalnpm.com\/wp-content\/uploads\/2024\/12\/avatar_user_3_1734699769-96x96.jpeg","contentUrl":"https:\/\/portalnpm.com\/wp-content\/uploads\/2024\/12\/avatar_user_3_1734699769-96x96.jpeg","caption":"Luis Alberto"},"description":"Editor-geral do Portal NPM, \u00e9 formado como T\u00e9cnico em Seguran\u00e7a do Trabalho pela Escola Metropolitana de Cursos T\u00e9cnicos. Det\u00e9m ainda licenciatura em Educa\u00e7\u00e3o F\u00edsica e bacharelado em Ci\u00eancias Pol\u00edticas, ambos obtidos pela institui\u00e7\u00e3o Anhanguera\/UNOPAR.","url":"https:\/\/portalnpm.com\/index.php\/author\/pereira\/"}]}},"jetpack_sharing_enabled":true,"jetpack_featured_media_url":"https:\/\/portalnpm.com\/wp-content\/uploads\/2024\/01\/IMG-20210113-WA0342.jpg","_links":{"self":[{"href":"https:\/\/portalnpm.com\/index.php\/wp-json\/wp\/v2\/posts\/61381"}],"collection":[{"href":"https:\/\/portalnpm.com\/index.php\/wp-json\/wp\/v2\/posts"}],"about":[{"href":"https:\/\/portalnpm.com\/index.php\/wp-json\/wp\/v2\/types\/post"}],"author":[{"embeddable":true,"href":"https:\/\/portalnpm.com\/index.php\/wp-json\/wp\/v2\/users\/3"}],"replies":[{"embeddable":true,"href":"https:\/\/portalnpm.com\/index.php\/wp-json\/wp\/v2\/comments?post=61381"}],"version-history":[{"count":0,"href":"https:\/\/portalnpm.com\/index.php\/wp-json\/wp\/v2\/posts\/61381\/revisions"}],"wp:featuredmedia":[{"embeddable":true,"href":"https:\/\/portalnpm.com\/index.php\/wp-json\/wp\/v2\/media\/61382"}],"wp:attachment":[{"href":"https:\/\/portalnpm.com\/index.php\/wp-json\/wp\/v2\/media?parent=61381"}],"wp:term":[{"taxonomy":"category","embeddable":true,"href":"https:\/\/portalnpm.com\/index.php\/wp-json\/wp\/v2\/categories?post=61381"},{"taxonomy":"post_tag","embeddable":true,"href":"https:\/\/portalnpm.com\/index.php\/wp-json\/wp\/v2\/tags?post=61381"}],"curies":[{"name":"wp","href":"https:\/\/api.w.org\/{rel}","templated":true}]}}