{"id":61391,"date":"2021-01-13T19:56:02","date_gmt":"2021-01-13T22:56:02","guid":{"rendered":"https:\/\/portalnpm.com\/index.php\/2021\/01\/13\/ministerio-da-saude-pretende-iniciar-vacinacao-contra-coronavirus-no-dia-19-em-brasilia\/"},"modified":"2021-01-13T19:56:02","modified_gmt":"2021-01-13T22:56:02","slug":"ministerio-da-saude-pretende-iniciar-vacinacao-contra-coronavirus-no-dia-19-em-brasilia","status":"publish","type":"post","link":"https:\/\/portalnpm.com\/index.php\/2021\/01\/13\/ministerio-da-saude-pretende-iniciar-vacinacao-contra-coronavirus-no-dia-19-em-brasilia\/","title":{"rendered":"Minist\u00e9rio da Sa\u00fade pretende iniciar vacina\u00e7\u00e3o contra coronav\u00edrus no dia 19 em Bras\u00edlia"},"content":{"rendered":"<p style=\"text-align: justify;\">O Minist\u00e9rio da Sa\u00fade estuda iniciar a vacina\u00e7\u00e3o contra a Covid-19 na pr\u00f3xima ter\u00e7a-feira (19) em um evento com governadores no Pal\u00e1cio do Planalto em Bras\u00edlia. A ideia \u00e9 que os primeiros vacinados sejam um idoso e um profissional de sa\u00fade. As informa\u00e7\u00f5es s\u00e3o da Folha de S. Paulo.<\/p>\n<p style=\"text-align: justify;\">\n<p style=\"text-align: justify;\">\n<p style=\"text-align: justify;\">A decis\u00e3o depende do aval da Ag\u00eancia Nacional de Vigil\u00e2ncia Sanit\u00e1ria (Anvisa), que disse que vai decidir no pr\u00f3ximo domingo (17) sobre a libera\u00e7\u00e3o do uso emergencial das vacinas Coronavac, do Instituto Butantan, e de Oxford, feita em parceria com a Funda\u00e7\u00e3o Oswaldo Cruz (Fiocruz).<\/p>\n<p style=\"text-align: justify;\">O Pal\u00e1cio do Planalto est\u00e3o em d\u00favida da realiza\u00e7\u00e3o do evento, j\u00e1 que o presidente Jair Bolsonaro j\u00e1 disse que n\u00e3o pretende tomar a vacina.<\/p>\n<p style=\"text-align: justify;\">Via isto \u00e9<\/p>\n","protected":false},"excerpt":{"rendered":"<p>O Minist\u00e9rio da Sa\u00fade estuda iniciar a vacina\u00e7\u00e3o contra a Covid-19 na pr\u00f3xima ter\u00e7a-feira (19) em um evento com governadores no Pal\u00e1cio do Planalto em Bras\u00edlia. A ideia \u00e9 que os primeiros vacinados sejam um idoso e um profissional de sa\u00fade. As informa\u00e7\u00f5es s\u00e3o da Folha de S. Paulo. A decis\u00e3o depende do aval da &hellip;<\/p>\n","protected":false},"author":2,"featured_media":61392,"comment_status":"open","ping_status":"open","sticky":false,"template":"","format":"standard","meta":{"content-type":"","rop_custom_images_group":[],"rop_custom_messages_group":[],"rop_publish_now":"initial","rop_publish_now_accounts":{"facebook_2648258775420054_1618374048415101":""},"rop_publish_now_history":[],"rop_publish_now_status":"pending","footnotes":"","_jetpack_memberships_contains_paid_content":false},"categories":[384],"tags":[8998,6642,8999,472],"yoast_head":"<!-- This site is optimized with the Yoast SEO plugin v22.3 - https:\/\/yoast.com\/wordpress\/plugins\/seo\/ -->\n<title>Minist\u00e9rio da Sa\u00fade pretende iniciar vacina\u00e7\u00e3o contra coronav\u00edrus no dia 19 em Bras\u00edlia<\/title>\n<meta name=\"robots\" content=\"index, follow, max-snippet:-1, max-image-preview:large, max-video-preview:-1\" \/>\n<link rel=\"canonical\" href=\"https:\/\/portalnpm.com\/index.php\/2021\/01\/13\/ministerio-da-saude-pretende-iniciar-vacinacao-contra-coronavirus-no-dia-19-em-brasilia\/\" \/>\n<meta property=\"og:locale\" content=\"pt_BR\" \/>\n<meta property=\"og:type\" content=\"article\" \/>\n<meta property=\"og:title\" content=\"Minist\u00e9rio da Sa\u00fade pretende iniciar vacina\u00e7\u00e3o contra coronav\u00edrus no dia 19 em Bras\u00edlia\" \/>\n<meta property=\"og:description\" content=\"O Minist\u00e9rio da Sa\u00fade estuda iniciar a vacina\u00e7\u00e3o contra a Covid-19 na pr\u00f3xima ter\u00e7a-feira (19) em um evento com governadores no Pal\u00e1cio do Planalto em Bras\u00edlia. A ideia \u00e9 que os primeiros vacinados sejam um idoso e um profissional de sa\u00fade. As informa\u00e7\u00f5es s\u00e3o da Folha de S. Paulo. A decis\u00e3o depende do aval da &hellip;\" \/>\n<meta property=\"og:url\" content=\"https:\/\/portalnpm.com\/index.php\/2021\/01\/13\/ministerio-da-saude-pretende-iniciar-vacinacao-contra-coronavirus-no-dia-19-em-brasilia\/\" \/>\n<meta property=\"og:site_name\" content=\"Portal NPM\" \/>\n<meta property=\"article:published_time\" content=\"2021-01-13T22:56:02+00:00\" \/>\n<meta property=\"og:image\" content=\"https:\/\/portalnpm.com\/wp-content\/uploads\/2024\/01\/Covid-vacina-contra-a-covid-19-cau.jpg\" \/>\n\t<meta property=\"og:image:width\" content=\"450\" \/>\n\t<meta property=\"og:image:height\" content=\"337\" \/>\n\t<meta property=\"og:image:type\" content=\"image\/jpeg\" \/>\n<meta name=\"author\" content=\"Genival Barbosa\" \/>\n<meta name=\"twitter:card\" content=\"summary_large_image\" \/>\n<meta name=\"twitter:label1\" content=\"Escrito por\" \/>\n\t<meta name=\"twitter:data1\" content=\"Genival Barbosa\" \/>\n\t<meta name=\"twitter:label2\" content=\"Est. tempo de leitura\" \/>\n\t<meta name=\"twitter:data2\" content=\"1 minuto\" \/>\n<script type=\"application\/ld+json\" class=\"yoast-schema-graph\">{\"@context\":\"https:\/\/schema.org\",\"@graph\":[{\"@type\":\"WebPage\",\"@id\":\"https:\/\/portalnpm.com\/index.php\/2021\/01\/13\/ministerio-da-saude-pretende-iniciar-vacinacao-contra-coronavirus-no-dia-19-em-brasilia\/\",\"url\":\"https:\/\/portalnpm.com\/index.php\/2021\/01\/13\/ministerio-da-saude-pretende-iniciar-vacinacao-contra-coronavirus-no-dia-19-em-brasilia\/\",\"name\":\"Minist\u00e9rio da Sa\u00fade pretende iniciar vacina\u00e7\u00e3o contra coronav\u00edrus no dia 19 em Bras\u00edlia\",\"isPartOf\":{\"@id\":\"https:\/\/portalnpm.com\/#website\"},\"primaryImageOfPage\":{\"@id\":\"https:\/\/portalnpm.com\/index.php\/2021\/01\/13\/ministerio-da-saude-pretende-iniciar-vacinacao-contra-coronavirus-no-dia-19-em-brasilia\/#primaryimage\"},\"image\":{\"@id\":\"https:\/\/portalnpm.com\/index.php\/2021\/01\/13\/ministerio-da-saude-pretende-iniciar-vacinacao-contra-coronavirus-no-dia-19-em-brasilia\/#primaryimage\"},\"thumbnailUrl\":\"https:\/\/portalnpm.com\/wp-content\/uploads\/2024\/01\/Covid-vacina-contra-a-covid-19-cau.jpg\",\"datePublished\":\"2021-01-13T22:56:02+00:00\",\"dateModified\":\"2021-01-13T22:56:02+00:00\",\"author\":{\"@id\":\"https:\/\/portalnpm.com\/#\/schema\/person\/49313e563cfdefcc167f1ee4c017c294\"},\"breadcrumb\":{\"@id\":\"https:\/\/portalnpm.com\/index.php\/2021\/01\/13\/ministerio-da-saude-pretende-iniciar-vacinacao-contra-coronavirus-no-dia-19-em-brasilia\/#breadcrumb\"},\"inLanguage\":\"pt-BR\",\"potentialAction\":[{\"@type\":\"ReadAction\",\"target\":[\"https:\/\/portalnpm.com\/index.php\/2021\/01\/13\/ministerio-da-saude-pretende-iniciar-vacinacao-contra-coronavirus-no-dia-19-em-brasilia\/\"]}]},{\"@type\":\"ImageObject\",\"inLanguage\":\"pt-BR\",\"@id\":\"https:\/\/portalnpm.com\/index.php\/2021\/01\/13\/ministerio-da-saude-pretende-iniciar-vacinacao-contra-coronavirus-no-dia-19-em-brasilia\/#primaryimage\",\"url\":\"https:\/\/portalnpm.com\/wp-content\/uploads\/2024\/01\/Covid-vacina-contra-a-covid-19-cau.jpg\",\"contentUrl\":\"https:\/\/portalnpm.com\/wp-content\/uploads\/2024\/01\/Covid-vacina-contra-a-covid-19-cau.jpg\",\"width\":450,\"height\":337},{\"@type\":\"BreadcrumbList\",\"@id\":\"https:\/\/portalnpm.com\/index.php\/2021\/01\/13\/ministerio-da-saude-pretende-iniciar-vacinacao-contra-coronavirus-no-dia-19-em-brasilia\/#breadcrumb\",\"itemListElement\":[{\"@type\":\"ListItem\",\"position\":1,\"name\":\"In\u00edcio\",\"item\":\"https:\/\/portalnpm.com\/\"},{\"@type\":\"ListItem\",\"position\":2,\"name\":\"Minist\u00e9rio da Sa\u00fade pretende iniciar vacina\u00e7\u00e3o contra coronav\u00edrus no dia 19 em Bras\u00edlia\"}]},{\"@type\":\"WebSite\",\"@id\":\"https:\/\/portalnpm.com\/#website\",\"url\":\"https:\/\/portalnpm.com\/\",\"name\":\"Portal NPM\",\"description\":\"Not\u00edcias em Primeira M\u00e3o\",\"potentialAction\":[{\"@type\":\"SearchAction\",\"target\":{\"@type\":\"EntryPoint\",\"urlTemplate\":\"https:\/\/portalnpm.com\/?s={search_term_string}\"},\"query-input\":\"required name=search_term_string\"}],\"inLanguage\":\"pt-BR\"},{\"@type\":\"Person\",\"@id\":\"https:\/\/portalnpm.com\/#\/schema\/person\/49313e563cfdefcc167f1ee4c017c294\",\"name\":\"Genival Barbosa\",\"image\":{\"@type\":\"ImageObject\",\"inLanguage\":\"pt-BR\",\"@id\":\"https:\/\/portalnpm.com\/#\/schema\/person\/image\/\",\"url\":\"https:\/\/portalnpm.com\/wp-content\/uploads\/2024\/02\/avatar_user_2_1707743258-96x96.jpeg\",\"contentUrl\":\"https:\/\/portalnpm.com\/wp-content\/uploads\/2024\/02\/avatar_user_2_1707743258-96x96.jpeg\",\"caption\":\"Genival Barbosa\"},\"url\":\"https:\/\/portalnpm.com\/index.php\/author\/genival\/\"}]}<\/script>\n<!-- \/ Yoast SEO plugin. -->","yoast_head_json":{"title":"Minist\u00e9rio da Sa\u00fade pretende iniciar vacina\u00e7\u00e3o contra coronav\u00edrus no dia 19 em Bras\u00edlia","robots":{"index":"index","follow":"follow","max-snippet":"max-snippet:-1","max-image-preview":"max-image-preview:large","max-video-preview":"max-video-preview:-1"},"canonical":"https:\/\/portalnpm.com\/index.php\/2021\/01\/13\/ministerio-da-saude-pretende-iniciar-vacinacao-contra-coronavirus-no-dia-19-em-brasilia\/","og_locale":"pt_BR","og_type":"article","og_title":"Minist\u00e9rio da Sa\u00fade pretende iniciar vacina\u00e7\u00e3o contra coronav\u00edrus no dia 19 em Bras\u00edlia","og_description":"O Minist\u00e9rio da Sa\u00fade estuda iniciar a vacina\u00e7\u00e3o contra a Covid-19 na pr\u00f3xima ter\u00e7a-feira (19) em um evento com governadores no Pal\u00e1cio do Planalto em Bras\u00edlia. A ideia \u00e9 que os primeiros vacinados sejam um idoso e um profissional de sa\u00fade. As informa\u00e7\u00f5es s\u00e3o da Folha de S. Paulo. A decis\u00e3o depende do aval da &hellip;","og_url":"https:\/\/portalnpm.com\/index.php\/2021\/01\/13\/ministerio-da-saude-pretende-iniciar-vacinacao-contra-coronavirus-no-dia-19-em-brasilia\/","og_site_name":"Portal NPM","article_published_time":"2021-01-13T22:56:02+00:00","og_image":[{"width":450,"height":337,"url":"https:\/\/portalnpm.com\/wp-content\/uploads\/2024\/01\/Covid-vacina-contra-a-covid-19-cau.jpg","type":"image\/jpeg"}],"author":"Genival Barbosa","twitter_card":"summary_large_image","twitter_misc":{"Escrito por":"Genival Barbosa","Est. tempo de leitura":"1 minuto"},"schema":{"@context":"https:\/\/schema.org","@graph":[{"@type":"WebPage","@id":"https:\/\/portalnpm.com\/index.php\/2021\/01\/13\/ministerio-da-saude-pretende-iniciar-vacinacao-contra-coronavirus-no-dia-19-em-brasilia\/","url":"https:\/\/portalnpm.com\/index.php\/2021\/01\/13\/ministerio-da-saude-pretende-iniciar-vacinacao-contra-coronavirus-no-dia-19-em-brasilia\/","name":"Minist\u00e9rio da Sa\u00fade pretende iniciar vacina\u00e7\u00e3o contra coronav\u00edrus no dia 19 em Bras\u00edlia","isPartOf":{"@id":"https:\/\/portalnpm.com\/#website"},"primaryImageOfPage":{"@id":"https:\/\/portalnpm.com\/index.php\/2021\/01\/13\/ministerio-da-saude-pretende-iniciar-vacinacao-contra-coronavirus-no-dia-19-em-brasilia\/#primaryimage"},"image":{"@id":"https:\/\/portalnpm.com\/index.php\/2021\/01\/13\/ministerio-da-saude-pretende-iniciar-vacinacao-contra-coronavirus-no-dia-19-em-brasilia\/#primaryimage"},"thumbnailUrl":"https:\/\/portalnpm.com\/wp-content\/uploads\/2024\/01\/Covid-vacina-contra-a-covid-19-cau.jpg","datePublished":"2021-01-13T22:56:02+00:00","dateModified":"2021-01-13T22:56:02+00:00","author":{"@id":"https:\/\/portalnpm.com\/#\/schema\/person\/49313e563cfdefcc167f1ee4c017c294"},"breadcrumb":{"@id":"https:\/\/portalnpm.com\/index.php\/2021\/01\/13\/ministerio-da-saude-pretende-iniciar-vacinacao-contra-coronavirus-no-dia-19-em-brasilia\/#breadcrumb"},"inLanguage":"pt-BR","potentialAction":[{"@type":"ReadAction","target":["https:\/\/portalnpm.com\/index.php\/2021\/01\/13\/ministerio-da-saude-pretende-iniciar-vacinacao-contra-coronavirus-no-dia-19-em-brasilia\/"]}]},{"@type":"ImageObject","inLanguage":"pt-BR","@id":"https:\/\/portalnpm.com\/index.php\/2021\/01\/13\/ministerio-da-saude-pretende-iniciar-vacinacao-contra-coronavirus-no-dia-19-em-brasilia\/#primaryimage","url":"https:\/\/portalnpm.com\/wp-content\/uploads\/2024\/01\/Covid-vacina-contra-a-covid-19-cau.jpg","contentUrl":"https:\/\/portalnpm.com\/wp-content\/uploads\/2024\/01\/Covid-vacina-contra-a-covid-19-cau.jpg","width":450,"height":337},{"@type":"BreadcrumbList","@id":"https:\/\/portalnpm.com\/index.php\/2021\/01\/13\/ministerio-da-saude-pretende-iniciar-vacinacao-contra-coronavirus-no-dia-19-em-brasilia\/#breadcrumb","itemListElement":[{"@type":"ListItem","position":1,"name":"In\u00edcio","item":"https:\/\/portalnpm.com\/"},{"@type":"ListItem","position":2,"name":"Minist\u00e9rio da Sa\u00fade pretende iniciar vacina\u00e7\u00e3o contra coronav\u00edrus no dia 19 em Bras\u00edlia"}]},{"@type":"WebSite","@id":"https:\/\/portalnpm.com\/#website","url":"https:\/\/portalnpm.com\/","name":"Portal NPM","description":"Not\u00edcias em Primeira M\u00e3o","potentialAction":[{"@type":"SearchAction","target":{"@type":"EntryPoint","urlTemplate":"https:\/\/portalnpm.com\/?s={search_term_string}"},"query-input":"required name=search_term_string"}],"inLanguage":"pt-BR"},{"@type":"Person","@id":"https:\/\/portalnpm.com\/#\/schema\/person\/49313e563cfdefcc167f1ee4c017c294","name":"Genival Barbosa","image":{"@type":"ImageObject","inLanguage":"pt-BR","@id":"https:\/\/portalnpm.com\/#\/schema\/person\/image\/","url":"https:\/\/portalnpm.com\/wp-content\/uploads\/2024\/02\/avatar_user_2_1707743258-96x96.jpeg","contentUrl":"https:\/\/portalnpm.com\/wp-content\/uploads\/2024\/02\/avatar_user_2_1707743258-96x96.jpeg","caption":"Genival Barbosa"},"url":"https:\/\/portalnpm.com\/index.php\/author\/genival\/"}]}},"jetpack_sharing_enabled":true,"jetpack_featured_media_url":"https:\/\/portalnpm.com\/wp-content\/uploads\/2024\/01\/Covid-vacina-contra-a-covid-19-cau.jpg","_links":{"self":[{"href":"https:\/\/portalnpm.com\/index.php\/wp-json\/wp\/v2\/posts\/61391"}],"collection":[{"href":"https:\/\/portalnpm.com\/index.php\/wp-json\/wp\/v2\/posts"}],"about":[{"href":"https:\/\/portalnpm.com\/index.php\/wp-json\/wp\/v2\/types\/post"}],"author":[{"embeddable":true,"href":"https:\/\/portalnpm.com\/index.php\/wp-json\/wp\/v2\/users\/2"}],"replies":[{"embeddable":true,"href":"https:\/\/portalnpm.com\/index.php\/wp-json\/wp\/v2\/comments?post=61391"}],"version-history":[{"count":0,"href":"https:\/\/portalnpm.com\/index.php\/wp-json\/wp\/v2\/posts\/61391\/revisions"}],"wp:featuredmedia":[{"embeddable":true,"href":"https:\/\/portalnpm.com\/index.php\/wp-json\/wp\/v2\/media\/61392"}],"wp:attachment":[{"href":"https:\/\/portalnpm.com\/index.php\/wp-json\/wp\/v2\/media?parent=61391"}],"wp:term":[{"taxonomy":"category","embeddable":true,"href":"https:\/\/portalnpm.com\/index.php\/wp-json\/wp\/v2\/categories?post=61391"},{"taxonomy":"post_tag","embeddable":true,"href":"https:\/\/portalnpm.com\/index.php\/wp-json\/wp\/v2\/tags?post=61391"}],"curies":[{"name":"wp","href":"https:\/\/api.w.org\/{rel}","templated":true}]}}