{"id":61507,"date":"2021-01-16T09:43:16","date_gmt":"2021-01-16T12:43:16","guid":{"rendered":"https:\/\/portalnpm.com\/index.php\/2021\/01\/16\/suplente-de-vereador-mate-e-empossado-na-camara-municipal-de-picos\/"},"modified":"2024-01-15T22:37:56","modified_gmt":"2024-01-16T01:37:56","slug":"suplente-de-vereador-mate-e-empossado-na-camara-municipal-de-picos","status":"publish","type":"post","link":"https:\/\/portalnpm.com\/index.php\/2021\/01\/16\/suplente-de-vereador-mate-e-empossado-na-camara-municipal-de-picos\/","title":{"rendered":"Suplente de vereador Mat\u00e9 \u00e9 empossado na C\u00e2mara Municipal de Picos"},"content":{"rendered":"<p><p style=\"text-align: justify;\">Na manh&atilde; desta sexta-feira, 15, uma cerim&ocirc;nia realizada na sala de reuni&otilde;es da C&acirc;mara Municipal de Picos, empossou o suplente de vereador Jos&eacute; Arimatea Luz, o Mat&eacute; (PP).<\/p>\n<p style=\"text-align: justify;\">\n<p style=\"text-align: justify;\">\n<p style=\"text-align: justify;\">A mesma foi conduzida pelo presidente da Casa Legislativa, vereador Francisco das Chagas de Sousa, o Chaguinha (PTB), e contou com a participa&ccedil;&atilde;o de importantes lideran&ccedil;as pol&iacute;ticas do munic&iacute;pio, como do deputado Nerinho (PTB), da vice-prefeita e secret&aacute;ria municipal de governo, Xand&uacute; Neri (PTB); dos vereadores Filomeno Portela, Dalva Moc&oacute;, Gilson Nunes, Pedro Pio e Renato.<\/p>\n<p style=\"text-align: justify;\"><img decoding=\"async\" src=\"https:\/\/portalnpm.com\/wp-content\/uploads\/2024\/01\/IMG_9622(1).jpeg\" alt=\"\"><\/p>\n<p style=\"text-align: justify;\">Tamb&eacute;m participaram do evento secret&aacute;rios municipais e familiares do rec&eacute;m empossado.<\/p>\n<p style=\"text-align: justify;\"><img decoding=\"async\" src=\"https:\/\/portalnpm.com\/wp-content\/uploads\/2024\/01\/IMG_9653.jpeg\" alt=\"\"><\/p>\n<p style=\"text-align: justify;\">&ldquo;Pedimos sa&uacute;de e a permiss&atilde;o de Deus para continuar fazendo o trabalho, que j&aacute; vinha fazendo ao longo desses 8 anos na C&acirc;mara Municipal de Picos, que &eacute; procurar melhorias, encaminhar projetos e requerimentos, que venham de encontro a popula&ccedil;&atilde;o picoense, e tamb&eacute;m, dar assist&ecirc;ncia para os mais pobres, os mais necessitados, para que possamos continuar fazendo este grande trabalho na C&acirc;mara Municipal de Picos&rdquo;, afirmou Mat&eacute;.<\/p>\n<p style=\"text-align: justify;\"><img decoding=\"async\" src=\"https:\/\/portalnpm.com\/wp-content\/uploads\/2024\/01\/IMG_9662.jpeg\" alt=\"\"><\/p>\n<p style=\"text-align: justify;\">O progressista ainda comentou que vai trabalhar em conjunto com o executivo. &ldquo;Estamos aqui para ajudar a administra&ccedil;&atilde;o, vamos continuar com essa determina&ccedil;&atilde;o em sintonia com o Executivo para que possamos fazer o melhor para a cidade de Picos&rdquo;.<\/p>\n<p style=\"text-align: justify;\"><img decoding=\"async\" src=\"https:\/\/portalnpm.com\/wp-content\/uploads\/2024\/01\/IMG_0985.JPG\" alt=\"\"><\/p>\n<p style=\"text-align: justify;\">Fonte:&nbsp; Ascom<\/p><\/p>\n","protected":false},"excerpt":{"rendered":"<p>Na manh&atilde; desta sexta-feira, 15, uma cerim&ocirc;nia realizada na sala de reuni&otilde;es da C&acirc;mara Municipal de Picos, empossou o suplente de vereador Jos&eacute; Arimatea Luz, o Mat&eacute; (PP). A mesma foi conduzida pelo presidente da Casa Legislativa, vereador Francisco das Chagas de Sousa, o Chaguinha (PTB), e contou com a participa&ccedil;&atilde;o de importantes lideran&ccedil;as pol&iacute;ticas &hellip;<\/p>\n","protected":false},"author":2,"featured_media":61508,"comment_status":"open","ping_status":"open","sticky":false,"template":"","format":"standard","meta":{"content-type":"","rop_custom_images_group":[],"rop_custom_messages_group":[],"rop_publish_now":"initial","rop_publish_now_accounts":{"facebook_2648258775420054_1618374048415101":""},"rop_publish_now_history":[],"rop_publish_now_status":"pending","footnotes":"","_jetpack_memberships_contains_paid_content":false},"categories":[109,127],"tags":[1445,5972,9049,5791],"yoast_head":"<!-- This site is optimized with the Yoast SEO plugin v22.3 - https:\/\/yoast.com\/wordpress\/plugins\/seo\/ -->\n<title>Suplente de vereador Mat\u00e9 \u00e9 empossado na C\u00e2mara Municipal de Picos<\/title>\n<meta name=\"robots\" content=\"index, follow, max-snippet:-1, max-image-preview:large, max-video-preview:-1\" \/>\n<link rel=\"canonical\" href=\"https:\/\/portalnpm.com\/index.php\/2021\/01\/16\/suplente-de-vereador-mate-e-empossado-na-camara-municipal-de-picos\/\" \/>\n<meta property=\"og:locale\" content=\"pt_BR\" \/>\n<meta property=\"og:type\" content=\"article\" \/>\n<meta property=\"og:title\" content=\"Suplente de vereador Mat\u00e9 \u00e9 empossado na C\u00e2mara Municipal de Picos\" \/>\n<meta property=\"og:description\" content=\"Na manh&atilde; desta sexta-feira, 15, uma cerim&ocirc;nia realizada na sala de reuni&otilde;es da C&acirc;mara Municipal de Picos, empossou o suplente de vereador Jos&eacute; Arimatea Luz, o Mat&eacute; (PP). A mesma foi conduzida pelo presidente da Casa Legislativa, vereador Francisco das Chagas de Sousa, o Chaguinha (PTB), e contou com a participa&ccedil;&atilde;o de importantes lideran&ccedil;as pol&iacute;ticas &hellip;\" \/>\n<meta property=\"og:url\" content=\"https:\/\/portalnpm.com\/index.php\/2021\/01\/16\/suplente-de-vereador-mate-e-empossado-na-camara-municipal-de-picos\/\" \/>\n<meta property=\"og:site_name\" content=\"Portal NPM\" \/>\n<meta property=\"article:published_time\" content=\"2021-01-16T12:43:16+00:00\" \/>\n<meta property=\"article:modified_time\" content=\"2024-01-16T01:37:56+00:00\" \/>\n<meta property=\"og:image\" content=\"https:\/\/portalnpm.com\/wp-content\/uploads\/2024\/01\/afb6020d6e2c931af78436653645.jpg\" \/>\n\t<meta property=\"og:image:width\" content=\"800\" \/>\n\t<meta property=\"og:image:height\" content=\"533\" \/>\n\t<meta property=\"og:image:type\" content=\"image\/jpeg\" \/>\n<meta name=\"author\" content=\"Genival Barbosa\" \/>\n<meta name=\"twitter:card\" content=\"summary_large_image\" \/>\n<meta name=\"twitter:label1\" content=\"Escrito por\" \/>\n\t<meta name=\"twitter:data1\" content=\"Genival Barbosa\" \/>\n\t<meta name=\"twitter:label2\" content=\"Est. tempo de leitura\" \/>\n\t<meta name=\"twitter:data2\" content=\"1 minuto\" \/>\n<script type=\"application\/ld+json\" class=\"yoast-schema-graph\">{\"@context\":\"https:\/\/schema.org\",\"@graph\":[{\"@type\":\"WebPage\",\"@id\":\"https:\/\/portalnpm.com\/index.php\/2021\/01\/16\/suplente-de-vereador-mate-e-empossado-na-camara-municipal-de-picos\/\",\"url\":\"https:\/\/portalnpm.com\/index.php\/2021\/01\/16\/suplente-de-vereador-mate-e-empossado-na-camara-municipal-de-picos\/\",\"name\":\"Suplente de vereador Mat\u00e9 \u00e9 empossado na C\u00e2mara Municipal de Picos\",\"isPartOf\":{\"@id\":\"https:\/\/portalnpm.com\/#website\"},\"primaryImageOfPage\":{\"@id\":\"https:\/\/portalnpm.com\/index.php\/2021\/01\/16\/suplente-de-vereador-mate-e-empossado-na-camara-municipal-de-picos\/#primaryimage\"},\"image\":{\"@id\":\"https:\/\/portalnpm.com\/index.php\/2021\/01\/16\/suplente-de-vereador-mate-e-empossado-na-camara-municipal-de-picos\/#primaryimage\"},\"thumbnailUrl\":\"https:\/\/portalnpm.com\/wp-content\/uploads\/2024\/01\/afb6020d6e2c931af78436653645.jpg\",\"datePublished\":\"2021-01-16T12:43:16+00:00\",\"dateModified\":\"2024-01-16T01:37:56+00:00\",\"author\":{\"@id\":\"https:\/\/portalnpm.com\/#\/schema\/person\/49313e563cfdefcc167f1ee4c017c294\"},\"breadcrumb\":{\"@id\":\"https:\/\/portalnpm.com\/index.php\/2021\/01\/16\/suplente-de-vereador-mate-e-empossado-na-camara-municipal-de-picos\/#breadcrumb\"},\"inLanguage\":\"pt-BR\",\"potentialAction\":[{\"@type\":\"ReadAction\",\"target\":[\"https:\/\/portalnpm.com\/index.php\/2021\/01\/16\/suplente-de-vereador-mate-e-empossado-na-camara-municipal-de-picos\/\"]}]},{\"@type\":\"ImageObject\",\"inLanguage\":\"pt-BR\",\"@id\":\"https:\/\/portalnpm.com\/index.php\/2021\/01\/16\/suplente-de-vereador-mate-e-empossado-na-camara-municipal-de-picos\/#primaryimage\",\"url\":\"https:\/\/portalnpm.com\/wp-content\/uploads\/2024\/01\/afb6020d6e2c931af78436653645.jpg\",\"contentUrl\":\"https:\/\/portalnpm.com\/wp-content\/uploads\/2024\/01\/afb6020d6e2c931af78436653645.jpg\",\"width\":800,\"height\":533},{\"@type\":\"BreadcrumbList\",\"@id\":\"https:\/\/portalnpm.com\/index.php\/2021\/01\/16\/suplente-de-vereador-mate-e-empossado-na-camara-municipal-de-picos\/#breadcrumb\",\"itemListElement\":[{\"@type\":\"ListItem\",\"position\":1,\"name\":\"In\u00edcio\",\"item\":\"https:\/\/portalnpm.com\/\"},{\"@type\":\"ListItem\",\"position\":2,\"name\":\"Suplente de vereador Mat\u00e9 \u00e9 empossado na C\u00e2mara Municipal de Picos\"}]},{\"@type\":\"WebSite\",\"@id\":\"https:\/\/portalnpm.com\/#website\",\"url\":\"https:\/\/portalnpm.com\/\",\"name\":\"Portal NPM\",\"description\":\"Not\u00edcias em Primeira M\u00e3o\",\"potentialAction\":[{\"@type\":\"SearchAction\",\"target\":{\"@type\":\"EntryPoint\",\"urlTemplate\":\"https:\/\/portalnpm.com\/?s={search_term_string}\"},\"query-input\":\"required name=search_term_string\"}],\"inLanguage\":\"pt-BR\"},{\"@type\":\"Person\",\"@id\":\"https:\/\/portalnpm.com\/#\/schema\/person\/49313e563cfdefcc167f1ee4c017c294\",\"name\":\"Genival Barbosa\",\"image\":{\"@type\":\"ImageObject\",\"inLanguage\":\"pt-BR\",\"@id\":\"https:\/\/portalnpm.com\/#\/schema\/person\/image\/\",\"url\":\"https:\/\/portalnpm.com\/wp-content\/uploads\/2024\/02\/avatar_user_2_1707743258-96x96.jpeg\",\"contentUrl\":\"https:\/\/portalnpm.com\/wp-content\/uploads\/2024\/02\/avatar_user_2_1707743258-96x96.jpeg\",\"caption\":\"Genival Barbosa\"},\"url\":\"https:\/\/portalnpm.com\/index.php\/author\/genival\/\"}]}<\/script>\n<!-- \/ Yoast SEO plugin. -->","yoast_head_json":{"title":"Suplente de vereador Mat\u00e9 \u00e9 empossado na C\u00e2mara Municipal de Picos","robots":{"index":"index","follow":"follow","max-snippet":"max-snippet:-1","max-image-preview":"max-image-preview:large","max-video-preview":"max-video-preview:-1"},"canonical":"https:\/\/portalnpm.com\/index.php\/2021\/01\/16\/suplente-de-vereador-mate-e-empossado-na-camara-municipal-de-picos\/","og_locale":"pt_BR","og_type":"article","og_title":"Suplente de vereador Mat\u00e9 \u00e9 empossado na C\u00e2mara Municipal de Picos","og_description":"Na manh&atilde; desta sexta-feira, 15, uma cerim&ocirc;nia realizada na sala de reuni&otilde;es da C&acirc;mara Municipal de Picos, empossou o suplente de vereador Jos&eacute; Arimatea Luz, o Mat&eacute; (PP). A mesma foi conduzida pelo presidente da Casa Legislativa, vereador Francisco das Chagas de Sousa, o Chaguinha (PTB), e contou com a participa&ccedil;&atilde;o de importantes lideran&ccedil;as pol&iacute;ticas &hellip;","og_url":"https:\/\/portalnpm.com\/index.php\/2021\/01\/16\/suplente-de-vereador-mate-e-empossado-na-camara-municipal-de-picos\/","og_site_name":"Portal NPM","article_published_time":"2021-01-16T12:43:16+00:00","article_modified_time":"2024-01-16T01:37:56+00:00","og_image":[{"width":800,"height":533,"url":"https:\/\/portalnpm.com\/wp-content\/uploads\/2024\/01\/afb6020d6e2c931af78436653645.jpg","type":"image\/jpeg"}],"author":"Genival Barbosa","twitter_card":"summary_large_image","twitter_misc":{"Escrito por":"Genival Barbosa","Est. tempo de leitura":"1 minuto"},"schema":{"@context":"https:\/\/schema.org","@graph":[{"@type":"WebPage","@id":"https:\/\/portalnpm.com\/index.php\/2021\/01\/16\/suplente-de-vereador-mate-e-empossado-na-camara-municipal-de-picos\/","url":"https:\/\/portalnpm.com\/index.php\/2021\/01\/16\/suplente-de-vereador-mate-e-empossado-na-camara-municipal-de-picos\/","name":"Suplente de vereador Mat\u00e9 \u00e9 empossado na C\u00e2mara Municipal de Picos","isPartOf":{"@id":"https:\/\/portalnpm.com\/#website"},"primaryImageOfPage":{"@id":"https:\/\/portalnpm.com\/index.php\/2021\/01\/16\/suplente-de-vereador-mate-e-empossado-na-camara-municipal-de-picos\/#primaryimage"},"image":{"@id":"https:\/\/portalnpm.com\/index.php\/2021\/01\/16\/suplente-de-vereador-mate-e-empossado-na-camara-municipal-de-picos\/#primaryimage"},"thumbnailUrl":"https:\/\/portalnpm.com\/wp-content\/uploads\/2024\/01\/afb6020d6e2c931af78436653645.jpg","datePublished":"2021-01-16T12:43:16+00:00","dateModified":"2024-01-16T01:37:56+00:00","author":{"@id":"https:\/\/portalnpm.com\/#\/schema\/person\/49313e563cfdefcc167f1ee4c017c294"},"breadcrumb":{"@id":"https:\/\/portalnpm.com\/index.php\/2021\/01\/16\/suplente-de-vereador-mate-e-empossado-na-camara-municipal-de-picos\/#breadcrumb"},"inLanguage":"pt-BR","potentialAction":[{"@type":"ReadAction","target":["https:\/\/portalnpm.com\/index.php\/2021\/01\/16\/suplente-de-vereador-mate-e-empossado-na-camara-municipal-de-picos\/"]}]},{"@type":"ImageObject","inLanguage":"pt-BR","@id":"https:\/\/portalnpm.com\/index.php\/2021\/01\/16\/suplente-de-vereador-mate-e-empossado-na-camara-municipal-de-picos\/#primaryimage","url":"https:\/\/portalnpm.com\/wp-content\/uploads\/2024\/01\/afb6020d6e2c931af78436653645.jpg","contentUrl":"https:\/\/portalnpm.com\/wp-content\/uploads\/2024\/01\/afb6020d6e2c931af78436653645.jpg","width":800,"height":533},{"@type":"BreadcrumbList","@id":"https:\/\/portalnpm.com\/index.php\/2021\/01\/16\/suplente-de-vereador-mate-e-empossado-na-camara-municipal-de-picos\/#breadcrumb","itemListElement":[{"@type":"ListItem","position":1,"name":"In\u00edcio","item":"https:\/\/portalnpm.com\/"},{"@type":"ListItem","position":2,"name":"Suplente de vereador Mat\u00e9 \u00e9 empossado na C\u00e2mara Municipal de Picos"}]},{"@type":"WebSite","@id":"https:\/\/portalnpm.com\/#website","url":"https:\/\/portalnpm.com\/","name":"Portal NPM","description":"Not\u00edcias em Primeira M\u00e3o","potentialAction":[{"@type":"SearchAction","target":{"@type":"EntryPoint","urlTemplate":"https:\/\/portalnpm.com\/?s={search_term_string}"},"query-input":"required name=search_term_string"}],"inLanguage":"pt-BR"},{"@type":"Person","@id":"https:\/\/portalnpm.com\/#\/schema\/person\/49313e563cfdefcc167f1ee4c017c294","name":"Genival Barbosa","image":{"@type":"ImageObject","inLanguage":"pt-BR","@id":"https:\/\/portalnpm.com\/#\/schema\/person\/image\/","url":"https:\/\/portalnpm.com\/wp-content\/uploads\/2024\/02\/avatar_user_2_1707743258-96x96.jpeg","contentUrl":"https:\/\/portalnpm.com\/wp-content\/uploads\/2024\/02\/avatar_user_2_1707743258-96x96.jpeg","caption":"Genival Barbosa"},"url":"https:\/\/portalnpm.com\/index.php\/author\/genival\/"}]}},"jetpack_sharing_enabled":true,"jetpack_featured_media_url":"https:\/\/portalnpm.com\/wp-content\/uploads\/2024\/01\/afb6020d6e2c931af78436653645.jpg","_links":{"self":[{"href":"https:\/\/portalnpm.com\/index.php\/wp-json\/wp\/v2\/posts\/61507"}],"collection":[{"href":"https:\/\/portalnpm.com\/index.php\/wp-json\/wp\/v2\/posts"}],"about":[{"href":"https:\/\/portalnpm.com\/index.php\/wp-json\/wp\/v2\/types\/post"}],"author":[{"embeddable":true,"href":"https:\/\/portalnpm.com\/index.php\/wp-json\/wp\/v2\/users\/2"}],"replies":[{"embeddable":true,"href":"https:\/\/portalnpm.com\/index.php\/wp-json\/wp\/v2\/comments?post=61507"}],"version-history":[{"count":1,"href":"https:\/\/portalnpm.com\/index.php\/wp-json\/wp\/v2\/posts\/61507\/revisions"}],"predecessor-version":[{"id":61515,"href":"https:\/\/portalnpm.com\/index.php\/wp-json\/wp\/v2\/posts\/61507\/revisions\/61515"}],"wp:featuredmedia":[{"embeddable":true,"href":"https:\/\/portalnpm.com\/index.php\/wp-json\/wp\/v2\/media\/61508"}],"wp:attachment":[{"href":"https:\/\/portalnpm.com\/index.php\/wp-json\/wp\/v2\/media?parent=61507"}],"wp:term":[{"taxonomy":"category","embeddable":true,"href":"https:\/\/portalnpm.com\/index.php\/wp-json\/wp\/v2\/categories?post=61507"},{"taxonomy":"post_tag","embeddable":true,"href":"https:\/\/portalnpm.com\/index.php\/wp-json\/wp\/v2\/tags?post=61507"}],"curies":[{"name":"wp","href":"https:\/\/api.w.org\/{rel}","templated":true}]}}