{"id":61533,"date":"2021-01-16T15:21:53","date_gmt":"2021-01-16T18:21:53","guid":{"rendered":"https:\/\/portalnpm.com\/index.php\/2021\/01\/16\/ex-cruzeiro-tecnico-adilson-batista-e-internado-em-curitiba-apos-infarto\/"},"modified":"2021-01-16T15:21:53","modified_gmt":"2021-01-16T18:21:53","slug":"ex-cruzeiro-tecnico-adilson-batista-e-internado-em-curitiba-apos-infarto","status":"publish","type":"post","link":"https:\/\/portalnpm.com\/index.php\/2021\/01\/16\/ex-cruzeiro-tecnico-adilson-batista-e-internado-em-curitiba-apos-infarto\/","title":{"rendered":"Ex-Cruzeiro, t\u00e9cnico Adilson Batista \u00e9 internado em Curitiba ap\u00f3s infarto"},"content":{"rendered":"<p style=\"text-align: justify;\">O t\u00e9cnico\u00a0<strong>Adilson Batista<\/strong>\u00a0est\u00e1\u00a0<strong>internado<\/strong>\u00a0no Hospital Cardiol\u00f3gico Constantini, em Curitiba, depois de sofrer um<strong>\u00a0infarto\u00a0<\/strong>nessa quinta-feira (14). O treinador, que teve passagem recente pelo\u00a0<strong>Cruzeiro<\/strong>, entre novembro de 2019 e mar\u00e7o de 2020, apresenta quadro est\u00e1vel e permanecer\u00e1 em observa\u00e7\u00e3o.<\/p>\n<p style=\"text-align: justify;\">\n<p style=\"text-align: justify;\">\n<p style=\"text-align: justify;\">Filha do treinador, Carol Dias Batista, publicou post no Instagram sobre o estado de sa\u00fade de Adilson. Segundo ela, o t\u00e9cnico passou por cateterismo e est\u00e1 em observa\u00e7\u00e3o na UTI. Um procedimento cir\u00fargico est\u00e1 programado para os pr\u00f3ximos dias. Carol terminou a postagem agradecendo o apoio de f\u00e3s e amigos do pai.<\/p>\n<p style=\"text-align: justify;\">Por meio das redes sociais, o Cruzeiro enviou mensagem de apoio ao treinador na reabilita\u00e7\u00e3o e usou a\u00a0<em>hashtag\u00a0<strong>For\u00e7a Adilson<\/strong><\/em>\u00a0para atrair os torcedores em uma corrente positiva. &#8220;Desejamos uma pronta recupera\u00e7\u00e3o ao grande cruzeirense Adilson Batista, que sofreu um infarto e est\u00e1 internado em um hospital de Curitiba. A Na\u00e7\u00e3o Azul est\u00e1 unida em uma corrente de f\u00e9 e boas vibra\u00e7\u00f5es pelo nosso ex-atleta, ex-treinador e \u00cddolo Eterno.&#8221;<\/p>\n<div class=\"twitter-tweet twitter-tweet-rendered\" style=\"text-align: justify;\"><iframe id=\"twitter-widget-0\" class=\"\" title=\"Twitter Tweet\" src=\"https:\/\/platform.twitter.com\/embed\/index.html?dnt=false&#038;embedId=twitter-widget-0&#038;frame=false&#038;hideCard=false&#038;hideThread=false&#038;id=1350205713394642944&#038;lang=pt&#038;origin=https%3A%2F%2Fwww.mg.superesportes.com.br%2Fapp%2Fnoticias%2Ffutebol%2Fcruzeiro%2F2021%2F01%2F15%2Fnoticia_cruzeiro%2C3886277%2Fex-cruzeiro-tecnico-adilson-batista-e-internado-em-curitiba-apos-infarto.shtml&#038;theme=light&#038;widgetsVersion=ed20a2b%3A1601588405575&#038;width=550px\" frameborder=\"0\" scrolling=\"no\" allowfullscreen=\"allowfullscreen\" data-tweet-id=\"1350205713394642944\" data-mce-fragment=\"1\"><\/iframe><\/div>\n<p style=\"text-align: justify;\">\n<p style=\"text-align: justify;\">Adilson Batista, de 52 anos, teve duas passagens pelo Cruzeiro como treinador. Na primeira, entre 2008 e 2010, chegou \u00e0 final da Copa Libertadores com o clube estrelado, que acabou perdendo o t\u00edtulo para o Estudiantes-ARG. Pela Raposa, ele foi campe\u00e3o mineiro em 2008 e 2009.<\/p>\n<p style=\"text-align: justify;\">Adilson retornou ao Cruzeiro para tentar evitar o rebaixamento \u00e0 S\u00e9rie B, o que acabou ocorrendo no fim de 2019. Ele acertou com clube em 29 de novembro, para substituir Abel Braga, demitido, mas n\u00e3o conseguiu \u00eaxito na miss\u00e3o de impedir a in\u00e9dita queda celeste.<\/p>\n<p style=\"text-align: justify;\">Adilson come\u00e7ou a temporada de 2020 no comando do Cruzeiro, mas o time n\u00e3o engrenou e ele acabou demitido depois da derrota para o Coimbra, por 1 a 0, no Independ\u00eancia, pela nona rodada do Campeonato Mineiro, no dia 15 de mar\u00e7o. Natural de Adrian\u00f3polis, interior do Paran\u00e1, o t\u00e9cnico tamb\u00e9m defendeu o clube estrelado como zagueiro, entre 1989 e 1993.<\/p>\n<p style=\"text-align: justify;\">Adilson tamb\u00e9m vestiu a camisa do Atl\u00e9tico, em 1994, na \u00e9poca da chamada &#8216;SeleGalo&#8217;, que, depois de um per\u00edodo de turbul\u00eancia, saiu da repescagem e chegou \u00e0s semifinais do Campeonato Brasileiro do mesmo ano. O Galo, na ocasi\u00e3o, foi eliminado pelo Corinthians.<\/p>\n<p style=\"text-align: justify;\">Adilson Batista tamb\u00e9m trabalhou no Am\u00e9rica como treinador, em 2018, durante o Brasileiro. A m\u00e1 campanha do Coelho na S\u00e9rie A, no entanto, resultou na sa\u00edda precoe do comandante, em 10 de novembro, quando o clube mineiro estava na zona de rebaixamento.<\/p>\n<p style=\"text-align: justify;\">Fonte:\u00a0 Super Esportes<\/p>\n","protected":false},"excerpt":{"rendered":"<p>O t\u00e9cnico\u00a0Adilson Batista\u00a0est\u00e1\u00a0internado\u00a0no Hospital Cardiol\u00f3gico Constantini, em Curitiba, depois de sofrer um\u00a0infarto\u00a0nessa quinta-feira (14). O treinador, que teve passagem recente pelo\u00a0Cruzeiro, entre novembro de 2019 e mar\u00e7o de 2020, apresenta quadro est\u00e1vel e permanecer\u00e1 em observa\u00e7\u00e3o. Filha do treinador, Carol Dias Batista, publicou post no Instagram sobre o estado de sa\u00fade de Adilson. Segundo ela, &hellip;<\/p>\n","protected":false},"author":2,"featured_media":61534,"comment_status":"open","ping_status":"open","sticky":false,"template":"","format":"standard","meta":{"content-type":"","rop_custom_images_group":[],"rop_custom_messages_group":[],"rop_publish_now":"initial","rop_publish_now_accounts":{"facebook_2648258775420054_1618374048415101":""},"rop_publish_now_history":[],"rop_publish_now_status":"pending","footnotes":"","_jetpack_memberships_contains_paid_content":false},"categories":[108],"tags":[9073,9074,9075,9076,1076],"yoast_head":"<!-- This site is optimized with the Yoast SEO plugin v22.3 - https:\/\/yoast.com\/wordpress\/plugins\/seo\/ -->\n<title>Ex-Cruzeiro, t\u00e9cnico Adilson Batista \u00e9 internado em Curitiba ap\u00f3s infarto<\/title>\n<meta name=\"robots\" content=\"index, follow, max-snippet:-1, max-image-preview:large, max-video-preview:-1\" \/>\n<link rel=\"canonical\" href=\"https:\/\/portalnpm.com\/index.php\/2021\/01\/16\/ex-cruzeiro-tecnico-adilson-batista-e-internado-em-curitiba-apos-infarto\/\" \/>\n<meta property=\"og:locale\" content=\"pt_BR\" \/>\n<meta property=\"og:type\" content=\"article\" \/>\n<meta property=\"og:title\" content=\"Ex-Cruzeiro, t\u00e9cnico Adilson Batista \u00e9 internado em Curitiba ap\u00f3s infarto\" \/>\n<meta property=\"og:description\" content=\"O t\u00e9cnico\u00a0Adilson Batista\u00a0est\u00e1\u00a0internado\u00a0no Hospital Cardiol\u00f3gico Constantini, em Curitiba, depois de sofrer um\u00a0infarto\u00a0nessa quinta-feira (14). O treinador, que teve passagem recente pelo\u00a0Cruzeiro, entre novembro de 2019 e mar\u00e7o de 2020, apresenta quadro est\u00e1vel e permanecer\u00e1 em observa\u00e7\u00e3o. Filha do treinador, Carol Dias Batista, publicou post no Instagram sobre o estado de sa\u00fade de Adilson. Segundo ela, &hellip;\" \/>\n<meta property=\"og:url\" content=\"https:\/\/portalnpm.com\/index.php\/2021\/01\/16\/ex-cruzeiro-tecnico-adilson-batista-e-internado-em-curitiba-apos-infarto\/\" \/>\n<meta property=\"og:site_name\" content=\"Portal NPM\" \/>\n<meta property=\"article:published_time\" content=\"2021-01-16T18:21:53+00:00\" \/>\n<meta property=\"og:image\" content=\"https:\/\/portalnpm.com\/wp-content\/uploads\/2024\/01\/BB1cNkBj.jpeg\" \/>\n\t<meta property=\"og:image:width\" content=\"600\" \/>\n\t<meta property=\"og:image:height\" content=\"400\" \/>\n\t<meta property=\"og:image:type\" content=\"image\/jpeg\" \/>\n<meta name=\"author\" content=\"Genival Barbosa\" \/>\n<meta name=\"twitter:card\" content=\"summary_large_image\" \/>\n<meta name=\"twitter:label1\" content=\"Escrito por\" \/>\n\t<meta name=\"twitter:data1\" content=\"Genival Barbosa\" \/>\n\t<meta name=\"twitter:label2\" content=\"Est. tempo de leitura\" \/>\n\t<meta name=\"twitter:data2\" content=\"2 minutos\" \/>\n<script type=\"application\/ld+json\" class=\"yoast-schema-graph\">{\"@context\":\"https:\/\/schema.org\",\"@graph\":[{\"@type\":\"WebPage\",\"@id\":\"https:\/\/portalnpm.com\/index.php\/2021\/01\/16\/ex-cruzeiro-tecnico-adilson-batista-e-internado-em-curitiba-apos-infarto\/\",\"url\":\"https:\/\/portalnpm.com\/index.php\/2021\/01\/16\/ex-cruzeiro-tecnico-adilson-batista-e-internado-em-curitiba-apos-infarto\/\",\"name\":\"Ex-Cruzeiro, t\u00e9cnico Adilson Batista \u00e9 internado em Curitiba ap\u00f3s infarto\",\"isPartOf\":{\"@id\":\"https:\/\/portalnpm.com\/#website\"},\"primaryImageOfPage\":{\"@id\":\"https:\/\/portalnpm.com\/index.php\/2021\/01\/16\/ex-cruzeiro-tecnico-adilson-batista-e-internado-em-curitiba-apos-infarto\/#primaryimage\"},\"image\":{\"@id\":\"https:\/\/portalnpm.com\/index.php\/2021\/01\/16\/ex-cruzeiro-tecnico-adilson-batista-e-internado-em-curitiba-apos-infarto\/#primaryimage\"},\"thumbnailUrl\":\"https:\/\/portalnpm.com\/wp-content\/uploads\/2024\/01\/BB1cNkBj.jpeg\",\"datePublished\":\"2021-01-16T18:21:53+00:00\",\"dateModified\":\"2021-01-16T18:21:53+00:00\",\"author\":{\"@id\":\"https:\/\/portalnpm.com\/#\/schema\/person\/49313e563cfdefcc167f1ee4c017c294\"},\"breadcrumb\":{\"@id\":\"https:\/\/portalnpm.com\/index.php\/2021\/01\/16\/ex-cruzeiro-tecnico-adilson-batista-e-internado-em-curitiba-apos-infarto\/#breadcrumb\"},\"inLanguage\":\"pt-BR\",\"potentialAction\":[{\"@type\":\"ReadAction\",\"target\":[\"https:\/\/portalnpm.com\/index.php\/2021\/01\/16\/ex-cruzeiro-tecnico-adilson-batista-e-internado-em-curitiba-apos-infarto\/\"]}]},{\"@type\":\"ImageObject\",\"inLanguage\":\"pt-BR\",\"@id\":\"https:\/\/portalnpm.com\/index.php\/2021\/01\/16\/ex-cruzeiro-tecnico-adilson-batista-e-internado-em-curitiba-apos-infarto\/#primaryimage\",\"url\":\"https:\/\/portalnpm.com\/wp-content\/uploads\/2024\/01\/BB1cNkBj.jpeg\",\"contentUrl\":\"https:\/\/portalnpm.com\/wp-content\/uploads\/2024\/01\/BB1cNkBj.jpeg\",\"width\":600,\"height\":400},{\"@type\":\"BreadcrumbList\",\"@id\":\"https:\/\/portalnpm.com\/index.php\/2021\/01\/16\/ex-cruzeiro-tecnico-adilson-batista-e-internado-em-curitiba-apos-infarto\/#breadcrumb\",\"itemListElement\":[{\"@type\":\"ListItem\",\"position\":1,\"name\":\"In\u00edcio\",\"item\":\"https:\/\/portalnpm.com\/\"},{\"@type\":\"ListItem\",\"position\":2,\"name\":\"Ex-Cruzeiro, t\u00e9cnico Adilson Batista \u00e9 internado em Curitiba ap\u00f3s infarto\"}]},{\"@type\":\"WebSite\",\"@id\":\"https:\/\/portalnpm.com\/#website\",\"url\":\"https:\/\/portalnpm.com\/\",\"name\":\"Portal NPM\",\"description\":\"Not\u00edcias em Primeira M\u00e3o\",\"potentialAction\":[{\"@type\":\"SearchAction\",\"target\":{\"@type\":\"EntryPoint\",\"urlTemplate\":\"https:\/\/portalnpm.com\/?s={search_term_string}\"},\"query-input\":\"required name=search_term_string\"}],\"inLanguage\":\"pt-BR\"},{\"@type\":\"Person\",\"@id\":\"https:\/\/portalnpm.com\/#\/schema\/person\/49313e563cfdefcc167f1ee4c017c294\",\"name\":\"Genival Barbosa\",\"image\":{\"@type\":\"ImageObject\",\"inLanguage\":\"pt-BR\",\"@id\":\"https:\/\/portalnpm.com\/#\/schema\/person\/image\/\",\"url\":\"https:\/\/portalnpm.com\/wp-content\/uploads\/2024\/02\/avatar_user_2_1707743258-96x96.jpeg\",\"contentUrl\":\"https:\/\/portalnpm.com\/wp-content\/uploads\/2024\/02\/avatar_user_2_1707743258-96x96.jpeg\",\"caption\":\"Genival Barbosa\"},\"url\":\"https:\/\/portalnpm.com\/index.php\/author\/genival\/\"}]}<\/script>\n<!-- \/ Yoast SEO plugin. -->","yoast_head_json":{"title":"Ex-Cruzeiro, t\u00e9cnico Adilson Batista \u00e9 internado em Curitiba ap\u00f3s infarto","robots":{"index":"index","follow":"follow","max-snippet":"max-snippet:-1","max-image-preview":"max-image-preview:large","max-video-preview":"max-video-preview:-1"},"canonical":"https:\/\/portalnpm.com\/index.php\/2021\/01\/16\/ex-cruzeiro-tecnico-adilson-batista-e-internado-em-curitiba-apos-infarto\/","og_locale":"pt_BR","og_type":"article","og_title":"Ex-Cruzeiro, t\u00e9cnico Adilson Batista \u00e9 internado em Curitiba ap\u00f3s infarto","og_description":"O t\u00e9cnico\u00a0Adilson Batista\u00a0est\u00e1\u00a0internado\u00a0no Hospital Cardiol\u00f3gico Constantini, em Curitiba, depois de sofrer um\u00a0infarto\u00a0nessa quinta-feira (14). O treinador, que teve passagem recente pelo\u00a0Cruzeiro, entre novembro de 2019 e mar\u00e7o de 2020, apresenta quadro est\u00e1vel e permanecer\u00e1 em observa\u00e7\u00e3o. Filha do treinador, Carol Dias Batista, publicou post no Instagram sobre o estado de sa\u00fade de Adilson. Segundo ela, &hellip;","og_url":"https:\/\/portalnpm.com\/index.php\/2021\/01\/16\/ex-cruzeiro-tecnico-adilson-batista-e-internado-em-curitiba-apos-infarto\/","og_site_name":"Portal NPM","article_published_time":"2021-01-16T18:21:53+00:00","og_image":[{"width":600,"height":400,"url":"https:\/\/portalnpm.com\/wp-content\/uploads\/2024\/01\/BB1cNkBj.jpeg","type":"image\/jpeg"}],"author":"Genival Barbosa","twitter_card":"summary_large_image","twitter_misc":{"Escrito por":"Genival Barbosa","Est. tempo de leitura":"2 minutos"},"schema":{"@context":"https:\/\/schema.org","@graph":[{"@type":"WebPage","@id":"https:\/\/portalnpm.com\/index.php\/2021\/01\/16\/ex-cruzeiro-tecnico-adilson-batista-e-internado-em-curitiba-apos-infarto\/","url":"https:\/\/portalnpm.com\/index.php\/2021\/01\/16\/ex-cruzeiro-tecnico-adilson-batista-e-internado-em-curitiba-apos-infarto\/","name":"Ex-Cruzeiro, t\u00e9cnico Adilson Batista \u00e9 internado em Curitiba ap\u00f3s infarto","isPartOf":{"@id":"https:\/\/portalnpm.com\/#website"},"primaryImageOfPage":{"@id":"https:\/\/portalnpm.com\/index.php\/2021\/01\/16\/ex-cruzeiro-tecnico-adilson-batista-e-internado-em-curitiba-apos-infarto\/#primaryimage"},"image":{"@id":"https:\/\/portalnpm.com\/index.php\/2021\/01\/16\/ex-cruzeiro-tecnico-adilson-batista-e-internado-em-curitiba-apos-infarto\/#primaryimage"},"thumbnailUrl":"https:\/\/portalnpm.com\/wp-content\/uploads\/2024\/01\/BB1cNkBj.jpeg","datePublished":"2021-01-16T18:21:53+00:00","dateModified":"2021-01-16T18:21:53+00:00","author":{"@id":"https:\/\/portalnpm.com\/#\/schema\/person\/49313e563cfdefcc167f1ee4c017c294"},"breadcrumb":{"@id":"https:\/\/portalnpm.com\/index.php\/2021\/01\/16\/ex-cruzeiro-tecnico-adilson-batista-e-internado-em-curitiba-apos-infarto\/#breadcrumb"},"inLanguage":"pt-BR","potentialAction":[{"@type":"ReadAction","target":["https:\/\/portalnpm.com\/index.php\/2021\/01\/16\/ex-cruzeiro-tecnico-adilson-batista-e-internado-em-curitiba-apos-infarto\/"]}]},{"@type":"ImageObject","inLanguage":"pt-BR","@id":"https:\/\/portalnpm.com\/index.php\/2021\/01\/16\/ex-cruzeiro-tecnico-adilson-batista-e-internado-em-curitiba-apos-infarto\/#primaryimage","url":"https:\/\/portalnpm.com\/wp-content\/uploads\/2024\/01\/BB1cNkBj.jpeg","contentUrl":"https:\/\/portalnpm.com\/wp-content\/uploads\/2024\/01\/BB1cNkBj.jpeg","width":600,"height":400},{"@type":"BreadcrumbList","@id":"https:\/\/portalnpm.com\/index.php\/2021\/01\/16\/ex-cruzeiro-tecnico-adilson-batista-e-internado-em-curitiba-apos-infarto\/#breadcrumb","itemListElement":[{"@type":"ListItem","position":1,"name":"In\u00edcio","item":"https:\/\/portalnpm.com\/"},{"@type":"ListItem","position":2,"name":"Ex-Cruzeiro, t\u00e9cnico Adilson Batista \u00e9 internado em Curitiba ap\u00f3s infarto"}]},{"@type":"WebSite","@id":"https:\/\/portalnpm.com\/#website","url":"https:\/\/portalnpm.com\/","name":"Portal NPM","description":"Not\u00edcias em Primeira M\u00e3o","potentialAction":[{"@type":"SearchAction","target":{"@type":"EntryPoint","urlTemplate":"https:\/\/portalnpm.com\/?s={search_term_string}"},"query-input":"required name=search_term_string"}],"inLanguage":"pt-BR"},{"@type":"Person","@id":"https:\/\/portalnpm.com\/#\/schema\/person\/49313e563cfdefcc167f1ee4c017c294","name":"Genival Barbosa","image":{"@type":"ImageObject","inLanguage":"pt-BR","@id":"https:\/\/portalnpm.com\/#\/schema\/person\/image\/","url":"https:\/\/portalnpm.com\/wp-content\/uploads\/2024\/02\/avatar_user_2_1707743258-96x96.jpeg","contentUrl":"https:\/\/portalnpm.com\/wp-content\/uploads\/2024\/02\/avatar_user_2_1707743258-96x96.jpeg","caption":"Genival Barbosa"},"url":"https:\/\/portalnpm.com\/index.php\/author\/genival\/"}]}},"jetpack_sharing_enabled":true,"jetpack_featured_media_url":"https:\/\/portalnpm.com\/wp-content\/uploads\/2024\/01\/BB1cNkBj.jpeg","_links":{"self":[{"href":"https:\/\/portalnpm.com\/index.php\/wp-json\/wp\/v2\/posts\/61533"}],"collection":[{"href":"https:\/\/portalnpm.com\/index.php\/wp-json\/wp\/v2\/posts"}],"about":[{"href":"https:\/\/portalnpm.com\/index.php\/wp-json\/wp\/v2\/types\/post"}],"author":[{"embeddable":true,"href":"https:\/\/portalnpm.com\/index.php\/wp-json\/wp\/v2\/users\/2"}],"replies":[{"embeddable":true,"href":"https:\/\/portalnpm.com\/index.php\/wp-json\/wp\/v2\/comments?post=61533"}],"version-history":[{"count":0,"href":"https:\/\/portalnpm.com\/index.php\/wp-json\/wp\/v2\/posts\/61533\/revisions"}],"wp:featuredmedia":[{"embeddable":true,"href":"https:\/\/portalnpm.com\/index.php\/wp-json\/wp\/v2\/media\/61534"}],"wp:attachment":[{"href":"https:\/\/portalnpm.com\/index.php\/wp-json\/wp\/v2\/media?parent=61533"}],"wp:term":[{"taxonomy":"category","embeddable":true,"href":"https:\/\/portalnpm.com\/index.php\/wp-json\/wp\/v2\/categories?post=61533"},{"taxonomy":"post_tag","embeddable":true,"href":"https:\/\/portalnpm.com\/index.php\/wp-json\/wp\/v2\/tags?post=61533"}],"curies":[{"name":"wp","href":"https:\/\/api.w.org\/{rel}","templated":true}]}}