{"id":61599,"date":"2021-01-22T18:31:45","date_gmt":"2021-01-22T21:31:45","guid":{"rendered":"https:\/\/portalnpm.com\/index.php\/2021\/01\/22\/depois-de-cancelar-carnaval-rock-in-rio-deve-ser-adiado\/"},"modified":"2021-01-22T18:31:45","modified_gmt":"2021-01-22T21:31:45","slug":"depois-de-cancelar-carnaval-rock-in-rio-deve-ser-adiado","status":"publish","type":"post","link":"https:\/\/portalnpm.com\/index.php\/2021\/01\/22\/depois-de-cancelar-carnaval-rock-in-rio-deve-ser-adiado\/","title":{"rendered":"Depois de cancelar Carnaval, Rock in Rio deve ser adiado"},"content":{"rendered":"<p style=\"text-align: justify;\">Nesta quinta-feira, 21, o Prefeito do Rio de Janeiro, Eduardo Paes, anunciou o cancelamento do Carnaval, que j\u00e1 estava adiado para julho. Outro grande evento programado para a cidade, o Rock in Rio, est\u00e1 marcado para dois meses depois.<\/p>\n<p style=\"text-align: justify;\">\n<p style=\"text-align: justify;\">\n<p style=\"text-align: justify;\">Segundo o portal POPline, esse deve ser outro evento a ser cancelado. De acordo com a mat\u00e9ria, os organizadores do festival entenderam que o melhor caminho \u00e9 n\u00e3o continuar anunciando atra\u00e7\u00f5es como se nada estivesse acontecendo. O an\u00fancio do adiamento da pr\u00f3xima edi\u00e7\u00e3o deve ser feito nos pr\u00f3ximos dias \u2013 tanto para a edi\u00e7\u00e3o portuguesa quanto para a edi\u00e7\u00e3o brasileira.<\/p>\n<p style=\"text-align: justify;\">Em setembro do ano passado, a organiza\u00e7\u00e3o do Rock in Rio oficializou as datas da pr\u00f3xima edi\u00e7\u00e3o brasileira para 24, 25, 26 e 30 de setembro e 1, 2 e 3 de outubro de 2021. A produ\u00e7\u00e3o estava confiante na imin\u00eancia da vacina\u00e7\u00e3o em massa da popula\u00e7\u00e3o brasileira contra a Covid-19 \u2013 o que se revelou mais dif\u00edcil. O cronograma do governo federal prev\u00ea que a totalidade do povo brasileiro s\u00f3 estar\u00e1 vacinada contra o coronav\u00edrus em meados de 2022.<\/p>\n<p style=\"text-align: justify;\">Em meio as not\u00edcias atuais, pensar em um festival de grande porte como o Rock in Rio \u00e9 impratic\u00e1vel. O evento recebe cerca de 100 mil pessoas por dia. Para a pr\u00f3xima edi\u00e7\u00e3o, j\u00e1 estava com shows confirmados de Iron Maiden, Dream Theater, Megadeth, Sepultura e Orquestra Sinf\u00f4nica Brasileira. Para a edi\u00e7\u00e3o portuguesa, Ivete Sangalo e Anitta tamb\u00e9m j\u00e1 estavam confirmadas.<\/p>\n<p style=\"text-align: justify;\">A mat\u00e9ria afirma que os organizadores n\u00e3o querem anunciar o cancelamento do festival na \u00faltima hora, porque isso causaria mais transtornos. O p\u00fablico costuma viajar de todo o Brasil para assistir aos shows, e j\u00e1 estaria com passagens e hospedagens pagos. A produ\u00e7\u00e3o est\u00e1 buscando a melhor solu\u00e7\u00e3o no momento.<\/p>\n<p style=\"text-align: justify;\">Uma alternativa seria uma edi\u00e7\u00e3o virtual do evento. Segundo o portal, a assessoria do evento foi procurada e confirmou as datas oficiais.<\/p>\n<p style=\"text-align: justify;\">Com informa\u00e7\u00f5es do Isto \u00e9<\/p>\n","protected":false},"excerpt":{"rendered":"<p>Nesta quinta-feira, 21, o Prefeito do Rio de Janeiro, Eduardo Paes, anunciou o cancelamento do Carnaval, que j\u00e1 estava adiado para julho. Outro grande evento programado para a cidade, o Rock in Rio, est\u00e1 marcado para dois meses depois. Segundo o portal POPline, esse deve ser outro evento a ser cancelado. De acordo com a &hellip;<\/p>\n","protected":false},"author":2,"featured_media":61600,"comment_status":"open","ping_status":"open","sticky":false,"template":"","format":"standard","meta":{"content-type":"","rop_custom_images_group":[],"rop_custom_messages_group":[],"rop_publish_now":"initial","rop_publish_now_accounts":{"facebook_2648258775420054_1618374048415101":""},"rop_publish_now_history":[],"rop_publish_now_status":"pending","footnotes":"","_jetpack_memberships_contains_paid_content":false},"categories":[125],"tags":[4997,9152,9153],"yoast_head":"<!-- This site is optimized with the Yoast SEO plugin v22.3 - https:\/\/yoast.com\/wordpress\/plugins\/seo\/ -->\n<title>Depois de cancelar Carnaval, Rock in Rio deve ser adiado<\/title>\n<meta name=\"robots\" content=\"index, follow, max-snippet:-1, max-image-preview:large, max-video-preview:-1\" \/>\n<link rel=\"canonical\" href=\"https:\/\/portalnpm.com\/index.php\/2021\/01\/22\/depois-de-cancelar-carnaval-rock-in-rio-deve-ser-adiado\/\" \/>\n<meta property=\"og:locale\" content=\"pt_BR\" \/>\n<meta property=\"og:type\" content=\"article\" \/>\n<meta property=\"og:title\" content=\"Depois de cancelar Carnaval, Rock in Rio deve ser adiado\" \/>\n<meta property=\"og:description\" content=\"Nesta quinta-feira, 21, o Prefeito do Rio de Janeiro, Eduardo Paes, anunciou o cancelamento do Carnaval, que j\u00e1 estava adiado para julho. Outro grande evento programado para a cidade, o Rock in Rio, est\u00e1 marcado para dois meses depois. Segundo o portal POPline, esse deve ser outro evento a ser cancelado. De acordo com a &hellip;\" \/>\n<meta property=\"og:url\" content=\"https:\/\/portalnpm.com\/index.php\/2021\/01\/22\/depois-de-cancelar-carnaval-rock-in-rio-deve-ser-adiado\/\" \/>\n<meta property=\"og:site_name\" content=\"Portal NPM\" \/>\n<meta property=\"article:published_time\" content=\"2021-01-22T21:31:45+00:00\" \/>\n<meta property=\"og:image\" content=\"https:\/\/portalnpm.com\/wp-content\/uploads\/2024\/01\/BB1cYJfb.jpeg\" \/>\n\t<meta property=\"og:image:width\" content=\"600\" \/>\n\t<meta property=\"og:image:height\" content=\"337\" \/>\n\t<meta property=\"og:image:type\" content=\"image\/jpeg\" \/>\n<meta name=\"author\" content=\"Genival Barbosa\" \/>\n<meta name=\"twitter:card\" content=\"summary_large_image\" \/>\n<meta name=\"twitter:label1\" content=\"Escrito por\" \/>\n\t<meta name=\"twitter:data1\" content=\"Genival Barbosa\" \/>\n\t<meta name=\"twitter:label2\" content=\"Est. tempo de leitura\" \/>\n\t<meta name=\"twitter:data2\" content=\"2 minutos\" \/>\n<script type=\"application\/ld+json\" class=\"yoast-schema-graph\">{\"@context\":\"https:\/\/schema.org\",\"@graph\":[{\"@type\":\"WebPage\",\"@id\":\"https:\/\/portalnpm.com\/index.php\/2021\/01\/22\/depois-de-cancelar-carnaval-rock-in-rio-deve-ser-adiado\/\",\"url\":\"https:\/\/portalnpm.com\/index.php\/2021\/01\/22\/depois-de-cancelar-carnaval-rock-in-rio-deve-ser-adiado\/\",\"name\":\"Depois de cancelar Carnaval, Rock in Rio deve ser adiado\",\"isPartOf\":{\"@id\":\"https:\/\/portalnpm.com\/#website\"},\"primaryImageOfPage\":{\"@id\":\"https:\/\/portalnpm.com\/index.php\/2021\/01\/22\/depois-de-cancelar-carnaval-rock-in-rio-deve-ser-adiado\/#primaryimage\"},\"image\":{\"@id\":\"https:\/\/portalnpm.com\/index.php\/2021\/01\/22\/depois-de-cancelar-carnaval-rock-in-rio-deve-ser-adiado\/#primaryimage\"},\"thumbnailUrl\":\"https:\/\/portalnpm.com\/wp-content\/uploads\/2024\/01\/BB1cYJfb.jpeg\",\"datePublished\":\"2021-01-22T21:31:45+00:00\",\"dateModified\":\"2021-01-22T21:31:45+00:00\",\"author\":{\"@id\":\"https:\/\/portalnpm.com\/#\/schema\/person\/49313e563cfdefcc167f1ee4c017c294\"},\"breadcrumb\":{\"@id\":\"https:\/\/portalnpm.com\/index.php\/2021\/01\/22\/depois-de-cancelar-carnaval-rock-in-rio-deve-ser-adiado\/#breadcrumb\"},\"inLanguage\":\"pt-BR\",\"potentialAction\":[{\"@type\":\"ReadAction\",\"target\":[\"https:\/\/portalnpm.com\/index.php\/2021\/01\/22\/depois-de-cancelar-carnaval-rock-in-rio-deve-ser-adiado\/\"]}]},{\"@type\":\"ImageObject\",\"inLanguage\":\"pt-BR\",\"@id\":\"https:\/\/portalnpm.com\/index.php\/2021\/01\/22\/depois-de-cancelar-carnaval-rock-in-rio-deve-ser-adiado\/#primaryimage\",\"url\":\"https:\/\/portalnpm.com\/wp-content\/uploads\/2024\/01\/BB1cYJfb.jpeg\",\"contentUrl\":\"https:\/\/portalnpm.com\/wp-content\/uploads\/2024\/01\/BB1cYJfb.jpeg\",\"width\":600,\"height\":337},{\"@type\":\"BreadcrumbList\",\"@id\":\"https:\/\/portalnpm.com\/index.php\/2021\/01\/22\/depois-de-cancelar-carnaval-rock-in-rio-deve-ser-adiado\/#breadcrumb\",\"itemListElement\":[{\"@type\":\"ListItem\",\"position\":1,\"name\":\"In\u00edcio\",\"item\":\"https:\/\/portalnpm.com\/\"},{\"@type\":\"ListItem\",\"position\":2,\"name\":\"Depois de cancelar Carnaval, Rock in Rio deve ser adiado\"}]},{\"@type\":\"WebSite\",\"@id\":\"https:\/\/portalnpm.com\/#website\",\"url\":\"https:\/\/portalnpm.com\/\",\"name\":\"Portal NPM\",\"description\":\"Not\u00edcias em Primeira M\u00e3o\",\"potentialAction\":[{\"@type\":\"SearchAction\",\"target\":{\"@type\":\"EntryPoint\",\"urlTemplate\":\"https:\/\/portalnpm.com\/?s={search_term_string}\"},\"query-input\":\"required name=search_term_string\"}],\"inLanguage\":\"pt-BR\"},{\"@type\":\"Person\",\"@id\":\"https:\/\/portalnpm.com\/#\/schema\/person\/49313e563cfdefcc167f1ee4c017c294\",\"name\":\"Genival Barbosa\",\"image\":{\"@type\":\"ImageObject\",\"inLanguage\":\"pt-BR\",\"@id\":\"https:\/\/portalnpm.com\/#\/schema\/person\/image\/\",\"url\":\"https:\/\/portalnpm.com\/wp-content\/uploads\/2024\/02\/avatar_user_2_1707743258-96x96.jpeg\",\"contentUrl\":\"https:\/\/portalnpm.com\/wp-content\/uploads\/2024\/02\/avatar_user_2_1707743258-96x96.jpeg\",\"caption\":\"Genival Barbosa\"},\"url\":\"https:\/\/portalnpm.com\/index.php\/author\/genival\/\"}]}<\/script>\n<!-- \/ Yoast SEO plugin. -->","yoast_head_json":{"title":"Depois de cancelar Carnaval, Rock in Rio deve ser adiado","robots":{"index":"index","follow":"follow","max-snippet":"max-snippet:-1","max-image-preview":"max-image-preview:large","max-video-preview":"max-video-preview:-1"},"canonical":"https:\/\/portalnpm.com\/index.php\/2021\/01\/22\/depois-de-cancelar-carnaval-rock-in-rio-deve-ser-adiado\/","og_locale":"pt_BR","og_type":"article","og_title":"Depois de cancelar Carnaval, Rock in Rio deve ser adiado","og_description":"Nesta quinta-feira, 21, o Prefeito do Rio de Janeiro, Eduardo Paes, anunciou o cancelamento do Carnaval, que j\u00e1 estava adiado para julho. Outro grande evento programado para a cidade, o Rock in Rio, est\u00e1 marcado para dois meses depois. Segundo o portal POPline, esse deve ser outro evento a ser cancelado. De acordo com a &hellip;","og_url":"https:\/\/portalnpm.com\/index.php\/2021\/01\/22\/depois-de-cancelar-carnaval-rock-in-rio-deve-ser-adiado\/","og_site_name":"Portal NPM","article_published_time":"2021-01-22T21:31:45+00:00","og_image":[{"width":600,"height":337,"url":"https:\/\/portalnpm.com\/wp-content\/uploads\/2024\/01\/BB1cYJfb.jpeg","type":"image\/jpeg"}],"author":"Genival Barbosa","twitter_card":"summary_large_image","twitter_misc":{"Escrito por":"Genival Barbosa","Est. tempo de leitura":"2 minutos"},"schema":{"@context":"https:\/\/schema.org","@graph":[{"@type":"WebPage","@id":"https:\/\/portalnpm.com\/index.php\/2021\/01\/22\/depois-de-cancelar-carnaval-rock-in-rio-deve-ser-adiado\/","url":"https:\/\/portalnpm.com\/index.php\/2021\/01\/22\/depois-de-cancelar-carnaval-rock-in-rio-deve-ser-adiado\/","name":"Depois de cancelar Carnaval, Rock in Rio deve ser adiado","isPartOf":{"@id":"https:\/\/portalnpm.com\/#website"},"primaryImageOfPage":{"@id":"https:\/\/portalnpm.com\/index.php\/2021\/01\/22\/depois-de-cancelar-carnaval-rock-in-rio-deve-ser-adiado\/#primaryimage"},"image":{"@id":"https:\/\/portalnpm.com\/index.php\/2021\/01\/22\/depois-de-cancelar-carnaval-rock-in-rio-deve-ser-adiado\/#primaryimage"},"thumbnailUrl":"https:\/\/portalnpm.com\/wp-content\/uploads\/2024\/01\/BB1cYJfb.jpeg","datePublished":"2021-01-22T21:31:45+00:00","dateModified":"2021-01-22T21:31:45+00:00","author":{"@id":"https:\/\/portalnpm.com\/#\/schema\/person\/49313e563cfdefcc167f1ee4c017c294"},"breadcrumb":{"@id":"https:\/\/portalnpm.com\/index.php\/2021\/01\/22\/depois-de-cancelar-carnaval-rock-in-rio-deve-ser-adiado\/#breadcrumb"},"inLanguage":"pt-BR","potentialAction":[{"@type":"ReadAction","target":["https:\/\/portalnpm.com\/index.php\/2021\/01\/22\/depois-de-cancelar-carnaval-rock-in-rio-deve-ser-adiado\/"]}]},{"@type":"ImageObject","inLanguage":"pt-BR","@id":"https:\/\/portalnpm.com\/index.php\/2021\/01\/22\/depois-de-cancelar-carnaval-rock-in-rio-deve-ser-adiado\/#primaryimage","url":"https:\/\/portalnpm.com\/wp-content\/uploads\/2024\/01\/BB1cYJfb.jpeg","contentUrl":"https:\/\/portalnpm.com\/wp-content\/uploads\/2024\/01\/BB1cYJfb.jpeg","width":600,"height":337},{"@type":"BreadcrumbList","@id":"https:\/\/portalnpm.com\/index.php\/2021\/01\/22\/depois-de-cancelar-carnaval-rock-in-rio-deve-ser-adiado\/#breadcrumb","itemListElement":[{"@type":"ListItem","position":1,"name":"In\u00edcio","item":"https:\/\/portalnpm.com\/"},{"@type":"ListItem","position":2,"name":"Depois de cancelar Carnaval, Rock in Rio deve ser adiado"}]},{"@type":"WebSite","@id":"https:\/\/portalnpm.com\/#website","url":"https:\/\/portalnpm.com\/","name":"Portal NPM","description":"Not\u00edcias em Primeira M\u00e3o","potentialAction":[{"@type":"SearchAction","target":{"@type":"EntryPoint","urlTemplate":"https:\/\/portalnpm.com\/?s={search_term_string}"},"query-input":"required name=search_term_string"}],"inLanguage":"pt-BR"},{"@type":"Person","@id":"https:\/\/portalnpm.com\/#\/schema\/person\/49313e563cfdefcc167f1ee4c017c294","name":"Genival Barbosa","image":{"@type":"ImageObject","inLanguage":"pt-BR","@id":"https:\/\/portalnpm.com\/#\/schema\/person\/image\/","url":"https:\/\/portalnpm.com\/wp-content\/uploads\/2024\/02\/avatar_user_2_1707743258-96x96.jpeg","contentUrl":"https:\/\/portalnpm.com\/wp-content\/uploads\/2024\/02\/avatar_user_2_1707743258-96x96.jpeg","caption":"Genival Barbosa"},"url":"https:\/\/portalnpm.com\/index.php\/author\/genival\/"}]}},"jetpack_sharing_enabled":true,"jetpack_featured_media_url":"https:\/\/portalnpm.com\/wp-content\/uploads\/2024\/01\/BB1cYJfb.jpeg","_links":{"self":[{"href":"https:\/\/portalnpm.com\/index.php\/wp-json\/wp\/v2\/posts\/61599"}],"collection":[{"href":"https:\/\/portalnpm.com\/index.php\/wp-json\/wp\/v2\/posts"}],"about":[{"href":"https:\/\/portalnpm.com\/index.php\/wp-json\/wp\/v2\/types\/post"}],"author":[{"embeddable":true,"href":"https:\/\/portalnpm.com\/index.php\/wp-json\/wp\/v2\/users\/2"}],"replies":[{"embeddable":true,"href":"https:\/\/portalnpm.com\/index.php\/wp-json\/wp\/v2\/comments?post=61599"}],"version-history":[{"count":0,"href":"https:\/\/portalnpm.com\/index.php\/wp-json\/wp\/v2\/posts\/61599\/revisions"}],"wp:featuredmedia":[{"embeddable":true,"href":"https:\/\/portalnpm.com\/index.php\/wp-json\/wp\/v2\/media\/61600"}],"wp:attachment":[{"href":"https:\/\/portalnpm.com\/index.php\/wp-json\/wp\/v2\/media?parent=61599"}],"wp:term":[{"taxonomy":"category","embeddable":true,"href":"https:\/\/portalnpm.com\/index.php\/wp-json\/wp\/v2\/categories?post=61599"},{"taxonomy":"post_tag","embeddable":true,"href":"https:\/\/portalnpm.com\/index.php\/wp-json\/wp\/v2\/tags?post=61599"}],"curies":[{"name":"wp","href":"https:\/\/api.w.org\/{rel}","templated":true}]}}