{"id":6168,"date":"2019-03-15T14:52:42","date_gmt":"2019-03-15T17:52:42","guid":{"rendered":"http:\/\/srv.portalnpm.com.br\/?p=6168"},"modified":"2019-03-15T14:52:42","modified_gmt":"2019-03-15T17:52:42","slug":"familia-pede-doacao-de-plaquetas-para-bebe-com-leucemia","status":"publish","type":"post","link":"https:\/\/portalnpm.com\/index.php\/2019\/03\/15\/familia-pede-doacao-de-plaquetas-para-bebe-com-leucemia\/","title":{"rendered":"Fam\u00edlia pede doa\u00e7\u00e3o de plaquetas para beb\u00ea com leucemia"},"content":{"rendered":"<p style=\"text-align: justify;\">Mateus Lima Menezes \u00e9 um garotinho de 1 ano e 3 meses que h\u00e1 1 m\u00eas foi diagnosticado com leucemia mieloide aguda (LMA). Por causa do tratamento, ele precisa de doa\u00e7\u00f5es de plaquetas e a fam\u00edlia pede ajuda.<\/p>\n<p style=\"text-align: justify;\">&#8220;Somos de Teresina, mas os pais de Mateus foram morar em Fortaleza, que \u00e9 onde Mateus est\u00e1 internado. Temos muitos amigos l\u00e1 e esperamos que a campanha sensibilize as pessoas a doarem&#8221;, diz \u00c9rica, tia do Mateus.<\/p>\n<p style=\"text-align: justify;\">No \u00faltimo domingo, a fam\u00edlia conseguiu que a foto de Mateus fosse colocada no tel\u00e3o do Castel\u00e3o, durante um jogo de futebol. &#8220;Gra\u00e7as a Deus tivemos algumas doa\u00e7\u00f5es depois disso, mas ele precisa de muito mais&#8221;, afirma a tia.<\/p>\n<p style=\"text-align: justify;\">Mateus est\u00e1 internado desde o diagn\u00f3stico e 18 dias depois precisou ir para a UTI. O tratamento inicial da doen\u00e7a inclui a quimioterapia, que acabou reduzindo o n\u00famero de plaquetas e causando hemorragia.<\/p>\n<p style=\"text-align: justify;\">Para doar plaquetas a Mateus basta se dirigir ao Fujisan, na Avenida Bar\u00e3o de Studart, 2626, bairro Dion\u00edsio Torres, em Fortaleza. \u00c9 preciso dizer que \u00e9 para a lista de Amigos do Mateus.<\/p>\n<p style=\"text-align: justify;\">O local funciona das 7h30 \u00e0s 15h, de segunda a sexta-feira e de 7h30 \u00e0s 11h no s\u00e1bado.<\/p>\n<p style=\"text-align: justify;\"><strong>FONTE: Cidade Verde\u00a0<\/strong><\/p>\n","protected":false},"excerpt":{"rendered":"<p>Mateus Lima Menezes \u00e9 um garotinho de 1 ano e 3 meses que h\u00e1 1 m\u00eas foi diagnosticado com leucemia mieloide aguda (LMA). Por causa do tratamento, ele precisa de doa\u00e7\u00f5es de plaquetas e a fam\u00edlia pede ajuda. &#8220;Somos de Teresina, mas os pais de Mateus foram morar em Fortaleza, que \u00e9 onde Mateus est\u00e1 &hellip;<\/p>\n","protected":false},"author":4,"featured_media":6169,"comment_status":"open","ping_status":"open","sticky":false,"template":"","format":"standard","meta":{"content-type":"","rop_custom_images_group":[],"rop_custom_messages_group":[],"rop_publish_now":"initial","rop_publish_now_accounts":{"facebook_2648258775420054_1618374048415101":""},"rop_publish_now_history":[],"rop_publish_now_status":"pending","footnotes":"","_jetpack_memberships_contains_paid_content":false},"categories":[113,118],"tags":[687,2378,657,852,811],"yoast_head":"<!-- This site is optimized with the Yoast SEO plugin v22.3 - https:\/\/yoast.com\/wordpress\/plugins\/seo\/ -->\n<title>Fam\u00edlia pede doa\u00e7\u00e3o de plaquetas para beb\u00ea com leucemia - Portal NPM<\/title>\n<meta name=\"robots\" content=\"index, follow, max-snippet:-1, max-image-preview:large, max-video-preview:-1\" \/>\n<link rel=\"canonical\" href=\"https:\/\/portalnpm.com\/index.php\/2019\/03\/15\/familia-pede-doacao-de-plaquetas-para-bebe-com-leucemia\/\" \/>\n<meta property=\"og:locale\" content=\"pt_BR\" \/>\n<meta property=\"og:type\" content=\"article\" \/>\n<meta property=\"og:title\" content=\"Fam\u00edlia pede doa\u00e7\u00e3o de plaquetas para beb\u00ea com leucemia - Portal NPM\" \/>\n<meta property=\"og:description\" content=\"Mateus Lima Menezes \u00e9 um garotinho de 1 ano e 3 meses que h\u00e1 1 m\u00eas foi diagnosticado com leucemia mieloide aguda (LMA). Por causa do tratamento, ele precisa de doa\u00e7\u00f5es de plaquetas e a fam\u00edlia pede ajuda. &#8220;Somos de Teresina, mas os pais de Mateus foram morar em Fortaleza, que \u00e9 onde Mateus est\u00e1 &hellip;\" \/>\n<meta property=\"og:url\" content=\"https:\/\/portalnpm.com\/index.php\/2019\/03\/15\/familia-pede-doacao-de-plaquetas-para-bebe-com-leucemia\/\" \/>\n<meta property=\"og:site_name\" content=\"Portal NPM\" \/>\n<meta property=\"article:published_time\" content=\"2019-03-15T17:52:42+00:00\" \/>\n<meta name=\"author\" content=\"Reda\u00e7\u00e3o\" \/>\n<meta name=\"twitter:card\" content=\"summary_large_image\" \/>\n<meta name=\"twitter:label1\" content=\"Escrito por\" \/>\n\t<meta name=\"twitter:data1\" content=\"Reda\u00e7\u00e3o\" \/>\n\t<meta name=\"twitter:label2\" content=\"Est. tempo de leitura\" \/>\n\t<meta name=\"twitter:data2\" content=\"1 minuto\" \/>\n<script type=\"application\/ld+json\" class=\"yoast-schema-graph\">{\"@context\":\"https:\/\/schema.org\",\"@graph\":[{\"@type\":\"WebPage\",\"@id\":\"https:\/\/portalnpm.com\/index.php\/2019\/03\/15\/familia-pede-doacao-de-plaquetas-para-bebe-com-leucemia\/\",\"url\":\"https:\/\/portalnpm.com\/index.php\/2019\/03\/15\/familia-pede-doacao-de-plaquetas-para-bebe-com-leucemia\/\",\"name\":\"Fam\u00edlia pede doa\u00e7\u00e3o de plaquetas para beb\u00ea com leucemia - Portal NPM\",\"isPartOf\":{\"@id\":\"https:\/\/portalnpm.com\/#website\"},\"primaryImageOfPage\":{\"@id\":\"https:\/\/portalnpm.com\/index.php\/2019\/03\/15\/familia-pede-doacao-de-plaquetas-para-bebe-com-leucemia\/#primaryimage\"},\"image\":{\"@id\":\"https:\/\/portalnpm.com\/index.php\/2019\/03\/15\/familia-pede-doacao-de-plaquetas-para-bebe-com-leucemia\/#primaryimage\"},\"thumbnailUrl\":\"\",\"datePublished\":\"2019-03-15T17:52:42+00:00\",\"dateModified\":\"2019-03-15T17:52:42+00:00\",\"author\":{\"@id\":\"https:\/\/portalnpm.com\/#\/schema\/person\/0b5f230ec96cee25504fa328e7f2b733\"},\"breadcrumb\":{\"@id\":\"https:\/\/portalnpm.com\/index.php\/2019\/03\/15\/familia-pede-doacao-de-plaquetas-para-bebe-com-leucemia\/#breadcrumb\"},\"inLanguage\":\"pt-BR\",\"potentialAction\":[{\"@type\":\"ReadAction\",\"target\":[\"https:\/\/portalnpm.com\/index.php\/2019\/03\/15\/familia-pede-doacao-de-plaquetas-para-bebe-com-leucemia\/\"]}]},{\"@type\":\"ImageObject\",\"inLanguage\":\"pt-BR\",\"@id\":\"https:\/\/portalnpm.com\/index.php\/2019\/03\/15\/familia-pede-doacao-de-plaquetas-para-bebe-com-leucemia\/#primaryimage\",\"url\":\"\",\"contentUrl\":\"\"},{\"@type\":\"BreadcrumbList\",\"@id\":\"https:\/\/portalnpm.com\/index.php\/2019\/03\/15\/familia-pede-doacao-de-plaquetas-para-bebe-com-leucemia\/#breadcrumb\",\"itemListElement\":[{\"@type\":\"ListItem\",\"position\":1,\"name\":\"In\u00edcio\",\"item\":\"https:\/\/portalnpm.com\/\"},{\"@type\":\"ListItem\",\"position\":2,\"name\":\"Fam\u00edlia pede doa\u00e7\u00e3o de plaquetas para beb\u00ea com leucemia\"}]},{\"@type\":\"WebSite\",\"@id\":\"https:\/\/portalnpm.com\/#website\",\"url\":\"https:\/\/portalnpm.com\/\",\"name\":\"Portal NPM\",\"description\":\"Not\u00edcias em Primeira M\u00e3o\",\"potentialAction\":[{\"@type\":\"SearchAction\",\"target\":{\"@type\":\"EntryPoint\",\"urlTemplate\":\"https:\/\/portalnpm.com\/?s={search_term_string}\"},\"query-input\":\"required name=search_term_string\"}],\"inLanguage\":\"pt-BR\"},{\"@type\":\"Person\",\"@id\":\"https:\/\/portalnpm.com\/#\/schema\/person\/0b5f230ec96cee25504fa328e7f2b733\",\"name\":\"Reda\u00e7\u00e3o\",\"image\":{\"@type\":\"ImageObject\",\"inLanguage\":\"pt-BR\",\"@id\":\"https:\/\/portalnpm.com\/#\/schema\/person\/image\/\",\"url\":\"https:\/\/portalnpm.com\/wp-content\/uploads\/2024\/03\/avatar_user_4_1710097212-96x96.png\",\"contentUrl\":\"https:\/\/portalnpm.com\/wp-content\/uploads\/2024\/03\/avatar_user_4_1710097212-96x96.png\",\"caption\":\"Reda\u00e7\u00e3o\"},\"url\":\"https:\/\/portalnpm.com\/index.php\/author\/redacao\/\"}]}<\/script>\n<!-- \/ Yoast SEO plugin. -->","yoast_head_json":{"title":"Fam\u00edlia pede doa\u00e7\u00e3o de plaquetas para beb\u00ea com leucemia - Portal NPM","robots":{"index":"index","follow":"follow","max-snippet":"max-snippet:-1","max-image-preview":"max-image-preview:large","max-video-preview":"max-video-preview:-1"},"canonical":"https:\/\/portalnpm.com\/index.php\/2019\/03\/15\/familia-pede-doacao-de-plaquetas-para-bebe-com-leucemia\/","og_locale":"pt_BR","og_type":"article","og_title":"Fam\u00edlia pede doa\u00e7\u00e3o de plaquetas para beb\u00ea com leucemia - Portal NPM","og_description":"Mateus Lima Menezes \u00e9 um garotinho de 1 ano e 3 meses que h\u00e1 1 m\u00eas foi diagnosticado com leucemia mieloide aguda (LMA). Por causa do tratamento, ele precisa de doa\u00e7\u00f5es de plaquetas e a fam\u00edlia pede ajuda. &#8220;Somos de Teresina, mas os pais de Mateus foram morar em Fortaleza, que \u00e9 onde Mateus est\u00e1 &hellip;","og_url":"https:\/\/portalnpm.com\/index.php\/2019\/03\/15\/familia-pede-doacao-de-plaquetas-para-bebe-com-leucemia\/","og_site_name":"Portal NPM","article_published_time":"2019-03-15T17:52:42+00:00","author":"Reda\u00e7\u00e3o","twitter_card":"summary_large_image","twitter_misc":{"Escrito por":"Reda\u00e7\u00e3o","Est. tempo de leitura":"1 minuto"},"schema":{"@context":"https:\/\/schema.org","@graph":[{"@type":"WebPage","@id":"https:\/\/portalnpm.com\/index.php\/2019\/03\/15\/familia-pede-doacao-de-plaquetas-para-bebe-com-leucemia\/","url":"https:\/\/portalnpm.com\/index.php\/2019\/03\/15\/familia-pede-doacao-de-plaquetas-para-bebe-com-leucemia\/","name":"Fam\u00edlia pede doa\u00e7\u00e3o de plaquetas para beb\u00ea com leucemia - Portal NPM","isPartOf":{"@id":"https:\/\/portalnpm.com\/#website"},"primaryImageOfPage":{"@id":"https:\/\/portalnpm.com\/index.php\/2019\/03\/15\/familia-pede-doacao-de-plaquetas-para-bebe-com-leucemia\/#primaryimage"},"image":{"@id":"https:\/\/portalnpm.com\/index.php\/2019\/03\/15\/familia-pede-doacao-de-plaquetas-para-bebe-com-leucemia\/#primaryimage"},"thumbnailUrl":"","datePublished":"2019-03-15T17:52:42+00:00","dateModified":"2019-03-15T17:52:42+00:00","author":{"@id":"https:\/\/portalnpm.com\/#\/schema\/person\/0b5f230ec96cee25504fa328e7f2b733"},"breadcrumb":{"@id":"https:\/\/portalnpm.com\/index.php\/2019\/03\/15\/familia-pede-doacao-de-plaquetas-para-bebe-com-leucemia\/#breadcrumb"},"inLanguage":"pt-BR","potentialAction":[{"@type":"ReadAction","target":["https:\/\/portalnpm.com\/index.php\/2019\/03\/15\/familia-pede-doacao-de-plaquetas-para-bebe-com-leucemia\/"]}]},{"@type":"ImageObject","inLanguage":"pt-BR","@id":"https:\/\/portalnpm.com\/index.php\/2019\/03\/15\/familia-pede-doacao-de-plaquetas-para-bebe-com-leucemia\/#primaryimage","url":"","contentUrl":""},{"@type":"BreadcrumbList","@id":"https:\/\/portalnpm.com\/index.php\/2019\/03\/15\/familia-pede-doacao-de-plaquetas-para-bebe-com-leucemia\/#breadcrumb","itemListElement":[{"@type":"ListItem","position":1,"name":"In\u00edcio","item":"https:\/\/portalnpm.com\/"},{"@type":"ListItem","position":2,"name":"Fam\u00edlia pede doa\u00e7\u00e3o de plaquetas para beb\u00ea com leucemia"}]},{"@type":"WebSite","@id":"https:\/\/portalnpm.com\/#website","url":"https:\/\/portalnpm.com\/","name":"Portal NPM","description":"Not\u00edcias em Primeira M\u00e3o","potentialAction":[{"@type":"SearchAction","target":{"@type":"EntryPoint","urlTemplate":"https:\/\/portalnpm.com\/?s={search_term_string}"},"query-input":"required name=search_term_string"}],"inLanguage":"pt-BR"},{"@type":"Person","@id":"https:\/\/portalnpm.com\/#\/schema\/person\/0b5f230ec96cee25504fa328e7f2b733","name":"Reda\u00e7\u00e3o","image":{"@type":"ImageObject","inLanguage":"pt-BR","@id":"https:\/\/portalnpm.com\/#\/schema\/person\/image\/","url":"https:\/\/portalnpm.com\/wp-content\/uploads\/2024\/03\/avatar_user_4_1710097212-96x96.png","contentUrl":"https:\/\/portalnpm.com\/wp-content\/uploads\/2024\/03\/avatar_user_4_1710097212-96x96.png","caption":"Reda\u00e7\u00e3o"},"url":"https:\/\/portalnpm.com\/index.php\/author\/redacao\/"}]}},"jetpack_sharing_enabled":true,"jetpack_featured_media_url":"","_links":{"self":[{"href":"https:\/\/portalnpm.com\/index.php\/wp-json\/wp\/v2\/posts\/6168"}],"collection":[{"href":"https:\/\/portalnpm.com\/index.php\/wp-json\/wp\/v2\/posts"}],"about":[{"href":"https:\/\/portalnpm.com\/index.php\/wp-json\/wp\/v2\/types\/post"}],"author":[{"embeddable":true,"href":"https:\/\/portalnpm.com\/index.php\/wp-json\/wp\/v2\/users\/4"}],"replies":[{"embeddable":true,"href":"https:\/\/portalnpm.com\/index.php\/wp-json\/wp\/v2\/comments?post=6168"}],"version-history":[{"count":0,"href":"https:\/\/portalnpm.com\/index.php\/wp-json\/wp\/v2\/posts\/6168\/revisions"}],"wp:featuredmedia":[{"embeddable":true,"href":"https:\/\/portalnpm.com\/index.php\/wp-json\/"}],"wp:attachment":[{"href":"https:\/\/portalnpm.com\/index.php\/wp-json\/wp\/v2\/media?parent=6168"}],"wp:term":[{"taxonomy":"category","embeddable":true,"href":"https:\/\/portalnpm.com\/index.php\/wp-json\/wp\/v2\/categories?post=6168"},{"taxonomy":"post_tag","embeddable":true,"href":"https:\/\/portalnpm.com\/index.php\/wp-json\/wp\/v2\/tags?post=6168"}],"curies":[{"name":"wp","href":"https:\/\/api.w.org\/{rel}","templated":true}]}}