{"id":61690,"date":"2021-01-23T08:38:29","date_gmt":"2021-01-23T11:38:29","guid":{"rendered":"https:\/\/portalnpm.com\/index.php\/2021\/01\/23\/projeto-prorroga-ate-abril-pagamento-do-auxilio-emergencial-com-valor-de-r-600-veja\/"},"modified":"2021-01-23T08:38:29","modified_gmt":"2021-01-23T11:38:29","slug":"projeto-prorroga-ate-abril-pagamento-do-auxilio-emergencial-com-valor-de-r-600-veja","status":"publish","type":"post","link":"https:\/\/portalnpm.com\/index.php\/2021\/01\/23\/projeto-prorroga-ate-abril-pagamento-do-auxilio-emergencial-com-valor-de-r-600-veja\/","title":{"rendered":"Projeto prorroga at\u00e9 abril pagamento do aux\u00edlio emergencial, com valor de R$ 600; veja!"},"content":{"rendered":"<p style=\"text-align: justify;\">O Projeto de Lei 5650\/20 prorroga o pagamento do\u00a0<strong><a href=\"https:\/\/www.moneytimes.com.br\/tag\/beneficios\" target=\"_top\" rel=\"noopener noreferrer\">aux\u00edlio emergencial<\/a><\/strong>\u00a0como medida de enfrentamento \u00e0 pandemia de\u00a0<a href=\"https:\/\/www.moneytimes.com.br\/tag\/coronavirus\" target=\"_top\" rel=\"noopener noreferrer\"><strong>Covid-19<\/strong><\/a>, com valor de R$ 600, at\u00e9 abril deste ano.<\/p>\n<p style=\"text-align: justify;\">\n<p style=\"text-align: justify;\">O aux\u00edlio foi criado pela Lei 13.982\/20 para atender pessoas em situa\u00e7\u00e3o de vulnerabilidade social durante a emerg\u00eancia de sa\u00fade p\u00fablica provocada pela doen\u00e7a. O projeto tramita na\u00a0<a href=\"https:\/\/www.moneytimes.com.br\/tag\/camara-dos-deputados\" target=\"_top\" rel=\"noopener noreferrer\"><strong>C\u00e2mara dos Deputados<\/strong><\/a>.<\/p>\n<p style=\"text-align: justify;\">Pago desde abril de 2020, sendo as cinco primeiras parcelas de R$ 600 e as quatro \u00faltimas de R$ 300, o aux\u00edlio emergencial acabou extinto em 31 de dezembro do ano passado, juntamente com o fim da vig\u00eancia do decreto 6\/20, que reconheceu a situa\u00e7\u00e3o de emerg\u00eancia de\u00a0<a href=\"https:\/\/www.moneytimes.com.br\/tag\/saude\" target=\"_top\" rel=\"noopener noreferrer\"><strong>sa\u00fade<\/strong>\u00a0<\/a>no Pa\u00eds.<\/p>\n<p style=\"text-align: justify;\">Autor do projeto, o deputado Chiquinho Braz\u00e3o (Avante-RJ) avalia que as vantagens sociais e econ\u00f4micas trazidas pelo aux\u00edlio emergencial devem ser mantidas. \u201cAinda que de forma tempor\u00e1ria, o benef\u00edcio contribuiu para reduzir o \u00edndice de pobreza da popula\u00e7\u00e3o e para manter a atividade econ\u00f4mica\u201d, diz Braz\u00e3o.<\/p>\n<p style=\"text-align: justify;\">\u201cCaso o aux\u00edlio n\u00e3o tivesse sido oferecido desde abril de 2020, o \u00edndice de pobreza teria saltado para 36% durante a pandemia. Al\u00e9m da queda de renda da popula\u00e7\u00e3o, o fim do benef\u00edcio vai afetar a arrecada\u00e7\u00e3o de estados e munic\u00edpios e os pequenos com\u00e9rcios locais\u201d, acrescentou.<\/p>\n<h2 style=\"text-align: justify;\"><strong>STF<\/strong><\/h2>\n<p style=\"text-align: justify;\">Uma liminar concedida pelo ministro\u00a0<a href=\"https:\/\/www.moneytimes.com.br\/tag\/ricardo-lewandowski\" target=\"_top\" rel=\"noopener noreferrer\"><strong>Ricardo Lewandowski<\/strong><\/a>, do Supremo Tribunal Federal (<a href=\"https:\/\/www.moneytimes.com.br\/tag\/stf\" target=\"_top\" rel=\"noopener noreferrer\"><strong>STF<\/strong><\/a>), em 30 de dezembro de 2020, garantiu a prorroga\u00e7\u00e3o das medidas sanit\u00e1rias de enfrentamento \u00e0 pandemia, mas n\u00e3o prorrogou o decreto que reconheceu o estado de calamidade p\u00fablica nem o pagamento do aux\u00edlio-emergencial.<\/p>\n<p style=\"text-align: justify;\">Na pr\u00e1tica, com o fim do estado de calamidade, o governo volta a ficar submetido \u00e0s imposi\u00e7\u00f5es da Lei de Responsabilidade Fiscal (LRF), sendo obrigado a cumprir metas de execu\u00e7\u00e3o do or\u00e7amento e limites de endividamento e de gastos com pessoal, o que reduz sensivelmente os recursos dispon\u00edveis para financiar pol\u00edticas de assist\u00eancia social e a\u00e7\u00f5es emergenciais na sa\u00fade e no setor produtivo.<\/p>\n<p style=\"text-align: justify;\"><em><strong>Fonte: Money Times &#8211; via Ag\u00eancia C\u00e2mara<\/strong><\/em><\/p>\n","protected":false},"excerpt":{"rendered":"<p>O Projeto de Lei 5650\/20 prorroga o pagamento do\u00a0aux\u00edlio emergencial\u00a0como medida de enfrentamento \u00e0 pandemia de\u00a0Covid-19, com valor de R$ 600, at\u00e9 abril deste ano. O aux\u00edlio foi criado pela Lei 13.982\/20 para atender pessoas em situa\u00e7\u00e3o de vulnerabilidade social durante a emerg\u00eancia de sa\u00fade p\u00fablica provocada pela doen\u00e7a. O projeto tramita na\u00a0C\u00e2mara dos Deputados. &hellip;<\/p>\n","protected":false},"author":3,"featured_media":61691,"comment_status":"open","ping_status":"open","sticky":false,"template":"","format":"standard","meta":{"content-type":"","rop_custom_images_group":[],"rop_custom_messages_group":[],"rop_publish_now":"initial","rop_publish_now_accounts":{"facebook_2648258775420054_1618374048415101":""},"rop_publish_now_history":[],"rop_publish_now_status":"pending","footnotes":"","_jetpack_memberships_contains_paid_content":false},"categories":[113,414],"tags":[9178,3975,2687,752],"yoast_head":"<!-- This site is optimized with the Yoast SEO plugin v22.3 - https:\/\/yoast.com\/wordpress\/plugins\/seo\/ -->\n<title>Projeto prorroga at\u00e9 abril pagamento do aux\u00edlio emergencial, com valor de R$ 600; veja!<\/title>\n<meta name=\"robots\" content=\"index, follow, max-snippet:-1, max-image-preview:large, max-video-preview:-1\" \/>\n<link rel=\"canonical\" href=\"https:\/\/portalnpm.com\/index.php\/2021\/01\/23\/projeto-prorroga-ate-abril-pagamento-do-auxilio-emergencial-com-valor-de-r-600-veja\/\" \/>\n<meta property=\"og:locale\" content=\"pt_BR\" \/>\n<meta property=\"og:type\" content=\"article\" \/>\n<meta property=\"og:title\" content=\"Projeto prorroga at\u00e9 abril pagamento do aux\u00edlio emergencial, com valor de R$ 600; veja!\" \/>\n<meta property=\"og:description\" content=\"O Projeto de Lei 5650\/20 prorroga o pagamento do\u00a0aux\u00edlio emergencial\u00a0como medida de enfrentamento \u00e0 pandemia de\u00a0Covid-19, com valor de R$ 600, at\u00e9 abril deste ano. O aux\u00edlio foi criado pela Lei 13.982\/20 para atender pessoas em situa\u00e7\u00e3o de vulnerabilidade social durante a emerg\u00eancia de sa\u00fade p\u00fablica provocada pela doen\u00e7a. O projeto tramita na\u00a0C\u00e2mara dos Deputados. &hellip;\" \/>\n<meta property=\"og:url\" content=\"https:\/\/portalnpm.com\/index.php\/2021\/01\/23\/projeto-prorroga-ate-abril-pagamento-do-auxilio-emergencial-com-valor-de-r-600-veja\/\" \/>\n<meta property=\"og:site_name\" content=\"Portal NPM\" \/>\n<meta property=\"article:published_time\" content=\"2021-01-23T11:38:29+00:00\" \/>\n<meta property=\"og:image\" content=\"https:\/\/portalnpm.com\/wp-content\/uploads\/2024\/01\/1-7.jpg\" \/>\n\t<meta property=\"og:image:width\" content=\"640\" \/>\n\t<meta property=\"og:image:height\" content=\"340\" \/>\n\t<meta property=\"og:image:type\" content=\"image\/jpeg\" \/>\n<meta name=\"author\" content=\"Luis Alberto\" \/>\n<meta name=\"twitter:card\" content=\"summary_large_image\" \/>\n<meta name=\"twitter:label1\" content=\"Escrito por\" \/>\n\t<meta name=\"twitter:data1\" content=\"Luis Alberto\" \/>\n\t<meta name=\"twitter:label2\" content=\"Est. tempo de leitura\" \/>\n\t<meta name=\"twitter:data2\" content=\"2 minutos\" \/>\n<script type=\"application\/ld+json\" class=\"yoast-schema-graph\">{\"@context\":\"https:\/\/schema.org\",\"@graph\":[{\"@type\":\"WebPage\",\"@id\":\"https:\/\/portalnpm.com\/index.php\/2021\/01\/23\/projeto-prorroga-ate-abril-pagamento-do-auxilio-emergencial-com-valor-de-r-600-veja\/\",\"url\":\"https:\/\/portalnpm.com\/index.php\/2021\/01\/23\/projeto-prorroga-ate-abril-pagamento-do-auxilio-emergencial-com-valor-de-r-600-veja\/\",\"name\":\"Projeto prorroga at\u00e9 abril pagamento do aux\u00edlio emergencial, com valor de R$ 600; veja!\",\"isPartOf\":{\"@id\":\"https:\/\/portalnpm.com\/#website\"},\"primaryImageOfPage\":{\"@id\":\"https:\/\/portalnpm.com\/index.php\/2021\/01\/23\/projeto-prorroga-ate-abril-pagamento-do-auxilio-emergencial-com-valor-de-r-600-veja\/#primaryimage\"},\"image\":{\"@id\":\"https:\/\/portalnpm.com\/index.php\/2021\/01\/23\/projeto-prorroga-ate-abril-pagamento-do-auxilio-emergencial-com-valor-de-r-600-veja\/#primaryimage\"},\"thumbnailUrl\":\"https:\/\/portalnpm.com\/wp-content\/uploads\/2024\/01\/1-7.jpg\",\"datePublished\":\"2021-01-23T11:38:29+00:00\",\"dateModified\":\"2021-01-23T11:38:29+00:00\",\"author\":{\"@id\":\"https:\/\/portalnpm.com\/#\/schema\/person\/5c8006acdf71774cd4e7a5ab98482152\"},\"breadcrumb\":{\"@id\":\"https:\/\/portalnpm.com\/index.php\/2021\/01\/23\/projeto-prorroga-ate-abril-pagamento-do-auxilio-emergencial-com-valor-de-r-600-veja\/#breadcrumb\"},\"inLanguage\":\"pt-BR\",\"potentialAction\":[{\"@type\":\"ReadAction\",\"target\":[\"https:\/\/portalnpm.com\/index.php\/2021\/01\/23\/projeto-prorroga-ate-abril-pagamento-do-auxilio-emergencial-com-valor-de-r-600-veja\/\"]}]},{\"@type\":\"ImageObject\",\"inLanguage\":\"pt-BR\",\"@id\":\"https:\/\/portalnpm.com\/index.php\/2021\/01\/23\/projeto-prorroga-ate-abril-pagamento-do-auxilio-emergencial-com-valor-de-r-600-veja\/#primaryimage\",\"url\":\"https:\/\/portalnpm.com\/wp-content\/uploads\/2024\/01\/1-7.jpg\",\"contentUrl\":\"https:\/\/portalnpm.com\/wp-content\/uploads\/2024\/01\/1-7.jpg\",\"width\":640,\"height\":340},{\"@type\":\"BreadcrumbList\",\"@id\":\"https:\/\/portalnpm.com\/index.php\/2021\/01\/23\/projeto-prorroga-ate-abril-pagamento-do-auxilio-emergencial-com-valor-de-r-600-veja\/#breadcrumb\",\"itemListElement\":[{\"@type\":\"ListItem\",\"position\":1,\"name\":\"In\u00edcio\",\"item\":\"https:\/\/portalnpm.com\/\"},{\"@type\":\"ListItem\",\"position\":2,\"name\":\"Projeto prorroga at\u00e9 abril pagamento do aux\u00edlio emergencial, com valor de R$ 600; veja!\"}]},{\"@type\":\"WebSite\",\"@id\":\"https:\/\/portalnpm.com\/#website\",\"url\":\"https:\/\/portalnpm.com\/\",\"name\":\"Portal NPM\",\"description\":\"Not\u00edcias em Primeira M\u00e3o\",\"potentialAction\":[{\"@type\":\"SearchAction\",\"target\":{\"@type\":\"EntryPoint\",\"urlTemplate\":\"https:\/\/portalnpm.com\/?s={search_term_string}\"},\"query-input\":\"required name=search_term_string\"}],\"inLanguage\":\"pt-BR\"},{\"@type\":\"Person\",\"@id\":\"https:\/\/portalnpm.com\/#\/schema\/person\/5c8006acdf71774cd4e7a5ab98482152\",\"name\":\"Luis Alberto\",\"image\":{\"@type\":\"ImageObject\",\"inLanguage\":\"pt-BR\",\"@id\":\"https:\/\/portalnpm.com\/#\/schema\/person\/image\/\",\"url\":\"https:\/\/portalnpm.com\/wp-content\/uploads\/2024\/12\/avatar_user_3_1734699769-96x96.jpeg\",\"contentUrl\":\"https:\/\/portalnpm.com\/wp-content\/uploads\/2024\/12\/avatar_user_3_1734699769-96x96.jpeg\",\"caption\":\"Luis Alberto\"},\"description\":\"Editor-geral do Portal NPM, \u00e9 formado como T\u00e9cnico em Seguran\u00e7a do Trabalho pela Escola Metropolitana de Cursos T\u00e9cnicos. Det\u00e9m ainda licenciatura em Educa\u00e7\u00e3o F\u00edsica e bacharelado em Ci\u00eancias Pol\u00edticas, ambos obtidos pela institui\u00e7\u00e3o Anhanguera\/UNOPAR.\",\"url\":\"https:\/\/portalnpm.com\/index.php\/author\/pereira\/\"}]}<\/script>\n<!-- \/ Yoast SEO plugin. -->","yoast_head_json":{"title":"Projeto prorroga at\u00e9 abril pagamento do aux\u00edlio emergencial, com valor de R$ 600; veja!","robots":{"index":"index","follow":"follow","max-snippet":"max-snippet:-1","max-image-preview":"max-image-preview:large","max-video-preview":"max-video-preview:-1"},"canonical":"https:\/\/portalnpm.com\/index.php\/2021\/01\/23\/projeto-prorroga-ate-abril-pagamento-do-auxilio-emergencial-com-valor-de-r-600-veja\/","og_locale":"pt_BR","og_type":"article","og_title":"Projeto prorroga at\u00e9 abril pagamento do aux\u00edlio emergencial, com valor de R$ 600; veja!","og_description":"O Projeto de Lei 5650\/20 prorroga o pagamento do\u00a0aux\u00edlio emergencial\u00a0como medida de enfrentamento \u00e0 pandemia de\u00a0Covid-19, com valor de R$ 600, at\u00e9 abril deste ano. O aux\u00edlio foi criado pela Lei 13.982\/20 para atender pessoas em situa\u00e7\u00e3o de vulnerabilidade social durante a emerg\u00eancia de sa\u00fade p\u00fablica provocada pela doen\u00e7a. O projeto tramita na\u00a0C\u00e2mara dos Deputados. &hellip;","og_url":"https:\/\/portalnpm.com\/index.php\/2021\/01\/23\/projeto-prorroga-ate-abril-pagamento-do-auxilio-emergencial-com-valor-de-r-600-veja\/","og_site_name":"Portal NPM","article_published_time":"2021-01-23T11:38:29+00:00","og_image":[{"width":640,"height":340,"url":"https:\/\/portalnpm.com\/wp-content\/uploads\/2024\/01\/1-7.jpg","type":"image\/jpeg"}],"author":"Luis Alberto","twitter_card":"summary_large_image","twitter_misc":{"Escrito por":"Luis Alberto","Est. tempo de leitura":"2 minutos"},"schema":{"@context":"https:\/\/schema.org","@graph":[{"@type":"WebPage","@id":"https:\/\/portalnpm.com\/index.php\/2021\/01\/23\/projeto-prorroga-ate-abril-pagamento-do-auxilio-emergencial-com-valor-de-r-600-veja\/","url":"https:\/\/portalnpm.com\/index.php\/2021\/01\/23\/projeto-prorroga-ate-abril-pagamento-do-auxilio-emergencial-com-valor-de-r-600-veja\/","name":"Projeto prorroga at\u00e9 abril pagamento do aux\u00edlio emergencial, com valor de R$ 600; veja!","isPartOf":{"@id":"https:\/\/portalnpm.com\/#website"},"primaryImageOfPage":{"@id":"https:\/\/portalnpm.com\/index.php\/2021\/01\/23\/projeto-prorroga-ate-abril-pagamento-do-auxilio-emergencial-com-valor-de-r-600-veja\/#primaryimage"},"image":{"@id":"https:\/\/portalnpm.com\/index.php\/2021\/01\/23\/projeto-prorroga-ate-abril-pagamento-do-auxilio-emergencial-com-valor-de-r-600-veja\/#primaryimage"},"thumbnailUrl":"https:\/\/portalnpm.com\/wp-content\/uploads\/2024\/01\/1-7.jpg","datePublished":"2021-01-23T11:38:29+00:00","dateModified":"2021-01-23T11:38:29+00:00","author":{"@id":"https:\/\/portalnpm.com\/#\/schema\/person\/5c8006acdf71774cd4e7a5ab98482152"},"breadcrumb":{"@id":"https:\/\/portalnpm.com\/index.php\/2021\/01\/23\/projeto-prorroga-ate-abril-pagamento-do-auxilio-emergencial-com-valor-de-r-600-veja\/#breadcrumb"},"inLanguage":"pt-BR","potentialAction":[{"@type":"ReadAction","target":["https:\/\/portalnpm.com\/index.php\/2021\/01\/23\/projeto-prorroga-ate-abril-pagamento-do-auxilio-emergencial-com-valor-de-r-600-veja\/"]}]},{"@type":"ImageObject","inLanguage":"pt-BR","@id":"https:\/\/portalnpm.com\/index.php\/2021\/01\/23\/projeto-prorroga-ate-abril-pagamento-do-auxilio-emergencial-com-valor-de-r-600-veja\/#primaryimage","url":"https:\/\/portalnpm.com\/wp-content\/uploads\/2024\/01\/1-7.jpg","contentUrl":"https:\/\/portalnpm.com\/wp-content\/uploads\/2024\/01\/1-7.jpg","width":640,"height":340},{"@type":"BreadcrumbList","@id":"https:\/\/portalnpm.com\/index.php\/2021\/01\/23\/projeto-prorroga-ate-abril-pagamento-do-auxilio-emergencial-com-valor-de-r-600-veja\/#breadcrumb","itemListElement":[{"@type":"ListItem","position":1,"name":"In\u00edcio","item":"https:\/\/portalnpm.com\/"},{"@type":"ListItem","position":2,"name":"Projeto prorroga at\u00e9 abril pagamento do aux\u00edlio emergencial, com valor de R$ 600; veja!"}]},{"@type":"WebSite","@id":"https:\/\/portalnpm.com\/#website","url":"https:\/\/portalnpm.com\/","name":"Portal NPM","description":"Not\u00edcias em Primeira M\u00e3o","potentialAction":[{"@type":"SearchAction","target":{"@type":"EntryPoint","urlTemplate":"https:\/\/portalnpm.com\/?s={search_term_string}"},"query-input":"required name=search_term_string"}],"inLanguage":"pt-BR"},{"@type":"Person","@id":"https:\/\/portalnpm.com\/#\/schema\/person\/5c8006acdf71774cd4e7a5ab98482152","name":"Luis Alberto","image":{"@type":"ImageObject","inLanguage":"pt-BR","@id":"https:\/\/portalnpm.com\/#\/schema\/person\/image\/","url":"https:\/\/portalnpm.com\/wp-content\/uploads\/2024\/12\/avatar_user_3_1734699769-96x96.jpeg","contentUrl":"https:\/\/portalnpm.com\/wp-content\/uploads\/2024\/12\/avatar_user_3_1734699769-96x96.jpeg","caption":"Luis Alberto"},"description":"Editor-geral do Portal NPM, \u00e9 formado como T\u00e9cnico em Seguran\u00e7a do Trabalho pela Escola Metropolitana de Cursos T\u00e9cnicos. Det\u00e9m ainda licenciatura em Educa\u00e7\u00e3o F\u00edsica e bacharelado em Ci\u00eancias Pol\u00edticas, ambos obtidos pela institui\u00e7\u00e3o Anhanguera\/UNOPAR.","url":"https:\/\/portalnpm.com\/index.php\/author\/pereira\/"}]}},"jetpack_sharing_enabled":true,"jetpack_featured_media_url":"https:\/\/portalnpm.com\/wp-content\/uploads\/2024\/01\/1-7.jpg","_links":{"self":[{"href":"https:\/\/portalnpm.com\/index.php\/wp-json\/wp\/v2\/posts\/61690"}],"collection":[{"href":"https:\/\/portalnpm.com\/index.php\/wp-json\/wp\/v2\/posts"}],"about":[{"href":"https:\/\/portalnpm.com\/index.php\/wp-json\/wp\/v2\/types\/post"}],"author":[{"embeddable":true,"href":"https:\/\/portalnpm.com\/index.php\/wp-json\/wp\/v2\/users\/3"}],"replies":[{"embeddable":true,"href":"https:\/\/portalnpm.com\/index.php\/wp-json\/wp\/v2\/comments?post=61690"}],"version-history":[{"count":0,"href":"https:\/\/portalnpm.com\/index.php\/wp-json\/wp\/v2\/posts\/61690\/revisions"}],"wp:featuredmedia":[{"embeddable":true,"href":"https:\/\/portalnpm.com\/index.php\/wp-json\/wp\/v2\/media\/61691"}],"wp:attachment":[{"href":"https:\/\/portalnpm.com\/index.php\/wp-json\/wp\/v2\/media?parent=61690"}],"wp:term":[{"taxonomy":"category","embeddable":true,"href":"https:\/\/portalnpm.com\/index.php\/wp-json\/wp\/v2\/categories?post=61690"},{"taxonomy":"post_tag","embeddable":true,"href":"https:\/\/portalnpm.com\/index.php\/wp-json\/wp\/v2\/tags?post=61690"}],"curies":[{"name":"wp","href":"https:\/\/api.w.org\/{rel}","templated":true}]}}