{"id":61704,"date":"2021-01-23T19:22:45","date_gmt":"2021-01-23T22:22:45","guid":{"rendered":"https:\/\/portalnpm.com\/index.php\/2021\/01\/23\/varejista-zara-fecha-sete-lojas-no-brasil\/"},"modified":"2021-01-23T19:22:45","modified_gmt":"2021-01-23T22:22:45","slug":"varejista-zara-fecha-sete-lojas-no-brasil","status":"publish","type":"post","link":"https:\/\/portalnpm.com\/index.php\/2021\/01\/23\/varejista-zara-fecha-sete-lojas-no-brasil\/","title":{"rendered":"Varejista Zara fecha sete lojas no Brasil"},"content":{"rendered":"<p style=\"text-align: justify;\">A rede de lojas Zara, do grupo espanhol Inditex, passa por uma reorganiza\u00e7\u00e3o mundial baseada em foco maior nas vendas digitais e que envolve tamb\u00e9m o encerramento de lojas de menor porte. O plano da empresa foi tra\u00e7ado em 2020 e, no Brasil, come\u00e7ou ainda no ano passado, com o fechamento de lojas nas cidades de Joinville (SC) e S\u00e3o Jos\u00e9 dos Campos (SP), segundo apurou o\u00a0<strong>Estad\u00e3o\/Broadcast<\/strong>.<\/p>\n<p style=\"text-align: justify;\">\n<p style=\"text-align: justify;\">\n<p style=\"text-align: justify;\">Neste ano, haver\u00e1 fechamentos em mais cinco cidades: Vila Velha (ES), Uberl\u00e2ndia (MG), S\u00e3o Bernardo (SP), Campo Grande (MS) e Goi\u00e2nia (GO). A previs\u00e3o, segundo fonte pr\u00f3xima ao assunto, \u00e9 de que a rede fique com 49 lojas no pa\u00eds, das 56 existentes, antes da execu\u00e7\u00e3o do plano.<\/p>\n<p style=\"text-align: justify;\">Em todo o mundo, a Inditex tinha cerca de 7.400 lojas antes da pandemia, n\u00famero que deve ficar entre 6.700 e 6.900 depois da reestrutura\u00e7\u00e3o.<\/p>\n<p style=\"text-align: justify;\">Os crit\u00e9rios para escolha das lojas que saem do portf\u00f3lio da empresa s\u00e3o tamanho e localiza\u00e7\u00e3o. A estrat\u00e9gia \u00e9 manter grandes lojas, com potencial para alavancar a estrat\u00e9gia online da companhia. Para atingir essa meta, esses estabelecimentos dever\u00e3o passar por uma moderniza\u00e7\u00e3o.<\/p>\n<p style=\"text-align: justify;\">J\u00e1 as lojas menores, consideradas sat\u00e9lites e localizadas em cidades com menor fluxo de clientes, perdem relev\u00e2ncia nesse novo posicionamento.<\/p>\n<p style=\"text-align: justify;\">A Inditex, grupo varejista dono das marcas Zara, Bershka, Pull &#038; Bear e Massimo Dutti, anunciou em junho do ano passado o fechamento de 1.200 lojas em todo o mundo, enxugamento que ser\u00e1 compensado pela abertura de 500 unidades.<\/p>\n<p style=\"text-align: justify;\">As vendas do grupo ca\u00edram 44% no primeiro trimestre fiscal de 2020, em rela\u00e7\u00e3o ao ano anterior, em raz\u00e3o da pandemia de covid-19, segundo o jornal ingl\u00eas The Guardian. De fevereiro a abril de 2020, a Zara registrou um preju\u00edzo de 443 milh\u00f5es de euros.<\/p>\n<p style=\"text-align: justify;\">As informa\u00e7\u00f5es s\u00e3o do jornal\u00a0<strong>O Estado de S. Paulo.<\/strong><\/p>\n","protected":false},"excerpt":{"rendered":"<p>A rede de lojas Zara, do grupo espanhol Inditex, passa por uma reorganiza\u00e7\u00e3o mundial baseada em foco maior nas vendas digitais e que envolve tamb\u00e9m o encerramento de lojas de menor porte. O plano da empresa foi tra\u00e7ado em 2020 e, no Brasil, come\u00e7ou ainda no ano passado, com o fechamento de lojas nas cidades &hellip;<\/p>\n","protected":false},"author":2,"featured_media":61705,"comment_status":"open","ping_status":"open","sticky":false,"template":"","format":"standard","meta":{"content-type":"","rop_custom_images_group":[],"rop_custom_messages_group":[],"rop_publish_now":"initial","rop_publish_now_accounts":{"facebook_2648258775420054_1618374048415101":""},"rop_publish_now_history":[],"rop_publish_now_status":"pending","footnotes":"","_jetpack_memberships_contains_paid_content":false},"categories":[414],"tags":[5809,9197,9198,9199],"yoast_head":"<!-- This site is optimized with the Yoast SEO plugin v22.3 - https:\/\/yoast.com\/wordpress\/plugins\/seo\/ -->\n<title>Varejista Zara fecha sete lojas no Brasil<\/title>\n<meta name=\"robots\" content=\"index, follow, max-snippet:-1, max-image-preview:large, max-video-preview:-1\" \/>\n<link rel=\"canonical\" href=\"https:\/\/portalnpm.com\/index.php\/2021\/01\/23\/varejista-zara-fecha-sete-lojas-no-brasil\/\" \/>\n<meta property=\"og:locale\" content=\"pt_BR\" \/>\n<meta property=\"og:type\" content=\"article\" \/>\n<meta property=\"og:title\" content=\"Varejista Zara fecha sete lojas no Brasil\" \/>\n<meta property=\"og:description\" content=\"A rede de lojas Zara, do grupo espanhol Inditex, passa por uma reorganiza\u00e7\u00e3o mundial baseada em foco maior nas vendas digitais e que envolve tamb\u00e9m o encerramento de lojas de menor porte. O plano da empresa foi tra\u00e7ado em 2020 e, no Brasil, come\u00e7ou ainda no ano passado, com o fechamento de lojas nas cidades &hellip;\" \/>\n<meta property=\"og:url\" content=\"https:\/\/portalnpm.com\/index.php\/2021\/01\/23\/varejista-zara-fecha-sete-lojas-no-brasil\/\" \/>\n<meta property=\"og:site_name\" content=\"Portal NPM\" \/>\n<meta property=\"article:published_time\" content=\"2021-01-23T22:22:45+00:00\" \/>\n<meta property=\"og:image\" content=\"https:\/\/portalnpm.com\/wp-content\/uploads\/2024\/01\/loja-da-zara-no-shopping-leblon-no-rio-1.jpg\" \/>\n\t<meta property=\"og:image:width\" content=\"804\" \/>\n\t<meta property=\"og:image:height\" content=\"394\" \/>\n\t<meta property=\"og:image:type\" content=\"image\/jpeg\" \/>\n<meta name=\"author\" content=\"Genival Barbosa\" \/>\n<meta name=\"twitter:card\" content=\"summary_large_image\" \/>\n<meta name=\"twitter:label1\" content=\"Escrito por\" \/>\n\t<meta name=\"twitter:data1\" content=\"Genival Barbosa\" \/>\n\t<meta name=\"twitter:label2\" content=\"Est. tempo de leitura\" \/>\n\t<meta name=\"twitter:data2\" content=\"2 minutos\" \/>\n<script type=\"application\/ld+json\" class=\"yoast-schema-graph\">{\"@context\":\"https:\/\/schema.org\",\"@graph\":[{\"@type\":\"WebPage\",\"@id\":\"https:\/\/portalnpm.com\/index.php\/2021\/01\/23\/varejista-zara-fecha-sete-lojas-no-brasil\/\",\"url\":\"https:\/\/portalnpm.com\/index.php\/2021\/01\/23\/varejista-zara-fecha-sete-lojas-no-brasil\/\",\"name\":\"Varejista Zara fecha sete lojas no Brasil\",\"isPartOf\":{\"@id\":\"https:\/\/portalnpm.com\/#website\"},\"primaryImageOfPage\":{\"@id\":\"https:\/\/portalnpm.com\/index.php\/2021\/01\/23\/varejista-zara-fecha-sete-lojas-no-brasil\/#primaryimage\"},\"image\":{\"@id\":\"https:\/\/portalnpm.com\/index.php\/2021\/01\/23\/varejista-zara-fecha-sete-lojas-no-brasil\/#primaryimage\"},\"thumbnailUrl\":\"https:\/\/portalnpm.com\/wp-content\/uploads\/2024\/01\/loja-da-zara-no-shopping-leblon-no-rio-1.jpg\",\"datePublished\":\"2021-01-23T22:22:45+00:00\",\"dateModified\":\"2021-01-23T22:22:45+00:00\",\"author\":{\"@id\":\"https:\/\/portalnpm.com\/#\/schema\/person\/49313e563cfdefcc167f1ee4c017c294\"},\"breadcrumb\":{\"@id\":\"https:\/\/portalnpm.com\/index.php\/2021\/01\/23\/varejista-zara-fecha-sete-lojas-no-brasil\/#breadcrumb\"},\"inLanguage\":\"pt-BR\",\"potentialAction\":[{\"@type\":\"ReadAction\",\"target\":[\"https:\/\/portalnpm.com\/index.php\/2021\/01\/23\/varejista-zara-fecha-sete-lojas-no-brasil\/\"]}]},{\"@type\":\"ImageObject\",\"inLanguage\":\"pt-BR\",\"@id\":\"https:\/\/portalnpm.com\/index.php\/2021\/01\/23\/varejista-zara-fecha-sete-lojas-no-brasil\/#primaryimage\",\"url\":\"https:\/\/portalnpm.com\/wp-content\/uploads\/2024\/01\/loja-da-zara-no-shopping-leblon-no-rio-1.jpg\",\"contentUrl\":\"https:\/\/portalnpm.com\/wp-content\/uploads\/2024\/01\/loja-da-zara-no-shopping-leblon-no-rio-1.jpg\",\"width\":804,\"height\":394},{\"@type\":\"BreadcrumbList\",\"@id\":\"https:\/\/portalnpm.com\/index.php\/2021\/01\/23\/varejista-zara-fecha-sete-lojas-no-brasil\/#breadcrumb\",\"itemListElement\":[{\"@type\":\"ListItem\",\"position\":1,\"name\":\"In\u00edcio\",\"item\":\"https:\/\/portalnpm.com\/\"},{\"@type\":\"ListItem\",\"position\":2,\"name\":\"Varejista Zara fecha sete lojas no Brasil\"}]},{\"@type\":\"WebSite\",\"@id\":\"https:\/\/portalnpm.com\/#website\",\"url\":\"https:\/\/portalnpm.com\/\",\"name\":\"Portal NPM\",\"description\":\"Not\u00edcias em Primeira M\u00e3o\",\"potentialAction\":[{\"@type\":\"SearchAction\",\"target\":{\"@type\":\"EntryPoint\",\"urlTemplate\":\"https:\/\/portalnpm.com\/?s={search_term_string}\"},\"query-input\":\"required name=search_term_string\"}],\"inLanguage\":\"pt-BR\"},{\"@type\":\"Person\",\"@id\":\"https:\/\/portalnpm.com\/#\/schema\/person\/49313e563cfdefcc167f1ee4c017c294\",\"name\":\"Genival Barbosa\",\"image\":{\"@type\":\"ImageObject\",\"inLanguage\":\"pt-BR\",\"@id\":\"https:\/\/portalnpm.com\/#\/schema\/person\/image\/\",\"url\":\"https:\/\/portalnpm.com\/wp-content\/uploads\/2024\/02\/avatar_user_2_1707743258-96x96.jpeg\",\"contentUrl\":\"https:\/\/portalnpm.com\/wp-content\/uploads\/2024\/02\/avatar_user_2_1707743258-96x96.jpeg\",\"caption\":\"Genival Barbosa\"},\"url\":\"https:\/\/portalnpm.com\/index.php\/author\/genival\/\"}]}<\/script>\n<!-- \/ Yoast SEO plugin. -->","yoast_head_json":{"title":"Varejista Zara fecha sete lojas no Brasil","robots":{"index":"index","follow":"follow","max-snippet":"max-snippet:-1","max-image-preview":"max-image-preview:large","max-video-preview":"max-video-preview:-1"},"canonical":"https:\/\/portalnpm.com\/index.php\/2021\/01\/23\/varejista-zara-fecha-sete-lojas-no-brasil\/","og_locale":"pt_BR","og_type":"article","og_title":"Varejista Zara fecha sete lojas no Brasil","og_description":"A rede de lojas Zara, do grupo espanhol Inditex, passa por uma reorganiza\u00e7\u00e3o mundial baseada em foco maior nas vendas digitais e que envolve tamb\u00e9m o encerramento de lojas de menor porte. O plano da empresa foi tra\u00e7ado em 2020 e, no Brasil, come\u00e7ou ainda no ano passado, com o fechamento de lojas nas cidades &hellip;","og_url":"https:\/\/portalnpm.com\/index.php\/2021\/01\/23\/varejista-zara-fecha-sete-lojas-no-brasil\/","og_site_name":"Portal NPM","article_published_time":"2021-01-23T22:22:45+00:00","og_image":[{"width":804,"height":394,"url":"https:\/\/portalnpm.com\/wp-content\/uploads\/2024\/01\/loja-da-zara-no-shopping-leblon-no-rio-1.jpg","type":"image\/jpeg"}],"author":"Genival Barbosa","twitter_card":"summary_large_image","twitter_misc":{"Escrito por":"Genival Barbosa","Est. tempo de leitura":"2 minutos"},"schema":{"@context":"https:\/\/schema.org","@graph":[{"@type":"WebPage","@id":"https:\/\/portalnpm.com\/index.php\/2021\/01\/23\/varejista-zara-fecha-sete-lojas-no-brasil\/","url":"https:\/\/portalnpm.com\/index.php\/2021\/01\/23\/varejista-zara-fecha-sete-lojas-no-brasil\/","name":"Varejista Zara fecha sete lojas no Brasil","isPartOf":{"@id":"https:\/\/portalnpm.com\/#website"},"primaryImageOfPage":{"@id":"https:\/\/portalnpm.com\/index.php\/2021\/01\/23\/varejista-zara-fecha-sete-lojas-no-brasil\/#primaryimage"},"image":{"@id":"https:\/\/portalnpm.com\/index.php\/2021\/01\/23\/varejista-zara-fecha-sete-lojas-no-brasil\/#primaryimage"},"thumbnailUrl":"https:\/\/portalnpm.com\/wp-content\/uploads\/2024\/01\/loja-da-zara-no-shopping-leblon-no-rio-1.jpg","datePublished":"2021-01-23T22:22:45+00:00","dateModified":"2021-01-23T22:22:45+00:00","author":{"@id":"https:\/\/portalnpm.com\/#\/schema\/person\/49313e563cfdefcc167f1ee4c017c294"},"breadcrumb":{"@id":"https:\/\/portalnpm.com\/index.php\/2021\/01\/23\/varejista-zara-fecha-sete-lojas-no-brasil\/#breadcrumb"},"inLanguage":"pt-BR","potentialAction":[{"@type":"ReadAction","target":["https:\/\/portalnpm.com\/index.php\/2021\/01\/23\/varejista-zara-fecha-sete-lojas-no-brasil\/"]}]},{"@type":"ImageObject","inLanguage":"pt-BR","@id":"https:\/\/portalnpm.com\/index.php\/2021\/01\/23\/varejista-zara-fecha-sete-lojas-no-brasil\/#primaryimage","url":"https:\/\/portalnpm.com\/wp-content\/uploads\/2024\/01\/loja-da-zara-no-shopping-leblon-no-rio-1.jpg","contentUrl":"https:\/\/portalnpm.com\/wp-content\/uploads\/2024\/01\/loja-da-zara-no-shopping-leblon-no-rio-1.jpg","width":804,"height":394},{"@type":"BreadcrumbList","@id":"https:\/\/portalnpm.com\/index.php\/2021\/01\/23\/varejista-zara-fecha-sete-lojas-no-brasil\/#breadcrumb","itemListElement":[{"@type":"ListItem","position":1,"name":"In\u00edcio","item":"https:\/\/portalnpm.com\/"},{"@type":"ListItem","position":2,"name":"Varejista Zara fecha sete lojas no Brasil"}]},{"@type":"WebSite","@id":"https:\/\/portalnpm.com\/#website","url":"https:\/\/portalnpm.com\/","name":"Portal NPM","description":"Not\u00edcias em Primeira M\u00e3o","potentialAction":[{"@type":"SearchAction","target":{"@type":"EntryPoint","urlTemplate":"https:\/\/portalnpm.com\/?s={search_term_string}"},"query-input":"required name=search_term_string"}],"inLanguage":"pt-BR"},{"@type":"Person","@id":"https:\/\/portalnpm.com\/#\/schema\/person\/49313e563cfdefcc167f1ee4c017c294","name":"Genival Barbosa","image":{"@type":"ImageObject","inLanguage":"pt-BR","@id":"https:\/\/portalnpm.com\/#\/schema\/person\/image\/","url":"https:\/\/portalnpm.com\/wp-content\/uploads\/2024\/02\/avatar_user_2_1707743258-96x96.jpeg","contentUrl":"https:\/\/portalnpm.com\/wp-content\/uploads\/2024\/02\/avatar_user_2_1707743258-96x96.jpeg","caption":"Genival Barbosa"},"url":"https:\/\/portalnpm.com\/index.php\/author\/genival\/"}]}},"jetpack_sharing_enabled":true,"jetpack_featured_media_url":"https:\/\/portalnpm.com\/wp-content\/uploads\/2024\/01\/loja-da-zara-no-shopping-leblon-no-rio-1.jpg","_links":{"self":[{"href":"https:\/\/portalnpm.com\/index.php\/wp-json\/wp\/v2\/posts\/61704"}],"collection":[{"href":"https:\/\/portalnpm.com\/index.php\/wp-json\/wp\/v2\/posts"}],"about":[{"href":"https:\/\/portalnpm.com\/index.php\/wp-json\/wp\/v2\/types\/post"}],"author":[{"embeddable":true,"href":"https:\/\/portalnpm.com\/index.php\/wp-json\/wp\/v2\/users\/2"}],"replies":[{"embeddable":true,"href":"https:\/\/portalnpm.com\/index.php\/wp-json\/wp\/v2\/comments?post=61704"}],"version-history":[{"count":0,"href":"https:\/\/portalnpm.com\/index.php\/wp-json\/wp\/v2\/posts\/61704\/revisions"}],"wp:featuredmedia":[{"embeddable":true,"href":"https:\/\/portalnpm.com\/index.php\/wp-json\/wp\/v2\/media\/61705"}],"wp:attachment":[{"href":"https:\/\/portalnpm.com\/index.php\/wp-json\/wp\/v2\/media?parent=61704"}],"wp:term":[{"taxonomy":"category","embeddable":true,"href":"https:\/\/portalnpm.com\/index.php\/wp-json\/wp\/v2\/categories?post=61704"},{"taxonomy":"post_tag","embeddable":true,"href":"https:\/\/portalnpm.com\/index.php\/wp-json\/wp\/v2\/tags?post=61704"}],"curies":[{"name":"wp","href":"https:\/\/api.w.org\/{rel}","templated":true}]}}