{"id":61751,"date":"2021-01-25T15:49:09","date_gmt":"2021-01-25T18:49:09","guid":{"rendered":"https:\/\/portalnpm.com\/index.php\/2021\/01\/25\/padre-cai-de-pedra-em-cachoeira-e-corpo-e-encontrado-em-poco-em-minas\/"},"modified":"2021-01-25T15:49:09","modified_gmt":"2021-01-25T18:49:09","slug":"padre-cai-de-pedra-em-cachoeira-e-corpo-e-encontrado-em-poco-em-minas","status":"publish","type":"post","link":"https:\/\/portalnpm.com\/index.php\/2021\/01\/25\/padre-cai-de-pedra-em-cachoeira-e-corpo-e-encontrado-em-poco-em-minas\/","title":{"rendered":"Padre cai de pedra em cachoeira e corpo \u00e9 encontrado em po\u00e7o em Minas"},"content":{"rendered":"<p style=\"text-align: justify;\">Soldados do Corpo de Bombeiros que realizavam buscas em um po\u00e7o, no distrito de Curimata\u00ed, no Norte de Minas, encontraram o corpo do\u00a0<strong>padre\u00a0<\/strong>Paulo Roberto Marques, de 42 anos, vig\u00e1rio da Catedral Metropolitana de Montes Claros (cidade-polo da regi\u00e3o). No final da tarde de domingo (24\/01), ele caiu de cima de uma pedra, onde subiu para tirar uma foto, junto a uma\u00a0<strong>cachoeira\u00a0<\/strong>no Rio Preto.\u00a0\u00a0O corpo foi encontrado na manh\u00e3 desta segunda-feira (25\/01) no po\u00e7o, e embora ainda n\u00e3o tivesse confirma\u00e7\u00e3o oficial dos bombeiros, o arcebispo metropolitano de Montes Claros, dom Jo\u00e3o Justino Medeiros, divulgou nota de pesar, lamentando a morte do\u00a0<strong>sacerdote<\/strong>, natural de Bocaiuva (tamb\u00e9m no Norte de Minas).<\/p>\n<p style=\"text-align: justify;\">\n<p style=\"text-align: justify;\">\n<p style=\"text-align: justify;\">Na mensagem, divulgada na p\u00e1gina oficial da\u00a0<strong>arquidiocese<\/strong>, o arcebispo pede ora\u00e7\u00f5es de todos, especialmente pelos pais e irm\u00e3os do padre Paulo Roberto.\u00a0O sacerdote passeava com a fam\u00edlia na cachoeira de\u00a0Cachoeira das Lavadeiras. De acordo com testemunhas, ao final do passeio, por volta das 18h de domingo, ele subiu em uma pedra para fazer uma\u00a0<strong>foto<\/strong>, quando se desequilibrou e caiu no po\u00e7o.\u00a0 Ainda conforme testemunhas, Paulo Roberto bateu em algumas pedras e caiu na \u00e1gua desacordado. O corpo afundou imediatamente.\u00a0\u00a0De acordo com informa\u00e7\u00f5es de moradores, h\u00e1 30 anos morreu um outro\u00a0<strong>padre\u00a0<\/strong>na mesma cachoeira de Curimata\u00ed. O local, conhecido como Cachoeira das Lavadeiras, fica h\u00e1 um quil\u00f4metro do distrito.\u00a0\u00a0O Corpo de Bombeiros de Curvelo informou que uma\u00a0<strong>equipe\u00a0<\/strong>deslocou para fazer as buscas em Curimata\u00ed e localizaram o corpo no fim da manh\u00e3 desta segunda-feira (25\/01). Ele ser\u00e1 levado para o Instituto M\u00e9dico Legal (IML) de Curvelo.<\/p>\n<h3 style=\"text-align: justify;\">Reportagem alertou sobre perigos em cachoeiras<\/h3>\n<p style=\"text-align: justify;\">\u00a0O\u00a0<strong>ESTADO DE MINAS<\/strong>\u00a0publicou no \u00faltimo dia 14 de janeiro uma reportagem chamando aten\u00e7\u00e3o para os cuidados com riscos de\u00a0<strong>acidentes\u00a0<\/strong>em cachoeiras, cuja procura aumenta nesta \u00e9poca do ano.\u00a0\u00a0\u00a0O EM alertou que nesse per\u00edodo, por conta das chuvas, aumenta o volume das cachoeiras e os riscos do fen\u00f4meno \u201ccabe\u00e7a d \u00e1gua\u201d. O texto lembra que \u201cexistem tamb\u00e9m os riscos de queda devido as dificuldades de acesso e forma\u00e7\u00f5es rochosas junto \u00e0s cachoeiras\u201d.\u00a0\u00a0O tenente\u00a0<strong>Pedro Aihara<\/strong>, da Assessoria de Comunica\u00e7\u00e3o do Corpo de Bombeiros Militar de Minas Gerais (CBMMG), afirma que, nesta \u00e9poca do ano \u00e9 muito comum os mineiros procurarem refrescar o calor em rios, balne\u00e1rios e cachoeiras. Ele ressalta que, para aproveitar bem os encantos da natureza, as pessoas devem adotar os cuidados para evitar acidentes, sobretudo, nas cachoeiras.\u00a0\u00a0\u201cAs pessoas precisam seguir alguns cuidados b\u00e1sicos. O primeiro deles \u00e9 que ningu\u00e9m deve andar sozinho. O visitante sempre deve andar acompanhado. Pois, se acontecer alguma coisa, vai ter outra pessoa para apoi\u00e1-lo e ajud\u00e1-lo. Crian\u00e7as so podem nadar sob a supervis\u00e3o de adultos. E \u00e9 prefer\u00edvel nadar onde h\u00e1 a presen\u00e7a do Corpo de Bombeiros ou de um guarda vidas. Isso cria um n\u00edvel de seguran\u00e7a para a maior divers\u00e3o das pessoas\u201d, afirma Aihara.\u00a0Em rela\u00e7\u00e3o aos passeios nas cachoeiras, o representante do Corpo de Bombeiros recomenda: \u201crespeita a sinaliza\u00e7\u00e3o de seguran\u00e7a do local. Evite brincadeiras de mau gosto como trotes e at\u00e9 saltos. Se come\u00e7ar a relampejar, procure sair da \u00e1gua par n\u00e3o corre risco de (receber) descargas el\u00e9tricas. Se testemunhar um afogamento, procure imediatamente os bombeiros\u201d.<\/p>\n<p style=\"text-align: justify;\"><em><strong>Fonte:\u00a0 EM.com.br<\/strong><\/em><\/p>\n","protected":false},"excerpt":{"rendered":"<p>Soldados do Corpo de Bombeiros que realizavam buscas em um po\u00e7o, no distrito de Curimata\u00ed, no Norte de Minas, encontraram o corpo do\u00a0padre\u00a0Paulo Roberto Marques, de 42 anos, vig\u00e1rio da Catedral Metropolitana de Montes Claros (cidade-polo da regi\u00e3o). No final da tarde de domingo (24\/01), ele caiu de cima de uma pedra, onde subiu para &hellip;<\/p>\n","protected":false},"author":2,"featured_media":61752,"comment_status":"open","ping_status":"open","sticky":false,"template":"","format":"standard","meta":{"content-type":"","rop_custom_images_group":[],"rop_custom_messages_group":[],"rop_publish_now":"initial","rop_publish_now_accounts":{"facebook_2648258775420054_1618374048415101":""},"rop_publish_now_history":[],"rop_publish_now_status":"pending","footnotes":"","_jetpack_memberships_contains_paid_content":false},"categories":[125,118],"tags":[9261,397],"yoast_head":"<!-- This site is optimized with the Yoast SEO plugin v22.3 - https:\/\/yoast.com\/wordpress\/plugins\/seo\/ -->\n<title>Padre cai de pedra em cachoeira e corpo \u00e9 encontrado em po\u00e7o em Minas<\/title>\n<meta name=\"robots\" content=\"index, follow, max-snippet:-1, max-image-preview:large, max-video-preview:-1\" \/>\n<link rel=\"canonical\" href=\"https:\/\/portalnpm.com\/index.php\/2021\/01\/25\/padre-cai-de-pedra-em-cachoeira-e-corpo-e-encontrado-em-poco-em-minas\/\" \/>\n<meta property=\"og:locale\" content=\"pt_BR\" \/>\n<meta property=\"og:type\" content=\"article\" \/>\n<meta property=\"og:title\" content=\"Padre cai de pedra em cachoeira e corpo \u00e9 encontrado em po\u00e7o em Minas\" \/>\n<meta property=\"og:description\" content=\"Soldados do Corpo de Bombeiros que realizavam buscas em um po\u00e7o, no distrito de Curimata\u00ed, no Norte de Minas, encontraram o corpo do\u00a0padre\u00a0Paulo Roberto Marques, de 42 anos, vig\u00e1rio da Catedral Metropolitana de Montes Claros (cidade-polo da regi\u00e3o). No final da tarde de domingo (24\/01), ele caiu de cima de uma pedra, onde subiu para &hellip;\" \/>\n<meta property=\"og:url\" content=\"https:\/\/portalnpm.com\/index.php\/2021\/01\/25\/padre-cai-de-pedra-em-cachoeira-e-corpo-e-encontrado-em-poco-em-minas\/\" \/>\n<meta property=\"og:site_name\" content=\"Portal NPM\" \/>\n<meta property=\"article:published_time\" content=\"2021-01-25T18:49:09+00:00\" \/>\n<meta property=\"og:image\" content=\"https:\/\/portalnpm.com\/wp-content\/uploads\/2024\/01\/BB1d4rm2.jpeg\" \/>\n\t<meta property=\"og:image:width\" content=\"600\" \/>\n\t<meta property=\"og:image:height\" content=\"360\" \/>\n\t<meta property=\"og:image:type\" content=\"image\/jpeg\" \/>\n<meta name=\"author\" content=\"Genival Barbosa\" \/>\n<meta name=\"twitter:card\" content=\"summary_large_image\" \/>\n<meta name=\"twitter:label1\" content=\"Escrito por\" \/>\n\t<meta name=\"twitter:data1\" content=\"Genival Barbosa\" \/>\n\t<meta name=\"twitter:label2\" content=\"Est. tempo de leitura\" \/>\n\t<meta name=\"twitter:data2\" content=\"3 minutos\" \/>\n<script type=\"application\/ld+json\" class=\"yoast-schema-graph\">{\"@context\":\"https:\/\/schema.org\",\"@graph\":[{\"@type\":\"WebPage\",\"@id\":\"https:\/\/portalnpm.com\/index.php\/2021\/01\/25\/padre-cai-de-pedra-em-cachoeira-e-corpo-e-encontrado-em-poco-em-minas\/\",\"url\":\"https:\/\/portalnpm.com\/index.php\/2021\/01\/25\/padre-cai-de-pedra-em-cachoeira-e-corpo-e-encontrado-em-poco-em-minas\/\",\"name\":\"Padre cai de pedra em cachoeira e corpo \u00e9 encontrado em po\u00e7o em Minas\",\"isPartOf\":{\"@id\":\"https:\/\/portalnpm.com\/#website\"},\"primaryImageOfPage\":{\"@id\":\"https:\/\/portalnpm.com\/index.php\/2021\/01\/25\/padre-cai-de-pedra-em-cachoeira-e-corpo-e-encontrado-em-poco-em-minas\/#primaryimage\"},\"image\":{\"@id\":\"https:\/\/portalnpm.com\/index.php\/2021\/01\/25\/padre-cai-de-pedra-em-cachoeira-e-corpo-e-encontrado-em-poco-em-minas\/#primaryimage\"},\"thumbnailUrl\":\"https:\/\/portalnpm.com\/wp-content\/uploads\/2024\/01\/BB1d4rm2.jpeg\",\"datePublished\":\"2021-01-25T18:49:09+00:00\",\"dateModified\":\"2021-01-25T18:49:09+00:00\",\"author\":{\"@id\":\"https:\/\/portalnpm.com\/#\/schema\/person\/49313e563cfdefcc167f1ee4c017c294\"},\"breadcrumb\":{\"@id\":\"https:\/\/portalnpm.com\/index.php\/2021\/01\/25\/padre-cai-de-pedra-em-cachoeira-e-corpo-e-encontrado-em-poco-em-minas\/#breadcrumb\"},\"inLanguage\":\"pt-BR\",\"potentialAction\":[{\"@type\":\"ReadAction\",\"target\":[\"https:\/\/portalnpm.com\/index.php\/2021\/01\/25\/padre-cai-de-pedra-em-cachoeira-e-corpo-e-encontrado-em-poco-em-minas\/\"]}]},{\"@type\":\"ImageObject\",\"inLanguage\":\"pt-BR\",\"@id\":\"https:\/\/portalnpm.com\/index.php\/2021\/01\/25\/padre-cai-de-pedra-em-cachoeira-e-corpo-e-encontrado-em-poco-em-minas\/#primaryimage\",\"url\":\"https:\/\/portalnpm.com\/wp-content\/uploads\/2024\/01\/BB1d4rm2.jpeg\",\"contentUrl\":\"https:\/\/portalnpm.com\/wp-content\/uploads\/2024\/01\/BB1d4rm2.jpeg\",\"width\":600,\"height\":360},{\"@type\":\"BreadcrumbList\",\"@id\":\"https:\/\/portalnpm.com\/index.php\/2021\/01\/25\/padre-cai-de-pedra-em-cachoeira-e-corpo-e-encontrado-em-poco-em-minas\/#breadcrumb\",\"itemListElement\":[{\"@type\":\"ListItem\",\"position\":1,\"name\":\"In\u00edcio\",\"item\":\"https:\/\/portalnpm.com\/\"},{\"@type\":\"ListItem\",\"position\":2,\"name\":\"Padre cai de pedra em cachoeira e corpo \u00e9 encontrado em po\u00e7o em Minas\"}]},{\"@type\":\"WebSite\",\"@id\":\"https:\/\/portalnpm.com\/#website\",\"url\":\"https:\/\/portalnpm.com\/\",\"name\":\"Portal NPM\",\"description\":\"Not\u00edcias em Primeira M\u00e3o\",\"potentialAction\":[{\"@type\":\"SearchAction\",\"target\":{\"@type\":\"EntryPoint\",\"urlTemplate\":\"https:\/\/portalnpm.com\/?s={search_term_string}\"},\"query-input\":\"required name=search_term_string\"}],\"inLanguage\":\"pt-BR\"},{\"@type\":\"Person\",\"@id\":\"https:\/\/portalnpm.com\/#\/schema\/person\/49313e563cfdefcc167f1ee4c017c294\",\"name\":\"Genival Barbosa\",\"image\":{\"@type\":\"ImageObject\",\"inLanguage\":\"pt-BR\",\"@id\":\"https:\/\/portalnpm.com\/#\/schema\/person\/image\/\",\"url\":\"https:\/\/portalnpm.com\/wp-content\/uploads\/2024\/02\/avatar_user_2_1707743258-96x96.jpeg\",\"contentUrl\":\"https:\/\/portalnpm.com\/wp-content\/uploads\/2024\/02\/avatar_user_2_1707743258-96x96.jpeg\",\"caption\":\"Genival Barbosa\"},\"url\":\"https:\/\/portalnpm.com\/index.php\/author\/genival\/\"}]}<\/script>\n<!-- \/ Yoast SEO plugin. -->","yoast_head_json":{"title":"Padre cai de pedra em cachoeira e corpo \u00e9 encontrado em po\u00e7o em Minas","robots":{"index":"index","follow":"follow","max-snippet":"max-snippet:-1","max-image-preview":"max-image-preview:large","max-video-preview":"max-video-preview:-1"},"canonical":"https:\/\/portalnpm.com\/index.php\/2021\/01\/25\/padre-cai-de-pedra-em-cachoeira-e-corpo-e-encontrado-em-poco-em-minas\/","og_locale":"pt_BR","og_type":"article","og_title":"Padre cai de pedra em cachoeira e corpo \u00e9 encontrado em po\u00e7o em Minas","og_description":"Soldados do Corpo de Bombeiros que realizavam buscas em um po\u00e7o, no distrito de Curimata\u00ed, no Norte de Minas, encontraram o corpo do\u00a0padre\u00a0Paulo Roberto Marques, de 42 anos, vig\u00e1rio da Catedral Metropolitana de Montes Claros (cidade-polo da regi\u00e3o). No final da tarde de domingo (24\/01), ele caiu de cima de uma pedra, onde subiu para &hellip;","og_url":"https:\/\/portalnpm.com\/index.php\/2021\/01\/25\/padre-cai-de-pedra-em-cachoeira-e-corpo-e-encontrado-em-poco-em-minas\/","og_site_name":"Portal NPM","article_published_time":"2021-01-25T18:49:09+00:00","og_image":[{"width":600,"height":360,"url":"https:\/\/portalnpm.com\/wp-content\/uploads\/2024\/01\/BB1d4rm2.jpeg","type":"image\/jpeg"}],"author":"Genival Barbosa","twitter_card":"summary_large_image","twitter_misc":{"Escrito por":"Genival Barbosa","Est. tempo de leitura":"3 minutos"},"schema":{"@context":"https:\/\/schema.org","@graph":[{"@type":"WebPage","@id":"https:\/\/portalnpm.com\/index.php\/2021\/01\/25\/padre-cai-de-pedra-em-cachoeira-e-corpo-e-encontrado-em-poco-em-minas\/","url":"https:\/\/portalnpm.com\/index.php\/2021\/01\/25\/padre-cai-de-pedra-em-cachoeira-e-corpo-e-encontrado-em-poco-em-minas\/","name":"Padre cai de pedra em cachoeira e corpo \u00e9 encontrado em po\u00e7o em Minas","isPartOf":{"@id":"https:\/\/portalnpm.com\/#website"},"primaryImageOfPage":{"@id":"https:\/\/portalnpm.com\/index.php\/2021\/01\/25\/padre-cai-de-pedra-em-cachoeira-e-corpo-e-encontrado-em-poco-em-minas\/#primaryimage"},"image":{"@id":"https:\/\/portalnpm.com\/index.php\/2021\/01\/25\/padre-cai-de-pedra-em-cachoeira-e-corpo-e-encontrado-em-poco-em-minas\/#primaryimage"},"thumbnailUrl":"https:\/\/portalnpm.com\/wp-content\/uploads\/2024\/01\/BB1d4rm2.jpeg","datePublished":"2021-01-25T18:49:09+00:00","dateModified":"2021-01-25T18:49:09+00:00","author":{"@id":"https:\/\/portalnpm.com\/#\/schema\/person\/49313e563cfdefcc167f1ee4c017c294"},"breadcrumb":{"@id":"https:\/\/portalnpm.com\/index.php\/2021\/01\/25\/padre-cai-de-pedra-em-cachoeira-e-corpo-e-encontrado-em-poco-em-minas\/#breadcrumb"},"inLanguage":"pt-BR","potentialAction":[{"@type":"ReadAction","target":["https:\/\/portalnpm.com\/index.php\/2021\/01\/25\/padre-cai-de-pedra-em-cachoeira-e-corpo-e-encontrado-em-poco-em-minas\/"]}]},{"@type":"ImageObject","inLanguage":"pt-BR","@id":"https:\/\/portalnpm.com\/index.php\/2021\/01\/25\/padre-cai-de-pedra-em-cachoeira-e-corpo-e-encontrado-em-poco-em-minas\/#primaryimage","url":"https:\/\/portalnpm.com\/wp-content\/uploads\/2024\/01\/BB1d4rm2.jpeg","contentUrl":"https:\/\/portalnpm.com\/wp-content\/uploads\/2024\/01\/BB1d4rm2.jpeg","width":600,"height":360},{"@type":"BreadcrumbList","@id":"https:\/\/portalnpm.com\/index.php\/2021\/01\/25\/padre-cai-de-pedra-em-cachoeira-e-corpo-e-encontrado-em-poco-em-minas\/#breadcrumb","itemListElement":[{"@type":"ListItem","position":1,"name":"In\u00edcio","item":"https:\/\/portalnpm.com\/"},{"@type":"ListItem","position":2,"name":"Padre cai de pedra em cachoeira e corpo \u00e9 encontrado em po\u00e7o em Minas"}]},{"@type":"WebSite","@id":"https:\/\/portalnpm.com\/#website","url":"https:\/\/portalnpm.com\/","name":"Portal NPM","description":"Not\u00edcias em Primeira M\u00e3o","potentialAction":[{"@type":"SearchAction","target":{"@type":"EntryPoint","urlTemplate":"https:\/\/portalnpm.com\/?s={search_term_string}"},"query-input":"required name=search_term_string"}],"inLanguage":"pt-BR"},{"@type":"Person","@id":"https:\/\/portalnpm.com\/#\/schema\/person\/49313e563cfdefcc167f1ee4c017c294","name":"Genival Barbosa","image":{"@type":"ImageObject","inLanguage":"pt-BR","@id":"https:\/\/portalnpm.com\/#\/schema\/person\/image\/","url":"https:\/\/portalnpm.com\/wp-content\/uploads\/2024\/02\/avatar_user_2_1707743258-96x96.jpeg","contentUrl":"https:\/\/portalnpm.com\/wp-content\/uploads\/2024\/02\/avatar_user_2_1707743258-96x96.jpeg","caption":"Genival Barbosa"},"url":"https:\/\/portalnpm.com\/index.php\/author\/genival\/"}]}},"jetpack_sharing_enabled":true,"jetpack_featured_media_url":"https:\/\/portalnpm.com\/wp-content\/uploads\/2024\/01\/BB1d4rm2.jpeg","_links":{"self":[{"href":"https:\/\/portalnpm.com\/index.php\/wp-json\/wp\/v2\/posts\/61751"}],"collection":[{"href":"https:\/\/portalnpm.com\/index.php\/wp-json\/wp\/v2\/posts"}],"about":[{"href":"https:\/\/portalnpm.com\/index.php\/wp-json\/wp\/v2\/types\/post"}],"author":[{"embeddable":true,"href":"https:\/\/portalnpm.com\/index.php\/wp-json\/wp\/v2\/users\/2"}],"replies":[{"embeddable":true,"href":"https:\/\/portalnpm.com\/index.php\/wp-json\/wp\/v2\/comments?post=61751"}],"version-history":[{"count":0,"href":"https:\/\/portalnpm.com\/index.php\/wp-json\/wp\/v2\/posts\/61751\/revisions"}],"wp:featuredmedia":[{"embeddable":true,"href":"https:\/\/portalnpm.com\/index.php\/wp-json\/wp\/v2\/media\/61752"}],"wp:attachment":[{"href":"https:\/\/portalnpm.com\/index.php\/wp-json\/wp\/v2\/media?parent=61751"}],"wp:term":[{"taxonomy":"category","embeddable":true,"href":"https:\/\/portalnpm.com\/index.php\/wp-json\/wp\/v2\/categories?post=61751"},{"taxonomy":"post_tag","embeddable":true,"href":"https:\/\/portalnpm.com\/index.php\/wp-json\/wp\/v2\/tags?post=61751"}],"curies":[{"name":"wp","href":"https:\/\/api.w.org\/{rel}","templated":true}]}}