{"id":61799,"date":"2021-01-26T15:53:07","date_gmt":"2021-01-26T18:53:07","guid":{"rendered":"https:\/\/portalnpm.com\/index.php\/2021\/01\/26\/meteorologia-preve-chuvas-e-queda-nas-temperaturas-nos-proximos-dias-no-piaui\/"},"modified":"2021-01-26T15:53:07","modified_gmt":"2021-01-26T18:53:07","slug":"meteorologia-preve-chuvas-e-queda-nas-temperaturas-nos-proximos-dias-no-piaui","status":"publish","type":"post","link":"https:\/\/portalnpm.com\/index.php\/2021\/01\/26\/meteorologia-preve-chuvas-e-queda-nas-temperaturas-nos-proximos-dias-no-piaui\/","title":{"rendered":"Meteorologia prev\u00ea chuvas e queda nas temperaturas nos pr\u00f3ximos dias no Piau\u00ed"},"content":{"rendered":"<div class=\"mc-column content-text active-extra-styles \" data-block-type=\"unstyled\" data-block-weight=\"45\" data-block-id=\"2\">\n<p class=\"content-text__container \" style=\"text-align: justify;\" data-track-category=\"Link no Texto\" data-track-links=\"\"><span class=\"highlight highlighted\">A previs\u00e3o do tempo para o Norte do Piau\u00ed \u00e9 de chuva nos pr\u00f3ximos dias<\/span>. Segundo a Secretaria do Meio Ambiente e Recursos H\u00eddricos (Semar), as chuvas ser\u00e3o provocadas pelos V\u00f3rtices Cicl\u00f4nicos de Altos N\u00edveis (VCANs), que trazem ventos fortes, chuvas e queda nas temperaturas.<\/p>\n<\/div>\n<div class=\"wall protected-content\">\n<div class=\"mc-column content-text active-extra-styles \" style=\"text-align: justify;\" data-block-type=\"unstyled\" data-block-weight=\"35\" data-block-id=\"3\">\n<p data-track-category=\"Link no Texto\" data-track-links=\"\">\n<p data-track-category=\"Link no Texto\" data-track-links=\"\">\n<p class=\"content-text__container \" data-track-category=\"Link no Texto\" data-track-links=\"\">A meteorologista S\u00f4nia Feitosa explicou que as chuvas n\u00e3o ser\u00e3o parecidas\u00a0com a que caiu em Teresina no dia 31 de dezembro\u00a0e deixou v\u00e1rios bairros da cidade sem energia por mais de 48 horas.<\/p>\n<\/div>\n<div class=\"mc-column content-text active-extra-styles \" style=\"text-align: justify;\" data-block-type=\"unstyled\" data-block-weight=\"41\" data-block-id=\"4\">\n<p class=\"content-text__container \" data-track-category=\"Link no Texto\" data-track-links=\"\">\u201cOs VCANs s\u00e3o movimentos de ventos em n\u00edveis altos no sentido hor\u00e1rio, e faz com que o ar mais seco de altos n\u00edveis des\u00e7a para n\u00edveis baixos da atmosfera, inibindo as chuvas abaixo dele. J\u00e1 em suas bordas chove\u201d, afirmou.<\/p>\n<\/div>\n<div class=\"mc-column content-text active-extra-styles \" style=\"text-align: justify;\" data-block-type=\"unstyled\" data-block-weight=\"37\" data-block-id=\"5\">\n<p class=\"content-text__container \" data-track-category=\"Link no Texto\" data-track-links=\"\">De acordo com a previs\u00e3o do tempo, durante esta segunda (25), ter\u00e7a (26) e quarta-feira (27), a cidade vai seguir parcialmente nublada com possibilidade de chuva. A temperatura m\u00e1xima vai at\u00e9 33\u00b0C e a m\u00ednima at\u00e9 23\u00b0C.<\/p>\n<\/div>\n<div class=\"mc-column content-text active-extra-styles \" style=\"text-align: justify;\" data-block-type=\"unstyled\" data-block-weight=\"24\" data-block-id=\"6\">\n<p class=\"content-text__container \" data-track-category=\"Link no Texto\" data-track-links=\"\">No Piau\u00ed, a previs\u00e3o \u00e9 de tempo nublado com chuva r\u00e1pida a qualquer hora do dia. As temperaturas variam entre 12\u00b0C e 36\u00b0C.<\/p>\n<\/div>\n<p style=\"text-align: justify;\" data-track-category=\"Link no Texto\" data-track-links=\"\">Fonte: G1-PI<\/p>\n<\/div>\n","protected":false},"excerpt":{"rendered":"<p>A previs\u00e3o do tempo para o Norte do Piau\u00ed \u00e9 de chuva nos pr\u00f3ximos dias. Segundo a Secretaria do Meio Ambiente e Recursos H\u00eddricos (Semar), as chuvas ser\u00e3o provocadas pelos V\u00f3rtices Cicl\u00f4nicos de Altos N\u00edveis (VCANs), que trazem ventos fortes, chuvas e queda nas temperaturas. A meteorologista S\u00f4nia Feitosa explicou que as chuvas n\u00e3o ser\u00e3o &hellip;<\/p>\n","protected":false},"author":2,"featured_media":61800,"comment_status":"open","ping_status":"open","sticky":false,"template":"","format":"standard","meta":{"content-type":"","rop_custom_images_group":[],"rop_custom_messages_group":[],"rop_publish_now":"initial","rop_publish_now_accounts":{"facebook_2648258775420054_1618374048415101":""},"rop_publish_now_history":[],"rop_publish_now_status":"pending","footnotes":"","_jetpack_memberships_contains_paid_content":false},"categories":[125],"tags":[9326,8572,9327,9328,187],"yoast_head":"<!-- This site is optimized with the Yoast SEO plugin v22.3 - https:\/\/yoast.com\/wordpress\/plugins\/seo\/ -->\n<title>Meteorologia prev\u00ea chuvas e queda nas temperaturas nos pr\u00f3ximos dias no Piau\u00ed<\/title>\n<meta name=\"robots\" content=\"index, follow, max-snippet:-1, max-image-preview:large, max-video-preview:-1\" \/>\n<link rel=\"canonical\" href=\"https:\/\/portalnpm.com\/index.php\/2021\/01\/26\/meteorologia-preve-chuvas-e-queda-nas-temperaturas-nos-proximos-dias-no-piaui\/\" \/>\n<meta property=\"og:locale\" content=\"pt_BR\" \/>\n<meta property=\"og:type\" content=\"article\" \/>\n<meta property=\"og:title\" content=\"Meteorologia prev\u00ea chuvas e queda nas temperaturas nos pr\u00f3ximos dias no Piau\u00ed\" \/>\n<meta property=\"og:description\" content=\"A previs\u00e3o do tempo para o Norte do Piau\u00ed \u00e9 de chuva nos pr\u00f3ximos dias. Segundo a Secretaria do Meio Ambiente e Recursos H\u00eddricos (Semar), as chuvas ser\u00e3o provocadas pelos V\u00f3rtices Cicl\u00f4nicos de Altos N\u00edveis (VCANs), que trazem ventos fortes, chuvas e queda nas temperaturas. A meteorologista S\u00f4nia Feitosa explicou que as chuvas n\u00e3o ser\u00e3o &hellip;\" \/>\n<meta property=\"og:url\" content=\"https:\/\/portalnpm.com\/index.php\/2021\/01\/26\/meteorologia-preve-chuvas-e-queda-nas-temperaturas-nos-proximos-dias-no-piaui\/\" \/>\n<meta property=\"og:site_name\" content=\"Portal NPM\" \/>\n<meta property=\"article:published_time\" content=\"2021-01-26T18:53:07+00:00\" \/>\n<meta property=\"og:image\" content=\"https:\/\/portalnpm.com\/wp-content\/uploads\/2024\/01\/chuvas-intensas.jpg\" \/>\n\t<meta property=\"og:image:width\" content=\"300\" \/>\n\t<meta property=\"og:image:height\" content=\"168\" \/>\n\t<meta property=\"og:image:type\" content=\"image\/jpeg\" \/>\n<meta name=\"author\" content=\"Genival Barbosa\" \/>\n<meta name=\"twitter:card\" content=\"summary_large_image\" \/>\n<meta name=\"twitter:label1\" content=\"Escrito por\" \/>\n\t<meta name=\"twitter:data1\" content=\"Genival Barbosa\" \/>\n\t<meta name=\"twitter:label2\" content=\"Est. tempo de leitura\" \/>\n\t<meta name=\"twitter:data2\" content=\"1 minuto\" \/>\n<script type=\"application\/ld+json\" class=\"yoast-schema-graph\">{\"@context\":\"https:\/\/schema.org\",\"@graph\":[{\"@type\":\"WebPage\",\"@id\":\"https:\/\/portalnpm.com\/index.php\/2021\/01\/26\/meteorologia-preve-chuvas-e-queda-nas-temperaturas-nos-proximos-dias-no-piaui\/\",\"url\":\"https:\/\/portalnpm.com\/index.php\/2021\/01\/26\/meteorologia-preve-chuvas-e-queda-nas-temperaturas-nos-proximos-dias-no-piaui\/\",\"name\":\"Meteorologia prev\u00ea chuvas e queda nas temperaturas nos pr\u00f3ximos dias no Piau\u00ed\",\"isPartOf\":{\"@id\":\"https:\/\/portalnpm.com\/#website\"},\"primaryImageOfPage\":{\"@id\":\"https:\/\/portalnpm.com\/index.php\/2021\/01\/26\/meteorologia-preve-chuvas-e-queda-nas-temperaturas-nos-proximos-dias-no-piaui\/#primaryimage\"},\"image\":{\"@id\":\"https:\/\/portalnpm.com\/index.php\/2021\/01\/26\/meteorologia-preve-chuvas-e-queda-nas-temperaturas-nos-proximos-dias-no-piaui\/#primaryimage\"},\"thumbnailUrl\":\"https:\/\/portalnpm.com\/wp-content\/uploads\/2024\/01\/chuvas-intensas.jpg\",\"datePublished\":\"2021-01-26T18:53:07+00:00\",\"dateModified\":\"2021-01-26T18:53:07+00:00\",\"author\":{\"@id\":\"https:\/\/portalnpm.com\/#\/schema\/person\/49313e563cfdefcc167f1ee4c017c294\"},\"breadcrumb\":{\"@id\":\"https:\/\/portalnpm.com\/index.php\/2021\/01\/26\/meteorologia-preve-chuvas-e-queda-nas-temperaturas-nos-proximos-dias-no-piaui\/#breadcrumb\"},\"inLanguage\":\"pt-BR\",\"potentialAction\":[{\"@type\":\"ReadAction\",\"target\":[\"https:\/\/portalnpm.com\/index.php\/2021\/01\/26\/meteorologia-preve-chuvas-e-queda-nas-temperaturas-nos-proximos-dias-no-piaui\/\"]}]},{\"@type\":\"ImageObject\",\"inLanguage\":\"pt-BR\",\"@id\":\"https:\/\/portalnpm.com\/index.php\/2021\/01\/26\/meteorologia-preve-chuvas-e-queda-nas-temperaturas-nos-proximos-dias-no-piaui\/#primaryimage\",\"url\":\"https:\/\/portalnpm.com\/wp-content\/uploads\/2024\/01\/chuvas-intensas.jpg\",\"contentUrl\":\"https:\/\/portalnpm.com\/wp-content\/uploads\/2024\/01\/chuvas-intensas.jpg\",\"width\":300,\"height\":168},{\"@type\":\"BreadcrumbList\",\"@id\":\"https:\/\/portalnpm.com\/index.php\/2021\/01\/26\/meteorologia-preve-chuvas-e-queda-nas-temperaturas-nos-proximos-dias-no-piaui\/#breadcrumb\",\"itemListElement\":[{\"@type\":\"ListItem\",\"position\":1,\"name\":\"In\u00edcio\",\"item\":\"https:\/\/portalnpm.com\/\"},{\"@type\":\"ListItem\",\"position\":2,\"name\":\"Meteorologia prev\u00ea chuvas e queda nas temperaturas nos pr\u00f3ximos dias no Piau\u00ed\"}]},{\"@type\":\"WebSite\",\"@id\":\"https:\/\/portalnpm.com\/#website\",\"url\":\"https:\/\/portalnpm.com\/\",\"name\":\"Portal NPM\",\"description\":\"Not\u00edcias em Primeira M\u00e3o\",\"potentialAction\":[{\"@type\":\"SearchAction\",\"target\":{\"@type\":\"EntryPoint\",\"urlTemplate\":\"https:\/\/portalnpm.com\/?s={search_term_string}\"},\"query-input\":\"required name=search_term_string\"}],\"inLanguage\":\"pt-BR\"},{\"@type\":\"Person\",\"@id\":\"https:\/\/portalnpm.com\/#\/schema\/person\/49313e563cfdefcc167f1ee4c017c294\",\"name\":\"Genival Barbosa\",\"image\":{\"@type\":\"ImageObject\",\"inLanguage\":\"pt-BR\",\"@id\":\"https:\/\/portalnpm.com\/#\/schema\/person\/image\/\",\"url\":\"https:\/\/portalnpm.com\/wp-content\/uploads\/2024\/02\/avatar_user_2_1707743258-96x96.jpeg\",\"contentUrl\":\"https:\/\/portalnpm.com\/wp-content\/uploads\/2024\/02\/avatar_user_2_1707743258-96x96.jpeg\",\"caption\":\"Genival Barbosa\"},\"url\":\"https:\/\/portalnpm.com\/index.php\/author\/genival\/\"}]}<\/script>\n<!-- \/ Yoast SEO plugin. -->","yoast_head_json":{"title":"Meteorologia prev\u00ea chuvas e queda nas temperaturas nos pr\u00f3ximos dias no Piau\u00ed","robots":{"index":"index","follow":"follow","max-snippet":"max-snippet:-1","max-image-preview":"max-image-preview:large","max-video-preview":"max-video-preview:-1"},"canonical":"https:\/\/portalnpm.com\/index.php\/2021\/01\/26\/meteorologia-preve-chuvas-e-queda-nas-temperaturas-nos-proximos-dias-no-piaui\/","og_locale":"pt_BR","og_type":"article","og_title":"Meteorologia prev\u00ea chuvas e queda nas temperaturas nos pr\u00f3ximos dias no Piau\u00ed","og_description":"A previs\u00e3o do tempo para o Norte do Piau\u00ed \u00e9 de chuva nos pr\u00f3ximos dias. Segundo a Secretaria do Meio Ambiente e Recursos H\u00eddricos (Semar), as chuvas ser\u00e3o provocadas pelos V\u00f3rtices Cicl\u00f4nicos de Altos N\u00edveis (VCANs), que trazem ventos fortes, chuvas e queda nas temperaturas. A meteorologista S\u00f4nia Feitosa explicou que as chuvas n\u00e3o ser\u00e3o &hellip;","og_url":"https:\/\/portalnpm.com\/index.php\/2021\/01\/26\/meteorologia-preve-chuvas-e-queda-nas-temperaturas-nos-proximos-dias-no-piaui\/","og_site_name":"Portal NPM","article_published_time":"2021-01-26T18:53:07+00:00","og_image":[{"width":300,"height":168,"url":"https:\/\/portalnpm.com\/wp-content\/uploads\/2024\/01\/chuvas-intensas.jpg","type":"image\/jpeg"}],"author":"Genival Barbosa","twitter_card":"summary_large_image","twitter_misc":{"Escrito por":"Genival Barbosa","Est. tempo de leitura":"1 minuto"},"schema":{"@context":"https:\/\/schema.org","@graph":[{"@type":"WebPage","@id":"https:\/\/portalnpm.com\/index.php\/2021\/01\/26\/meteorologia-preve-chuvas-e-queda-nas-temperaturas-nos-proximos-dias-no-piaui\/","url":"https:\/\/portalnpm.com\/index.php\/2021\/01\/26\/meteorologia-preve-chuvas-e-queda-nas-temperaturas-nos-proximos-dias-no-piaui\/","name":"Meteorologia prev\u00ea chuvas e queda nas temperaturas nos pr\u00f3ximos dias no Piau\u00ed","isPartOf":{"@id":"https:\/\/portalnpm.com\/#website"},"primaryImageOfPage":{"@id":"https:\/\/portalnpm.com\/index.php\/2021\/01\/26\/meteorologia-preve-chuvas-e-queda-nas-temperaturas-nos-proximos-dias-no-piaui\/#primaryimage"},"image":{"@id":"https:\/\/portalnpm.com\/index.php\/2021\/01\/26\/meteorologia-preve-chuvas-e-queda-nas-temperaturas-nos-proximos-dias-no-piaui\/#primaryimage"},"thumbnailUrl":"https:\/\/portalnpm.com\/wp-content\/uploads\/2024\/01\/chuvas-intensas.jpg","datePublished":"2021-01-26T18:53:07+00:00","dateModified":"2021-01-26T18:53:07+00:00","author":{"@id":"https:\/\/portalnpm.com\/#\/schema\/person\/49313e563cfdefcc167f1ee4c017c294"},"breadcrumb":{"@id":"https:\/\/portalnpm.com\/index.php\/2021\/01\/26\/meteorologia-preve-chuvas-e-queda-nas-temperaturas-nos-proximos-dias-no-piaui\/#breadcrumb"},"inLanguage":"pt-BR","potentialAction":[{"@type":"ReadAction","target":["https:\/\/portalnpm.com\/index.php\/2021\/01\/26\/meteorologia-preve-chuvas-e-queda-nas-temperaturas-nos-proximos-dias-no-piaui\/"]}]},{"@type":"ImageObject","inLanguage":"pt-BR","@id":"https:\/\/portalnpm.com\/index.php\/2021\/01\/26\/meteorologia-preve-chuvas-e-queda-nas-temperaturas-nos-proximos-dias-no-piaui\/#primaryimage","url":"https:\/\/portalnpm.com\/wp-content\/uploads\/2024\/01\/chuvas-intensas.jpg","contentUrl":"https:\/\/portalnpm.com\/wp-content\/uploads\/2024\/01\/chuvas-intensas.jpg","width":300,"height":168},{"@type":"BreadcrumbList","@id":"https:\/\/portalnpm.com\/index.php\/2021\/01\/26\/meteorologia-preve-chuvas-e-queda-nas-temperaturas-nos-proximos-dias-no-piaui\/#breadcrumb","itemListElement":[{"@type":"ListItem","position":1,"name":"In\u00edcio","item":"https:\/\/portalnpm.com\/"},{"@type":"ListItem","position":2,"name":"Meteorologia prev\u00ea chuvas e queda nas temperaturas nos pr\u00f3ximos dias no Piau\u00ed"}]},{"@type":"WebSite","@id":"https:\/\/portalnpm.com\/#website","url":"https:\/\/portalnpm.com\/","name":"Portal NPM","description":"Not\u00edcias em Primeira M\u00e3o","potentialAction":[{"@type":"SearchAction","target":{"@type":"EntryPoint","urlTemplate":"https:\/\/portalnpm.com\/?s={search_term_string}"},"query-input":"required name=search_term_string"}],"inLanguage":"pt-BR"},{"@type":"Person","@id":"https:\/\/portalnpm.com\/#\/schema\/person\/49313e563cfdefcc167f1ee4c017c294","name":"Genival Barbosa","image":{"@type":"ImageObject","inLanguage":"pt-BR","@id":"https:\/\/portalnpm.com\/#\/schema\/person\/image\/","url":"https:\/\/portalnpm.com\/wp-content\/uploads\/2024\/02\/avatar_user_2_1707743258-96x96.jpeg","contentUrl":"https:\/\/portalnpm.com\/wp-content\/uploads\/2024\/02\/avatar_user_2_1707743258-96x96.jpeg","caption":"Genival Barbosa"},"url":"https:\/\/portalnpm.com\/index.php\/author\/genival\/"}]}},"jetpack_sharing_enabled":true,"jetpack_featured_media_url":"https:\/\/portalnpm.com\/wp-content\/uploads\/2024\/01\/chuvas-intensas.jpg","_links":{"self":[{"href":"https:\/\/portalnpm.com\/index.php\/wp-json\/wp\/v2\/posts\/61799"}],"collection":[{"href":"https:\/\/portalnpm.com\/index.php\/wp-json\/wp\/v2\/posts"}],"about":[{"href":"https:\/\/portalnpm.com\/index.php\/wp-json\/wp\/v2\/types\/post"}],"author":[{"embeddable":true,"href":"https:\/\/portalnpm.com\/index.php\/wp-json\/wp\/v2\/users\/2"}],"replies":[{"embeddable":true,"href":"https:\/\/portalnpm.com\/index.php\/wp-json\/wp\/v2\/comments?post=61799"}],"version-history":[{"count":0,"href":"https:\/\/portalnpm.com\/index.php\/wp-json\/wp\/v2\/posts\/61799\/revisions"}],"wp:featuredmedia":[{"embeddable":true,"href":"https:\/\/portalnpm.com\/index.php\/wp-json\/wp\/v2\/media\/61800"}],"wp:attachment":[{"href":"https:\/\/portalnpm.com\/index.php\/wp-json\/wp\/v2\/media?parent=61799"}],"wp:term":[{"taxonomy":"category","embeddable":true,"href":"https:\/\/portalnpm.com\/index.php\/wp-json\/wp\/v2\/categories?post=61799"},{"taxonomy":"post_tag","embeddable":true,"href":"https:\/\/portalnpm.com\/index.php\/wp-json\/wp\/v2\/tags?post=61799"}],"curies":[{"name":"wp","href":"https:\/\/api.w.org\/{rel}","templated":true}]}}