{"id":61940,"date":"2021-01-28T09:48:55","date_gmt":"2021-01-28T12:48:55","guid":{"rendered":"https:\/\/portalnpm.com\/index.php\/2021\/01\/28\/picos-registra-centesimo-obito-por-covid-19\/"},"modified":"2021-01-28T09:48:55","modified_gmt":"2021-01-28T12:48:55","slug":"picos-registra-centesimo-obito-por-covid-19","status":"publish","type":"post","link":"https:\/\/portalnpm.com\/index.php\/2021\/01\/28\/picos-registra-centesimo-obito-por-covid-19\/","title":{"rendered":"Picos registra cent\u00e9simo \u00f3bito por Covid-19"},"content":{"rendered":"<p class=\"texto-justificado\" style=\"text-align: justify;\">A Secretaria Municipal de Sa\u00fade de Picos (SMS), por meio da Coordena\u00e7\u00e3o de Vigil\u00e2ncia Epidemiol\u00f3gica, divulgou na noite desta quarta (27), mais um boletim informativo a respeito do novo coronav\u00edrus.<\/p>\n<p style=\"text-align: justify;\">\n<p style=\"text-align: justify;\">\n<p class=\"texto-justificado\" style=\"text-align: justify;\">O cent\u00e9simo \u00f3bito registrado trata-se de um homem de 86 anos, tinha comorbidades (diabetes, hipertens\u00e3o e problemas renais) e residia na Mirol\u00e2ndia.<\/p>\n<p class=\"texto-justificado\" style=\"text-align: justify;\">De acordo com o levantamento realizado nas \u00faltimas 24 horas, o quadro de casos do munic\u00edpio \u00e9 o seguinte:<\/p>\n<p style=\"text-align: justify;\"><strong>Confirmados:<\/strong>5148<br \/>\n<strong>Recuperados:\u00a0<\/strong>4937<br \/>\n<strong>\u00d3bitos:<\/strong>\u00a0100<\/p>\n<h2 style=\"text-align: justify;\">Primeiro caso registrado em Picos<\/h2>\n<p style=\"text-align: justify;\"><em><strong><a href=\"https:\/\/www.riachaonet.com.br\/portal\/mulher-de-picos-e-a-10a-morte-por-coronavirus-e-numero-de-casos-aumenta-para-145-no-piaui\/\">A cidade de Picos registrou a primeira morte por Covid no dia 18 de abril de 2020.\u00a0<\/a><\/strong><\/em>A v\u00edtima foi uma idosa, de 79 anos, com hist\u00f3rico de hipertens\u00e3o. Ela residia em uma comunidade rural de Picos, foi atendida no Hospital Regional de Picos com uma falta de ar forte. Ela n\u00e3o resistiu e veio a \u00f3bito durante a madrugada na unidade de sa\u00fade.<\/p>\n<h2 style=\"text-align: justify;\">Pacientes internados atualmente no HRJL<\/h2>\n<p class=\"texto-justificado\" style=\"text-align: justify;\">No Hospital Regional de Picos, unidade de refer\u00eancia no tratamento de Covid-19 na regi\u00e3o, at\u00e9 o \u00faltimo boletim divulgado, 14 pacientes estavam internados na UTI de S\u00edndrome Respirat\u00f3ria Aguda Grave e 22 na enfermaria.<\/p>\n<p style=\"text-align: justify;\"><em><strong>Fonte:\u00a0 Portal Riach\u00e3o Net<\/strong><\/em><\/p>\n","protected":false},"excerpt":{"rendered":"<p>A Secretaria Municipal de Sa\u00fade de Picos (SMS), por meio da Coordena\u00e7\u00e3o de Vigil\u00e2ncia Epidemiol\u00f3gica, divulgou na noite desta quarta (27), mais um boletim informativo a respeito do novo coronav\u00edrus. O cent\u00e9simo \u00f3bito registrado trata-se de um homem de 86 anos, tinha comorbidades (diabetes, hipertens\u00e3o e problemas renais) e residia na Mirol\u00e2ndia. De acordo com &hellip;<\/p>\n","protected":false},"author":2,"featured_media":30179,"comment_status":"open","ping_status":"open","sticky":false,"template":"","format":"standard","meta":{"content-type":"","rop_custom_images_group":[],"rop_custom_messages_group":[],"rop_publish_now":"initial","rop_publish_now_accounts":{"facebook_2648258775420054_1618374048415101":""},"rop_publish_now_history":[],"rop_publish_now_status":"pending","footnotes":"","_jetpack_memberships_contains_paid_content":false},"categories":[109,127,384],"tags":[9423,9424,5746],"yoast_head":"<!-- This site is optimized with the Yoast SEO plugin v22.3 - https:\/\/yoast.com\/wordpress\/plugins\/seo\/ -->\n<title>Picos registra cent\u00e9simo \u00f3bito por Covid-19<\/title>\n<meta name=\"robots\" content=\"index, follow, max-snippet:-1, max-image-preview:large, max-video-preview:-1\" \/>\n<link rel=\"canonical\" href=\"https:\/\/portalnpm.com\/index.php\/2021\/01\/28\/picos-registra-centesimo-obito-por-covid-19\/\" \/>\n<meta property=\"og:locale\" content=\"pt_BR\" \/>\n<meta property=\"og:type\" content=\"article\" \/>\n<meta property=\"og:title\" content=\"Picos registra cent\u00e9simo \u00f3bito por Covid-19\" \/>\n<meta property=\"og:description\" content=\"A Secretaria Municipal de Sa\u00fade de Picos (SMS), por meio da Coordena\u00e7\u00e3o de Vigil\u00e2ncia Epidemiol\u00f3gica, divulgou na noite desta quarta (27), mais um boletim informativo a respeito do novo coronav\u00edrus. O cent\u00e9simo \u00f3bito registrado trata-se de um homem de 86 anos, tinha comorbidades (diabetes, hipertens\u00e3o e problemas renais) e residia na Mirol\u00e2ndia. De acordo com &hellip;\" \/>\n<meta property=\"og:url\" content=\"https:\/\/portalnpm.com\/index.php\/2021\/01\/28\/picos-registra-centesimo-obito-por-covid-19\/\" \/>\n<meta property=\"og:site_name\" content=\"Portal NPM\" \/>\n<meta property=\"article:published_time\" content=\"2021-01-28T12:48:55+00:00\" \/>\n<meta name=\"author\" content=\"Genival Barbosa\" \/>\n<meta name=\"twitter:card\" content=\"summary_large_image\" \/>\n<meta name=\"twitter:label1\" content=\"Escrito por\" \/>\n\t<meta name=\"twitter:data1\" content=\"Genival Barbosa\" \/>\n\t<meta name=\"twitter:label2\" content=\"Est. tempo de leitura\" \/>\n\t<meta name=\"twitter:data2\" content=\"1 minuto\" \/>\n<script type=\"application\/ld+json\" class=\"yoast-schema-graph\">{\"@context\":\"https:\/\/schema.org\",\"@graph\":[{\"@type\":\"WebPage\",\"@id\":\"https:\/\/portalnpm.com\/index.php\/2021\/01\/28\/picos-registra-centesimo-obito-por-covid-19\/\",\"url\":\"https:\/\/portalnpm.com\/index.php\/2021\/01\/28\/picos-registra-centesimo-obito-por-covid-19\/\",\"name\":\"Picos registra cent\u00e9simo \u00f3bito por Covid-19\",\"isPartOf\":{\"@id\":\"https:\/\/portalnpm.com\/#website\"},\"primaryImageOfPage\":{\"@id\":\"https:\/\/portalnpm.com\/index.php\/2021\/01\/28\/picos-registra-centesimo-obito-por-covid-19\/#primaryimage\"},\"image\":{\"@id\":\"https:\/\/portalnpm.com\/index.php\/2021\/01\/28\/picos-registra-centesimo-obito-por-covid-19\/#primaryimage\"},\"thumbnailUrl\":\"\",\"datePublished\":\"2021-01-28T12:48:55+00:00\",\"dateModified\":\"2021-01-28T12:48:55+00:00\",\"author\":{\"@id\":\"https:\/\/portalnpm.com\/#\/schema\/person\/49313e563cfdefcc167f1ee4c017c294\"},\"breadcrumb\":{\"@id\":\"https:\/\/portalnpm.com\/index.php\/2021\/01\/28\/picos-registra-centesimo-obito-por-covid-19\/#breadcrumb\"},\"inLanguage\":\"pt-BR\",\"potentialAction\":[{\"@type\":\"ReadAction\",\"target\":[\"https:\/\/portalnpm.com\/index.php\/2021\/01\/28\/picos-registra-centesimo-obito-por-covid-19\/\"]}]},{\"@type\":\"ImageObject\",\"inLanguage\":\"pt-BR\",\"@id\":\"https:\/\/portalnpm.com\/index.php\/2021\/01\/28\/picos-registra-centesimo-obito-por-covid-19\/#primaryimage\",\"url\":\"\",\"contentUrl\":\"\"},{\"@type\":\"BreadcrumbList\",\"@id\":\"https:\/\/portalnpm.com\/index.php\/2021\/01\/28\/picos-registra-centesimo-obito-por-covid-19\/#breadcrumb\",\"itemListElement\":[{\"@type\":\"ListItem\",\"position\":1,\"name\":\"In\u00edcio\",\"item\":\"https:\/\/portalnpm.com\/\"},{\"@type\":\"ListItem\",\"position\":2,\"name\":\"Picos registra cent\u00e9simo \u00f3bito por Covid-19\"}]},{\"@type\":\"WebSite\",\"@id\":\"https:\/\/portalnpm.com\/#website\",\"url\":\"https:\/\/portalnpm.com\/\",\"name\":\"Portal NPM\",\"description\":\"Not\u00edcias em Primeira M\u00e3o\",\"potentialAction\":[{\"@type\":\"SearchAction\",\"target\":{\"@type\":\"EntryPoint\",\"urlTemplate\":\"https:\/\/portalnpm.com\/?s={search_term_string}\"},\"query-input\":\"required name=search_term_string\"}],\"inLanguage\":\"pt-BR\"},{\"@type\":\"Person\",\"@id\":\"https:\/\/portalnpm.com\/#\/schema\/person\/49313e563cfdefcc167f1ee4c017c294\",\"name\":\"Genival Barbosa\",\"image\":{\"@type\":\"ImageObject\",\"inLanguage\":\"pt-BR\",\"@id\":\"https:\/\/portalnpm.com\/#\/schema\/person\/image\/\",\"url\":\"https:\/\/portalnpm.com\/wp-content\/uploads\/2024\/02\/avatar_user_2_1707743258-96x96.jpeg\",\"contentUrl\":\"https:\/\/portalnpm.com\/wp-content\/uploads\/2024\/02\/avatar_user_2_1707743258-96x96.jpeg\",\"caption\":\"Genival Barbosa\"},\"url\":\"https:\/\/portalnpm.com\/index.php\/author\/genival\/\"}]}<\/script>\n<!-- \/ Yoast SEO plugin. -->","yoast_head_json":{"title":"Picos registra cent\u00e9simo \u00f3bito por Covid-19","robots":{"index":"index","follow":"follow","max-snippet":"max-snippet:-1","max-image-preview":"max-image-preview:large","max-video-preview":"max-video-preview:-1"},"canonical":"https:\/\/portalnpm.com\/index.php\/2021\/01\/28\/picos-registra-centesimo-obito-por-covid-19\/","og_locale":"pt_BR","og_type":"article","og_title":"Picos registra cent\u00e9simo \u00f3bito por Covid-19","og_description":"A Secretaria Municipal de Sa\u00fade de Picos (SMS), por meio da Coordena\u00e7\u00e3o de Vigil\u00e2ncia Epidemiol\u00f3gica, divulgou na noite desta quarta (27), mais um boletim informativo a respeito do novo coronav\u00edrus. O cent\u00e9simo \u00f3bito registrado trata-se de um homem de 86 anos, tinha comorbidades (diabetes, hipertens\u00e3o e problemas renais) e residia na Mirol\u00e2ndia. De acordo com &hellip;","og_url":"https:\/\/portalnpm.com\/index.php\/2021\/01\/28\/picos-registra-centesimo-obito-por-covid-19\/","og_site_name":"Portal NPM","article_published_time":"2021-01-28T12:48:55+00:00","author":"Genival Barbosa","twitter_card":"summary_large_image","twitter_misc":{"Escrito por":"Genival Barbosa","Est. tempo de leitura":"1 minuto"},"schema":{"@context":"https:\/\/schema.org","@graph":[{"@type":"WebPage","@id":"https:\/\/portalnpm.com\/index.php\/2021\/01\/28\/picos-registra-centesimo-obito-por-covid-19\/","url":"https:\/\/portalnpm.com\/index.php\/2021\/01\/28\/picos-registra-centesimo-obito-por-covid-19\/","name":"Picos registra cent\u00e9simo \u00f3bito por Covid-19","isPartOf":{"@id":"https:\/\/portalnpm.com\/#website"},"primaryImageOfPage":{"@id":"https:\/\/portalnpm.com\/index.php\/2021\/01\/28\/picos-registra-centesimo-obito-por-covid-19\/#primaryimage"},"image":{"@id":"https:\/\/portalnpm.com\/index.php\/2021\/01\/28\/picos-registra-centesimo-obito-por-covid-19\/#primaryimage"},"thumbnailUrl":"","datePublished":"2021-01-28T12:48:55+00:00","dateModified":"2021-01-28T12:48:55+00:00","author":{"@id":"https:\/\/portalnpm.com\/#\/schema\/person\/49313e563cfdefcc167f1ee4c017c294"},"breadcrumb":{"@id":"https:\/\/portalnpm.com\/index.php\/2021\/01\/28\/picos-registra-centesimo-obito-por-covid-19\/#breadcrumb"},"inLanguage":"pt-BR","potentialAction":[{"@type":"ReadAction","target":["https:\/\/portalnpm.com\/index.php\/2021\/01\/28\/picos-registra-centesimo-obito-por-covid-19\/"]}]},{"@type":"ImageObject","inLanguage":"pt-BR","@id":"https:\/\/portalnpm.com\/index.php\/2021\/01\/28\/picos-registra-centesimo-obito-por-covid-19\/#primaryimage","url":"","contentUrl":""},{"@type":"BreadcrumbList","@id":"https:\/\/portalnpm.com\/index.php\/2021\/01\/28\/picos-registra-centesimo-obito-por-covid-19\/#breadcrumb","itemListElement":[{"@type":"ListItem","position":1,"name":"In\u00edcio","item":"https:\/\/portalnpm.com\/"},{"@type":"ListItem","position":2,"name":"Picos registra cent\u00e9simo \u00f3bito por Covid-19"}]},{"@type":"WebSite","@id":"https:\/\/portalnpm.com\/#website","url":"https:\/\/portalnpm.com\/","name":"Portal NPM","description":"Not\u00edcias em Primeira M\u00e3o","potentialAction":[{"@type":"SearchAction","target":{"@type":"EntryPoint","urlTemplate":"https:\/\/portalnpm.com\/?s={search_term_string}"},"query-input":"required name=search_term_string"}],"inLanguage":"pt-BR"},{"@type":"Person","@id":"https:\/\/portalnpm.com\/#\/schema\/person\/49313e563cfdefcc167f1ee4c017c294","name":"Genival Barbosa","image":{"@type":"ImageObject","inLanguage":"pt-BR","@id":"https:\/\/portalnpm.com\/#\/schema\/person\/image\/","url":"https:\/\/portalnpm.com\/wp-content\/uploads\/2024\/02\/avatar_user_2_1707743258-96x96.jpeg","contentUrl":"https:\/\/portalnpm.com\/wp-content\/uploads\/2024\/02\/avatar_user_2_1707743258-96x96.jpeg","caption":"Genival Barbosa"},"url":"https:\/\/portalnpm.com\/index.php\/author\/genival\/"}]}},"jetpack_sharing_enabled":true,"jetpack_featured_media_url":"","_links":{"self":[{"href":"https:\/\/portalnpm.com\/index.php\/wp-json\/wp\/v2\/posts\/61940"}],"collection":[{"href":"https:\/\/portalnpm.com\/index.php\/wp-json\/wp\/v2\/posts"}],"about":[{"href":"https:\/\/portalnpm.com\/index.php\/wp-json\/wp\/v2\/types\/post"}],"author":[{"embeddable":true,"href":"https:\/\/portalnpm.com\/index.php\/wp-json\/wp\/v2\/users\/2"}],"replies":[{"embeddable":true,"href":"https:\/\/portalnpm.com\/index.php\/wp-json\/wp\/v2\/comments?post=61940"}],"version-history":[{"count":0,"href":"https:\/\/portalnpm.com\/index.php\/wp-json\/wp\/v2\/posts\/61940\/revisions"}],"wp:featuredmedia":[{"embeddable":true,"href":"https:\/\/portalnpm.com\/index.php\/wp-json\/"}],"wp:attachment":[{"href":"https:\/\/portalnpm.com\/index.php\/wp-json\/wp\/v2\/media?parent=61940"}],"wp:term":[{"taxonomy":"category","embeddable":true,"href":"https:\/\/portalnpm.com\/index.php\/wp-json\/wp\/v2\/categories?post=61940"},{"taxonomy":"post_tag","embeddable":true,"href":"https:\/\/portalnpm.com\/index.php\/wp-json\/wp\/v2\/tags?post=61940"}],"curies":[{"name":"wp","href":"https:\/\/api.w.org\/{rel}","templated":true}]}}