{"id":61943,"date":"2021-01-28T10:04:37","date_gmt":"2021-01-28T13:04:37","guid":{"rendered":"https:\/\/portalnpm.com\/index.php\/2021\/01\/28\/brasil-supera-a-marca-de-1-milhao-de-pessoas-vacinadas-contra-a-covid-19\/"},"modified":"2021-01-28T10:04:37","modified_gmt":"2021-01-28T13:04:37","slug":"brasil-supera-a-marca-de-1-milhao-de-pessoas-vacinadas-contra-a-covid-19","status":"publish","type":"post","link":"https:\/\/portalnpm.com\/index.php\/2021\/01\/28\/brasil-supera-a-marca-de-1-milhao-de-pessoas-vacinadas-contra-a-covid-19\/","title":{"rendered":"Brasil supera a marca de 1 milh\u00e3o de pessoas vacinadas contra a Covid-19"},"content":{"rendered":"<p style=\"text-align: justify;\">At\u00e9 as 15h desta quarta-feira (27), pelo menos 1.069.213 pessoas foram vacinadas contra a Covid-19 no Brasil. O levantamento da CNN se baseia em informa\u00e7\u00f5es de prefeituras e governos estaduais que divulgaram o balan\u00e7o preliminar da vacina\u00e7\u00e3o.<\/p>\n<p style=\"text-align: justify;\">\n<p style=\"text-align: justify;\">\n<p style=\"text-align: justify;\">A vacina\u00e7\u00e3o foi iniciada em 17 de janeiro, assim que a Anvisa (Ag\u00eancia Nacional de Vigil\u00e2ncia Sanit\u00e1ria) deu o aval para o uso emergencial das vacinas do Butantan e da Fiocruz\/AstraZeneca. \u00c9 necess\u00e1ria a aplica\u00e7\u00e3o de duas doses dos imunizantes para que as pessoas sejam consideradas imunizadas.<\/p>\n<p style=\"text-align: justify;\">Por enquanto, apenas profissionais de sa\u00fade, ind\u00edgenas, quilombolas e idosos em institui\u00e7\u00f5es de longa perman\u00eancia est\u00e3o recebendo as doses. O Minist\u00e9rio da Sa\u00fade ainda n\u00e3o divulgou um cronograma para as pr\u00f3ximas fases da campanha.<\/p>\n<p style=\"text-align: justify;\">As prefeituras de S\u00e3o Paulo e Rio de Janeiro\u00a0<a href=\"https:\/\/www.cnnbrasil.com.br\/saude\/2021\/01\/27\/com-vacina-de-oxford-sao-paulo-e-rio-ampliam-imunizacao-contra-covid-19\" target=\"_blank\" rel=\"noopener noreferrer\">ampliaram a vacina\u00e7\u00e3o<\/a>\u00a0nesta quarta, ap\u00f3s o recebimento das doses da vacina da AstraZeneca.<\/p>\n<p style=\"text-align: justify;\">Como nem todos os estados e munic\u00edpios divulgaram informa\u00e7\u00f5es sobre a campanha de imuniza\u00e7\u00e3o, o levantamento \u00e9 preliminar e o n\u00famero real pode ser maior. Alguns estados aguardar\u00e3o a concentra\u00e7\u00e3o dos dados por parte do Minist\u00e9rio da Sa\u00fade, que prometeu divulgar uma plataforma at\u00e9 o final desta semana.<\/p>\n<p style=\"text-align: justify;\">At\u00e9 o momento, os estados que n\u00e3o divulgaram os dados (nem por meio do Governo do Estado, nem por meio da prefeitura da capital) s\u00e3o: AP, PA, e TO.<\/p>\n<p style=\"text-align: justify;\">Os dados do Amazonas, Mato Grosso, Rond\u00f4nia, Sergipe e Goi\u00e1s foram fornecidos pelas prefeituras das respectivas capitais. Com rela\u00e7\u00e3o aos outros estados, os dados foram compilados pelas secretarias estaduais de sa\u00fade.<\/p>\n<h2 style=\"text-align: justify;\">Total de vacinados de acordo com governos estaduais<\/h2>\n<p style=\"text-align: justify;\">Acre &#8211; 3.985<\/p>\n<p style=\"text-align: justify;\">Alagoas \u2013 33.450<\/p>\n<p style=\"text-align: justify;\">Bahia \u2013 103.087<\/p>\n<p style=\"text-align: justify;\">Cear\u00e1 \u2013 48.821<\/p>\n<p style=\"text-align: justify;\">Distrito Federal \u2013 23.227<\/p>\n<p style=\"text-align: justify;\">Esp\u00edrito Santo \u2013 21.744<\/p>\n<p style=\"text-align: justify;\">Maranh\u00e3o \u2013 31.953<\/p>\n<p style=\"text-align: justify;\">Mato Grosso do Sul \u2013 11.400<\/p>\n<p style=\"text-align: justify;\">Paran\u00e1 \u2013 57.200<\/p>\n<p style=\"text-align: justify;\">Pernambuco \u2013 51.118<\/p>\n<p style=\"text-align: justify;\">Piau\u00ed \u2013 18.915<\/p>\n<p style=\"text-align: justify;\">Rio de Janeiro \u2013 109.659<\/p>\n<p style=\"text-align: justify;\">Rio Grande do Norte \u2013 26.941<\/p>\n<p style=\"text-align: justify;\">Rio Grande do Sul \u2013 109.579<\/p>\n<p style=\"text-align: justify;\">S\u00e3o Paulo \u2013 212.073<\/p>\n<p style=\"text-align: justify;\">Roraima &#8211; 4.449<\/p>\n<p style=\"text-align: justify;\">Para\u00edba \u2013 10.132<\/p>\n<p style=\"text-align: justify;\">Santa Catarina \u2013 48.733<\/p>\n<p style=\"text-align: justify;\">Minas Gerais &#8211; 115.219<\/p>\n<h2 style=\"text-align: justify;\">Total de vacinados de acordo com as prefeituras<\/h2>\n<p style=\"text-align: justify;\">Goi\u00e2nia (GO) \u2013 7.611<\/p>\n<p style=\"text-align: justify;\">Cuiab\u00e1 (MT) \u2013 4.134<\/p>\n<p style=\"text-align: justify;\">Aracaju (SE) \u2013 6.627<\/p>\n<p style=\"text-align: justify;\">Porto Velho (RO) \u2013 1.602<\/p>\n<p style=\"text-align: justify;\">Manaus (AM) \u2013 7554<\/p>\n<p style=\"text-align: justify;\">Fonte:\u00a0 CNN<\/p>\n","protected":false},"excerpt":{"rendered":"<p>At\u00e9 as 15h desta quarta-feira (27), pelo menos 1.069.213 pessoas foram vacinadas contra a Covid-19 no Brasil. O levantamento da CNN se baseia em informa\u00e7\u00f5es de prefeituras e governos estaduais que divulgaram o balan\u00e7o preliminar da vacina\u00e7\u00e3o. A vacina\u00e7\u00e3o foi iniciada em 17 de janeiro, assim que a Anvisa (Ag\u00eancia Nacional de Vigil\u00e2ncia Sanit\u00e1ria) deu &hellip;<\/p>\n","protected":false},"author":2,"featured_media":61944,"comment_status":"open","ping_status":"open","sticky":false,"template":"","format":"standard","meta":{"content-type":"","rop_custom_images_group":[],"rop_custom_messages_group":[],"rop_publish_now":"initial","rop_publish_now_accounts":{"facebook_2648258775420054_1618374048415101":""},"rop_publish_now_history":[],"rop_publish_now_status":"pending","footnotes":"","_jetpack_memberships_contains_paid_content":false},"categories":[125],"tags":[4930,9429,5689,1162,9430],"yoast_head":"<!-- This site is optimized with the Yoast SEO plugin v22.3 - https:\/\/yoast.com\/wordpress\/plugins\/seo\/ -->\n<title>Brasil supera a marca de 1 milh\u00e3o de pessoas vacinadas contra a Covid-19<\/title>\n<meta name=\"robots\" content=\"index, follow, max-snippet:-1, max-image-preview:large, max-video-preview:-1\" \/>\n<link rel=\"canonical\" href=\"https:\/\/portalnpm.com\/index.php\/2021\/01\/28\/brasil-supera-a-marca-de-1-milhao-de-pessoas-vacinadas-contra-a-covid-19\/\" \/>\n<meta property=\"og:locale\" content=\"pt_BR\" \/>\n<meta property=\"og:type\" content=\"article\" \/>\n<meta property=\"og:title\" content=\"Brasil supera a marca de 1 milh\u00e3o de pessoas vacinadas contra a Covid-19\" \/>\n<meta property=\"og:description\" content=\"At\u00e9 as 15h desta quarta-feira (27), pelo menos 1.069.213 pessoas foram vacinadas contra a Covid-19 no Brasil. O levantamento da CNN se baseia em informa\u00e7\u00f5es de prefeituras e governos estaduais que divulgaram o balan\u00e7o preliminar da vacina\u00e7\u00e3o. A vacina\u00e7\u00e3o foi iniciada em 17 de janeiro, assim que a Anvisa (Ag\u00eancia Nacional de Vigil\u00e2ncia Sanit\u00e1ria) deu &hellip;\" \/>\n<meta property=\"og:url\" content=\"https:\/\/portalnpm.com\/index.php\/2021\/01\/28\/brasil-supera-a-marca-de-1-milhao-de-pessoas-vacinadas-contra-a-covid-19\/\" \/>\n<meta property=\"og:site_name\" content=\"Portal NPM\" \/>\n<meta property=\"article:published_time\" content=\"2021-01-28T13:04:37+00:00\" \/>\n<meta property=\"og:image\" content=\"https:\/\/portalnpm.com\/wp-content\/uploads\/2024\/01\/Covid-Teste-coleta-material-1.jpg\" \/>\n\t<meta property=\"og:image:width\" content=\"800\" \/>\n\t<meta property=\"og:image:height\" content=\"445\" \/>\n\t<meta property=\"og:image:type\" content=\"image\/jpeg\" \/>\n<meta name=\"author\" content=\"Genival Barbosa\" \/>\n<meta name=\"twitter:card\" content=\"summary_large_image\" \/>\n<meta name=\"twitter:label1\" content=\"Escrito por\" \/>\n\t<meta name=\"twitter:data1\" content=\"Genival Barbosa\" \/>\n\t<meta name=\"twitter:label2\" content=\"Est. tempo de leitura\" \/>\n\t<meta name=\"twitter:data2\" content=\"2 minutos\" \/>\n<script type=\"application\/ld+json\" class=\"yoast-schema-graph\">{\"@context\":\"https:\/\/schema.org\",\"@graph\":[{\"@type\":\"WebPage\",\"@id\":\"https:\/\/portalnpm.com\/index.php\/2021\/01\/28\/brasil-supera-a-marca-de-1-milhao-de-pessoas-vacinadas-contra-a-covid-19\/\",\"url\":\"https:\/\/portalnpm.com\/index.php\/2021\/01\/28\/brasil-supera-a-marca-de-1-milhao-de-pessoas-vacinadas-contra-a-covid-19\/\",\"name\":\"Brasil supera a marca de 1 milh\u00e3o de pessoas vacinadas contra a Covid-19\",\"isPartOf\":{\"@id\":\"https:\/\/portalnpm.com\/#website\"},\"primaryImageOfPage\":{\"@id\":\"https:\/\/portalnpm.com\/index.php\/2021\/01\/28\/brasil-supera-a-marca-de-1-milhao-de-pessoas-vacinadas-contra-a-covid-19\/#primaryimage\"},\"image\":{\"@id\":\"https:\/\/portalnpm.com\/index.php\/2021\/01\/28\/brasil-supera-a-marca-de-1-milhao-de-pessoas-vacinadas-contra-a-covid-19\/#primaryimage\"},\"thumbnailUrl\":\"https:\/\/portalnpm.com\/wp-content\/uploads\/2024\/01\/Covid-Teste-coleta-material-1.jpg\",\"datePublished\":\"2021-01-28T13:04:37+00:00\",\"dateModified\":\"2021-01-28T13:04:37+00:00\",\"author\":{\"@id\":\"https:\/\/portalnpm.com\/#\/schema\/person\/49313e563cfdefcc167f1ee4c017c294\"},\"breadcrumb\":{\"@id\":\"https:\/\/portalnpm.com\/index.php\/2021\/01\/28\/brasil-supera-a-marca-de-1-milhao-de-pessoas-vacinadas-contra-a-covid-19\/#breadcrumb\"},\"inLanguage\":\"pt-BR\",\"potentialAction\":[{\"@type\":\"ReadAction\",\"target\":[\"https:\/\/portalnpm.com\/index.php\/2021\/01\/28\/brasil-supera-a-marca-de-1-milhao-de-pessoas-vacinadas-contra-a-covid-19\/\"]}]},{\"@type\":\"ImageObject\",\"inLanguage\":\"pt-BR\",\"@id\":\"https:\/\/portalnpm.com\/index.php\/2021\/01\/28\/brasil-supera-a-marca-de-1-milhao-de-pessoas-vacinadas-contra-a-covid-19\/#primaryimage\",\"url\":\"https:\/\/portalnpm.com\/wp-content\/uploads\/2024\/01\/Covid-Teste-coleta-material-1.jpg\",\"contentUrl\":\"https:\/\/portalnpm.com\/wp-content\/uploads\/2024\/01\/Covid-Teste-coleta-material-1.jpg\",\"width\":800,\"height\":445},{\"@type\":\"BreadcrumbList\",\"@id\":\"https:\/\/portalnpm.com\/index.php\/2021\/01\/28\/brasil-supera-a-marca-de-1-milhao-de-pessoas-vacinadas-contra-a-covid-19\/#breadcrumb\",\"itemListElement\":[{\"@type\":\"ListItem\",\"position\":1,\"name\":\"In\u00edcio\",\"item\":\"https:\/\/portalnpm.com\/\"},{\"@type\":\"ListItem\",\"position\":2,\"name\":\"Brasil supera a marca de 1 milh\u00e3o de pessoas vacinadas contra a Covid-19\"}]},{\"@type\":\"WebSite\",\"@id\":\"https:\/\/portalnpm.com\/#website\",\"url\":\"https:\/\/portalnpm.com\/\",\"name\":\"Portal NPM\",\"description\":\"Not\u00edcias em Primeira M\u00e3o\",\"potentialAction\":[{\"@type\":\"SearchAction\",\"target\":{\"@type\":\"EntryPoint\",\"urlTemplate\":\"https:\/\/portalnpm.com\/?s={search_term_string}\"},\"query-input\":\"required name=search_term_string\"}],\"inLanguage\":\"pt-BR\"},{\"@type\":\"Person\",\"@id\":\"https:\/\/portalnpm.com\/#\/schema\/person\/49313e563cfdefcc167f1ee4c017c294\",\"name\":\"Genival Barbosa\",\"image\":{\"@type\":\"ImageObject\",\"inLanguage\":\"pt-BR\",\"@id\":\"https:\/\/portalnpm.com\/#\/schema\/person\/image\/\",\"url\":\"https:\/\/portalnpm.com\/wp-content\/uploads\/2024\/02\/avatar_user_2_1707743258-96x96.jpeg\",\"contentUrl\":\"https:\/\/portalnpm.com\/wp-content\/uploads\/2024\/02\/avatar_user_2_1707743258-96x96.jpeg\",\"caption\":\"Genival Barbosa\"},\"url\":\"https:\/\/portalnpm.com\/index.php\/author\/genival\/\"}]}<\/script>\n<!-- \/ Yoast SEO plugin. -->","yoast_head_json":{"title":"Brasil supera a marca de 1 milh\u00e3o de pessoas vacinadas contra a Covid-19","robots":{"index":"index","follow":"follow","max-snippet":"max-snippet:-1","max-image-preview":"max-image-preview:large","max-video-preview":"max-video-preview:-1"},"canonical":"https:\/\/portalnpm.com\/index.php\/2021\/01\/28\/brasil-supera-a-marca-de-1-milhao-de-pessoas-vacinadas-contra-a-covid-19\/","og_locale":"pt_BR","og_type":"article","og_title":"Brasil supera a marca de 1 milh\u00e3o de pessoas vacinadas contra a Covid-19","og_description":"At\u00e9 as 15h desta quarta-feira (27), pelo menos 1.069.213 pessoas foram vacinadas contra a Covid-19 no Brasil. O levantamento da CNN se baseia em informa\u00e7\u00f5es de prefeituras e governos estaduais que divulgaram o balan\u00e7o preliminar da vacina\u00e7\u00e3o. A vacina\u00e7\u00e3o foi iniciada em 17 de janeiro, assim que a Anvisa (Ag\u00eancia Nacional de Vigil\u00e2ncia Sanit\u00e1ria) deu &hellip;","og_url":"https:\/\/portalnpm.com\/index.php\/2021\/01\/28\/brasil-supera-a-marca-de-1-milhao-de-pessoas-vacinadas-contra-a-covid-19\/","og_site_name":"Portal NPM","article_published_time":"2021-01-28T13:04:37+00:00","og_image":[{"width":800,"height":445,"url":"https:\/\/portalnpm.com\/wp-content\/uploads\/2024\/01\/Covid-Teste-coleta-material-1.jpg","type":"image\/jpeg"}],"author":"Genival Barbosa","twitter_card":"summary_large_image","twitter_misc":{"Escrito por":"Genival Barbosa","Est. tempo de leitura":"2 minutos"},"schema":{"@context":"https:\/\/schema.org","@graph":[{"@type":"WebPage","@id":"https:\/\/portalnpm.com\/index.php\/2021\/01\/28\/brasil-supera-a-marca-de-1-milhao-de-pessoas-vacinadas-contra-a-covid-19\/","url":"https:\/\/portalnpm.com\/index.php\/2021\/01\/28\/brasil-supera-a-marca-de-1-milhao-de-pessoas-vacinadas-contra-a-covid-19\/","name":"Brasil supera a marca de 1 milh\u00e3o de pessoas vacinadas contra a Covid-19","isPartOf":{"@id":"https:\/\/portalnpm.com\/#website"},"primaryImageOfPage":{"@id":"https:\/\/portalnpm.com\/index.php\/2021\/01\/28\/brasil-supera-a-marca-de-1-milhao-de-pessoas-vacinadas-contra-a-covid-19\/#primaryimage"},"image":{"@id":"https:\/\/portalnpm.com\/index.php\/2021\/01\/28\/brasil-supera-a-marca-de-1-milhao-de-pessoas-vacinadas-contra-a-covid-19\/#primaryimage"},"thumbnailUrl":"https:\/\/portalnpm.com\/wp-content\/uploads\/2024\/01\/Covid-Teste-coleta-material-1.jpg","datePublished":"2021-01-28T13:04:37+00:00","dateModified":"2021-01-28T13:04:37+00:00","author":{"@id":"https:\/\/portalnpm.com\/#\/schema\/person\/49313e563cfdefcc167f1ee4c017c294"},"breadcrumb":{"@id":"https:\/\/portalnpm.com\/index.php\/2021\/01\/28\/brasil-supera-a-marca-de-1-milhao-de-pessoas-vacinadas-contra-a-covid-19\/#breadcrumb"},"inLanguage":"pt-BR","potentialAction":[{"@type":"ReadAction","target":["https:\/\/portalnpm.com\/index.php\/2021\/01\/28\/brasil-supera-a-marca-de-1-milhao-de-pessoas-vacinadas-contra-a-covid-19\/"]}]},{"@type":"ImageObject","inLanguage":"pt-BR","@id":"https:\/\/portalnpm.com\/index.php\/2021\/01\/28\/brasil-supera-a-marca-de-1-milhao-de-pessoas-vacinadas-contra-a-covid-19\/#primaryimage","url":"https:\/\/portalnpm.com\/wp-content\/uploads\/2024\/01\/Covid-Teste-coleta-material-1.jpg","contentUrl":"https:\/\/portalnpm.com\/wp-content\/uploads\/2024\/01\/Covid-Teste-coleta-material-1.jpg","width":800,"height":445},{"@type":"BreadcrumbList","@id":"https:\/\/portalnpm.com\/index.php\/2021\/01\/28\/brasil-supera-a-marca-de-1-milhao-de-pessoas-vacinadas-contra-a-covid-19\/#breadcrumb","itemListElement":[{"@type":"ListItem","position":1,"name":"In\u00edcio","item":"https:\/\/portalnpm.com\/"},{"@type":"ListItem","position":2,"name":"Brasil supera a marca de 1 milh\u00e3o de pessoas vacinadas contra a Covid-19"}]},{"@type":"WebSite","@id":"https:\/\/portalnpm.com\/#website","url":"https:\/\/portalnpm.com\/","name":"Portal NPM","description":"Not\u00edcias em Primeira M\u00e3o","potentialAction":[{"@type":"SearchAction","target":{"@type":"EntryPoint","urlTemplate":"https:\/\/portalnpm.com\/?s={search_term_string}"},"query-input":"required name=search_term_string"}],"inLanguage":"pt-BR"},{"@type":"Person","@id":"https:\/\/portalnpm.com\/#\/schema\/person\/49313e563cfdefcc167f1ee4c017c294","name":"Genival Barbosa","image":{"@type":"ImageObject","inLanguage":"pt-BR","@id":"https:\/\/portalnpm.com\/#\/schema\/person\/image\/","url":"https:\/\/portalnpm.com\/wp-content\/uploads\/2024\/02\/avatar_user_2_1707743258-96x96.jpeg","contentUrl":"https:\/\/portalnpm.com\/wp-content\/uploads\/2024\/02\/avatar_user_2_1707743258-96x96.jpeg","caption":"Genival Barbosa"},"url":"https:\/\/portalnpm.com\/index.php\/author\/genival\/"}]}},"jetpack_sharing_enabled":true,"jetpack_featured_media_url":"https:\/\/portalnpm.com\/wp-content\/uploads\/2024\/01\/Covid-Teste-coleta-material-1.jpg","_links":{"self":[{"href":"https:\/\/portalnpm.com\/index.php\/wp-json\/wp\/v2\/posts\/61943"}],"collection":[{"href":"https:\/\/portalnpm.com\/index.php\/wp-json\/wp\/v2\/posts"}],"about":[{"href":"https:\/\/portalnpm.com\/index.php\/wp-json\/wp\/v2\/types\/post"}],"author":[{"embeddable":true,"href":"https:\/\/portalnpm.com\/index.php\/wp-json\/wp\/v2\/users\/2"}],"replies":[{"embeddable":true,"href":"https:\/\/portalnpm.com\/index.php\/wp-json\/wp\/v2\/comments?post=61943"}],"version-history":[{"count":0,"href":"https:\/\/portalnpm.com\/index.php\/wp-json\/wp\/v2\/posts\/61943\/revisions"}],"wp:featuredmedia":[{"embeddable":true,"href":"https:\/\/portalnpm.com\/index.php\/wp-json\/wp\/v2\/media\/61944"}],"wp:attachment":[{"href":"https:\/\/portalnpm.com\/index.php\/wp-json\/wp\/v2\/media?parent=61943"}],"wp:term":[{"taxonomy":"category","embeddable":true,"href":"https:\/\/portalnpm.com\/index.php\/wp-json\/wp\/v2\/categories?post=61943"},{"taxonomy":"post_tag","embeddable":true,"href":"https:\/\/portalnpm.com\/index.php\/wp-json\/wp\/v2\/tags?post=61943"}],"curies":[{"name":"wp","href":"https:\/\/api.w.org\/{rel}","templated":true}]}}