{"id":61976,"date":"2021-01-29T15:55:40","date_gmt":"2021-01-29T18:55:40","guid":{"rendered":"https:\/\/portalnpm.com\/index.php\/2021\/01\/29\/sao-paulo-comeca-a-vacinacao-de-idosos-a-partir-do-dia-8\/"},"modified":"2021-01-29T15:55:40","modified_gmt":"2021-01-29T18:55:40","slug":"sao-paulo-comeca-a-vacinacao-de-idosos-a-partir-do-dia-8","status":"publish","type":"post","link":"https:\/\/portalnpm.com\/index.php\/2021\/01\/29\/sao-paulo-comeca-a-vacinacao-de-idosos-a-partir-do-dia-8\/","title":{"rendered":"S\u00e3o Paulo come\u00e7a a vacina\u00e7\u00e3o de idosos a partir do dia 8"},"content":{"rendered":"<p style=\"text-align: justify;\">O governo de S\u00e3o Paulo come\u00e7ar\u00e1, a partir do dia 8, a vacinar idosos dentro do programa de imuniza\u00e7\u00e3o contra o coronav\u00edrus, segundo informou o governador de S\u00e3o Paulo,\u00a0<strong><a href=\"https:\/\/tudo-sobre.estadao.com.br\/joao-doria\" target=\"_blank\" rel=\"noopener noreferrer\" data-id=\"39\">Jo\u00e3o Doria<\/a><\/strong>\u00a0(PSDB), em entrevista coletiva nesta sexta-feira, 29, no Pal\u00e1cio dos Bandeirantes. No dia 8, come\u00e7a a vacina\u00e7\u00e3o de idosos com idade de 90 anos ou mais. Os que t\u00eam 85 anos ou mais receber\u00e3o a primeira dose do imunizante a partir do dia 15.<\/p>\n<p style=\"text-align: justify;\">\n<p style=\"text-align: justify;\">\n<p style=\"text-align: justify;\">Na coletiva, o\u00a0<strong><a href=\"https:\/\/tudo-sobre.estadao.com.br\/joao-doria\" target=\"_blank\" rel=\"noopener noreferrer\" data-id=\"40\">Instituto Butantan<\/a><\/strong> informou ter recebido a sinaliza\u00e7\u00e3o do Minist\u00e9rio da Sa\u00fade sobre a aquisi\u00e7\u00e3o de um segundo lote das vacinas Coronavac, com 54 milh\u00f5es de doses do imunizante. O instituto vinha pressionando o governo federal para indicar a compra do lote, sob o argumento de que haveria Estados, munic\u00edpios e at\u00e9 pa\u00edses vizinhos interessados na compra caso a equipe de Eduardo Pazuello n\u00e3o se manifestasse logo. S\u00e3o Paulo anunciou ainda que n\u00e3o ir\u00e1 mais aumentar o intervalo de tempo entre a primeira e a segunda dose da vacina, que ser\u00e1 de at\u00e9 28 dias.<\/p>\n<p style=\"text-align: justify;\"><a href=\"https:\/\/saude.estadao.com.br\/noticias\/geral,doria-ofereceremos-coronavac-a-estados-se-saude-nao-definir-compra-ate-semana-que-vem,70003598302\" target=\"_blank\" rel=\"noopener noreferrer\" data-id=\"41\"><strong>Doria chegou a dar um ultimato para que Bras\u00edlia se manifestasse at\u00e9 o dia 5 sobre o tema<\/strong><\/a>. \u201cCaso o Minist\u00e9rio da Sa\u00fade n\u00e3o confirme at\u00e9 esta data (dia 5) que vai adquirir mais 54 milh\u00f5es de doses contra a covid-29 do Instituto Butantan, o governo do Estado autoriza desde j\u00e1 o instituto a fornecer doses das vacinas aos Estados e munic\u00edpios\u201d, disse. Ele foi informado sobre o fato de a comunica\u00e7\u00e3o j\u00e1 ter sido feita logo na sequ\u00eancia. Esse lote de 54 milh\u00f5es come\u00e7aria a ser produzido ap\u00f3s abril, prazo final assumido pelo Butantan para enviar 46 milh\u00f5es de doses da vacina ao Sistema \u00danico de Sa\u00fade (SUS).<\/p>\n<p style=\"text-align: justify;\">Sobre a nova vacina\u00e7\u00e3o de idosos, o plano do governo \u00e9 que 1,6 milh\u00e3o de pessoas do primeiro p\u00fablico-alvo (profissionais de sa\u00fade da linha de frente, ind\u00edgenas, quilombolas e idosos em institui\u00e7\u00f5es como asilos) at\u00e9 o dia 8. Entre as pessoas com 90 anos ou mais, a expectativa \u00e9 que 206 mil pessoas sejam vacinadas. J\u00e1 entre o p\u00fablico entre 85 e 89 anos, ser\u00e3o 515 mil pessoas.<\/p>\n<h3 class=\"intertitulo\" style=\"text-align: justify;\">Intervalo mantido em 28 dias<\/h3>\n<p style=\"text-align: justify;\">O governo do Estado tamb\u00e9m afirmou que n\u00e3o ir\u00e1 aumentar o intervalo de tempo entre a aplica\u00e7\u00e3o da primeira para a segunda dose da vacina, respeitando o limite estabelecido nos testes da fabricante Sinovac de 28 dias. Os profissionais de sa\u00fade que receberam a primeira dose no \u00faltimo dia 17 devem come\u00e7ar a receber a segunda aplica\u00e7\u00e3o no dia 14, segundo a coordenadora de Controle de Doen\u00e7as do Estado, Regiane de Paula. A decis\u00e3o se deu diante da falta de aprova\u00e7\u00e3o do minist\u00e9rio da sa\u00fade para prorrogar os prazos.<\/p>\n<p style=\"text-align: justify;\">O presidente do Instituto Butantan,\u00a0<strong><a href=\"https:\/\/tudo-sobre.estadao.com.br\/dimas-tadeu-covas\" target=\"_blank\" rel=\"noopener noreferrer\" data-id=\"42\">Dimas Covas<\/a><\/strong>, afirmou que discordava da avalia\u00e7\u00e3o do minist\u00e9rio, dizendo que n\u00e3o era \u201c\u00e9tico\u201d manter vacinas em estoque para a aplica\u00e7\u00e3o da segunda dose diante da quantidade de pessoas que n\u00e3o receberam ainda a primeira inje\u00e7\u00e3o do imunizante.<\/p>\n<p style=\"text-align: justify;\">S\u00e3o Paulo e outros entes federativos aguardam uma confirma\u00e7\u00e3o do Minist\u00e9rio da Sa\u00fade para retardar a aplica\u00e7\u00e3o da segunda dose da vacina Coronavac nas pessoas j\u00e1 imunizadas, o que ampliaria a base do total de pessoas que come\u00e7ou a receber imuniza\u00e7\u00e3o.<\/p>\n<h3 class=\"intertitulo\" style=\"text-align: justify;\">Reclassifica\u00e7\u00e3o<\/h3>\n<p style=\"text-align: justify;\">Os t\u00e9cnicos do governo viram melhora nos \u00edndices de contamina\u00e7\u00e3o e interna\u00e7\u00f5es no interior do Estado e anunciaram mudan\u00e7as na classifica\u00e7\u00e3o de algumas regi\u00f5es no Plano S\u00e3o Paulo, que determina as restri\u00e7\u00f5es \u00e0s atividades econ\u00f4micas durante a quarentena. As regi\u00f5es de\u00a0<strong>Presidente Prudente<\/strong>\u00a0e<strong>\u00a0Sorocaba<\/strong>, que estavam na fase vermelha, em que s\u00f3 as atividades essenciais podem funcionar, voltaram para a fase\u00a0<strong>laranja<\/strong>. Por outro lado, a regi\u00e3o de\u00a0<strong>Ribeir\u00e3o Preto<\/strong>, que estava na fase laranja, passar\u00e1 agora para a fase\u00a0<strong>vermelha<\/strong>.<\/p>\n<p style=\"text-align: justify;\">A taxa de ocupa\u00e7\u00e3o dos leitos de Unidade de Terapia Intensiva (UTI) no Estado est\u00e1 em 69,9% e na Grande S\u00e3o Paulo, 69,4%. \u00c9 uma pequena oscila\u00e7\u00e3o para baixo, ap\u00f3s as taxas ficarem acima de 70% nas \u00faltimas quatro semanas.<\/p>\n<p style=\"text-align: justify;\">O secret\u00e1rio estadual da Sa\u00fade, Jean Gorinchteyn, disse que, rela\u00e7\u00e3o \u00e0 semana anterior, a semana atual teve uma queda de 1% no n\u00famero de mortes e 9% no n\u00famero de interna\u00e7\u00f5es. S\u00e3o 52,722 mortes confirmadas at\u00e9 o momento. \u201cMedidas sanit\u00e1rias ajudam e colaboram para que possamos salvar vidas\u201d, disse. Houve, entretanto, aumento de 2% no n\u00famero de novos casos, ainda em rela\u00e7\u00e3o \u00e0 semana anterior.<\/p>\n<h3 class=\"intertitulo\" style=\"text-align: justify;\">Carnaval<\/h3>\n<p style=\"text-align: justify;\">O governo do Estado anunciou ainda a suspens\u00e3o dos pontos facultativos estaduais durante o carnaval deste ano, a exemplo do que j\u00e1 havia sido adotado por cidades como S\u00e3o Paulo e Belo Horizonte, de forma a evitar as festividades. \u201cEssa \u00e9 a recomenda\u00e7\u00e3o do centro de conting\u00eancia da covid-19\u201d, disse o governador, ao destacar que n\u00e3o seria \u201cadequado\u201d promover as aglomera\u00e7\u00f5es comuns nas festas ao longo da pandemia.<\/p>\n<p style=\"text-align: justify;\">O governo do Estado previa um retorno das aulas na rede privada de S\u00e3o Paulo a partir da pr\u00f3xima segunda-feira, dia 1\u00ba, e o retorno na rede p\u00fablica a partir da semana seguinte, no dia 8. Mas uma decis\u00e3o da Justi\u00e7a, acatando pedido de duas associa\u00e7\u00f5es representantes dos professores, que veem ainda inseguran\u00e7a para o retorno \u00e0s atividades presenciais.<\/p>\n<p style=\"text-align: justify;\">Sobre este tema, o secret\u00e1rio da Educa\u00e7\u00e3o, Rossieli Soares, pediu paci\u00eancia aos pais e disse que o Estado j\u00e1 havia adotado todas as medidas legais para reverter a decis\u00e3o.<\/p>\n<p style=\"text-align: justify;\">&#8220;O Estado entrou com recurso agora pela manh\u00e3. O processo est\u00e1 concluso ao presidente do Tribunal de Justi\u00e7a, com a decis\u00e3o podendo sair a qualquer momento. Estamos muito confiantes que o presidente do Tribunal de Justi\u00e7a indeferir\u00e1 a continuidade desta liminar&#8221;, afirmou o secret\u00e1rio.<\/p>\n<p style=\"text-align: justify;\">Fonte:\u00a0 Estad\u00e3o Conte\u00fado<\/p>\n","protected":false},"excerpt":{"rendered":"<p>O governo de S\u00e3o Paulo come\u00e7ar\u00e1, a partir do dia 8, a vacinar idosos dentro do programa de imuniza\u00e7\u00e3o contra o coronav\u00edrus, segundo informou o governador de S\u00e3o Paulo,\u00a0Jo\u00e3o Doria\u00a0(PSDB), em entrevista coletiva nesta sexta-feira, 29, no Pal\u00e1cio dos Bandeirantes. No dia 8, come\u00e7a a vacina\u00e7\u00e3o de idosos com idade de 90 anos ou mais. &hellip;<\/p>\n","protected":false},"author":2,"featured_media":61977,"comment_status":"open","ping_status":"open","sticky":false,"template":"","format":"standard","meta":{"content-type":"","rop_custom_images_group":[],"rop_custom_messages_group":[],"rop_publish_now":"initial","rop_publish_now_accounts":{"facebook_2648258775420054_1618374048415101":""},"rop_publish_now_history":[],"rop_publish_now_status":"pending","footnotes":"","_jetpack_memberships_contains_paid_content":false},"categories":[125],"tags":[9463,9464,9465],"yoast_head":"<!-- This site is optimized with the Yoast SEO plugin v22.3 - https:\/\/yoast.com\/wordpress\/plugins\/seo\/ -->\n<title>S\u00e3o Paulo come\u00e7a a vacina\u00e7\u00e3o de idosos a partir do dia 8<\/title>\n<meta name=\"robots\" content=\"index, follow, max-snippet:-1, max-image-preview:large, max-video-preview:-1\" \/>\n<link rel=\"canonical\" href=\"https:\/\/portalnpm.com\/index.php\/2021\/01\/29\/sao-paulo-comeca-a-vacinacao-de-idosos-a-partir-do-dia-8\/\" \/>\n<meta property=\"og:locale\" content=\"pt_BR\" \/>\n<meta property=\"og:type\" content=\"article\" \/>\n<meta property=\"og:title\" content=\"S\u00e3o Paulo come\u00e7a a vacina\u00e7\u00e3o de idosos a partir do dia 8\" \/>\n<meta property=\"og:description\" content=\"O governo de S\u00e3o Paulo come\u00e7ar\u00e1, a partir do dia 8, a vacinar idosos dentro do programa de imuniza\u00e7\u00e3o contra o coronav\u00edrus, segundo informou o governador de S\u00e3o Paulo,\u00a0Jo\u00e3o Doria\u00a0(PSDB), em entrevista coletiva nesta sexta-feira, 29, no Pal\u00e1cio dos Bandeirantes. No dia 8, come\u00e7a a vacina\u00e7\u00e3o de idosos com idade de 90 anos ou mais. &hellip;\" \/>\n<meta property=\"og:url\" content=\"https:\/\/portalnpm.com\/index.php\/2021\/01\/29\/sao-paulo-comeca-a-vacinacao-de-idosos-a-partir-do-dia-8\/\" \/>\n<meta property=\"og:site_name\" content=\"Portal NPM\" \/>\n<meta property=\"article:published_time\" content=\"2021-01-29T18:55:40+00:00\" \/>\n<meta property=\"og:image\" content=\"https:\/\/portalnpm.com\/wp-content\/uploads\/2024\/01\/BB1dd1FC.jpeg\" \/>\n\t<meta property=\"og:image:width\" content=\"600\" \/>\n\t<meta property=\"og:image:height\" content=\"401\" \/>\n\t<meta property=\"og:image:type\" content=\"image\/jpeg\" \/>\n<meta name=\"author\" content=\"Genival Barbosa\" \/>\n<meta name=\"twitter:card\" content=\"summary_large_image\" \/>\n<meta name=\"twitter:label1\" content=\"Escrito por\" \/>\n\t<meta name=\"twitter:data1\" content=\"Genival Barbosa\" \/>\n\t<meta name=\"twitter:label2\" content=\"Est. tempo de leitura\" \/>\n\t<meta name=\"twitter:data2\" content=\"5 minutos\" \/>\n<script type=\"application\/ld+json\" class=\"yoast-schema-graph\">{\"@context\":\"https:\/\/schema.org\",\"@graph\":[{\"@type\":\"WebPage\",\"@id\":\"https:\/\/portalnpm.com\/index.php\/2021\/01\/29\/sao-paulo-comeca-a-vacinacao-de-idosos-a-partir-do-dia-8\/\",\"url\":\"https:\/\/portalnpm.com\/index.php\/2021\/01\/29\/sao-paulo-comeca-a-vacinacao-de-idosos-a-partir-do-dia-8\/\",\"name\":\"S\u00e3o Paulo come\u00e7a a vacina\u00e7\u00e3o de idosos a partir do dia 8\",\"isPartOf\":{\"@id\":\"https:\/\/portalnpm.com\/#website\"},\"primaryImageOfPage\":{\"@id\":\"https:\/\/portalnpm.com\/index.php\/2021\/01\/29\/sao-paulo-comeca-a-vacinacao-de-idosos-a-partir-do-dia-8\/#primaryimage\"},\"image\":{\"@id\":\"https:\/\/portalnpm.com\/index.php\/2021\/01\/29\/sao-paulo-comeca-a-vacinacao-de-idosos-a-partir-do-dia-8\/#primaryimage\"},\"thumbnailUrl\":\"https:\/\/portalnpm.com\/wp-content\/uploads\/2024\/01\/BB1dd1FC.jpeg\",\"datePublished\":\"2021-01-29T18:55:40+00:00\",\"dateModified\":\"2021-01-29T18:55:40+00:00\",\"author\":{\"@id\":\"https:\/\/portalnpm.com\/#\/schema\/person\/49313e563cfdefcc167f1ee4c017c294\"},\"breadcrumb\":{\"@id\":\"https:\/\/portalnpm.com\/index.php\/2021\/01\/29\/sao-paulo-comeca-a-vacinacao-de-idosos-a-partir-do-dia-8\/#breadcrumb\"},\"inLanguage\":\"pt-BR\",\"potentialAction\":[{\"@type\":\"ReadAction\",\"target\":[\"https:\/\/portalnpm.com\/index.php\/2021\/01\/29\/sao-paulo-comeca-a-vacinacao-de-idosos-a-partir-do-dia-8\/\"]}]},{\"@type\":\"ImageObject\",\"inLanguage\":\"pt-BR\",\"@id\":\"https:\/\/portalnpm.com\/index.php\/2021\/01\/29\/sao-paulo-comeca-a-vacinacao-de-idosos-a-partir-do-dia-8\/#primaryimage\",\"url\":\"https:\/\/portalnpm.com\/wp-content\/uploads\/2024\/01\/BB1dd1FC.jpeg\",\"contentUrl\":\"https:\/\/portalnpm.com\/wp-content\/uploads\/2024\/01\/BB1dd1FC.jpeg\",\"width\":600,\"height\":401},{\"@type\":\"BreadcrumbList\",\"@id\":\"https:\/\/portalnpm.com\/index.php\/2021\/01\/29\/sao-paulo-comeca-a-vacinacao-de-idosos-a-partir-do-dia-8\/#breadcrumb\",\"itemListElement\":[{\"@type\":\"ListItem\",\"position\":1,\"name\":\"In\u00edcio\",\"item\":\"https:\/\/portalnpm.com\/\"},{\"@type\":\"ListItem\",\"position\":2,\"name\":\"S\u00e3o Paulo come\u00e7a a vacina\u00e7\u00e3o de idosos a partir do dia 8\"}]},{\"@type\":\"WebSite\",\"@id\":\"https:\/\/portalnpm.com\/#website\",\"url\":\"https:\/\/portalnpm.com\/\",\"name\":\"Portal NPM\",\"description\":\"Not\u00edcias em Primeira M\u00e3o\",\"potentialAction\":[{\"@type\":\"SearchAction\",\"target\":{\"@type\":\"EntryPoint\",\"urlTemplate\":\"https:\/\/portalnpm.com\/?s={search_term_string}\"},\"query-input\":\"required name=search_term_string\"}],\"inLanguage\":\"pt-BR\"},{\"@type\":\"Person\",\"@id\":\"https:\/\/portalnpm.com\/#\/schema\/person\/49313e563cfdefcc167f1ee4c017c294\",\"name\":\"Genival Barbosa\",\"image\":{\"@type\":\"ImageObject\",\"inLanguage\":\"pt-BR\",\"@id\":\"https:\/\/portalnpm.com\/#\/schema\/person\/image\/\",\"url\":\"https:\/\/portalnpm.com\/wp-content\/uploads\/2024\/02\/avatar_user_2_1707743258-96x96.jpeg\",\"contentUrl\":\"https:\/\/portalnpm.com\/wp-content\/uploads\/2024\/02\/avatar_user_2_1707743258-96x96.jpeg\",\"caption\":\"Genival Barbosa\"},\"url\":\"https:\/\/portalnpm.com\/index.php\/author\/genival\/\"}]}<\/script>\n<!-- \/ Yoast SEO plugin. -->","yoast_head_json":{"title":"S\u00e3o Paulo come\u00e7a a vacina\u00e7\u00e3o de idosos a partir do dia 8","robots":{"index":"index","follow":"follow","max-snippet":"max-snippet:-1","max-image-preview":"max-image-preview:large","max-video-preview":"max-video-preview:-1"},"canonical":"https:\/\/portalnpm.com\/index.php\/2021\/01\/29\/sao-paulo-comeca-a-vacinacao-de-idosos-a-partir-do-dia-8\/","og_locale":"pt_BR","og_type":"article","og_title":"S\u00e3o Paulo come\u00e7a a vacina\u00e7\u00e3o de idosos a partir do dia 8","og_description":"O governo de S\u00e3o Paulo come\u00e7ar\u00e1, a partir do dia 8, a vacinar idosos dentro do programa de imuniza\u00e7\u00e3o contra o coronav\u00edrus, segundo informou o governador de S\u00e3o Paulo,\u00a0Jo\u00e3o Doria\u00a0(PSDB), em entrevista coletiva nesta sexta-feira, 29, no Pal\u00e1cio dos Bandeirantes. No dia 8, come\u00e7a a vacina\u00e7\u00e3o de idosos com idade de 90 anos ou mais. &hellip;","og_url":"https:\/\/portalnpm.com\/index.php\/2021\/01\/29\/sao-paulo-comeca-a-vacinacao-de-idosos-a-partir-do-dia-8\/","og_site_name":"Portal NPM","article_published_time":"2021-01-29T18:55:40+00:00","og_image":[{"width":600,"height":401,"url":"https:\/\/portalnpm.com\/wp-content\/uploads\/2024\/01\/BB1dd1FC.jpeg","type":"image\/jpeg"}],"author":"Genival Barbosa","twitter_card":"summary_large_image","twitter_misc":{"Escrito por":"Genival Barbosa","Est. tempo de leitura":"5 minutos"},"schema":{"@context":"https:\/\/schema.org","@graph":[{"@type":"WebPage","@id":"https:\/\/portalnpm.com\/index.php\/2021\/01\/29\/sao-paulo-comeca-a-vacinacao-de-idosos-a-partir-do-dia-8\/","url":"https:\/\/portalnpm.com\/index.php\/2021\/01\/29\/sao-paulo-comeca-a-vacinacao-de-idosos-a-partir-do-dia-8\/","name":"S\u00e3o Paulo come\u00e7a a vacina\u00e7\u00e3o de idosos a partir do dia 8","isPartOf":{"@id":"https:\/\/portalnpm.com\/#website"},"primaryImageOfPage":{"@id":"https:\/\/portalnpm.com\/index.php\/2021\/01\/29\/sao-paulo-comeca-a-vacinacao-de-idosos-a-partir-do-dia-8\/#primaryimage"},"image":{"@id":"https:\/\/portalnpm.com\/index.php\/2021\/01\/29\/sao-paulo-comeca-a-vacinacao-de-idosos-a-partir-do-dia-8\/#primaryimage"},"thumbnailUrl":"https:\/\/portalnpm.com\/wp-content\/uploads\/2024\/01\/BB1dd1FC.jpeg","datePublished":"2021-01-29T18:55:40+00:00","dateModified":"2021-01-29T18:55:40+00:00","author":{"@id":"https:\/\/portalnpm.com\/#\/schema\/person\/49313e563cfdefcc167f1ee4c017c294"},"breadcrumb":{"@id":"https:\/\/portalnpm.com\/index.php\/2021\/01\/29\/sao-paulo-comeca-a-vacinacao-de-idosos-a-partir-do-dia-8\/#breadcrumb"},"inLanguage":"pt-BR","potentialAction":[{"@type":"ReadAction","target":["https:\/\/portalnpm.com\/index.php\/2021\/01\/29\/sao-paulo-comeca-a-vacinacao-de-idosos-a-partir-do-dia-8\/"]}]},{"@type":"ImageObject","inLanguage":"pt-BR","@id":"https:\/\/portalnpm.com\/index.php\/2021\/01\/29\/sao-paulo-comeca-a-vacinacao-de-idosos-a-partir-do-dia-8\/#primaryimage","url":"https:\/\/portalnpm.com\/wp-content\/uploads\/2024\/01\/BB1dd1FC.jpeg","contentUrl":"https:\/\/portalnpm.com\/wp-content\/uploads\/2024\/01\/BB1dd1FC.jpeg","width":600,"height":401},{"@type":"BreadcrumbList","@id":"https:\/\/portalnpm.com\/index.php\/2021\/01\/29\/sao-paulo-comeca-a-vacinacao-de-idosos-a-partir-do-dia-8\/#breadcrumb","itemListElement":[{"@type":"ListItem","position":1,"name":"In\u00edcio","item":"https:\/\/portalnpm.com\/"},{"@type":"ListItem","position":2,"name":"S\u00e3o Paulo come\u00e7a a vacina\u00e7\u00e3o de idosos a partir do dia 8"}]},{"@type":"WebSite","@id":"https:\/\/portalnpm.com\/#website","url":"https:\/\/portalnpm.com\/","name":"Portal NPM","description":"Not\u00edcias em Primeira M\u00e3o","potentialAction":[{"@type":"SearchAction","target":{"@type":"EntryPoint","urlTemplate":"https:\/\/portalnpm.com\/?s={search_term_string}"},"query-input":"required name=search_term_string"}],"inLanguage":"pt-BR"},{"@type":"Person","@id":"https:\/\/portalnpm.com\/#\/schema\/person\/49313e563cfdefcc167f1ee4c017c294","name":"Genival Barbosa","image":{"@type":"ImageObject","inLanguage":"pt-BR","@id":"https:\/\/portalnpm.com\/#\/schema\/person\/image\/","url":"https:\/\/portalnpm.com\/wp-content\/uploads\/2024\/02\/avatar_user_2_1707743258-96x96.jpeg","contentUrl":"https:\/\/portalnpm.com\/wp-content\/uploads\/2024\/02\/avatar_user_2_1707743258-96x96.jpeg","caption":"Genival Barbosa"},"url":"https:\/\/portalnpm.com\/index.php\/author\/genival\/"}]}},"jetpack_sharing_enabled":true,"jetpack_featured_media_url":"https:\/\/portalnpm.com\/wp-content\/uploads\/2024\/01\/BB1dd1FC.jpeg","_links":{"self":[{"href":"https:\/\/portalnpm.com\/index.php\/wp-json\/wp\/v2\/posts\/61976"}],"collection":[{"href":"https:\/\/portalnpm.com\/index.php\/wp-json\/wp\/v2\/posts"}],"about":[{"href":"https:\/\/portalnpm.com\/index.php\/wp-json\/wp\/v2\/types\/post"}],"author":[{"embeddable":true,"href":"https:\/\/portalnpm.com\/index.php\/wp-json\/wp\/v2\/users\/2"}],"replies":[{"embeddable":true,"href":"https:\/\/portalnpm.com\/index.php\/wp-json\/wp\/v2\/comments?post=61976"}],"version-history":[{"count":0,"href":"https:\/\/portalnpm.com\/index.php\/wp-json\/wp\/v2\/posts\/61976\/revisions"}],"wp:featuredmedia":[{"embeddable":true,"href":"https:\/\/portalnpm.com\/index.php\/wp-json\/wp\/v2\/media\/61977"}],"wp:attachment":[{"href":"https:\/\/portalnpm.com\/index.php\/wp-json\/wp\/v2\/media?parent=61976"}],"wp:term":[{"taxonomy":"category","embeddable":true,"href":"https:\/\/portalnpm.com\/index.php\/wp-json\/wp\/v2\/categories?post=61976"},{"taxonomy":"post_tag","embeddable":true,"href":"https:\/\/portalnpm.com\/index.php\/wp-json\/wp\/v2\/tags?post=61976"}],"curies":[{"name":"wp","href":"https:\/\/api.w.org\/{rel}","templated":true}]}}