{"id":61990,"date":"2021-01-30T08:57:25","date_gmt":"2021-01-30T11:57:25","guid":{"rendered":"https:\/\/portalnpm.com\/index.php\/2021\/01\/30\/hulk-e-do-galo-atletico-vence-concorrencia-e-anuncia-ex-jogador-da-selecao\/"},"modified":"2021-01-30T08:57:25","modified_gmt":"2021-01-30T11:57:25","slug":"hulk-e-do-galo-atletico-vence-concorrencia-e-anuncia-ex-jogador-da-selecao","status":"publish","type":"post","link":"https:\/\/portalnpm.com\/index.php\/2021\/01\/30\/hulk-e-do-galo-atletico-vence-concorrencia-e-anuncia-ex-jogador-da-selecao\/","title":{"rendered":"Hulk \u00e9 do Galo! Atl\u00e9tico vence concorr\u00eancia e anuncia ex-jogador da Sele\u00e7\u00e3o"},"content":{"rendered":"<p style=\"text-align: justify;\">Enfim, a espera da torcida acabou. Passados mais de seis meses da\u00a0<a href=\"https:\/\/www.mg.superesportes.com.br\/app\/noticias\/futebol\/atletico-mg\/2020\/07\/31\/noticia_atletico_mg,3856911\/assessor-de-hulk-diz-que-atletico-procurou-o-atacante-mas-nao-fez-pro.shtml\" target=\"_blank\" rel=\"noopener noreferrer\" data-id=\"43\">primeira sondagem<\/a>\u00a0e dias desde que as\u00a0<a href=\"https:\/\/www.mg.superesportes.com.br\/app\/noticias\/futebol\/atletico-mg\/2021\/01\/21\/noticia_atletico_mg,3887981\/atletico-apresenta-projeto-a-hulk-que-decidira-destino-ate-semana-que-vem.shtml\" target=\"_blank\" rel=\"noopener noreferrer\" data-id=\"44\">negocia\u00e7\u00f5es esquentaram<\/a>, o\u00a0<strong>Atl\u00e9tico\u00a0<\/strong>chegou a um acordo com o atacante\u00a0<strong>Hulk<\/strong>, de 34 anos, nesta sexta-feira. O contrato vale at\u00e9 o fim de 2022.<\/p>\n<p style=\"text-align: justify;\">\n<p style=\"text-align: justify;\">\n<p style=\"text-align: justify;\">Hulk est\u00e1 na Para\u00edba com a fam\u00edlia e \u00e9 esperado em Belo Horizonte nos pr\u00f3ximos dias para fazer exames m\u00e9dicos e ser apresentado.<\/p>\n<p style=\"text-align: justify;\">O an\u00fancio da contrata\u00e7\u00e3o, feito pelo clube alvinegro nas redes sociais, p\u00f4s fim \u00e0 ansiedade de atleticanos que haviam<a href=\"https:\/\/www.mg.superesportes.com.br\/app\/noticias\/futebol\/atletico-mg\/2021\/01\/29\/noticia_atletico_mg,3892135\/atletico-advogada-e-personal-de-hulk-respondem-torcida-nas-redes-sociais.shtml\" target=\"_blank\" rel=\"noopener noreferrer\" data-id=\"45\">\u00a0\u2018invadido\u2019 os perfis do jogador, de sua representante e seu personal trainer<\/a>\u00a0com mensagens pedindo para que o Galo fosse o destino escolhido.<\/p>\n<p style=\"text-align: justify;\">\n<h2 style=\"text-align: justify;\">Negocia\u00e7\u00f5es<\/h2>\n<p style=\"text-align: justify;\">\n<p style=\"text-align: justify;\">Ex-jogador da Sele\u00e7\u00e3o Brasileira, Hulk estava sem contrato\u00a0<a href=\"https:\/\/www.mg.superesportes.com.br\/app\/noticias\/futebol\/futebol-internacional\/2020\/12\/07\/noticia_futebol_internacional,3876448\/antigo-alvo-atletico-hulk-se-despede-china-e-fica-livre-no-mercado.shtml\" target=\"_blank\" rel=\"noopener noreferrer\" data-id=\"46\">desde que o v\u00ednculo com o Shanghai SIPG, da China, acabou, no fim de 2020<\/a>. O atacante foi alvo do interesse de clubes do exterior (<strong>Besiktas<\/strong>, da Turquia, e\u00a0<strong>Porto<\/strong>, de Portugal) e do Brasil (<strong>Palmeiras<\/strong>\u00a0e\u00a0<a href=\"https:\/\/www.mg.superesportes.com.br\/app\/noticias\/futebol\/atletico-mg\/2021\/01\/25\/noticia_atletico_mg,3890502\/flamengo-entra-no-pareo-para-contratar-hulk-alvo-de-atletico-e-palmeiras.shtml\" target=\"_blank\" rel=\"noopener noreferrer\" data-id=\"47\"><strong>Flamengo<\/strong><\/a>, al\u00e9m do pr\u00f3prio Atl\u00e9tico).<\/p>\n<p style=\"text-align: justify;\">A c\u00fapula alvinegra procurou representantes de Hulk pela primeira vez em\u00a0<a href=\"https:\/\/www.mg.superesportes.com.br\/app\/noticias\/futebol\/atletico-mg\/2020\/07\/31\/noticia_atletico_mg,3856911\/assessor-de-hulk-diz-que-atletico-procurou-o-atacante-mas-nao-fez-pro.shtml\" target=\"_blank\" rel=\"noopener noreferrer\" data-id=\"48\">julho de 2020<\/a>, quando a diretoria de futebol ainda estava a cargo de Alexandre Mattos. Naquele momento, o interesse n\u00e3o passou de uma sondagem sobre a situa\u00e7\u00e3o do jogador, que ainda tinha contrato no futebol chin\u00eas.<\/p>\n<p style=\"text-align: justify;\">Em 2021, o novo diretor de futebol\u00a0<a href=\"https:\/\/www.mg.superesportes.com.br\/app\/noticias\/futebol\/atletico-mg\/2021\/01\/28\/noticia_atletico_mg,3891993\/dirigente-desconversa-sobre-hulk-no-atletico-e-ressalta-silencio.shtml\" target=\"_blank\" rel=\"noopener noreferrer\" data-id=\"49\"><strong>Rodrigo Caetano<\/strong><\/a>\u00a0deu prosseguimento \u00e0s tratativas e\u00a0<a href=\"https:\/\/www.mg.superesportes.com.br\/app\/noticias\/futebol\/atletico-mg\/2021\/01\/21\/noticia_atletico_mg,3887981\/atletico-apresenta-projeto-a-hulk-que-decidira-destino-ate-semana-que-vem.shtml\" target=\"_blank\" rel=\"noopener noreferrer\" data-id=\"50\">oficializou uma proposta a Hulk<\/a>. Para seduz\u00ed-lo e vencer a concorr\u00eancia internacional com o Besiktas, o Atl\u00e9tico apostou no projeto esportivo (elenco forte e inaugura\u00e7\u00e3o da Arena MRV em 2022) e um contrato de dois anos, al\u00e9m, \u00e9 claros, de altos valores em sal\u00e1rios e premia\u00e7\u00f5es.<\/p>\n<p style=\"text-align: justify;\">Durante as conversas,\u00a0<a href=\"https:\/\/www.mg.superesportes.com.br\/app\/noticias\/futebol\/atletico-mg\/2021\/01\/27\/noticia_atletico_mg,3891605\/diferenca-superavel-separa-hulk-do-atletico-que-corre-contra-o-tempo.shtml\" target=\"_blank\" rel=\"noopener noreferrer\" data-id=\"51\">as duas partes tiveram que ceder<\/a>. Auxiliado por empres\u00e1rios, o Atl\u00e9tico topou pagar um sal\u00e1rio acima da m\u00e9dia do futebol brasileiro, al\u00e9m de luvas e bonifica\u00e7\u00f5es baseadas no desempenho. Por outro lado, Hulk e sua representante, a advogada Marisa Alija, baixaram a pedida inicial para que o acordo fosse poss\u00edvel.<\/p>\n<p style=\"text-align: justify;\">Pesou tamb\u00e9m o desejo do atacante de construir identifica\u00e7\u00e3o com um grande clube do futebol brasileiro. Formado na base do\u00a0<strong>Vit\u00f3ria<\/strong>, o jogador deixou o pa\u00eds com apenas dois jogos como profissional do clube baiano e passou a carreira na \u00c1sia e na Europa.<\/p>\n<h2 style=\"text-align: justify;\">Quando joga?<\/h2>\n<p style=\"text-align: justify;\">Apesar de ter fechado com o Atl\u00e9tico ainda em janeiro, Hulk s\u00f3 poder\u00e1 ser inscrito e estrear pelo novo clube em fevereiro, ao fim da atual temporada. O \u00faltimo jogo do Campeonato Brasileiro est\u00e1 agendado para o pr\u00f3ximo dia 24, uma quarta-feira.<\/p>\n<p style=\"text-align: justify;\">Hulk, ent\u00e3o, poderia ter condi\u00e7\u00f5es de estrear no fim de semana seguinte, quando come\u00e7a o Campeonato Mineiro. Na primeira rodada do Estadual, o Atl\u00e9tico enfrentar\u00e1 a URT, em casa.<\/p>\n<p style=\"text-align: justify;\">O atacante est\u00e1 de f\u00e9rias desde que deixou o futebol chin\u00eas. Na Para\u00edba &#8211; onde nasceu e tem fam\u00edlia -, Hulk tem feito treinamentos di\u00e1rios sob orienta\u00e7\u00f5es de um\u00a0<em>personal trainer<\/em>\u00a0que contratou.<\/p>\n<h2 style=\"text-align: justify;\">Carreira<\/h2>\n<p style=\"text-align: justify;\">O novo jogador do Atl\u00e9tico deixou o Vit\u00f3ria com apenas 18 anos para atuar no Jap\u00e3o. Por l\u00e1, acumulou 74 gols em 110 partidas oficiais com as camisas de\u00a0<strong>Kawasaki Frontale, Consadole Sapporo e Tokyo Verdy<\/strong>. O destaque no futebol asi\u00e1tico chamou a aten\u00e7\u00e3o do Porto, que resolveu contrat\u00e1-lo em 2008.<\/p>\n<p style=\"text-align: justify;\">A adapta\u00e7\u00e3o \u00e0 Europa foi instant\u00e2nea. Na primeira temporada, teve n\u00fameros interessantes: nove gols em 44 partidas. Na segunda, firmou-se como titular do gigante portugu\u00eas e, ainda pouco conhecido no Brasil, foi convocado por Dunga em 27 de outubro de 2009 e integrou pela primeira vez o elenco da Sele\u00e7\u00e3o.<\/p>\n<div>\n<div>\n<p style=\"text-align: justify;\">O alto n\u00edvel e os 11 t\u00edtulos conquistados em Portugal al\u00e7aram Hulk ao status de \u00eddolo do\u00a0<strong>Porto<\/strong>. Em 2012, o Zenit, da R\u00fassia, topou pagar 60 milh\u00f5es de euros (cerca de R$ 153 milh\u00f5es na cota\u00e7\u00e3o da \u00e9poca) para contrat\u00e1-lo, segundo a imprensa local. Era sacramentada a transfer\u00eancia mais cara do futebol portugu\u00eas e russo at\u00e9 ent\u00e3o.<\/p>\n<p style=\"text-align: justify;\">No Leste Europeu, Hulk, novamente, foi artilheiro. Nas quatro temporadas com o\u00a0<strong>Zenit<\/strong>, fez 77 gols em 148 jogos (m\u00e9dia de 0,52), conquistou t\u00edtulos a cavou uma vaga na\u00a0<strong>Copa do Mundo de 2014<\/strong>.<\/p>\n<p style=\"text-align: justify;\">No Mundial no Brasil, Hulk fez seis jogos e n\u00e3o foi \u00e0s redes. A falta de gols em partidas oficiais, ali\u00e1s, foi o ponto baixo do atacante com o uniforme verde e amarelo. Em 48 apari\u00e7\u00f5es, marcou 11 vezes &#8211; apenas uma delas em competi\u00e7\u00e3o, com a Sele\u00e7\u00e3o Ol\u00edmpica.<\/p>\n<p style=\"text-align: justify;\">\n<div>\n<div style=\"text-align: justify;\">\n<p>Em 2016, Hulk recebeu uma proposta multimilion\u00e1ria e resolveu deixar a R\u00fassia. Pela compra, o\u00a0<strong>Shanghai SIPG<\/strong>\u00a0topou pagar ao Zenit 55 milh\u00f5es de euros (R$ 204 milh\u00f5es na cota\u00e7\u00e3o da \u00e9poca) para concluir a aquisi\u00e7\u00e3o mais cara da hist\u00f3ria do futebol chin\u00eas at\u00e9 ent\u00e3o.<\/p>\n<p>De volta \u00e0 \u00c1sia, Hulk, mais uma vez, brilhou. Foram 77 gols em 145 partidas oficiais. Em 25 de novembro de 2020, vestiu a camisa do Shanghai SIPG pela \u00faltima vez. Pouco depois, anunciou que n\u00e3o renovaria contrato e procuraria um novo clube para a sequ\u00eancia da carreira &#8211; que viria a ser o Atl\u00e9tico.<\/p>\n<p>\u00a0<\/p>\n<h3>Ficha de Hulk<\/h3>\n<p>\u00a0<\/p>\n<p><strong>Nome<\/strong>: Givanildo Vieira de Souza<\/p>\n<p><strong>Posi\u00e7\u00e3o<\/strong>: Atacante (ponta ou centroavante)<\/p>\n<p><strong>Data de nascimento<\/strong>: 25 de julho de 1986 (34 anos)<\/p>\n<p><strong>Naturalidade<\/strong>: Campina Grande (PB), no Brasil<\/p>\n<p><strong>Clubes como profissional<\/strong>: Vit\u00f3ria (2004), Kawasaki Frontale-JAP (2005 e 2008), Consadole Sapporo-JAP (2006), Tokyo Verdy (2007 e 2008), Porto-POR (2008-2012), Zenit-RUS (2012-2016), Shanghai SIPG (2016-2020) e Atl\u00e9tico (2021)<\/p>\n<p><strong>T\u00edtulos<\/strong>: Campeonato Portugu\u00eas (2008-09, 2010-2011, 2011-12, 2012-13), Ta\u00e7a de Portugal (2008-09, 2009-10 e 2010-11), Superta\u00e7a de Portugal (2009, 2010 e 2011), Liga Europa (2010-11), Copa das Confedera\u00e7\u00f5es (2013), Campeonato Russo (2014-15), Superta\u00e7a da R\u00fassia (2015), Copa da R\u00fassia (2015-16), Campeonato Chin\u00eas (2018) e Supercopa da China (2019)<\/p>\n<p>\u00a0<\/p>\n<h3>N\u00fameros de Hulk em jogos oficiais*<\/h3>\n<p>\u00a0<\/p>\n<p><strong>Vit\u00f3ria<\/strong>: 2 jogos e 0 gols<\/p>\n<p><strong>Kawasaki Frontale\/JAP<\/strong>: 14 jogos e 3 gols<\/p>\n<p><strong>Consadole Sapporo\/JAP<\/strong>: 41 jogos e 26 gols<\/p>\n<p><strong>Tokyo Verdy\/JAP<\/strong>: 55 jogos e 45 gols<\/p>\n<p><strong>Porto\/POR<\/strong>: 170 jogos e 78 gols<\/p>\n<p><strong>Zenit\/RUS<\/strong>: 148 jogos e 77 gols<\/p>\n<p><strong>Shanghai SIPG\/CHN<\/strong>: 145 jogos e 77 gols<\/p>\n<p><strong>Sel. Brasileira<\/strong>: 15 jogos e 0 gols<\/p>\n<p><strong>Sel. Ol\u00edmpica<\/strong>: 5 jogos e 1 gol<\/p>\n<p><strong>TOTAL<\/strong>: 595 jogos e 307 gols<\/p>\n<p><em>*Segundo a assessoria de imprensa<\/em><\/p>\n<\/div>\n<p style=\"text-align: justify;\">Fonte:\u00a0 Super Esportes<\/p>\n<\/div>\n<\/div>\n<\/div>\n","protected":false},"excerpt":{"rendered":"<p>Enfim, a espera da torcida acabou. Passados mais de seis meses da\u00a0primeira sondagem\u00a0e dias desde que as\u00a0negocia\u00e7\u00f5es esquentaram, o\u00a0Atl\u00e9tico\u00a0chegou a um acordo com o atacante\u00a0Hulk, de 34 anos, nesta sexta-feira. O contrato vale at\u00e9 o fim de 2022. Hulk est\u00e1 na Para\u00edba com a fam\u00edlia e \u00e9 esperado em Belo Horizonte nos pr\u00f3ximos dias para &hellip;<\/p>\n","protected":false},"author":2,"featured_media":61991,"comment_status":"open","ping_status":"open","sticky":false,"template":"","format":"standard","meta":{"content-type":"","rop_custom_images_group":[],"rop_custom_messages_group":[],"rop_publish_now":"initial","rop_publish_now_accounts":{"facebook_2648258775420054_1618374048415101":""},"rop_publish_now_history":[],"rop_publish_now_status":"pending","footnotes":"","_jetpack_memberships_contains_paid_content":false},"categories":[108],"tags":[223,7754,9474],"yoast_head":"<!-- This site is optimized with the Yoast SEO plugin v22.3 - https:\/\/yoast.com\/wordpress\/plugins\/seo\/ -->\n<title>Hulk \u00e9 do Galo! Atl\u00e9tico vence concorr\u00eancia e anuncia ex-jogador da Sele\u00e7\u00e3o<\/title>\n<meta name=\"robots\" content=\"index, follow, max-snippet:-1, max-image-preview:large, max-video-preview:-1\" \/>\n<link rel=\"canonical\" href=\"https:\/\/portalnpm.com\/index.php\/2021\/01\/30\/hulk-e-do-galo-atletico-vence-concorrencia-e-anuncia-ex-jogador-da-selecao\/\" \/>\n<meta property=\"og:locale\" content=\"pt_BR\" \/>\n<meta property=\"og:type\" content=\"article\" \/>\n<meta property=\"og:title\" content=\"Hulk \u00e9 do Galo! Atl\u00e9tico vence concorr\u00eancia e anuncia ex-jogador da Sele\u00e7\u00e3o\" \/>\n<meta property=\"og:description\" content=\"Enfim, a espera da torcida acabou. Passados mais de seis meses da\u00a0primeira sondagem\u00a0e dias desde que as\u00a0negocia\u00e7\u00f5es esquentaram, o\u00a0Atl\u00e9tico\u00a0chegou a um acordo com o atacante\u00a0Hulk, de 34 anos, nesta sexta-feira. O contrato vale at\u00e9 o fim de 2022. Hulk est\u00e1 na Para\u00edba com a fam\u00edlia e \u00e9 esperado em Belo Horizonte nos pr\u00f3ximos dias para &hellip;\" \/>\n<meta property=\"og:url\" content=\"https:\/\/portalnpm.com\/index.php\/2021\/01\/30\/hulk-e-do-galo-atletico-vence-concorrencia-e-anuncia-ex-jogador-da-selecao\/\" \/>\n<meta property=\"og:site_name\" content=\"Portal NPM\" \/>\n<meta property=\"article:published_time\" content=\"2021-01-30T11:57:25+00:00\" \/>\n<meta property=\"og:image\" content=\"https:\/\/portalnpm.com\/wp-content\/uploads\/2024\/01\/BB1ddMHw.jpeg\" \/>\n\t<meta property=\"og:image:width\" content=\"600\" \/>\n\t<meta property=\"og:image:height\" content=\"400\" \/>\n\t<meta property=\"og:image:type\" content=\"image\/jpeg\" \/>\n<meta name=\"author\" content=\"Genival Barbosa\" \/>\n<meta name=\"twitter:card\" content=\"summary_large_image\" \/>\n<meta name=\"twitter:label1\" content=\"Escrito por\" \/>\n\t<meta name=\"twitter:data1\" content=\"Genival Barbosa\" \/>\n\t<meta name=\"twitter:label2\" content=\"Est. tempo de leitura\" \/>\n\t<meta name=\"twitter:data2\" content=\"5 minutos\" \/>\n<script type=\"application\/ld+json\" class=\"yoast-schema-graph\">{\"@context\":\"https:\/\/schema.org\",\"@graph\":[{\"@type\":\"WebPage\",\"@id\":\"https:\/\/portalnpm.com\/index.php\/2021\/01\/30\/hulk-e-do-galo-atletico-vence-concorrencia-e-anuncia-ex-jogador-da-selecao\/\",\"url\":\"https:\/\/portalnpm.com\/index.php\/2021\/01\/30\/hulk-e-do-galo-atletico-vence-concorrencia-e-anuncia-ex-jogador-da-selecao\/\",\"name\":\"Hulk \u00e9 do Galo! Atl\u00e9tico vence concorr\u00eancia e anuncia ex-jogador da Sele\u00e7\u00e3o\",\"isPartOf\":{\"@id\":\"https:\/\/portalnpm.com\/#website\"},\"primaryImageOfPage\":{\"@id\":\"https:\/\/portalnpm.com\/index.php\/2021\/01\/30\/hulk-e-do-galo-atletico-vence-concorrencia-e-anuncia-ex-jogador-da-selecao\/#primaryimage\"},\"image\":{\"@id\":\"https:\/\/portalnpm.com\/index.php\/2021\/01\/30\/hulk-e-do-galo-atletico-vence-concorrencia-e-anuncia-ex-jogador-da-selecao\/#primaryimage\"},\"thumbnailUrl\":\"https:\/\/portalnpm.com\/wp-content\/uploads\/2024\/01\/BB1ddMHw.jpeg\",\"datePublished\":\"2021-01-30T11:57:25+00:00\",\"dateModified\":\"2021-01-30T11:57:25+00:00\",\"author\":{\"@id\":\"https:\/\/portalnpm.com\/#\/schema\/person\/49313e563cfdefcc167f1ee4c017c294\"},\"breadcrumb\":{\"@id\":\"https:\/\/portalnpm.com\/index.php\/2021\/01\/30\/hulk-e-do-galo-atletico-vence-concorrencia-e-anuncia-ex-jogador-da-selecao\/#breadcrumb\"},\"inLanguage\":\"pt-BR\",\"potentialAction\":[{\"@type\":\"ReadAction\",\"target\":[\"https:\/\/portalnpm.com\/index.php\/2021\/01\/30\/hulk-e-do-galo-atletico-vence-concorrencia-e-anuncia-ex-jogador-da-selecao\/\"]}]},{\"@type\":\"ImageObject\",\"inLanguage\":\"pt-BR\",\"@id\":\"https:\/\/portalnpm.com\/index.php\/2021\/01\/30\/hulk-e-do-galo-atletico-vence-concorrencia-e-anuncia-ex-jogador-da-selecao\/#primaryimage\",\"url\":\"https:\/\/portalnpm.com\/wp-content\/uploads\/2024\/01\/BB1ddMHw.jpeg\",\"contentUrl\":\"https:\/\/portalnpm.com\/wp-content\/uploads\/2024\/01\/BB1ddMHw.jpeg\",\"width\":600,\"height\":400},{\"@type\":\"BreadcrumbList\",\"@id\":\"https:\/\/portalnpm.com\/index.php\/2021\/01\/30\/hulk-e-do-galo-atletico-vence-concorrencia-e-anuncia-ex-jogador-da-selecao\/#breadcrumb\",\"itemListElement\":[{\"@type\":\"ListItem\",\"position\":1,\"name\":\"In\u00edcio\",\"item\":\"https:\/\/portalnpm.com\/\"},{\"@type\":\"ListItem\",\"position\":2,\"name\":\"Hulk \u00e9 do Galo! Atl\u00e9tico vence concorr\u00eancia e anuncia ex-jogador da Sele\u00e7\u00e3o\"}]},{\"@type\":\"WebSite\",\"@id\":\"https:\/\/portalnpm.com\/#website\",\"url\":\"https:\/\/portalnpm.com\/\",\"name\":\"Portal NPM\",\"description\":\"Not\u00edcias em Primeira M\u00e3o\",\"potentialAction\":[{\"@type\":\"SearchAction\",\"target\":{\"@type\":\"EntryPoint\",\"urlTemplate\":\"https:\/\/portalnpm.com\/?s={search_term_string}\"},\"query-input\":\"required name=search_term_string\"}],\"inLanguage\":\"pt-BR\"},{\"@type\":\"Person\",\"@id\":\"https:\/\/portalnpm.com\/#\/schema\/person\/49313e563cfdefcc167f1ee4c017c294\",\"name\":\"Genival Barbosa\",\"image\":{\"@type\":\"ImageObject\",\"inLanguage\":\"pt-BR\",\"@id\":\"https:\/\/portalnpm.com\/#\/schema\/person\/image\/\",\"url\":\"https:\/\/portalnpm.com\/wp-content\/uploads\/2024\/02\/avatar_user_2_1707743258-96x96.jpeg\",\"contentUrl\":\"https:\/\/portalnpm.com\/wp-content\/uploads\/2024\/02\/avatar_user_2_1707743258-96x96.jpeg\",\"caption\":\"Genival Barbosa\"},\"url\":\"https:\/\/portalnpm.com\/index.php\/author\/genival\/\"}]}<\/script>\n<!-- \/ Yoast SEO plugin. -->","yoast_head_json":{"title":"Hulk \u00e9 do Galo! Atl\u00e9tico vence concorr\u00eancia e anuncia ex-jogador da Sele\u00e7\u00e3o","robots":{"index":"index","follow":"follow","max-snippet":"max-snippet:-1","max-image-preview":"max-image-preview:large","max-video-preview":"max-video-preview:-1"},"canonical":"https:\/\/portalnpm.com\/index.php\/2021\/01\/30\/hulk-e-do-galo-atletico-vence-concorrencia-e-anuncia-ex-jogador-da-selecao\/","og_locale":"pt_BR","og_type":"article","og_title":"Hulk \u00e9 do Galo! Atl\u00e9tico vence concorr\u00eancia e anuncia ex-jogador da Sele\u00e7\u00e3o","og_description":"Enfim, a espera da torcida acabou. Passados mais de seis meses da\u00a0primeira sondagem\u00a0e dias desde que as\u00a0negocia\u00e7\u00f5es esquentaram, o\u00a0Atl\u00e9tico\u00a0chegou a um acordo com o atacante\u00a0Hulk, de 34 anos, nesta sexta-feira. O contrato vale at\u00e9 o fim de 2022. Hulk est\u00e1 na Para\u00edba com a fam\u00edlia e \u00e9 esperado em Belo Horizonte nos pr\u00f3ximos dias para &hellip;","og_url":"https:\/\/portalnpm.com\/index.php\/2021\/01\/30\/hulk-e-do-galo-atletico-vence-concorrencia-e-anuncia-ex-jogador-da-selecao\/","og_site_name":"Portal NPM","article_published_time":"2021-01-30T11:57:25+00:00","og_image":[{"width":600,"height":400,"url":"https:\/\/portalnpm.com\/wp-content\/uploads\/2024\/01\/BB1ddMHw.jpeg","type":"image\/jpeg"}],"author":"Genival Barbosa","twitter_card":"summary_large_image","twitter_misc":{"Escrito por":"Genival Barbosa","Est. tempo de leitura":"5 minutos"},"schema":{"@context":"https:\/\/schema.org","@graph":[{"@type":"WebPage","@id":"https:\/\/portalnpm.com\/index.php\/2021\/01\/30\/hulk-e-do-galo-atletico-vence-concorrencia-e-anuncia-ex-jogador-da-selecao\/","url":"https:\/\/portalnpm.com\/index.php\/2021\/01\/30\/hulk-e-do-galo-atletico-vence-concorrencia-e-anuncia-ex-jogador-da-selecao\/","name":"Hulk \u00e9 do Galo! Atl\u00e9tico vence concorr\u00eancia e anuncia ex-jogador da Sele\u00e7\u00e3o","isPartOf":{"@id":"https:\/\/portalnpm.com\/#website"},"primaryImageOfPage":{"@id":"https:\/\/portalnpm.com\/index.php\/2021\/01\/30\/hulk-e-do-galo-atletico-vence-concorrencia-e-anuncia-ex-jogador-da-selecao\/#primaryimage"},"image":{"@id":"https:\/\/portalnpm.com\/index.php\/2021\/01\/30\/hulk-e-do-galo-atletico-vence-concorrencia-e-anuncia-ex-jogador-da-selecao\/#primaryimage"},"thumbnailUrl":"https:\/\/portalnpm.com\/wp-content\/uploads\/2024\/01\/BB1ddMHw.jpeg","datePublished":"2021-01-30T11:57:25+00:00","dateModified":"2021-01-30T11:57:25+00:00","author":{"@id":"https:\/\/portalnpm.com\/#\/schema\/person\/49313e563cfdefcc167f1ee4c017c294"},"breadcrumb":{"@id":"https:\/\/portalnpm.com\/index.php\/2021\/01\/30\/hulk-e-do-galo-atletico-vence-concorrencia-e-anuncia-ex-jogador-da-selecao\/#breadcrumb"},"inLanguage":"pt-BR","potentialAction":[{"@type":"ReadAction","target":["https:\/\/portalnpm.com\/index.php\/2021\/01\/30\/hulk-e-do-galo-atletico-vence-concorrencia-e-anuncia-ex-jogador-da-selecao\/"]}]},{"@type":"ImageObject","inLanguage":"pt-BR","@id":"https:\/\/portalnpm.com\/index.php\/2021\/01\/30\/hulk-e-do-galo-atletico-vence-concorrencia-e-anuncia-ex-jogador-da-selecao\/#primaryimage","url":"https:\/\/portalnpm.com\/wp-content\/uploads\/2024\/01\/BB1ddMHw.jpeg","contentUrl":"https:\/\/portalnpm.com\/wp-content\/uploads\/2024\/01\/BB1ddMHw.jpeg","width":600,"height":400},{"@type":"BreadcrumbList","@id":"https:\/\/portalnpm.com\/index.php\/2021\/01\/30\/hulk-e-do-galo-atletico-vence-concorrencia-e-anuncia-ex-jogador-da-selecao\/#breadcrumb","itemListElement":[{"@type":"ListItem","position":1,"name":"In\u00edcio","item":"https:\/\/portalnpm.com\/"},{"@type":"ListItem","position":2,"name":"Hulk \u00e9 do Galo! Atl\u00e9tico vence concorr\u00eancia e anuncia ex-jogador da Sele\u00e7\u00e3o"}]},{"@type":"WebSite","@id":"https:\/\/portalnpm.com\/#website","url":"https:\/\/portalnpm.com\/","name":"Portal NPM","description":"Not\u00edcias em Primeira M\u00e3o","potentialAction":[{"@type":"SearchAction","target":{"@type":"EntryPoint","urlTemplate":"https:\/\/portalnpm.com\/?s={search_term_string}"},"query-input":"required name=search_term_string"}],"inLanguage":"pt-BR"},{"@type":"Person","@id":"https:\/\/portalnpm.com\/#\/schema\/person\/49313e563cfdefcc167f1ee4c017c294","name":"Genival Barbosa","image":{"@type":"ImageObject","inLanguage":"pt-BR","@id":"https:\/\/portalnpm.com\/#\/schema\/person\/image\/","url":"https:\/\/portalnpm.com\/wp-content\/uploads\/2024\/02\/avatar_user_2_1707743258-96x96.jpeg","contentUrl":"https:\/\/portalnpm.com\/wp-content\/uploads\/2024\/02\/avatar_user_2_1707743258-96x96.jpeg","caption":"Genival Barbosa"},"url":"https:\/\/portalnpm.com\/index.php\/author\/genival\/"}]}},"jetpack_sharing_enabled":true,"jetpack_featured_media_url":"https:\/\/portalnpm.com\/wp-content\/uploads\/2024\/01\/BB1ddMHw.jpeg","_links":{"self":[{"href":"https:\/\/portalnpm.com\/index.php\/wp-json\/wp\/v2\/posts\/61990"}],"collection":[{"href":"https:\/\/portalnpm.com\/index.php\/wp-json\/wp\/v2\/posts"}],"about":[{"href":"https:\/\/portalnpm.com\/index.php\/wp-json\/wp\/v2\/types\/post"}],"author":[{"embeddable":true,"href":"https:\/\/portalnpm.com\/index.php\/wp-json\/wp\/v2\/users\/2"}],"replies":[{"embeddable":true,"href":"https:\/\/portalnpm.com\/index.php\/wp-json\/wp\/v2\/comments?post=61990"}],"version-history":[{"count":0,"href":"https:\/\/portalnpm.com\/index.php\/wp-json\/wp\/v2\/posts\/61990\/revisions"}],"wp:featuredmedia":[{"embeddable":true,"href":"https:\/\/portalnpm.com\/index.php\/wp-json\/wp\/v2\/media\/61991"}],"wp:attachment":[{"href":"https:\/\/portalnpm.com\/index.php\/wp-json\/wp\/v2\/media?parent=61990"}],"wp:term":[{"taxonomy":"category","embeddable":true,"href":"https:\/\/portalnpm.com\/index.php\/wp-json\/wp\/v2\/categories?post=61990"},{"taxonomy":"post_tag","embeddable":true,"href":"https:\/\/portalnpm.com\/index.php\/wp-json\/wp\/v2\/tags?post=61990"}],"curies":[{"name":"wp","href":"https:\/\/api.w.org\/{rel}","templated":true}]}}