{"id":62247,"date":"2021-02-02T19:27:27","date_gmt":"2021-02-02T22:27:27","guid":{"rendered":"https:\/\/portalnpm.com\/index.php\/2021\/02\/02\/ciro-nogueira-comemora-vitoria-de-arthur-lira-para-presidencia-da-camara\/"},"modified":"2024-01-15T22:46:46","modified_gmt":"2024-01-16T01:46:46","slug":"ciro-nogueira-comemora-vitoria-de-arthur-lira-para-presidencia-da-camara","status":"publish","type":"post","link":"https:\/\/portalnpm.com\/index.php\/2021\/02\/02\/ciro-nogueira-comemora-vitoria-de-arthur-lira-para-presidencia-da-camara\/","title":{"rendered":"Ciro Nogueira comemora vit\u00f3ria de Arthur Lira para presid\u00eancia da C\u00e2mara"},"content":{"rendered":"<p><p style=\"text-align: justify;\">Em postagem nas redes sociais, o senador Ciro Nogueira comemorou a vit&oacute;ria do deputado Arthur Lira para presid&ecirc;ncia da C&acirc;mara Federal. O progressista teve 302 votos em vota&ccedil;&atilde;o realizada nesta segunda-feira (1&ordm;\/02).<\/p>\n<p style=\"text-align: justify;\">\n<p style=\"text-align: justify;\">\n<p style=\"text-align: justify;\">&#8220;Sua vit&oacute;ria coroa um belo trabalho realizado at&eacute; aqui, com ideias e propostas cujo foco n&atilde;o &eacute; se eternizar em um cargo, mas sim ouvir a voz dos deputados, pautar os temas fundamentais e tomar as a&ccedil;&otilde;es necess&aacute;rias para construir um futuro cada vez melhor para os brasileiros. Tenho certeza de que a C&acirc;mara dos Deputados est&aacute; em &oacute;timas m&atilde;os para caminhar na dire&ccedil;&atilde;o certa a favor do nosso pa&iacute;s&#8221;, postou.<\/p>\n<div class=\"media js-img\" style=\"text-align: justify;\" contenteditable=\"false\">\n<figure><a class=\"imageRevael no-barba\" href=\"https:\/\/storage.stwonline.com.br\/180graus\/uploads\/ckeditor\/pictures\/2419612\/1.jpg\" data-modaal-desc=\"\" data-modaal-scope=\"modaal_1612304617302bfac5d5152114\"><img decoding=\"async\" src=\"https:\/\/portalnpm.com\/wp-content\/uploads\/2018\/09\/1.jpg\" alt=\"\"><\/a><\/figure>\n<\/div>\n<div class=\"media is-Thirdparty js-thirdparty\" style=\"text-align: justify;\" contenteditable=\"false\"><iframe id=\"instagram-embed-0\" class=\"instagram-media instagram-media-rendered\" src=\"https:\/\/www.instagram.com\/p\/CKxeBBqp_zw\/embed\/captioned\/?cr=1&amp;v=13&amp;wp=652&amp;rd=https%3A%2F%2F180graus.com&amp;rp=%2Fna-politica%2Fciro-nogueira-comemora-vitoria-de-arthur-lira-para-presidencia-da-camara#%7B%22ci%22%3A0%2C%22os%22%3A15304.799999998068%7D\" height=\"753\" frameborder=\"0\" scrolling=\"no\" allowfullscreen=\"allowfullscreen\" data-instgrm-preserve-position=\"relative\" data-instgrm-payload-id=\"instagram-media-payload-0\" data-mce-fragment=\"1\"><\/iframe><\/div>\n<p style=\"text-align: justify;\">\n<div class=\"ad\" style=\"text-align: justify;\">Com informa&ccedil;&otilde;es do 180 Grasu<\/div><\/p>\n","protected":false},"excerpt":{"rendered":"<p>Em postagem nas redes sociais, o senador Ciro Nogueira comemorou a vit&oacute;ria do deputado Arthur Lira para presid&ecirc;ncia da C&acirc;mara Federal. O progressista teve 302 votos em vota&ccedil;&atilde;o realizada nesta segunda-feira (1&ordm;\/02). &#8220;Sua vit&oacute;ria coroa um belo trabalho realizado at&eacute; aqui, com ideias e propostas cujo foco n&atilde;o &eacute; se eternizar em um cargo, mas &hellip;<\/p>\n","protected":false},"author":2,"featured_media":1468,"comment_status":"open","ping_status":"open","sticky":false,"template":"","format":"standard","meta":{"content-type":"","rop_custom_images_group":[],"rop_custom_messages_group":[],"rop_publish_now":"initial","rop_publish_now_accounts":{"facebook_2648258775420054_1618374048415101":""},"rop_publish_now_history":[],"rop_publish_now_status":"pending","footnotes":"","_jetpack_memberships_contains_paid_content":false},"categories":[118,130],"tags":[9573,1040],"yoast_head":"<!-- This site is optimized with the Yoast SEO plugin v22.3 - https:\/\/yoast.com\/wordpress\/plugins\/seo\/ -->\n<title>Ciro Nogueira comemora vit\u00f3ria de Arthur Lira para presid\u00eancia da C\u00e2mara<\/title>\n<meta name=\"robots\" content=\"index, follow, max-snippet:-1, max-image-preview:large, max-video-preview:-1\" \/>\n<link rel=\"canonical\" href=\"https:\/\/portalnpm.com\/index.php\/2021\/02\/02\/ciro-nogueira-comemora-vitoria-de-arthur-lira-para-presidencia-da-camara\/\" \/>\n<meta property=\"og:locale\" content=\"pt_BR\" \/>\n<meta property=\"og:type\" content=\"article\" \/>\n<meta property=\"og:title\" content=\"Ciro Nogueira comemora vit\u00f3ria de Arthur Lira para presid\u00eancia da C\u00e2mara\" \/>\n<meta property=\"og:description\" content=\"Em postagem nas redes sociais, o senador Ciro Nogueira comemorou a vit&oacute;ria do deputado Arthur Lira para presid&ecirc;ncia da C&acirc;mara Federal. O progressista teve 302 votos em vota&ccedil;&atilde;o realizada nesta segunda-feira (1&ordm;\/02). &#8220;Sua vit&oacute;ria coroa um belo trabalho realizado at&eacute; aqui, com ideias e propostas cujo foco n&atilde;o &eacute; se eternizar em um cargo, mas &hellip;\" \/>\n<meta property=\"og:url\" content=\"https:\/\/portalnpm.com\/index.php\/2021\/02\/02\/ciro-nogueira-comemora-vitoria-de-arthur-lira-para-presidencia-da-camara\/\" \/>\n<meta property=\"og:site_name\" content=\"Portal NPM\" \/>\n<meta property=\"article:published_time\" content=\"2021-02-02T22:27:27+00:00\" \/>\n<meta property=\"article:modified_time\" content=\"2024-01-16T01:46:46+00:00\" \/>\n<meta property=\"og:image\" content=\"https:\/\/portalnpm.com\/wp-content\/uploads\/2018\/09\/1.jpg\" \/>\n\t<meta property=\"og:image:width\" content=\"640\" \/>\n\t<meta property=\"og:image:height\" content=\"427\" \/>\n\t<meta property=\"og:image:type\" content=\"image\/jpeg\" \/>\n<meta name=\"author\" content=\"Genival Barbosa\" \/>\n<meta name=\"twitter:card\" content=\"summary_large_image\" \/>\n<meta name=\"twitter:label1\" content=\"Escrito por\" \/>\n\t<meta name=\"twitter:data1\" content=\"Genival Barbosa\" \/>\n\t<meta name=\"twitter:label2\" content=\"Est. tempo de leitura\" \/>\n\t<meta name=\"twitter:data2\" content=\"1 minuto\" \/>\n<script type=\"application\/ld+json\" class=\"yoast-schema-graph\">{\"@context\":\"https:\/\/schema.org\",\"@graph\":[{\"@type\":\"WebPage\",\"@id\":\"https:\/\/portalnpm.com\/index.php\/2021\/02\/02\/ciro-nogueira-comemora-vitoria-de-arthur-lira-para-presidencia-da-camara\/\",\"url\":\"https:\/\/portalnpm.com\/index.php\/2021\/02\/02\/ciro-nogueira-comemora-vitoria-de-arthur-lira-para-presidencia-da-camara\/\",\"name\":\"Ciro Nogueira comemora vit\u00f3ria de Arthur Lira para presid\u00eancia da C\u00e2mara\",\"isPartOf\":{\"@id\":\"https:\/\/portalnpm.com\/#website\"},\"primaryImageOfPage\":{\"@id\":\"https:\/\/portalnpm.com\/index.php\/2021\/02\/02\/ciro-nogueira-comemora-vitoria-de-arthur-lira-para-presidencia-da-camara\/#primaryimage\"},\"image\":{\"@id\":\"https:\/\/portalnpm.com\/index.php\/2021\/02\/02\/ciro-nogueira-comemora-vitoria-de-arthur-lira-para-presidencia-da-camara\/#primaryimage\"},\"thumbnailUrl\":\"https:\/\/portalnpm.com\/wp-content\/uploads\/2018\/09\/1.jpg\",\"datePublished\":\"2021-02-02T22:27:27+00:00\",\"dateModified\":\"2024-01-16T01:46:46+00:00\",\"author\":{\"@id\":\"https:\/\/portalnpm.com\/#\/schema\/person\/49313e563cfdefcc167f1ee4c017c294\"},\"breadcrumb\":{\"@id\":\"https:\/\/portalnpm.com\/index.php\/2021\/02\/02\/ciro-nogueira-comemora-vitoria-de-arthur-lira-para-presidencia-da-camara\/#breadcrumb\"},\"inLanguage\":\"pt-BR\",\"potentialAction\":[{\"@type\":\"ReadAction\",\"target\":[\"https:\/\/portalnpm.com\/index.php\/2021\/02\/02\/ciro-nogueira-comemora-vitoria-de-arthur-lira-para-presidencia-da-camara\/\"]}]},{\"@type\":\"ImageObject\",\"inLanguage\":\"pt-BR\",\"@id\":\"https:\/\/portalnpm.com\/index.php\/2021\/02\/02\/ciro-nogueira-comemora-vitoria-de-arthur-lira-para-presidencia-da-camara\/#primaryimage\",\"url\":\"https:\/\/portalnpm.com\/wp-content\/uploads\/2018\/09\/1.jpg\",\"contentUrl\":\"https:\/\/portalnpm.com\/wp-content\/uploads\/2018\/09\/1.jpg\",\"width\":640,\"height\":427},{\"@type\":\"BreadcrumbList\",\"@id\":\"https:\/\/portalnpm.com\/index.php\/2021\/02\/02\/ciro-nogueira-comemora-vitoria-de-arthur-lira-para-presidencia-da-camara\/#breadcrumb\",\"itemListElement\":[{\"@type\":\"ListItem\",\"position\":1,\"name\":\"In\u00edcio\",\"item\":\"https:\/\/portalnpm.com\/\"},{\"@type\":\"ListItem\",\"position\":2,\"name\":\"Ciro Nogueira comemora vit\u00f3ria de Arthur Lira para presid\u00eancia da C\u00e2mara\"}]},{\"@type\":\"WebSite\",\"@id\":\"https:\/\/portalnpm.com\/#website\",\"url\":\"https:\/\/portalnpm.com\/\",\"name\":\"Portal NPM\",\"description\":\"Not\u00edcias em Primeira M\u00e3o\",\"potentialAction\":[{\"@type\":\"SearchAction\",\"target\":{\"@type\":\"EntryPoint\",\"urlTemplate\":\"https:\/\/portalnpm.com\/?s={search_term_string}\"},\"query-input\":\"required name=search_term_string\"}],\"inLanguage\":\"pt-BR\"},{\"@type\":\"Person\",\"@id\":\"https:\/\/portalnpm.com\/#\/schema\/person\/49313e563cfdefcc167f1ee4c017c294\",\"name\":\"Genival Barbosa\",\"image\":{\"@type\":\"ImageObject\",\"inLanguage\":\"pt-BR\",\"@id\":\"https:\/\/portalnpm.com\/#\/schema\/person\/image\/\",\"url\":\"https:\/\/portalnpm.com\/wp-content\/uploads\/2024\/02\/avatar_user_2_1707743258-96x96.jpeg\",\"contentUrl\":\"https:\/\/portalnpm.com\/wp-content\/uploads\/2024\/02\/avatar_user_2_1707743258-96x96.jpeg\",\"caption\":\"Genival Barbosa\"},\"url\":\"https:\/\/portalnpm.com\/index.php\/author\/genival\/\"}]}<\/script>\n<!-- \/ Yoast SEO plugin. -->","yoast_head_json":{"title":"Ciro Nogueira comemora vit\u00f3ria de Arthur Lira para presid\u00eancia da C\u00e2mara","robots":{"index":"index","follow":"follow","max-snippet":"max-snippet:-1","max-image-preview":"max-image-preview:large","max-video-preview":"max-video-preview:-1"},"canonical":"https:\/\/portalnpm.com\/index.php\/2021\/02\/02\/ciro-nogueira-comemora-vitoria-de-arthur-lira-para-presidencia-da-camara\/","og_locale":"pt_BR","og_type":"article","og_title":"Ciro Nogueira comemora vit\u00f3ria de Arthur Lira para presid\u00eancia da C\u00e2mara","og_description":"Em postagem nas redes sociais, o senador Ciro Nogueira comemorou a vit&oacute;ria do deputado Arthur Lira para presid&ecirc;ncia da C&acirc;mara Federal. O progressista teve 302 votos em vota&ccedil;&atilde;o realizada nesta segunda-feira (1&ordm;\/02). &#8220;Sua vit&oacute;ria coroa um belo trabalho realizado at&eacute; aqui, com ideias e propostas cujo foco n&atilde;o &eacute; se eternizar em um cargo, mas &hellip;","og_url":"https:\/\/portalnpm.com\/index.php\/2021\/02\/02\/ciro-nogueira-comemora-vitoria-de-arthur-lira-para-presidencia-da-camara\/","og_site_name":"Portal NPM","article_published_time":"2021-02-02T22:27:27+00:00","article_modified_time":"2024-01-16T01:46:46+00:00","og_image":[{"width":640,"height":427,"url":"https:\/\/portalnpm.com\/wp-content\/uploads\/2018\/09\/1.jpg","type":"image\/jpeg"}],"author":"Genival Barbosa","twitter_card":"summary_large_image","twitter_misc":{"Escrito por":"Genival Barbosa","Est. tempo de leitura":"1 minuto"},"schema":{"@context":"https:\/\/schema.org","@graph":[{"@type":"WebPage","@id":"https:\/\/portalnpm.com\/index.php\/2021\/02\/02\/ciro-nogueira-comemora-vitoria-de-arthur-lira-para-presidencia-da-camara\/","url":"https:\/\/portalnpm.com\/index.php\/2021\/02\/02\/ciro-nogueira-comemora-vitoria-de-arthur-lira-para-presidencia-da-camara\/","name":"Ciro Nogueira comemora vit\u00f3ria de Arthur Lira para presid\u00eancia da C\u00e2mara","isPartOf":{"@id":"https:\/\/portalnpm.com\/#website"},"primaryImageOfPage":{"@id":"https:\/\/portalnpm.com\/index.php\/2021\/02\/02\/ciro-nogueira-comemora-vitoria-de-arthur-lira-para-presidencia-da-camara\/#primaryimage"},"image":{"@id":"https:\/\/portalnpm.com\/index.php\/2021\/02\/02\/ciro-nogueira-comemora-vitoria-de-arthur-lira-para-presidencia-da-camara\/#primaryimage"},"thumbnailUrl":"https:\/\/portalnpm.com\/wp-content\/uploads\/2018\/09\/1.jpg","datePublished":"2021-02-02T22:27:27+00:00","dateModified":"2024-01-16T01:46:46+00:00","author":{"@id":"https:\/\/portalnpm.com\/#\/schema\/person\/49313e563cfdefcc167f1ee4c017c294"},"breadcrumb":{"@id":"https:\/\/portalnpm.com\/index.php\/2021\/02\/02\/ciro-nogueira-comemora-vitoria-de-arthur-lira-para-presidencia-da-camara\/#breadcrumb"},"inLanguage":"pt-BR","potentialAction":[{"@type":"ReadAction","target":["https:\/\/portalnpm.com\/index.php\/2021\/02\/02\/ciro-nogueira-comemora-vitoria-de-arthur-lira-para-presidencia-da-camara\/"]}]},{"@type":"ImageObject","inLanguage":"pt-BR","@id":"https:\/\/portalnpm.com\/index.php\/2021\/02\/02\/ciro-nogueira-comemora-vitoria-de-arthur-lira-para-presidencia-da-camara\/#primaryimage","url":"https:\/\/portalnpm.com\/wp-content\/uploads\/2018\/09\/1.jpg","contentUrl":"https:\/\/portalnpm.com\/wp-content\/uploads\/2018\/09\/1.jpg","width":640,"height":427},{"@type":"BreadcrumbList","@id":"https:\/\/portalnpm.com\/index.php\/2021\/02\/02\/ciro-nogueira-comemora-vitoria-de-arthur-lira-para-presidencia-da-camara\/#breadcrumb","itemListElement":[{"@type":"ListItem","position":1,"name":"In\u00edcio","item":"https:\/\/portalnpm.com\/"},{"@type":"ListItem","position":2,"name":"Ciro Nogueira comemora vit\u00f3ria de Arthur Lira para presid\u00eancia da C\u00e2mara"}]},{"@type":"WebSite","@id":"https:\/\/portalnpm.com\/#website","url":"https:\/\/portalnpm.com\/","name":"Portal NPM","description":"Not\u00edcias em Primeira M\u00e3o","potentialAction":[{"@type":"SearchAction","target":{"@type":"EntryPoint","urlTemplate":"https:\/\/portalnpm.com\/?s={search_term_string}"},"query-input":"required name=search_term_string"}],"inLanguage":"pt-BR"},{"@type":"Person","@id":"https:\/\/portalnpm.com\/#\/schema\/person\/49313e563cfdefcc167f1ee4c017c294","name":"Genival Barbosa","image":{"@type":"ImageObject","inLanguage":"pt-BR","@id":"https:\/\/portalnpm.com\/#\/schema\/person\/image\/","url":"https:\/\/portalnpm.com\/wp-content\/uploads\/2024\/02\/avatar_user_2_1707743258-96x96.jpeg","contentUrl":"https:\/\/portalnpm.com\/wp-content\/uploads\/2024\/02\/avatar_user_2_1707743258-96x96.jpeg","caption":"Genival Barbosa"},"url":"https:\/\/portalnpm.com\/index.php\/author\/genival\/"}]}},"jetpack_sharing_enabled":true,"jetpack_featured_media_url":"https:\/\/portalnpm.com\/wp-content\/uploads\/2018\/09\/1.jpg","_links":{"self":[{"href":"https:\/\/portalnpm.com\/index.php\/wp-json\/wp\/v2\/posts\/62247"}],"collection":[{"href":"https:\/\/portalnpm.com\/index.php\/wp-json\/wp\/v2\/posts"}],"about":[{"href":"https:\/\/portalnpm.com\/index.php\/wp-json\/wp\/v2\/types\/post"}],"author":[{"embeddable":true,"href":"https:\/\/portalnpm.com\/index.php\/wp-json\/wp\/v2\/users\/2"}],"replies":[{"embeddable":true,"href":"https:\/\/portalnpm.com\/index.php\/wp-json\/wp\/v2\/comments?post=62247"}],"version-history":[{"count":1,"href":"https:\/\/portalnpm.com\/index.php\/wp-json\/wp\/v2\/posts\/62247\/revisions"}],"predecessor-version":[{"id":62250,"href":"https:\/\/portalnpm.com\/index.php\/wp-json\/wp\/v2\/posts\/62247\/revisions\/62250"}],"wp:featuredmedia":[{"embeddable":true,"href":"https:\/\/portalnpm.com\/index.php\/wp-json\/wp\/v2\/media\/1468"}],"wp:attachment":[{"href":"https:\/\/portalnpm.com\/index.php\/wp-json\/wp\/v2\/media?parent=62247"}],"wp:term":[{"taxonomy":"category","embeddable":true,"href":"https:\/\/portalnpm.com\/index.php\/wp-json\/wp\/v2\/categories?post=62247"},{"taxonomy":"post_tag","embeddable":true,"href":"https:\/\/portalnpm.com\/index.php\/wp-json\/wp\/v2\/tags?post=62247"}],"curies":[{"name":"wp","href":"https:\/\/api.w.org\/{rel}","templated":true}]}}