{"id":62403,"date":"2021-02-09T19:02:47","date_gmt":"2021-02-09T22:02:47","guid":{"rendered":"https:\/\/portalnpm.com\/index.php\/2021\/02\/09\/senador-jose-maranhao-morre-aos-87-anos-vitima-de-covid-19\/"},"modified":"2021-02-09T19:02:47","modified_gmt":"2021-02-09T22:02:47","slug":"senador-jose-maranhao-morre-aos-87-anos-vitima-de-covid-19","status":"publish","type":"post","link":"https:\/\/portalnpm.com\/index.php\/2021\/02\/09\/senador-jose-maranhao-morre-aos-87-anos-vitima-de-covid-19\/","title":{"rendered":"Senador Jos\u00e9 Maranh\u00e3o morre aos 87 anos v\u00edtima de Covid-19"},"content":{"rendered":"<p style=\"text-align: justify;\">O senador Jos\u00e9 Maranh\u00e3o (MDB-PB) morreu na noite desta segunda-feira (8), por complica\u00e7\u00f5es decorrentes da Covid-19. O parlamentar tinha 87 anos e era o mais velho do Congresso Nacional.<\/p>\n<p style=\"text-align: justify;\">\n<p style=\"text-align: justify;\">\n<p style=\"text-align: justify;\">Trata-se do segundo senador que morre v\u00edtima do novo coronav\u00edrus. Em outubro do ano passado, Arolde de Oliveira (PSD-RJ), morreu aos 83 anos v\u00edtima de fal\u00eancia m\u00faltipla dos \u00f3rg\u00e3os, ap\u00f3s ser infectado pelo v\u00edrus.<\/p>\n<p style=\"text-align: justify;\">Maranh\u00e3o havia sido infectado no fim de novembro, em Jo\u00e3o Pessoa (PB), durante o segundo turno das elei\u00e7\u00f5es municipais. Uma semana depois, foi transferido para S\u00e3o Paulo para se tratar, onde permaneceu desde ent\u00e3o.<\/p>\n<p style=\"text-align: justify;\">O emedebista se licenciou do cargo no dia 12 de janeiro.<\/p>\n<p style=\"text-align: justify;\">O corpo do parlamentar ser\u00e1 levado para sua terra natal, Araruna (PB), onde ser\u00e1 enterrado. Casado com a desembargadora Maria de F\u00e1tima Bezerra, deixa tr\u00eas filhos (Maria Alice, Le\u00f4nidas e Let\u00edcia) e dois netos (Jos\u00e9 Neto e Maria de F\u00e1tima).<\/p>\n<p style=\"text-align: justify;\">O senador foi eleito para seu segundo mandato no Senado 2014. J\u00e1 havia sido governador da Para\u00edba por tr\u00eas vezes, vice-governador, deputado constituinte, deputado federal e deputado estadual.<\/p>\n<p style=\"text-align: justify;\">Iniciou sua carreira pol\u00edtica em 1955 na Assembleia Legislativa da Para\u00edba. Teve os direitos pol\u00edticos cassados pelo regime militar, mas voltou \u00e0 atividade parlamentar com a redemocratiza\u00e7\u00e3o do pa\u00eds.<\/p>\n<p style=\"text-align: justify;\">Alguns parlamentares manifestaram pesar em suas redes sociais.<\/p>\n<p style=\"text-align: justify;\">\u201cAcabo de receber a triste not\u00edcia da partida do querido amigo Senador Jos\u00e9 Maranh\u00e3o. De longe um dos maiores expoentes da nossa pol\u00edtica, em muito contribuiu no parlamento. N\u00e3o \u00e0 toa, era t\u00e3o querido em sua amada Para\u00edba. Envio meus sinceros sentimentos \u00e0 fam\u00edlia e amigos\u201d, escreveu Randolfe Rodrigues (Rede-AP).<\/p>\n<p style=\"text-align: justify;\">\n<p style=\"text-align: justify;\"><em>Fonte: Folhapress<\/em><\/p>\n","protected":false},"excerpt":{"rendered":"<p>O senador Jos\u00e9 Maranh\u00e3o (MDB-PB) morreu na noite desta segunda-feira (8), por complica\u00e7\u00f5es decorrentes da Covid-19. O parlamentar tinha 87 anos e era o mais velho do Congresso Nacional. Trata-se do segundo senador que morre v\u00edtima do novo coronav\u00edrus. Em outubro do ano passado, Arolde de Oliveira (PSD-RJ), morreu aos 83 anos v\u00edtima de fal\u00eancia &hellip;<\/p>\n","protected":false},"author":2,"featured_media":62404,"comment_status":"open","ping_status":"open","sticky":false,"template":"","format":"standard","meta":{"content-type":"","rop_custom_images_group":[],"rop_custom_messages_group":[],"rop_publish_now":"initial","rop_publish_now_accounts":{"facebook_2648258775420054_1618374048415101":""},"rop_publish_now_history":[],"rop_publish_now_status":"pending","footnotes":"","_jetpack_memberships_contains_paid_content":false},"categories":[113,130],"tags":[1113,9656,132,424],"yoast_head":"<!-- This site is optimized with the Yoast SEO plugin v22.3 - https:\/\/yoast.com\/wordpress\/plugins\/seo\/ -->\n<title>Senador Jos\u00e9 Maranh\u00e3o morre aos 87 anos v\u00edtima de Covid-19<\/title>\n<meta name=\"robots\" content=\"index, follow, max-snippet:-1, max-image-preview:large, max-video-preview:-1\" \/>\n<link rel=\"canonical\" href=\"https:\/\/portalnpm.com\/index.php\/2021\/02\/09\/senador-jose-maranhao-morre-aos-87-anos-vitima-de-covid-19\/\" \/>\n<meta property=\"og:locale\" content=\"pt_BR\" \/>\n<meta property=\"og:type\" content=\"article\" \/>\n<meta property=\"og:title\" content=\"Senador Jos\u00e9 Maranh\u00e3o morre aos 87 anos v\u00edtima de Covid-19\" \/>\n<meta property=\"og:description\" content=\"O senador Jos\u00e9 Maranh\u00e3o (MDB-PB) morreu na noite desta segunda-feira (8), por complica\u00e7\u00f5es decorrentes da Covid-19. O parlamentar tinha 87 anos e era o mais velho do Congresso Nacional. Trata-se do segundo senador que morre v\u00edtima do novo coronav\u00edrus. Em outubro do ano passado, Arolde de Oliveira (PSD-RJ), morreu aos 83 anos v\u00edtima de fal\u00eancia &hellip;\" \/>\n<meta property=\"og:url\" content=\"https:\/\/portalnpm.com\/index.php\/2021\/02\/09\/senador-jose-maranhao-morre-aos-87-anos-vitima-de-covid-19\/\" \/>\n<meta property=\"og:site_name\" content=\"Portal NPM\" \/>\n<meta property=\"article:published_time\" content=\"2021-02-09T22:02:47+00:00\" \/>\n<meta property=\"og:image\" content=\"https:\/\/portalnpm.com\/wp-content\/uploads\/2024\/01\/62325854fdaed783eab8d9880a8334b0.jpg\" \/>\n\t<meta property=\"og:image:width\" content=\"380\" \/>\n\t<meta property=\"og:image:height\" content=\"319\" \/>\n\t<meta property=\"og:image:type\" content=\"image\/jpeg\" \/>\n<meta name=\"author\" content=\"Genival Barbosa\" \/>\n<meta name=\"twitter:card\" content=\"summary_large_image\" \/>\n<meta name=\"twitter:label1\" content=\"Escrito por\" \/>\n\t<meta name=\"twitter:data1\" content=\"Genival Barbosa\" \/>\n\t<meta name=\"twitter:label2\" content=\"Est. tempo de leitura\" \/>\n\t<meta name=\"twitter:data2\" content=\"1 minuto\" \/>\n<script type=\"application\/ld+json\" class=\"yoast-schema-graph\">{\"@context\":\"https:\/\/schema.org\",\"@graph\":[{\"@type\":\"WebPage\",\"@id\":\"https:\/\/portalnpm.com\/index.php\/2021\/02\/09\/senador-jose-maranhao-morre-aos-87-anos-vitima-de-covid-19\/\",\"url\":\"https:\/\/portalnpm.com\/index.php\/2021\/02\/09\/senador-jose-maranhao-morre-aos-87-anos-vitima-de-covid-19\/\",\"name\":\"Senador Jos\u00e9 Maranh\u00e3o morre aos 87 anos v\u00edtima de Covid-19\",\"isPartOf\":{\"@id\":\"https:\/\/portalnpm.com\/#website\"},\"primaryImageOfPage\":{\"@id\":\"https:\/\/portalnpm.com\/index.php\/2021\/02\/09\/senador-jose-maranhao-morre-aos-87-anos-vitima-de-covid-19\/#primaryimage\"},\"image\":{\"@id\":\"https:\/\/portalnpm.com\/index.php\/2021\/02\/09\/senador-jose-maranhao-morre-aos-87-anos-vitima-de-covid-19\/#primaryimage\"},\"thumbnailUrl\":\"https:\/\/portalnpm.com\/wp-content\/uploads\/2024\/01\/62325854fdaed783eab8d9880a8334b0.jpg\",\"datePublished\":\"2021-02-09T22:02:47+00:00\",\"dateModified\":\"2021-02-09T22:02:47+00:00\",\"author\":{\"@id\":\"https:\/\/portalnpm.com\/#\/schema\/person\/49313e563cfdefcc167f1ee4c017c294\"},\"breadcrumb\":{\"@id\":\"https:\/\/portalnpm.com\/index.php\/2021\/02\/09\/senador-jose-maranhao-morre-aos-87-anos-vitima-de-covid-19\/#breadcrumb\"},\"inLanguage\":\"pt-BR\",\"potentialAction\":[{\"@type\":\"ReadAction\",\"target\":[\"https:\/\/portalnpm.com\/index.php\/2021\/02\/09\/senador-jose-maranhao-morre-aos-87-anos-vitima-de-covid-19\/\"]}]},{\"@type\":\"ImageObject\",\"inLanguage\":\"pt-BR\",\"@id\":\"https:\/\/portalnpm.com\/index.php\/2021\/02\/09\/senador-jose-maranhao-morre-aos-87-anos-vitima-de-covid-19\/#primaryimage\",\"url\":\"https:\/\/portalnpm.com\/wp-content\/uploads\/2024\/01\/62325854fdaed783eab8d9880a8334b0.jpg\",\"contentUrl\":\"https:\/\/portalnpm.com\/wp-content\/uploads\/2024\/01\/62325854fdaed783eab8d9880a8334b0.jpg\",\"width\":380,\"height\":319},{\"@type\":\"BreadcrumbList\",\"@id\":\"https:\/\/portalnpm.com\/index.php\/2021\/02\/09\/senador-jose-maranhao-morre-aos-87-anos-vitima-de-covid-19\/#breadcrumb\",\"itemListElement\":[{\"@type\":\"ListItem\",\"position\":1,\"name\":\"In\u00edcio\",\"item\":\"https:\/\/portalnpm.com\/\"},{\"@type\":\"ListItem\",\"position\":2,\"name\":\"Senador Jos\u00e9 Maranh\u00e3o morre aos 87 anos v\u00edtima de Covid-19\"}]},{\"@type\":\"WebSite\",\"@id\":\"https:\/\/portalnpm.com\/#website\",\"url\":\"https:\/\/portalnpm.com\/\",\"name\":\"Portal NPM\",\"description\":\"Not\u00edcias em Primeira M\u00e3o\",\"potentialAction\":[{\"@type\":\"SearchAction\",\"target\":{\"@type\":\"EntryPoint\",\"urlTemplate\":\"https:\/\/portalnpm.com\/?s={search_term_string}\"},\"query-input\":\"required name=search_term_string\"}],\"inLanguage\":\"pt-BR\"},{\"@type\":\"Person\",\"@id\":\"https:\/\/portalnpm.com\/#\/schema\/person\/49313e563cfdefcc167f1ee4c017c294\",\"name\":\"Genival Barbosa\",\"image\":{\"@type\":\"ImageObject\",\"inLanguage\":\"pt-BR\",\"@id\":\"https:\/\/portalnpm.com\/#\/schema\/person\/image\/\",\"url\":\"https:\/\/portalnpm.com\/wp-content\/uploads\/2024\/02\/avatar_user_2_1707743258-96x96.jpeg\",\"contentUrl\":\"https:\/\/portalnpm.com\/wp-content\/uploads\/2024\/02\/avatar_user_2_1707743258-96x96.jpeg\",\"caption\":\"Genival Barbosa\"},\"url\":\"https:\/\/portalnpm.com\/index.php\/author\/genival\/\"}]}<\/script>\n<!-- \/ Yoast SEO plugin. -->","yoast_head_json":{"title":"Senador Jos\u00e9 Maranh\u00e3o morre aos 87 anos v\u00edtima de Covid-19","robots":{"index":"index","follow":"follow","max-snippet":"max-snippet:-1","max-image-preview":"max-image-preview:large","max-video-preview":"max-video-preview:-1"},"canonical":"https:\/\/portalnpm.com\/index.php\/2021\/02\/09\/senador-jose-maranhao-morre-aos-87-anos-vitima-de-covid-19\/","og_locale":"pt_BR","og_type":"article","og_title":"Senador Jos\u00e9 Maranh\u00e3o morre aos 87 anos v\u00edtima de Covid-19","og_description":"O senador Jos\u00e9 Maranh\u00e3o (MDB-PB) morreu na noite desta segunda-feira (8), por complica\u00e7\u00f5es decorrentes da Covid-19. O parlamentar tinha 87 anos e era o mais velho do Congresso Nacional. Trata-se do segundo senador que morre v\u00edtima do novo coronav\u00edrus. Em outubro do ano passado, Arolde de Oliveira (PSD-RJ), morreu aos 83 anos v\u00edtima de fal\u00eancia &hellip;","og_url":"https:\/\/portalnpm.com\/index.php\/2021\/02\/09\/senador-jose-maranhao-morre-aos-87-anos-vitima-de-covid-19\/","og_site_name":"Portal NPM","article_published_time":"2021-02-09T22:02:47+00:00","og_image":[{"width":380,"height":319,"url":"https:\/\/portalnpm.com\/wp-content\/uploads\/2024\/01\/62325854fdaed783eab8d9880a8334b0.jpg","type":"image\/jpeg"}],"author":"Genival Barbosa","twitter_card":"summary_large_image","twitter_misc":{"Escrito por":"Genival Barbosa","Est. tempo de leitura":"1 minuto"},"schema":{"@context":"https:\/\/schema.org","@graph":[{"@type":"WebPage","@id":"https:\/\/portalnpm.com\/index.php\/2021\/02\/09\/senador-jose-maranhao-morre-aos-87-anos-vitima-de-covid-19\/","url":"https:\/\/portalnpm.com\/index.php\/2021\/02\/09\/senador-jose-maranhao-morre-aos-87-anos-vitima-de-covid-19\/","name":"Senador Jos\u00e9 Maranh\u00e3o morre aos 87 anos v\u00edtima de Covid-19","isPartOf":{"@id":"https:\/\/portalnpm.com\/#website"},"primaryImageOfPage":{"@id":"https:\/\/portalnpm.com\/index.php\/2021\/02\/09\/senador-jose-maranhao-morre-aos-87-anos-vitima-de-covid-19\/#primaryimage"},"image":{"@id":"https:\/\/portalnpm.com\/index.php\/2021\/02\/09\/senador-jose-maranhao-morre-aos-87-anos-vitima-de-covid-19\/#primaryimage"},"thumbnailUrl":"https:\/\/portalnpm.com\/wp-content\/uploads\/2024\/01\/62325854fdaed783eab8d9880a8334b0.jpg","datePublished":"2021-02-09T22:02:47+00:00","dateModified":"2021-02-09T22:02:47+00:00","author":{"@id":"https:\/\/portalnpm.com\/#\/schema\/person\/49313e563cfdefcc167f1ee4c017c294"},"breadcrumb":{"@id":"https:\/\/portalnpm.com\/index.php\/2021\/02\/09\/senador-jose-maranhao-morre-aos-87-anos-vitima-de-covid-19\/#breadcrumb"},"inLanguage":"pt-BR","potentialAction":[{"@type":"ReadAction","target":["https:\/\/portalnpm.com\/index.php\/2021\/02\/09\/senador-jose-maranhao-morre-aos-87-anos-vitima-de-covid-19\/"]}]},{"@type":"ImageObject","inLanguage":"pt-BR","@id":"https:\/\/portalnpm.com\/index.php\/2021\/02\/09\/senador-jose-maranhao-morre-aos-87-anos-vitima-de-covid-19\/#primaryimage","url":"https:\/\/portalnpm.com\/wp-content\/uploads\/2024\/01\/62325854fdaed783eab8d9880a8334b0.jpg","contentUrl":"https:\/\/portalnpm.com\/wp-content\/uploads\/2024\/01\/62325854fdaed783eab8d9880a8334b0.jpg","width":380,"height":319},{"@type":"BreadcrumbList","@id":"https:\/\/portalnpm.com\/index.php\/2021\/02\/09\/senador-jose-maranhao-morre-aos-87-anos-vitima-de-covid-19\/#breadcrumb","itemListElement":[{"@type":"ListItem","position":1,"name":"In\u00edcio","item":"https:\/\/portalnpm.com\/"},{"@type":"ListItem","position":2,"name":"Senador Jos\u00e9 Maranh\u00e3o morre aos 87 anos v\u00edtima de Covid-19"}]},{"@type":"WebSite","@id":"https:\/\/portalnpm.com\/#website","url":"https:\/\/portalnpm.com\/","name":"Portal NPM","description":"Not\u00edcias em Primeira M\u00e3o","potentialAction":[{"@type":"SearchAction","target":{"@type":"EntryPoint","urlTemplate":"https:\/\/portalnpm.com\/?s={search_term_string}"},"query-input":"required name=search_term_string"}],"inLanguage":"pt-BR"},{"@type":"Person","@id":"https:\/\/portalnpm.com\/#\/schema\/person\/49313e563cfdefcc167f1ee4c017c294","name":"Genival Barbosa","image":{"@type":"ImageObject","inLanguage":"pt-BR","@id":"https:\/\/portalnpm.com\/#\/schema\/person\/image\/","url":"https:\/\/portalnpm.com\/wp-content\/uploads\/2024\/02\/avatar_user_2_1707743258-96x96.jpeg","contentUrl":"https:\/\/portalnpm.com\/wp-content\/uploads\/2024\/02\/avatar_user_2_1707743258-96x96.jpeg","caption":"Genival Barbosa"},"url":"https:\/\/portalnpm.com\/index.php\/author\/genival\/"}]}},"jetpack_sharing_enabled":true,"jetpack_featured_media_url":"https:\/\/portalnpm.com\/wp-content\/uploads\/2024\/01\/62325854fdaed783eab8d9880a8334b0.jpg","_links":{"self":[{"href":"https:\/\/portalnpm.com\/index.php\/wp-json\/wp\/v2\/posts\/62403"}],"collection":[{"href":"https:\/\/portalnpm.com\/index.php\/wp-json\/wp\/v2\/posts"}],"about":[{"href":"https:\/\/portalnpm.com\/index.php\/wp-json\/wp\/v2\/types\/post"}],"author":[{"embeddable":true,"href":"https:\/\/portalnpm.com\/index.php\/wp-json\/wp\/v2\/users\/2"}],"replies":[{"embeddable":true,"href":"https:\/\/portalnpm.com\/index.php\/wp-json\/wp\/v2\/comments?post=62403"}],"version-history":[{"count":0,"href":"https:\/\/portalnpm.com\/index.php\/wp-json\/wp\/v2\/posts\/62403\/revisions"}],"wp:featuredmedia":[{"embeddable":true,"href":"https:\/\/portalnpm.com\/index.php\/wp-json\/wp\/v2\/media\/62404"}],"wp:attachment":[{"href":"https:\/\/portalnpm.com\/index.php\/wp-json\/wp\/v2\/media?parent=62403"}],"wp:term":[{"taxonomy":"category","embeddable":true,"href":"https:\/\/portalnpm.com\/index.php\/wp-json\/wp\/v2\/categories?post=62403"},{"taxonomy":"post_tag","embeddable":true,"href":"https:\/\/portalnpm.com\/index.php\/wp-json\/wp\/v2\/tags?post=62403"}],"curies":[{"name":"wp","href":"https:\/\/api.w.org\/{rel}","templated":true}]}}