{"id":62439,"date":"2021-02-11T19:39:09","date_gmt":"2021-02-11T22:39:09","guid":{"rendered":"https:\/\/portalnpm.com\/index.php\/2021\/02\/11\/jair-bolsonaro-preve-mais-3-ou-4-parcelas-de-auxilio-a-partir-de-marco\/"},"modified":"2021-02-11T19:39:09","modified_gmt":"2021-02-11T22:39:09","slug":"jair-bolsonaro-preve-mais-3-ou-4-parcelas-de-auxilio-a-partir-de-marco","status":"publish","type":"post","link":"https:\/\/portalnpm.com\/index.php\/2021\/02\/11\/jair-bolsonaro-preve-mais-3-ou-4-parcelas-de-auxilio-a-partir-de-marco\/","title":{"rendered":"Jair Bolsonaro prev\u00ea mais 3 ou 4 parcelas de aux\u00edlio a partir de mar\u00e7o"},"content":{"rendered":"<p style=\"text-align: justify;\">O presidente\u00a0<strong>Jair Bolsonaro\u00a0<\/strong>afirmou nesta quinta-feira que o\u00a0<strong>aux\u00edlio emergencial\u00a0<\/strong>deve voltar a ser pago j\u00e1 em mar\u00e7o. Sem informar o valor, Bolsonaro disse que o benef\u00edcio ter\u00e1 dura\u00e7\u00e3o de 3 ou 4 meses. O presidente deu a informa\u00e7\u00e3o durante uma entrevista coletiva no Maranh\u00e3o, onde participou de uma cerim\u00f4nia no Centro de Lan\u00e7amento de Alc\u00e2ntara para \u00a0entrega de t\u00edtulos de propriedade rural.<\/p>\n<p>\u00a0<\/p>\n<p style=\"text-align: justify;\">\u201cEst\u00e1 quase certo, ainda n\u00e3o sabemos o valor. Com toda a certeza, a partir\u2026 com toda a certeza, pode n\u00e3o ser, a partir de mar\u00e7o. Tr\u00eas a quatro meses, est\u00e1 sendo acertado com o Executivo e o Parlamento tamb\u00e9m porque temos que ter responsabilidade fiscal\u201d, afirmou.<\/p>\n<p style=\"text-align: justify;\">Na equipe econ\u00f4mica, a proje\u00e7\u00e3o \u00e9 de que o valor do aux\u00edlio emergencial ser\u00e1 de R$ 200,00. No Congresso, h\u00e1 tentativas de aumentar o valor.<\/p>\n<p style=\"text-align: justify;\">Bolsonaro pontuou que o aux\u00edlio emergencial n\u00e3o pode ser permanente e que n\u00e3o basta o pagamento do benef\u00edcio. Na sua vis\u00e3o, o com\u00e9rcio tem que reabrir.<\/p>\n<p style=\"text-align: justify;\">\u201cTem que acabar com esta hist\u00f3ria de fecha tudo, tem que cuidar dos mais idosos e dos que t\u00eam comorbidades. De resto, tem que trabalhar. Caso contr\u00e1rio, se nos endividarmos muito, o Brasil pode perder cr\u00e9dito e a infla\u00e7\u00e3o vem. A d\u00edvida j\u00e1 est\u00e1 em R$ 5 trilh\u00f5es, a\u00ed vem o caos\u201d, finalizou.<\/p>\n<p style=\"text-align: justify;\">Mais cedo, o presidente refor\u00e7ou que estava estudando, junto \u00e0 equipe econ\u00f4mica e parlamentares, uma alternativa para a extens\u00e3o do aux\u00edlio emergencial por mais \u201calguns meses\u201d. Bolsonaro disse que o benef\u00edcio injetou R$ 13 bilh\u00f5es no Maranh\u00e3o, mas lembrou que o custo torna invi\u00e1vel mant\u00ea-lo por prazo indefinido.<\/p>\n<p style=\"text-align: justify;\"><strong>Fonte: Meio Norte<\/strong><\/p>\n","protected":false},"excerpt":{"rendered":"<p>O presidente\u00a0Jair Bolsonaro\u00a0afirmou nesta quinta-feira que o\u00a0aux\u00edlio emergencial\u00a0deve voltar a ser pago j\u00e1 em mar\u00e7o. Sem informar o valor, Bolsonaro disse que o benef\u00edcio ter\u00e1 dura\u00e7\u00e3o de 3 ou 4 meses. O presidente deu a informa\u00e7\u00e3o durante uma entrevista coletiva no Maranh\u00e3o, onde participou de uma cerim\u00f4nia no Centro de Lan\u00e7amento de Alc\u00e2ntara para \u00a0entrega &hellip;<\/p>\n","protected":false},"author":2,"featured_media":62440,"comment_status":"open","ping_status":"open","sticky":false,"template":"","format":"standard","meta":{"content-type":"","rop_custom_images_group":[],"rop_custom_messages_group":[],"rop_publish_now":"initial","rop_publish_now_accounts":{"facebook_2648258775420054_1618374048415101":""},"rop_publish_now_history":[],"rop_publish_now_status":"pending","footnotes":"","_jetpack_memberships_contains_paid_content":false},"categories":[414],"tags":[9703,9704,487,9705],"yoast_head":"<!-- This site is optimized with the Yoast SEO plugin v22.3 - https:\/\/yoast.com\/wordpress\/plugins\/seo\/ -->\n<title>Jair Bolsonaro prev\u00ea mais 3 ou 4 parcelas de aux\u00edlio a partir de mar\u00e7o<\/title>\n<meta name=\"robots\" content=\"index, follow, max-snippet:-1, max-image-preview:large, max-video-preview:-1\" \/>\n<link rel=\"canonical\" href=\"https:\/\/portalnpm.com\/index.php\/2021\/02\/11\/jair-bolsonaro-preve-mais-3-ou-4-parcelas-de-auxilio-a-partir-de-marco\/\" \/>\n<meta property=\"og:locale\" content=\"pt_BR\" \/>\n<meta property=\"og:type\" content=\"article\" \/>\n<meta property=\"og:title\" content=\"Jair Bolsonaro prev\u00ea mais 3 ou 4 parcelas de aux\u00edlio a partir de mar\u00e7o\" \/>\n<meta property=\"og:description\" content=\"O presidente\u00a0Jair Bolsonaro\u00a0afirmou nesta quinta-feira que o\u00a0aux\u00edlio emergencial\u00a0deve voltar a ser pago j\u00e1 em mar\u00e7o. Sem informar o valor, Bolsonaro disse que o benef\u00edcio ter\u00e1 dura\u00e7\u00e3o de 3 ou 4 meses. O presidente deu a informa\u00e7\u00e3o durante uma entrevista coletiva no Maranh\u00e3o, onde participou de uma cerim\u00f4nia no Centro de Lan\u00e7amento de Alc\u00e2ntara para \u00a0entrega &hellip;\" \/>\n<meta property=\"og:url\" content=\"https:\/\/portalnpm.com\/index.php\/2021\/02\/11\/jair-bolsonaro-preve-mais-3-ou-4-parcelas-de-auxilio-a-partir-de-marco\/\" \/>\n<meta property=\"og:site_name\" content=\"Portal NPM\" \/>\n<meta property=\"article:published_time\" content=\"2021-02-11T22:39:09+00:00\" \/>\n<meta property=\"og:image\" content=\"https:\/\/portalnpm.com\/wp-content\/uploads\/2024\/01\/bolsonaroauxilioooo.jpg\" \/>\n\t<meta property=\"og:image:width\" content=\"768\" \/>\n\t<meta property=\"og:image:height\" content=\"462\" \/>\n\t<meta property=\"og:image:type\" content=\"image\/jpeg\" \/>\n<meta name=\"author\" content=\"Genival Barbosa\" \/>\n<meta name=\"twitter:card\" content=\"summary_large_image\" \/>\n<meta name=\"twitter:label1\" content=\"Escrito por\" \/>\n\t<meta name=\"twitter:data1\" content=\"Genival Barbosa\" \/>\n\t<meta name=\"twitter:label2\" content=\"Est. tempo de leitura\" \/>\n\t<meta name=\"twitter:data2\" content=\"1 minuto\" \/>\n<script type=\"application\/ld+json\" class=\"yoast-schema-graph\">{\"@context\":\"https:\/\/schema.org\",\"@graph\":[{\"@type\":\"WebPage\",\"@id\":\"https:\/\/portalnpm.com\/index.php\/2021\/02\/11\/jair-bolsonaro-preve-mais-3-ou-4-parcelas-de-auxilio-a-partir-de-marco\/\",\"url\":\"https:\/\/portalnpm.com\/index.php\/2021\/02\/11\/jair-bolsonaro-preve-mais-3-ou-4-parcelas-de-auxilio-a-partir-de-marco\/\",\"name\":\"Jair Bolsonaro prev\u00ea mais 3 ou 4 parcelas de aux\u00edlio a partir de mar\u00e7o\",\"isPartOf\":{\"@id\":\"https:\/\/portalnpm.com\/#website\"},\"primaryImageOfPage\":{\"@id\":\"https:\/\/portalnpm.com\/index.php\/2021\/02\/11\/jair-bolsonaro-preve-mais-3-ou-4-parcelas-de-auxilio-a-partir-de-marco\/#primaryimage\"},\"image\":{\"@id\":\"https:\/\/portalnpm.com\/index.php\/2021\/02\/11\/jair-bolsonaro-preve-mais-3-ou-4-parcelas-de-auxilio-a-partir-de-marco\/#primaryimage\"},\"thumbnailUrl\":\"https:\/\/portalnpm.com\/wp-content\/uploads\/2024\/01\/bolsonaroauxilioooo.jpg\",\"datePublished\":\"2021-02-11T22:39:09+00:00\",\"dateModified\":\"2021-02-11T22:39:09+00:00\",\"author\":{\"@id\":\"https:\/\/portalnpm.com\/#\/schema\/person\/49313e563cfdefcc167f1ee4c017c294\"},\"breadcrumb\":{\"@id\":\"https:\/\/portalnpm.com\/index.php\/2021\/02\/11\/jair-bolsonaro-preve-mais-3-ou-4-parcelas-de-auxilio-a-partir-de-marco\/#breadcrumb\"},\"inLanguage\":\"pt-BR\",\"potentialAction\":[{\"@type\":\"ReadAction\",\"target\":[\"https:\/\/portalnpm.com\/index.php\/2021\/02\/11\/jair-bolsonaro-preve-mais-3-ou-4-parcelas-de-auxilio-a-partir-de-marco\/\"]}]},{\"@type\":\"ImageObject\",\"inLanguage\":\"pt-BR\",\"@id\":\"https:\/\/portalnpm.com\/index.php\/2021\/02\/11\/jair-bolsonaro-preve-mais-3-ou-4-parcelas-de-auxilio-a-partir-de-marco\/#primaryimage\",\"url\":\"https:\/\/portalnpm.com\/wp-content\/uploads\/2024\/01\/bolsonaroauxilioooo.jpg\",\"contentUrl\":\"https:\/\/portalnpm.com\/wp-content\/uploads\/2024\/01\/bolsonaroauxilioooo.jpg\",\"width\":768,\"height\":462},{\"@type\":\"BreadcrumbList\",\"@id\":\"https:\/\/portalnpm.com\/index.php\/2021\/02\/11\/jair-bolsonaro-preve-mais-3-ou-4-parcelas-de-auxilio-a-partir-de-marco\/#breadcrumb\",\"itemListElement\":[{\"@type\":\"ListItem\",\"position\":1,\"name\":\"In\u00edcio\",\"item\":\"https:\/\/portalnpm.com\/\"},{\"@type\":\"ListItem\",\"position\":2,\"name\":\"Jair Bolsonaro prev\u00ea mais 3 ou 4 parcelas de aux\u00edlio a partir de mar\u00e7o\"}]},{\"@type\":\"WebSite\",\"@id\":\"https:\/\/portalnpm.com\/#website\",\"url\":\"https:\/\/portalnpm.com\/\",\"name\":\"Portal NPM\",\"description\":\"Not\u00edcias em Primeira M\u00e3o\",\"potentialAction\":[{\"@type\":\"SearchAction\",\"target\":{\"@type\":\"EntryPoint\",\"urlTemplate\":\"https:\/\/portalnpm.com\/?s={search_term_string}\"},\"query-input\":\"required name=search_term_string\"}],\"inLanguage\":\"pt-BR\"},{\"@type\":\"Person\",\"@id\":\"https:\/\/portalnpm.com\/#\/schema\/person\/49313e563cfdefcc167f1ee4c017c294\",\"name\":\"Genival Barbosa\",\"image\":{\"@type\":\"ImageObject\",\"inLanguage\":\"pt-BR\",\"@id\":\"https:\/\/portalnpm.com\/#\/schema\/person\/image\/\",\"url\":\"https:\/\/portalnpm.com\/wp-content\/uploads\/2024\/02\/avatar_user_2_1707743258-96x96.jpeg\",\"contentUrl\":\"https:\/\/portalnpm.com\/wp-content\/uploads\/2024\/02\/avatar_user_2_1707743258-96x96.jpeg\",\"caption\":\"Genival Barbosa\"},\"url\":\"https:\/\/portalnpm.com\/index.php\/author\/genival\/\"}]}<\/script>\n<!-- \/ Yoast SEO plugin. -->","yoast_head_json":{"title":"Jair Bolsonaro prev\u00ea mais 3 ou 4 parcelas de aux\u00edlio a partir de mar\u00e7o","robots":{"index":"index","follow":"follow","max-snippet":"max-snippet:-1","max-image-preview":"max-image-preview:large","max-video-preview":"max-video-preview:-1"},"canonical":"https:\/\/portalnpm.com\/index.php\/2021\/02\/11\/jair-bolsonaro-preve-mais-3-ou-4-parcelas-de-auxilio-a-partir-de-marco\/","og_locale":"pt_BR","og_type":"article","og_title":"Jair Bolsonaro prev\u00ea mais 3 ou 4 parcelas de aux\u00edlio a partir de mar\u00e7o","og_description":"O presidente\u00a0Jair Bolsonaro\u00a0afirmou nesta quinta-feira que o\u00a0aux\u00edlio emergencial\u00a0deve voltar a ser pago j\u00e1 em mar\u00e7o. Sem informar o valor, Bolsonaro disse que o benef\u00edcio ter\u00e1 dura\u00e7\u00e3o de 3 ou 4 meses. O presidente deu a informa\u00e7\u00e3o durante uma entrevista coletiva no Maranh\u00e3o, onde participou de uma cerim\u00f4nia no Centro de Lan\u00e7amento de Alc\u00e2ntara para \u00a0entrega &hellip;","og_url":"https:\/\/portalnpm.com\/index.php\/2021\/02\/11\/jair-bolsonaro-preve-mais-3-ou-4-parcelas-de-auxilio-a-partir-de-marco\/","og_site_name":"Portal NPM","article_published_time":"2021-02-11T22:39:09+00:00","og_image":[{"width":768,"height":462,"url":"https:\/\/portalnpm.com\/wp-content\/uploads\/2024\/01\/bolsonaroauxilioooo.jpg","type":"image\/jpeg"}],"author":"Genival Barbosa","twitter_card":"summary_large_image","twitter_misc":{"Escrito por":"Genival Barbosa","Est. tempo de leitura":"1 minuto"},"schema":{"@context":"https:\/\/schema.org","@graph":[{"@type":"WebPage","@id":"https:\/\/portalnpm.com\/index.php\/2021\/02\/11\/jair-bolsonaro-preve-mais-3-ou-4-parcelas-de-auxilio-a-partir-de-marco\/","url":"https:\/\/portalnpm.com\/index.php\/2021\/02\/11\/jair-bolsonaro-preve-mais-3-ou-4-parcelas-de-auxilio-a-partir-de-marco\/","name":"Jair Bolsonaro prev\u00ea mais 3 ou 4 parcelas de aux\u00edlio a partir de mar\u00e7o","isPartOf":{"@id":"https:\/\/portalnpm.com\/#website"},"primaryImageOfPage":{"@id":"https:\/\/portalnpm.com\/index.php\/2021\/02\/11\/jair-bolsonaro-preve-mais-3-ou-4-parcelas-de-auxilio-a-partir-de-marco\/#primaryimage"},"image":{"@id":"https:\/\/portalnpm.com\/index.php\/2021\/02\/11\/jair-bolsonaro-preve-mais-3-ou-4-parcelas-de-auxilio-a-partir-de-marco\/#primaryimage"},"thumbnailUrl":"https:\/\/portalnpm.com\/wp-content\/uploads\/2024\/01\/bolsonaroauxilioooo.jpg","datePublished":"2021-02-11T22:39:09+00:00","dateModified":"2021-02-11T22:39:09+00:00","author":{"@id":"https:\/\/portalnpm.com\/#\/schema\/person\/49313e563cfdefcc167f1ee4c017c294"},"breadcrumb":{"@id":"https:\/\/portalnpm.com\/index.php\/2021\/02\/11\/jair-bolsonaro-preve-mais-3-ou-4-parcelas-de-auxilio-a-partir-de-marco\/#breadcrumb"},"inLanguage":"pt-BR","potentialAction":[{"@type":"ReadAction","target":["https:\/\/portalnpm.com\/index.php\/2021\/02\/11\/jair-bolsonaro-preve-mais-3-ou-4-parcelas-de-auxilio-a-partir-de-marco\/"]}]},{"@type":"ImageObject","inLanguage":"pt-BR","@id":"https:\/\/portalnpm.com\/index.php\/2021\/02\/11\/jair-bolsonaro-preve-mais-3-ou-4-parcelas-de-auxilio-a-partir-de-marco\/#primaryimage","url":"https:\/\/portalnpm.com\/wp-content\/uploads\/2024\/01\/bolsonaroauxilioooo.jpg","contentUrl":"https:\/\/portalnpm.com\/wp-content\/uploads\/2024\/01\/bolsonaroauxilioooo.jpg","width":768,"height":462},{"@type":"BreadcrumbList","@id":"https:\/\/portalnpm.com\/index.php\/2021\/02\/11\/jair-bolsonaro-preve-mais-3-ou-4-parcelas-de-auxilio-a-partir-de-marco\/#breadcrumb","itemListElement":[{"@type":"ListItem","position":1,"name":"In\u00edcio","item":"https:\/\/portalnpm.com\/"},{"@type":"ListItem","position":2,"name":"Jair Bolsonaro prev\u00ea mais 3 ou 4 parcelas de aux\u00edlio a partir de mar\u00e7o"}]},{"@type":"WebSite","@id":"https:\/\/portalnpm.com\/#website","url":"https:\/\/portalnpm.com\/","name":"Portal NPM","description":"Not\u00edcias em Primeira M\u00e3o","potentialAction":[{"@type":"SearchAction","target":{"@type":"EntryPoint","urlTemplate":"https:\/\/portalnpm.com\/?s={search_term_string}"},"query-input":"required name=search_term_string"}],"inLanguage":"pt-BR"},{"@type":"Person","@id":"https:\/\/portalnpm.com\/#\/schema\/person\/49313e563cfdefcc167f1ee4c017c294","name":"Genival Barbosa","image":{"@type":"ImageObject","inLanguage":"pt-BR","@id":"https:\/\/portalnpm.com\/#\/schema\/person\/image\/","url":"https:\/\/portalnpm.com\/wp-content\/uploads\/2024\/02\/avatar_user_2_1707743258-96x96.jpeg","contentUrl":"https:\/\/portalnpm.com\/wp-content\/uploads\/2024\/02\/avatar_user_2_1707743258-96x96.jpeg","caption":"Genival Barbosa"},"url":"https:\/\/portalnpm.com\/index.php\/author\/genival\/"}]}},"jetpack_sharing_enabled":true,"jetpack_featured_media_url":"https:\/\/portalnpm.com\/wp-content\/uploads\/2024\/01\/bolsonaroauxilioooo.jpg","_links":{"self":[{"href":"https:\/\/portalnpm.com\/index.php\/wp-json\/wp\/v2\/posts\/62439"}],"collection":[{"href":"https:\/\/portalnpm.com\/index.php\/wp-json\/wp\/v2\/posts"}],"about":[{"href":"https:\/\/portalnpm.com\/index.php\/wp-json\/wp\/v2\/types\/post"}],"author":[{"embeddable":true,"href":"https:\/\/portalnpm.com\/index.php\/wp-json\/wp\/v2\/users\/2"}],"replies":[{"embeddable":true,"href":"https:\/\/portalnpm.com\/index.php\/wp-json\/wp\/v2\/comments?post=62439"}],"version-history":[{"count":0,"href":"https:\/\/portalnpm.com\/index.php\/wp-json\/wp\/v2\/posts\/62439\/revisions"}],"wp:featuredmedia":[{"embeddable":true,"href":"https:\/\/portalnpm.com\/index.php\/wp-json\/wp\/v2\/media\/62440"}],"wp:attachment":[{"href":"https:\/\/portalnpm.com\/index.php\/wp-json\/wp\/v2\/media?parent=62439"}],"wp:term":[{"taxonomy":"category","embeddable":true,"href":"https:\/\/portalnpm.com\/index.php\/wp-json\/wp\/v2\/categories?post=62439"},{"taxonomy":"post_tag","embeddable":true,"href":"https:\/\/portalnpm.com\/index.php\/wp-json\/wp\/v2\/tags?post=62439"}],"curies":[{"name":"wp","href":"https:\/\/api.w.org\/{rel}","templated":true}]}}