{"id":62476,"date":"2021-02-13T14:04:39","date_gmt":"2021-02-13T17:04:39","guid":{"rendered":"https:\/\/portalnpm.com\/index.php\/2021\/02\/13\/pablo-santos-volta-para-a-alepi-e-italo-rodrigues-assume-a-fundacao-hospitalar\/"},"modified":"2024-01-15T22:49:31","modified_gmt":"2024-01-16T01:49:31","slug":"pablo-santos-volta-para-a-alepi-e-italo-rodrigues-assume-a-fundacao-hospitalar","status":"publish","type":"post","link":"https:\/\/portalnpm.com\/index.php\/2021\/02\/13\/pablo-santos-volta-para-a-alepi-e-italo-rodrigues-assume-a-fundacao-hospitalar\/","title":{"rendered":"Pablo Santos volta para a Alepi e \u00cdtalo Rodrigues assume a Funda\u00e7\u00e3o Hospitalar"},"content":{"rendered":"<p><p style=\"text-align: justify;\">O farmac&ecirc;utico &Iacute;talo Rodrigues assume, nesta sexta-feira (12), a presid&ecirc;ncia da Funda&ccedil;&atilde;o Estatal Piauiense de Servi&ccedil;os Hospitalares (Fepiserh). Ele substitui o m&eacute;dico dermatologista Pablo Santos, que retorna ao mandato de deputado estadual.<\/p>\n<p style=\"text-align: justify;\">\n<p style=\"text-align: justify;\">\n<p style=\"text-align: justify;\">&Iacute;talo Rodrigues &eacute; funcion&aacute;rio de carreira da Secretaria de Estado da Sa&uacute;de (Sesapi), conselheiro federal de farm&aacute;cia e ex-presidente do Conselho Regional de Farm&aacute;cia do Piau&iacute; (CRF-PI).<\/p>\n<p style=\"text-align: justify;\">\n<figure id=\"attachment_351773\" class=\"wp-caption aligncenter\" style=\"text-align: justify;\" aria-describedby=\"caption-attachment-351773\"><img fetchpriority=\"high\" decoding=\"async\" class=\"wp-image-351773\" src=\"https:\/\/portalnpm.com\/wp-content\/uploads\/2024\/01\/IMG-20210212-WA0023-730x479-1.jpg\" sizes=\"(max-width: 1024px) 100vw, 1024px\" srcset=\"https:\/\/www.oitomeia.com.br\/wp-content\/uploads\/2021\/02\/IMG-20210212-WA0023-730x479-1.jpg 730w, https:\/\/www.oitomeia.com.br\/wp-content\/uploads\/2021\/02\/IMG-20210212-WA0023-730x479-1-360x236.jpg 360w, https:\/\/www.oitomeia.com.br\/wp-content\/uploads\/2021\/02\/IMG-20210212-WA0023-730x479-1-300x197.jpg 300w, https:\/\/www.oitomeia.com.br\/wp-content\/uploads\/2021\/02\/IMG-20210212-WA0023-730x479-1-600x394.jpg 600w, https:\/\/www.oitomeia.com.br\/wp-content\/uploads\/2021\/02\/IMG-20210212-WA0023-730x479-1-325x213.jpg 325w\" alt=\"\" width=\"1024\" height=\"672\"><figcaption id=\"caption-attachment-351773\" class=\"wp-caption-text\">farmac&ecirc;utico &Iacute;talo Rodrigues (Foto:CCOM)<\/figcaption><\/figure>\n<p style=\"text-align: justify;\">O novo presidente pretende inaugurar, na sua gest&atilde;o, 20 novos leitos e uma ala de cirurgias card&iacute;acas no Hospital Get&uacute;lio Vargas (HGV) e o Centro de Parto Normal e Casa da Gestante no Hospital Justino Luz, em Picos.<\/p>\n<blockquote><p><em>&ldquo;Pretendemos continuar o excelente trabalho realizado pelo deputado Pablo Santos&rdquo;, afirma &Iacute;talo Rodrigues.<\/em><\/p><\/blockquote>\n<div class=\"google-auto-placed ap_container\" style=\"text-align: justify;\"><\/div>\n<p style=\"text-align: justify;\">Pablo Santos decidiu retornar &agrave; Assembleia Legislativa. Durante o per&iacute;odo em que presidiu a Fepiserh, ele organizou v&aacute;rias reformas nos hospitais administrados pela funda&ccedil;&atilde;o e melhorou a infraestrutura das unidades.<\/p>\n<p style=\"text-align: justify;\">Em 2020, a Fepiserh lan&ccedil;ou o Programa Bari&aacute;trico do Hospital Get&uacute;lio Vargas (HGV), que, al&eacute;m da cirurgia bari&aacute;trica, oferece acompanhamento aos pacientes com dieta, conscientiza&ccedil;&atilde;o e treinamento para o p&oacute;s-operat&oacute;rio. O servi&ccedil;o foi paralisado devido &agrave; pandemia, mas na retomada das atividades, a partir de setembro, o HGV realizou 30 cirurgias bari&aacute;tricas em apenas tr&ecirc;s meses.<\/p>\n<figure id=\"attachment_351774\" class=\"wp-caption aligncenter\" style=\"text-align: justify;\" aria-describedby=\"caption-attachment-351774\"><img decoding=\"async\" class=\"wp-image-351774\" src=\"https:\/\/portalnpm.com\/wp-content\/uploads\/2024\/01\/Pablo-Santos-730x486-1.jpeg\" sizes=\"(max-width: 1024px) 100vw, 1024px\" srcset=\"https:\/\/www.oitomeia.com.br\/wp-content\/uploads\/2021\/02\/Pablo-Santos-730x486-1.jpeg 730w, https:\/\/www.oitomeia.com.br\/wp-content\/uploads\/2021\/02\/Pablo-Santos-730x486-1-360x240.jpeg 360w, https:\/\/www.oitomeia.com.br\/wp-content\/uploads\/2021\/02\/Pablo-Santos-730x486-1-300x200.jpeg 300w, https:\/\/www.oitomeia.com.br\/wp-content\/uploads\/2021\/02\/Pablo-Santos-730x486-1-600x399.jpeg 600w, https:\/\/www.oitomeia.com.br\/wp-content\/uploads\/2021\/02\/Pablo-Santos-730x486-1-325x216.jpeg 325w\" alt=\"\" width=\"1024\" height=\"682\"><figcaption id=\"caption-attachment-351774\" class=\"wp-caption-text\">Pablo Santos decidiu retornar &agrave; Assembleia Legislativa (Foto:CCOM)<\/figcaption><\/figure>\n<p style=\"text-align: justify;\">Ainda no HGV, a Fepiserh melhorou a produtividade do hospital. Em setembro, a unidade de sa&uacute;de realizou 1.069 cirurgias, 100% a mais que em agosto.<\/p>\n<blockquote><p><em>&ldquo;No &uacute;ltimo ano, gerenciamos dois hospitais que s&atilde;o respons&aacute;veis por 35% dos leitos de UTI da rede estadual. Tivemos o desafio de enfrentar a pandemia, mas ainda assim tivemos &ecirc;xito. O HGV, por exemplo, foi o hospital que teve mais resolutividade e o que mais internou pacientes com Covid-19&rdquo;, afirmou Pablo Santos.<\/em><\/p><\/blockquote>\n<p style=\"text-align: justify;\">Em Picos, o Hospital Justino Luz ganhou 30 leitos de UTIs, sendo 20, exclusivos, para o tratamento de paciente com Covid-19. Al&eacute;m disso, o hospital foi totalmente climatizado, teve leitos cl&iacute;nicos reformados, ganhou novos aparelhos.<\/p>\n<p style=\"text-align: justify;\">Fonte:&nbsp; Oito Meia<\/p><\/p>\n","protected":false},"excerpt":{"rendered":"<p>O farmac&ecirc;utico &Iacute;talo Rodrigues assume, nesta sexta-feira (12), a presid&ecirc;ncia da Funda&ccedil;&atilde;o Estatal Piauiense de Servi&ccedil;os Hospitalares (Fepiserh). Ele substitui o m&eacute;dico dermatologista Pablo Santos, que retorna ao mandato de deputado estadual. &Iacute;talo Rodrigues &eacute; funcion&aacute;rio de carreira da Secretaria de Estado da Sa&uacute;de (Sesapi), conselheiro federal de farm&aacute;cia e ex-presidente do Conselho Regional de &hellip;<\/p>\n","protected":false},"author":2,"featured_media":30642,"comment_status":"open","ping_status":"open","sticky":false,"template":"","format":"standard","meta":{"content-type":"","rop_custom_images_group":[],"rop_custom_messages_group":[],"rop_publish_now":"initial","rop_publish_now_accounts":{"facebook_2648258775420054_1618374048415101":""},"rop_publish_now_history":[],"rop_publish_now_status":"pending","footnotes":"","_jetpack_memberships_contains_paid_content":false},"categories":[130],"tags":[2260,9736,922],"yoast_head":"<!-- This site is optimized with the Yoast SEO plugin v22.3 - https:\/\/yoast.com\/wordpress\/plugins\/seo\/ -->\n<title>Pablo Santos volta para a Alepi e \u00cdtalo Rodrigues assume a Funda\u00e7\u00e3o Hospitalar<\/title>\n<meta name=\"robots\" content=\"index, follow, max-snippet:-1, max-image-preview:large, max-video-preview:-1\" \/>\n<link rel=\"canonical\" href=\"https:\/\/portalnpm.com\/index.php\/2021\/02\/13\/pablo-santos-volta-para-a-alepi-e-italo-rodrigues-assume-a-fundacao-hospitalar\/\" \/>\n<meta property=\"og:locale\" content=\"pt_BR\" \/>\n<meta property=\"og:type\" content=\"article\" \/>\n<meta property=\"og:title\" content=\"Pablo Santos volta para a Alepi e \u00cdtalo Rodrigues assume a Funda\u00e7\u00e3o Hospitalar\" \/>\n<meta property=\"og:description\" content=\"O farmac&ecirc;utico &Iacute;talo Rodrigues assume, nesta sexta-feira (12), a presid&ecirc;ncia da Funda&ccedil;&atilde;o Estatal Piauiense de Servi&ccedil;os Hospitalares (Fepiserh). Ele substitui o m&eacute;dico dermatologista Pablo Santos, que retorna ao mandato de deputado estadual. &Iacute;talo Rodrigues &eacute; funcion&aacute;rio de carreira da Secretaria de Estado da Sa&uacute;de (Sesapi), conselheiro federal de farm&aacute;cia e ex-presidente do Conselho Regional de &hellip;\" \/>\n<meta property=\"og:url\" content=\"https:\/\/portalnpm.com\/index.php\/2021\/02\/13\/pablo-santos-volta-para-a-alepi-e-italo-rodrigues-assume-a-fundacao-hospitalar\/\" \/>\n<meta property=\"og:site_name\" content=\"Portal NPM\" \/>\n<meta property=\"article:published_time\" content=\"2021-02-13T17:04:39+00:00\" \/>\n<meta property=\"article:modified_time\" content=\"2024-01-16T01:49:31+00:00\" \/>\n<meta name=\"author\" content=\"Genival Barbosa\" \/>\n<meta name=\"twitter:card\" content=\"summary_large_image\" \/>\n<meta name=\"twitter:label1\" content=\"Escrito por\" \/>\n\t<meta name=\"twitter:data1\" content=\"Genival Barbosa\" \/>\n\t<meta name=\"twitter:label2\" content=\"Est. tempo de leitura\" \/>\n\t<meta name=\"twitter:data2\" content=\"2 minutos\" \/>\n<script type=\"application\/ld+json\" class=\"yoast-schema-graph\">{\"@context\":\"https:\/\/schema.org\",\"@graph\":[{\"@type\":\"WebPage\",\"@id\":\"https:\/\/portalnpm.com\/index.php\/2021\/02\/13\/pablo-santos-volta-para-a-alepi-e-italo-rodrigues-assume-a-fundacao-hospitalar\/\",\"url\":\"https:\/\/portalnpm.com\/index.php\/2021\/02\/13\/pablo-santos-volta-para-a-alepi-e-italo-rodrigues-assume-a-fundacao-hospitalar\/\",\"name\":\"Pablo Santos volta para a Alepi e \u00cdtalo Rodrigues assume a Funda\u00e7\u00e3o Hospitalar\",\"isPartOf\":{\"@id\":\"https:\/\/portalnpm.com\/#website\"},\"primaryImageOfPage\":{\"@id\":\"https:\/\/portalnpm.com\/index.php\/2021\/02\/13\/pablo-santos-volta-para-a-alepi-e-italo-rodrigues-assume-a-fundacao-hospitalar\/#primaryimage\"},\"image\":{\"@id\":\"https:\/\/portalnpm.com\/index.php\/2021\/02\/13\/pablo-santos-volta-para-a-alepi-e-italo-rodrigues-assume-a-fundacao-hospitalar\/#primaryimage\"},\"thumbnailUrl\":\"\",\"datePublished\":\"2021-02-13T17:04:39+00:00\",\"dateModified\":\"2024-01-16T01:49:31+00:00\",\"author\":{\"@id\":\"https:\/\/portalnpm.com\/#\/schema\/person\/49313e563cfdefcc167f1ee4c017c294\"},\"breadcrumb\":{\"@id\":\"https:\/\/portalnpm.com\/index.php\/2021\/02\/13\/pablo-santos-volta-para-a-alepi-e-italo-rodrigues-assume-a-fundacao-hospitalar\/#breadcrumb\"},\"inLanguage\":\"pt-BR\",\"potentialAction\":[{\"@type\":\"ReadAction\",\"target\":[\"https:\/\/portalnpm.com\/index.php\/2021\/02\/13\/pablo-santos-volta-para-a-alepi-e-italo-rodrigues-assume-a-fundacao-hospitalar\/\"]}]},{\"@type\":\"ImageObject\",\"inLanguage\":\"pt-BR\",\"@id\":\"https:\/\/portalnpm.com\/index.php\/2021\/02\/13\/pablo-santos-volta-para-a-alepi-e-italo-rodrigues-assume-a-fundacao-hospitalar\/#primaryimage\",\"url\":\"\",\"contentUrl\":\"\"},{\"@type\":\"BreadcrumbList\",\"@id\":\"https:\/\/portalnpm.com\/index.php\/2021\/02\/13\/pablo-santos-volta-para-a-alepi-e-italo-rodrigues-assume-a-fundacao-hospitalar\/#breadcrumb\",\"itemListElement\":[{\"@type\":\"ListItem\",\"position\":1,\"name\":\"In\u00edcio\",\"item\":\"https:\/\/portalnpm.com\/\"},{\"@type\":\"ListItem\",\"position\":2,\"name\":\"Pablo Santos volta para a Alepi e \u00cdtalo Rodrigues assume a Funda\u00e7\u00e3o Hospitalar\"}]},{\"@type\":\"WebSite\",\"@id\":\"https:\/\/portalnpm.com\/#website\",\"url\":\"https:\/\/portalnpm.com\/\",\"name\":\"Portal NPM\",\"description\":\"Not\u00edcias em Primeira M\u00e3o\",\"potentialAction\":[{\"@type\":\"SearchAction\",\"target\":{\"@type\":\"EntryPoint\",\"urlTemplate\":\"https:\/\/portalnpm.com\/?s={search_term_string}\"},\"query-input\":\"required name=search_term_string\"}],\"inLanguage\":\"pt-BR\"},{\"@type\":\"Person\",\"@id\":\"https:\/\/portalnpm.com\/#\/schema\/person\/49313e563cfdefcc167f1ee4c017c294\",\"name\":\"Genival Barbosa\",\"image\":{\"@type\":\"ImageObject\",\"inLanguage\":\"pt-BR\",\"@id\":\"https:\/\/portalnpm.com\/#\/schema\/person\/image\/\",\"url\":\"https:\/\/portalnpm.com\/wp-content\/uploads\/2024\/02\/avatar_user_2_1707743258-96x96.jpeg\",\"contentUrl\":\"https:\/\/portalnpm.com\/wp-content\/uploads\/2024\/02\/avatar_user_2_1707743258-96x96.jpeg\",\"caption\":\"Genival Barbosa\"},\"url\":\"https:\/\/portalnpm.com\/index.php\/author\/genival\/\"}]}<\/script>\n<!-- \/ Yoast SEO plugin. -->","yoast_head_json":{"title":"Pablo Santos volta para a Alepi e \u00cdtalo Rodrigues assume a Funda\u00e7\u00e3o Hospitalar","robots":{"index":"index","follow":"follow","max-snippet":"max-snippet:-1","max-image-preview":"max-image-preview:large","max-video-preview":"max-video-preview:-1"},"canonical":"https:\/\/portalnpm.com\/index.php\/2021\/02\/13\/pablo-santos-volta-para-a-alepi-e-italo-rodrigues-assume-a-fundacao-hospitalar\/","og_locale":"pt_BR","og_type":"article","og_title":"Pablo Santos volta para a Alepi e \u00cdtalo Rodrigues assume a Funda\u00e7\u00e3o Hospitalar","og_description":"O farmac&ecirc;utico &Iacute;talo Rodrigues assume, nesta sexta-feira (12), a presid&ecirc;ncia da Funda&ccedil;&atilde;o Estatal Piauiense de Servi&ccedil;os Hospitalares (Fepiserh). Ele substitui o m&eacute;dico dermatologista Pablo Santos, que retorna ao mandato de deputado estadual. &Iacute;talo Rodrigues &eacute; funcion&aacute;rio de carreira da Secretaria de Estado da Sa&uacute;de (Sesapi), conselheiro federal de farm&aacute;cia e ex-presidente do Conselho Regional de &hellip;","og_url":"https:\/\/portalnpm.com\/index.php\/2021\/02\/13\/pablo-santos-volta-para-a-alepi-e-italo-rodrigues-assume-a-fundacao-hospitalar\/","og_site_name":"Portal NPM","article_published_time":"2021-02-13T17:04:39+00:00","article_modified_time":"2024-01-16T01:49:31+00:00","author":"Genival Barbosa","twitter_card":"summary_large_image","twitter_misc":{"Escrito por":"Genival Barbosa","Est. tempo de leitura":"2 minutos"},"schema":{"@context":"https:\/\/schema.org","@graph":[{"@type":"WebPage","@id":"https:\/\/portalnpm.com\/index.php\/2021\/02\/13\/pablo-santos-volta-para-a-alepi-e-italo-rodrigues-assume-a-fundacao-hospitalar\/","url":"https:\/\/portalnpm.com\/index.php\/2021\/02\/13\/pablo-santos-volta-para-a-alepi-e-italo-rodrigues-assume-a-fundacao-hospitalar\/","name":"Pablo Santos volta para a Alepi e \u00cdtalo Rodrigues assume a Funda\u00e7\u00e3o Hospitalar","isPartOf":{"@id":"https:\/\/portalnpm.com\/#website"},"primaryImageOfPage":{"@id":"https:\/\/portalnpm.com\/index.php\/2021\/02\/13\/pablo-santos-volta-para-a-alepi-e-italo-rodrigues-assume-a-fundacao-hospitalar\/#primaryimage"},"image":{"@id":"https:\/\/portalnpm.com\/index.php\/2021\/02\/13\/pablo-santos-volta-para-a-alepi-e-italo-rodrigues-assume-a-fundacao-hospitalar\/#primaryimage"},"thumbnailUrl":"","datePublished":"2021-02-13T17:04:39+00:00","dateModified":"2024-01-16T01:49:31+00:00","author":{"@id":"https:\/\/portalnpm.com\/#\/schema\/person\/49313e563cfdefcc167f1ee4c017c294"},"breadcrumb":{"@id":"https:\/\/portalnpm.com\/index.php\/2021\/02\/13\/pablo-santos-volta-para-a-alepi-e-italo-rodrigues-assume-a-fundacao-hospitalar\/#breadcrumb"},"inLanguage":"pt-BR","potentialAction":[{"@type":"ReadAction","target":["https:\/\/portalnpm.com\/index.php\/2021\/02\/13\/pablo-santos-volta-para-a-alepi-e-italo-rodrigues-assume-a-fundacao-hospitalar\/"]}]},{"@type":"ImageObject","inLanguage":"pt-BR","@id":"https:\/\/portalnpm.com\/index.php\/2021\/02\/13\/pablo-santos-volta-para-a-alepi-e-italo-rodrigues-assume-a-fundacao-hospitalar\/#primaryimage","url":"","contentUrl":""},{"@type":"BreadcrumbList","@id":"https:\/\/portalnpm.com\/index.php\/2021\/02\/13\/pablo-santos-volta-para-a-alepi-e-italo-rodrigues-assume-a-fundacao-hospitalar\/#breadcrumb","itemListElement":[{"@type":"ListItem","position":1,"name":"In\u00edcio","item":"https:\/\/portalnpm.com\/"},{"@type":"ListItem","position":2,"name":"Pablo Santos volta para a Alepi e \u00cdtalo Rodrigues assume a Funda\u00e7\u00e3o Hospitalar"}]},{"@type":"WebSite","@id":"https:\/\/portalnpm.com\/#website","url":"https:\/\/portalnpm.com\/","name":"Portal NPM","description":"Not\u00edcias em Primeira M\u00e3o","potentialAction":[{"@type":"SearchAction","target":{"@type":"EntryPoint","urlTemplate":"https:\/\/portalnpm.com\/?s={search_term_string}"},"query-input":"required name=search_term_string"}],"inLanguage":"pt-BR"},{"@type":"Person","@id":"https:\/\/portalnpm.com\/#\/schema\/person\/49313e563cfdefcc167f1ee4c017c294","name":"Genival Barbosa","image":{"@type":"ImageObject","inLanguage":"pt-BR","@id":"https:\/\/portalnpm.com\/#\/schema\/person\/image\/","url":"https:\/\/portalnpm.com\/wp-content\/uploads\/2024\/02\/avatar_user_2_1707743258-96x96.jpeg","contentUrl":"https:\/\/portalnpm.com\/wp-content\/uploads\/2024\/02\/avatar_user_2_1707743258-96x96.jpeg","caption":"Genival Barbosa"},"url":"https:\/\/portalnpm.com\/index.php\/author\/genival\/"}]}},"jetpack_sharing_enabled":true,"jetpack_featured_media_url":"","_links":{"self":[{"href":"https:\/\/portalnpm.com\/index.php\/wp-json\/wp\/v2\/posts\/62476"}],"collection":[{"href":"https:\/\/portalnpm.com\/index.php\/wp-json\/wp\/v2\/posts"}],"about":[{"href":"https:\/\/portalnpm.com\/index.php\/wp-json\/wp\/v2\/types\/post"}],"author":[{"embeddable":true,"href":"https:\/\/portalnpm.com\/index.php\/wp-json\/wp\/v2\/users\/2"}],"replies":[{"embeddable":true,"href":"https:\/\/portalnpm.com\/index.php\/wp-json\/wp\/v2\/comments?post=62476"}],"version-history":[{"count":1,"href":"https:\/\/portalnpm.com\/index.php\/wp-json\/wp\/v2\/posts\/62476\/revisions"}],"predecessor-version":[{"id":62485,"href":"https:\/\/portalnpm.com\/index.php\/wp-json\/wp\/v2\/posts\/62476\/revisions\/62485"}],"wp:featuredmedia":[{"embeddable":true,"href":"https:\/\/portalnpm.com\/index.php\/wp-json\/"}],"wp:attachment":[{"href":"https:\/\/portalnpm.com\/index.php\/wp-json\/wp\/v2\/media?parent=62476"}],"wp:term":[{"taxonomy":"category","embeddable":true,"href":"https:\/\/portalnpm.com\/index.php\/wp-json\/wp\/v2\/categories?post=62476"},{"taxonomy":"post_tag","embeddable":true,"href":"https:\/\/portalnpm.com\/index.php\/wp-json\/wp\/v2\/tags?post=62476"}],"curies":[{"name":"wp","href":"https:\/\/api.w.org\/{rel}","templated":true}]}}