{"id":62611,"date":"2021-02-18T19:06:06","date_gmt":"2021-02-18T22:06:06","guid":{"rendered":"https:\/\/portalnpm.com\/index.php\/2021\/02\/18\/cpf-indica-quanto-voce-vai-receber-do-auxilio-emergencial-em-2021\/"},"modified":"2021-02-18T19:06:06","modified_gmt":"2021-02-18T22:06:06","slug":"cpf-indica-quanto-voce-vai-receber-do-auxilio-emergencial-em-2021","status":"publish","type":"post","link":"https:\/\/portalnpm.com\/index.php\/2021\/02\/18\/cpf-indica-quanto-voce-vai-receber-do-auxilio-emergencial-em-2021\/","title":{"rendered":"CPF indica quanto voc\u00ea vai receber do Aux\u00edlio Emergencial em 2021"},"content":{"rendered":"<p style=\"text-align: justify;\">O CPF ser\u00e1 o novo modo das pessoas tirarem d\u00favidas do Aux\u00edlio Emergencial 2021. Na verdade trata-se de um passo a passo liberado pelo Governo Federal. Para voc\u00ea tirar suas d\u00favidas sobre o aux\u00edlio ou consultar informa\u00e7\u00f5es relacionadas aos pagamentos, bastar\u00e1 ter em m\u00e3os o seu CPF para que o processamento seja feito pelo Dataprev.<\/p>\n<p style=\"text-align: justify;\">\n<p style=\"text-align: justify;\">\n<p style=\"text-align: justify;\">Tamb\u00e9m cont\u00e9m uma cartilha com informa\u00e7\u00f5es sobre como o cidad\u00e3o poder\u00e1 verificar sua situa\u00e7\u00e3o em rela\u00e7\u00e3o ao aux\u00edlio emergencial.<\/p>\n<p style=\"text-align: justify;\">Ser\u00e1 poss\u00edvel tamb\u00e9m consultar saldo dispon\u00edvel para movimenta\u00e7\u00e3o, pagamentos, saques e transfer\u00eancias, atrav\u00e9s do aplicativo Caixa Tem (dispon\u00edvel em Android e iOS).<\/p>\n<h2 id=\"h-aux-lio-emergencial-2021\" style=\"text-align: justify;\">Aux\u00edlio emergencial 2021<\/h2>\n<p style=\"text-align: justify;\">A expectativa agora \u00e9 que o Aux\u00edlio Emergencial comece a ser pago em mar\u00e7o com parcelas que ir\u00e3o at\u00e9 junho de 2021.<\/p>\n<div id=\"jorna-1234200359\" class=\"jorna-conteudo_4\" style=\"text-align: justify;\">\n<div>O presidente Jair Bolsonaro j\u00e1 deixou bem claro que n\u00e3o prentende ficar estendendo benef\u00edcio neste ano.<\/div>\n<\/div>\n<p style=\"text-align: justify;\">\u201cNo momento, a nossa equipe, juntamente com parlamentares, estuda a extens\u00e3o por mais alguns meses do aux\u00edlio emergencial, que \u2013 repito \u2013 o nome \u00e9 \u2018emergencial\u2019. N\u00e3o pode ser eterno porque isso representa um endividamento muito grande do nosso Pa\u00eds e ningu\u00e9m quer o Pa\u00eds quebrado\u201d.<\/p>\n<p style=\"text-align: justify;\">Existe a possibilidade do valor das parcelas serem entre R$ 200 ou R$ 250,00. Para o ministro da Economia, Paulo Guedes, a libera\u00e7\u00e3o do aux\u00edlio vai depender da aprova\u00e7\u00e3o das propostas em negocia\u00e7\u00e3o no Senado e do Or\u00e7amento de 2021. Guedes, ressalta que precisa de seguran\u00e7a jur\u00eddica, sendo ela uma declara\u00e7\u00e3o de calamidade ou uma reformula\u00e7\u00e3o na edi\u00e7\u00e3o da PEC do or\u00e7amento de guerra.<\/p>\n<p style=\"text-align: justify;\">Guedes j\u00e1 foi cobrado pelo presidente da C\u00e2mara, Arthur Lira (PP-AL), para que o novo benef\u00edcio seja liberado. Lira declarou que \u201cUrge que o ministro Guedes nos d\u00ea com sensibilidade do governo uma alternativa vi\u00e1vel\u201d para o retorno do aux\u00edlio emergencial.<br \/>\nO presidente da Rep\u00fablica j\u00e1 se convenceu que precisa retornar com o Aux\u00edlio Emergencial. No entanto, ele acredita que a dura\u00e7\u00e3o do pagamento seja no m\u00e1ximo em quatro meses, sem acontecer uma outra extens\u00e3o.<\/p>\n<div id=\"jorna-1644297780\" class=\"jorna-amp-teads\">\n<div style=\"text-align: justify;\">Fonte: Jornal Cont\u00e1bil<\/div>\n<\/div>\n","protected":false},"excerpt":{"rendered":"<p>O CPF ser\u00e1 o novo modo das pessoas tirarem d\u00favidas do Aux\u00edlio Emergencial 2021. Na verdade trata-se de um passo a passo liberado pelo Governo Federal. Para voc\u00ea tirar suas d\u00favidas sobre o aux\u00edlio ou consultar informa\u00e7\u00f5es relacionadas aos pagamentos, bastar\u00e1 ter em m\u00e3os o seu CPF para que o processamento seja feito pelo Dataprev. &hellip;<\/p>\n","protected":false},"author":2,"featured_media":62612,"comment_status":"open","ping_status":"open","sticky":false,"template":"","format":"standard","meta":{"content-type":"","rop_custom_images_group":[],"rop_custom_messages_group":[],"rop_publish_now":"initial","rop_publish_now_accounts":{"facebook_2648258775420054_1618374048415101":""},"rop_publish_now_history":[],"rop_publish_now_status":"pending","footnotes":"","_jetpack_memberships_contains_paid_content":false},"categories":[113,414],"tags":[3975,9804,9805],"yoast_head":"<!-- This site is optimized with the Yoast SEO plugin v22.3 - https:\/\/yoast.com\/wordpress\/plugins\/seo\/ -->\n<title>CPF indica quanto voc\u00ea vai receber do Aux\u00edlio Emergencial em 2021<\/title>\n<meta name=\"robots\" content=\"index, follow, max-snippet:-1, max-image-preview:large, max-video-preview:-1\" \/>\n<link rel=\"canonical\" href=\"https:\/\/portalnpm.com\/index.php\/2021\/02\/18\/cpf-indica-quanto-voce-vai-receber-do-auxilio-emergencial-em-2021\/\" \/>\n<meta property=\"og:locale\" content=\"pt_BR\" \/>\n<meta property=\"og:type\" content=\"article\" \/>\n<meta property=\"og:title\" content=\"CPF indica quanto voc\u00ea vai receber do Aux\u00edlio Emergencial em 2021\" \/>\n<meta property=\"og:description\" content=\"O CPF ser\u00e1 o novo modo das pessoas tirarem d\u00favidas do Aux\u00edlio Emergencial 2021. Na verdade trata-se de um passo a passo liberado pelo Governo Federal. Para voc\u00ea tirar suas d\u00favidas sobre o aux\u00edlio ou consultar informa\u00e7\u00f5es relacionadas aos pagamentos, bastar\u00e1 ter em m\u00e3os o seu CPF para que o processamento seja feito pelo Dataprev. &hellip;\" \/>\n<meta property=\"og:url\" content=\"https:\/\/portalnpm.com\/index.php\/2021\/02\/18\/cpf-indica-quanto-voce-vai-receber-do-auxilio-emergencial-em-2021\/\" \/>\n<meta property=\"og:site_name\" content=\"Portal NPM\" \/>\n<meta property=\"article:published_time\" content=\"2021-02-18T22:06:06+00:00\" \/>\n<meta property=\"og:image\" content=\"https:\/\/portalnpm.com\/wp-content\/uploads\/2024\/01\/CPF-1900x900_c.jpg\" \/>\n\t<meta property=\"og:image:width\" content=\"1900\" \/>\n\t<meta property=\"og:image:height\" content=\"900\" \/>\n\t<meta property=\"og:image:type\" content=\"image\/jpeg\" \/>\n<meta name=\"author\" content=\"Genival Barbosa\" \/>\n<meta name=\"twitter:card\" content=\"summary_large_image\" \/>\n<meta name=\"twitter:label1\" content=\"Escrito por\" \/>\n\t<meta name=\"twitter:data1\" content=\"Genival Barbosa\" \/>\n\t<meta name=\"twitter:label2\" content=\"Est. tempo de leitura\" \/>\n\t<meta name=\"twitter:data2\" content=\"2 minutos\" \/>\n<script type=\"application\/ld+json\" class=\"yoast-schema-graph\">{\"@context\":\"https:\/\/schema.org\",\"@graph\":[{\"@type\":\"WebPage\",\"@id\":\"https:\/\/portalnpm.com\/index.php\/2021\/02\/18\/cpf-indica-quanto-voce-vai-receber-do-auxilio-emergencial-em-2021\/\",\"url\":\"https:\/\/portalnpm.com\/index.php\/2021\/02\/18\/cpf-indica-quanto-voce-vai-receber-do-auxilio-emergencial-em-2021\/\",\"name\":\"CPF indica quanto voc\u00ea vai receber do Aux\u00edlio Emergencial em 2021\",\"isPartOf\":{\"@id\":\"https:\/\/portalnpm.com\/#website\"},\"primaryImageOfPage\":{\"@id\":\"https:\/\/portalnpm.com\/index.php\/2021\/02\/18\/cpf-indica-quanto-voce-vai-receber-do-auxilio-emergencial-em-2021\/#primaryimage\"},\"image\":{\"@id\":\"https:\/\/portalnpm.com\/index.php\/2021\/02\/18\/cpf-indica-quanto-voce-vai-receber-do-auxilio-emergencial-em-2021\/#primaryimage\"},\"thumbnailUrl\":\"https:\/\/portalnpm.com\/wp-content\/uploads\/2024\/01\/CPF-1900x900_c.jpg\",\"datePublished\":\"2021-02-18T22:06:06+00:00\",\"dateModified\":\"2021-02-18T22:06:06+00:00\",\"author\":{\"@id\":\"https:\/\/portalnpm.com\/#\/schema\/person\/49313e563cfdefcc167f1ee4c017c294\"},\"breadcrumb\":{\"@id\":\"https:\/\/portalnpm.com\/index.php\/2021\/02\/18\/cpf-indica-quanto-voce-vai-receber-do-auxilio-emergencial-em-2021\/#breadcrumb\"},\"inLanguage\":\"pt-BR\",\"potentialAction\":[{\"@type\":\"ReadAction\",\"target\":[\"https:\/\/portalnpm.com\/index.php\/2021\/02\/18\/cpf-indica-quanto-voce-vai-receber-do-auxilio-emergencial-em-2021\/\"]}]},{\"@type\":\"ImageObject\",\"inLanguage\":\"pt-BR\",\"@id\":\"https:\/\/portalnpm.com\/index.php\/2021\/02\/18\/cpf-indica-quanto-voce-vai-receber-do-auxilio-emergencial-em-2021\/#primaryimage\",\"url\":\"https:\/\/portalnpm.com\/wp-content\/uploads\/2024\/01\/CPF-1900x900_c.jpg\",\"contentUrl\":\"https:\/\/portalnpm.com\/wp-content\/uploads\/2024\/01\/CPF-1900x900_c.jpg\",\"width\":1900,\"height\":900},{\"@type\":\"BreadcrumbList\",\"@id\":\"https:\/\/portalnpm.com\/index.php\/2021\/02\/18\/cpf-indica-quanto-voce-vai-receber-do-auxilio-emergencial-em-2021\/#breadcrumb\",\"itemListElement\":[{\"@type\":\"ListItem\",\"position\":1,\"name\":\"In\u00edcio\",\"item\":\"https:\/\/portalnpm.com\/\"},{\"@type\":\"ListItem\",\"position\":2,\"name\":\"CPF indica quanto voc\u00ea vai receber do Aux\u00edlio Emergencial em 2021\"}]},{\"@type\":\"WebSite\",\"@id\":\"https:\/\/portalnpm.com\/#website\",\"url\":\"https:\/\/portalnpm.com\/\",\"name\":\"Portal NPM\",\"description\":\"Not\u00edcias em Primeira M\u00e3o\",\"potentialAction\":[{\"@type\":\"SearchAction\",\"target\":{\"@type\":\"EntryPoint\",\"urlTemplate\":\"https:\/\/portalnpm.com\/?s={search_term_string}\"},\"query-input\":\"required name=search_term_string\"}],\"inLanguage\":\"pt-BR\"},{\"@type\":\"Person\",\"@id\":\"https:\/\/portalnpm.com\/#\/schema\/person\/49313e563cfdefcc167f1ee4c017c294\",\"name\":\"Genival Barbosa\",\"image\":{\"@type\":\"ImageObject\",\"inLanguage\":\"pt-BR\",\"@id\":\"https:\/\/portalnpm.com\/#\/schema\/person\/image\/\",\"url\":\"https:\/\/portalnpm.com\/wp-content\/uploads\/2024\/02\/avatar_user_2_1707743258-96x96.jpeg\",\"contentUrl\":\"https:\/\/portalnpm.com\/wp-content\/uploads\/2024\/02\/avatar_user_2_1707743258-96x96.jpeg\",\"caption\":\"Genival Barbosa\"},\"url\":\"https:\/\/portalnpm.com\/index.php\/author\/genival\/\"}]}<\/script>\n<!-- \/ Yoast SEO plugin. -->","yoast_head_json":{"title":"CPF indica quanto voc\u00ea vai receber do Aux\u00edlio Emergencial em 2021","robots":{"index":"index","follow":"follow","max-snippet":"max-snippet:-1","max-image-preview":"max-image-preview:large","max-video-preview":"max-video-preview:-1"},"canonical":"https:\/\/portalnpm.com\/index.php\/2021\/02\/18\/cpf-indica-quanto-voce-vai-receber-do-auxilio-emergencial-em-2021\/","og_locale":"pt_BR","og_type":"article","og_title":"CPF indica quanto voc\u00ea vai receber do Aux\u00edlio Emergencial em 2021","og_description":"O CPF ser\u00e1 o novo modo das pessoas tirarem d\u00favidas do Aux\u00edlio Emergencial 2021. Na verdade trata-se de um passo a passo liberado pelo Governo Federal. Para voc\u00ea tirar suas d\u00favidas sobre o aux\u00edlio ou consultar informa\u00e7\u00f5es relacionadas aos pagamentos, bastar\u00e1 ter em m\u00e3os o seu CPF para que o processamento seja feito pelo Dataprev. &hellip;","og_url":"https:\/\/portalnpm.com\/index.php\/2021\/02\/18\/cpf-indica-quanto-voce-vai-receber-do-auxilio-emergencial-em-2021\/","og_site_name":"Portal NPM","article_published_time":"2021-02-18T22:06:06+00:00","og_image":[{"width":1900,"height":900,"url":"https:\/\/portalnpm.com\/wp-content\/uploads\/2024\/01\/CPF-1900x900_c.jpg","type":"image\/jpeg"}],"author":"Genival Barbosa","twitter_card":"summary_large_image","twitter_misc":{"Escrito por":"Genival Barbosa","Est. tempo de leitura":"2 minutos"},"schema":{"@context":"https:\/\/schema.org","@graph":[{"@type":"WebPage","@id":"https:\/\/portalnpm.com\/index.php\/2021\/02\/18\/cpf-indica-quanto-voce-vai-receber-do-auxilio-emergencial-em-2021\/","url":"https:\/\/portalnpm.com\/index.php\/2021\/02\/18\/cpf-indica-quanto-voce-vai-receber-do-auxilio-emergencial-em-2021\/","name":"CPF indica quanto voc\u00ea vai receber do Aux\u00edlio Emergencial em 2021","isPartOf":{"@id":"https:\/\/portalnpm.com\/#website"},"primaryImageOfPage":{"@id":"https:\/\/portalnpm.com\/index.php\/2021\/02\/18\/cpf-indica-quanto-voce-vai-receber-do-auxilio-emergencial-em-2021\/#primaryimage"},"image":{"@id":"https:\/\/portalnpm.com\/index.php\/2021\/02\/18\/cpf-indica-quanto-voce-vai-receber-do-auxilio-emergencial-em-2021\/#primaryimage"},"thumbnailUrl":"https:\/\/portalnpm.com\/wp-content\/uploads\/2024\/01\/CPF-1900x900_c.jpg","datePublished":"2021-02-18T22:06:06+00:00","dateModified":"2021-02-18T22:06:06+00:00","author":{"@id":"https:\/\/portalnpm.com\/#\/schema\/person\/49313e563cfdefcc167f1ee4c017c294"},"breadcrumb":{"@id":"https:\/\/portalnpm.com\/index.php\/2021\/02\/18\/cpf-indica-quanto-voce-vai-receber-do-auxilio-emergencial-em-2021\/#breadcrumb"},"inLanguage":"pt-BR","potentialAction":[{"@type":"ReadAction","target":["https:\/\/portalnpm.com\/index.php\/2021\/02\/18\/cpf-indica-quanto-voce-vai-receber-do-auxilio-emergencial-em-2021\/"]}]},{"@type":"ImageObject","inLanguage":"pt-BR","@id":"https:\/\/portalnpm.com\/index.php\/2021\/02\/18\/cpf-indica-quanto-voce-vai-receber-do-auxilio-emergencial-em-2021\/#primaryimage","url":"https:\/\/portalnpm.com\/wp-content\/uploads\/2024\/01\/CPF-1900x900_c.jpg","contentUrl":"https:\/\/portalnpm.com\/wp-content\/uploads\/2024\/01\/CPF-1900x900_c.jpg","width":1900,"height":900},{"@type":"BreadcrumbList","@id":"https:\/\/portalnpm.com\/index.php\/2021\/02\/18\/cpf-indica-quanto-voce-vai-receber-do-auxilio-emergencial-em-2021\/#breadcrumb","itemListElement":[{"@type":"ListItem","position":1,"name":"In\u00edcio","item":"https:\/\/portalnpm.com\/"},{"@type":"ListItem","position":2,"name":"CPF indica quanto voc\u00ea vai receber do Aux\u00edlio Emergencial em 2021"}]},{"@type":"WebSite","@id":"https:\/\/portalnpm.com\/#website","url":"https:\/\/portalnpm.com\/","name":"Portal NPM","description":"Not\u00edcias em Primeira M\u00e3o","potentialAction":[{"@type":"SearchAction","target":{"@type":"EntryPoint","urlTemplate":"https:\/\/portalnpm.com\/?s={search_term_string}"},"query-input":"required name=search_term_string"}],"inLanguage":"pt-BR"},{"@type":"Person","@id":"https:\/\/portalnpm.com\/#\/schema\/person\/49313e563cfdefcc167f1ee4c017c294","name":"Genival Barbosa","image":{"@type":"ImageObject","inLanguage":"pt-BR","@id":"https:\/\/portalnpm.com\/#\/schema\/person\/image\/","url":"https:\/\/portalnpm.com\/wp-content\/uploads\/2024\/02\/avatar_user_2_1707743258-96x96.jpeg","contentUrl":"https:\/\/portalnpm.com\/wp-content\/uploads\/2024\/02\/avatar_user_2_1707743258-96x96.jpeg","caption":"Genival Barbosa"},"url":"https:\/\/portalnpm.com\/index.php\/author\/genival\/"}]}},"jetpack_sharing_enabled":true,"jetpack_featured_media_url":"https:\/\/portalnpm.com\/wp-content\/uploads\/2024\/01\/CPF-1900x900_c.jpg","_links":{"self":[{"href":"https:\/\/portalnpm.com\/index.php\/wp-json\/wp\/v2\/posts\/62611"}],"collection":[{"href":"https:\/\/portalnpm.com\/index.php\/wp-json\/wp\/v2\/posts"}],"about":[{"href":"https:\/\/portalnpm.com\/index.php\/wp-json\/wp\/v2\/types\/post"}],"author":[{"embeddable":true,"href":"https:\/\/portalnpm.com\/index.php\/wp-json\/wp\/v2\/users\/2"}],"replies":[{"embeddable":true,"href":"https:\/\/portalnpm.com\/index.php\/wp-json\/wp\/v2\/comments?post=62611"}],"version-history":[{"count":0,"href":"https:\/\/portalnpm.com\/index.php\/wp-json\/wp\/v2\/posts\/62611\/revisions"}],"wp:featuredmedia":[{"embeddable":true,"href":"https:\/\/portalnpm.com\/index.php\/wp-json\/wp\/v2\/media\/62612"}],"wp:attachment":[{"href":"https:\/\/portalnpm.com\/index.php\/wp-json\/wp\/v2\/media?parent=62611"}],"wp:term":[{"taxonomy":"category","embeddable":true,"href":"https:\/\/portalnpm.com\/index.php\/wp-json\/wp\/v2\/categories?post=62611"},{"taxonomy":"post_tag","embeddable":true,"href":"https:\/\/portalnpm.com\/index.php\/wp-json\/wp\/v2\/tags?post=62611"}],"curies":[{"name":"wp","href":"https:\/\/api.w.org\/{rel}","templated":true}]}}