{"id":62640,"date":"2021-02-19T19:02:08","date_gmt":"2021-02-19T22:02:08","guid":{"rendered":"https:\/\/portalnpm.com\/index.php\/2021\/02\/19\/marcelo-castro-pede-calma-e-admite-ser-candidato-a-governador-em-reuniao-do-mdb\/"},"modified":"2021-02-19T19:02:08","modified_gmt":"2021-02-19T22:02:08","slug":"marcelo-castro-pede-calma-e-admite-ser-candidato-a-governador-em-reuniao-do-mdb","status":"publish","type":"post","link":"https:\/\/portalnpm.com\/index.php\/2021\/02\/19\/marcelo-castro-pede-calma-e-admite-ser-candidato-a-governador-em-reuniao-do-mdb\/","title":{"rendered":"Marcelo Castro pede \u201ccalma\u201d e admite ser candidato a governador em reuni\u00e3o do MDB"},"content":{"rendered":"<p style=\"text-align: justify;\">Pela primeira vez ap\u00f3s as elei\u00e7\u00f5es de 2020, o MDB re\u00fane nesta sexta-feira (19) os diret\u00f3rios municipal e estadual para discutir o pleito de 2022. No encontro, o presidente do Diret\u00f3rio Estadual, Marcelo Castro buscou acalmar os aliados ao afirmar que estar\u00e1 na linha de frente das discuss\u00f5es sobre a estrat\u00e9gia da base governista para a disputar do pr\u00f3ximo ano.<\/p>\n<p style=\"text-align: justify;\">\n<p style=\"text-align: justify;\">\n<p style=\"text-align: justify;\">No partido, o clima \u00e9 de apreens\u00e3o com rela\u00e7\u00e3o as chapas proporcionais e a possibilidade da sigla lan\u00e7ar o senador como candidato. Ele afirma que \u00e9 preciso ter calma e n\u00e3o descarta ser candidato a governador.<\/p>\n<p style=\"text-align: justify;\">&#8220;Quando era menino em S\u00e3o Raimundo Nonato e quando algu\u00e9m\u00a0 perguntava se algo era poss\u00edvel, respondiam que imposs\u00edvel s\u00f3 Deus pecar. Tirando essa possibilidade, tudo sobre a terra e o c\u00e9u \u00e9 poss\u00edvel. Mas, n\u00e3o trabalho com essa hip\u00f3tese. Fui eleito senador em uma elei\u00e7\u00e3o de \u00faltima hora. Muito dif\u00edcil. As pesquisas\u00a0 me colocavam em desvantagem, mas tenho obriga\u00e7\u00e3o de me dedicar ao meu mandato e compromisso e fazer o m\u00e1ximo como candidato a senador. Mas como presidente do MDB, nesse papel de destaque, e com o diferencial do MDB ter a prefeitura da capital. Temos um prefeito popular e isso \u00e9 um trunfo para 2022. Sou tesoureiro nacional do partido, senador, como vou ficar de fora das discuss\u00f5es e articula\u00e7\u00f5es? Seria um desservi\u00e7o para meu partido. Evidentemente estarei na linha de frente.\u00a0 Ajudando a construir uma solu\u00e7\u00e3o para o grupo que \u00e9 a base do governador Wellington Dias&#8221;,\u00a0 afirmou.<\/p>\n<p style=\"text-align: justify;\">Marcelo Castro disse que a \u00fanica certeza que existe no momento \u00e9 que o partido estar\u00e1 na chapa majorit\u00e1ria. Para 2022, a chapa s\u00f3\u00a0 ter\u00e1\u00a0 tr\u00eas vagas, j\u00e1 que s\u00f3 ter\u00e1 um para senador.<\/p>\n<p style=\"text-align: justify;\">&#8220;Com toda certeza o MDB estar\u00e1 na chapa majorit\u00e1ria. Se tiver uma coisa quase 100% certo, \u00e9 isso. O MDB teve o maior n\u00famero de votos, tem o prefeito da capital, v\u00e3o se admitir que o MDB n\u00e3o participe dessa chapa. Acho improv\u00e1vel&#8221;, afirmou.<\/p>\n<p style=\"text-align: justify;\"><strong>Dr. Pessoa<\/strong><\/p>\n<p style=\"text-align: justify;\">Para o presidente estadual do MDB, o descontentamento de parte do MDB com a gest\u00e3o de Dr. Pessoa \u00e9 natural e pediu calma.<\/p>\n<p style=\"text-align: justify;\">&#8220;\u00c9 preciso um freio de arruma\u00e7\u00e3o. As pessoas t\u00eam expectativa e \u00e0s vezes n\u00e3o cabe dentro da administra\u00e7\u00e3o. Precisa de calma e serenidade. Dr. Pessoa escolheu um bom secretariado, tem tudo para fazer uma boa gest\u00e3o e fazendo uma boa gest\u00e3o, o MDB \u00e9 que mais vai se beneficiar. O grupo da base do governo. N\u00e3o s\u00f3 o MDB, mas toda a base&#8221;, comentou.<\/p>\n<p style=\"text-align: justify;\">Ele garante que o prefeito ter\u00e1 papel fundamental na estrat\u00e9gia\u00a0 da sigla.<\/p>\n<p style=\"text-align: justify;\">&#8220;O primeiro e o mais ouvido nessa elei\u00e7\u00e3o ser\u00e1 Dr. Pessoa. Pela proemin\u00eancia que ele tem. \u00c9 prefeito da capital. Quando foi\u00a0 que o Piau\u00ed teve uma elei\u00e7\u00e3o de governador que o prefeito da capital n\u00e3o foi importante nas decis\u00f5es pol\u00edticas? Nunca e nem vai acontecer. O Dr. Pessoa ser\u00e1 a primeira pessoa a participar, discutir e opinar. A indicar e influenciar nas decis\u00f5es que o MDB for tomar. O contr\u00e1rio seria inimagin\u00e1vel&#8221;, afirmou.<\/p>\n<p style=\"text-align: justify;\"><strong>Elei\u00e7\u00e3o Proporcional\u00a0<\/strong><\/p>\n<p style=\"text-align: justify;\">Marcelo Castro buscou acalmar os deputados. Ele lembra que a apreens\u00e3o s\u00e3o de todos partidos.<\/p>\n<p style=\"text-align: justify;\">&#8220;\u00c9 uma reuni\u00e3o extraordin\u00e1ria para ocupar o lugar de uma ordin\u00e1ria que n\u00e3o conseguimos fazer por causa da pandemia. Evidente que como n\u00e3o\u00a0 nos reunimos depois da elei\u00e7\u00e3o de prefeito\u00a0 vamos fazer um balan\u00e7o geral de como o partido se saiu. E sem nenhuma d\u00favida, n\u00e3o h\u00e1 como um partido se reunir e n\u00e3o falar sobre 2022 nessas alturas. Essa \u00e9 uma preocupa\u00e7\u00e3o n\u00e3o s\u00f3 do MDB, mas de todos os partidos. \u00c9 a primeira vez que vamos fazer uma elei\u00e7\u00e3o de deputado estadual e federal sem coliga\u00e7\u00f5es proporcionais. Nas outras elei\u00e7\u00f5es, os partidos tinham uma estrat\u00e9gia eleitoral para fazerem coliga\u00e7\u00f5es. Sem coliga\u00e7\u00f5es proporcionais, cada partido ter\u00e1 que fazer sua legenda individualmente. Naturalmente todo partido fica preocupado com isso. Todos que t\u00eam mandatos querem se manter e que \u00e9 candidato querem se eleger. E para se elegerem querem j\u00e1 chapa com uma legenda favor\u00e1vel&#8221;, disse.<\/p>\n<p style=\"text-align: justify;\">\n<p style=\"text-align: justify;\">Por Cidade Verde<\/p>\n","protected":false},"excerpt":{"rendered":"<p>Pela primeira vez ap\u00f3s as elei\u00e7\u00f5es de 2020, o MDB re\u00fane nesta sexta-feira (19) os diret\u00f3rios municipal e estadual para discutir o pleito de 2022. No encontro, o presidente do Diret\u00f3rio Estadual, Marcelo Castro buscou acalmar os aliados ao afirmar que estar\u00e1 na linha de frente das discuss\u00f5es sobre a estrat\u00e9gia da base governista para &hellip;<\/p>\n","protected":false},"author":2,"featured_media":62641,"comment_status":"open","ping_status":"open","sticky":false,"template":"","format":"standard","meta":{"content-type":"","rop_custom_images_group":[],"rop_custom_messages_group":[],"rop_publish_now":"initial","rop_publish_now_accounts":{"facebook_2648258775420054_1618374048415101":""},"rop_publish_now_history":[],"rop_publish_now_status":"pending","footnotes":"","_jetpack_memberships_contains_paid_content":false},"categories":[113,188,130],"tags":[9839,9840,402,9841,9842],"yoast_head":"<!-- This site is optimized with the Yoast SEO plugin v22.3 - https:\/\/yoast.com\/wordpress\/plugins\/seo\/ -->\n<title>Marcelo Castro pede \u201ccalma\u201d e admite ser candidato a governador em reuni\u00e3o do MDB<\/title>\n<meta name=\"robots\" content=\"index, follow, max-snippet:-1, max-image-preview:large, max-video-preview:-1\" \/>\n<link rel=\"canonical\" href=\"https:\/\/portalnpm.com\/index.php\/2021\/02\/19\/marcelo-castro-pede-calma-e-admite-ser-candidato-a-governador-em-reuniao-do-mdb\/\" \/>\n<meta property=\"og:locale\" content=\"pt_BR\" \/>\n<meta property=\"og:type\" content=\"article\" \/>\n<meta property=\"og:title\" content=\"Marcelo Castro pede \u201ccalma\u201d e admite ser candidato a governador em reuni\u00e3o do MDB\" \/>\n<meta property=\"og:description\" content=\"Pela primeira vez ap\u00f3s as elei\u00e7\u00f5es de 2020, o MDB re\u00fane nesta sexta-feira (19) os diret\u00f3rios municipal e estadual para discutir o pleito de 2022. No encontro, o presidente do Diret\u00f3rio Estadual, Marcelo Castro buscou acalmar os aliados ao afirmar que estar\u00e1 na linha de frente das discuss\u00f5es sobre a estrat\u00e9gia da base governista para &hellip;\" \/>\n<meta property=\"og:url\" content=\"https:\/\/portalnpm.com\/index.php\/2021\/02\/19\/marcelo-castro-pede-calma-e-admite-ser-candidato-a-governador-em-reuniao-do-mdb\/\" \/>\n<meta property=\"og:site_name\" content=\"Portal NPM\" \/>\n<meta property=\"article:published_time\" content=\"2021-02-19T22:02:08+00:00\" \/>\n<meta property=\"og:image\" content=\"https:\/\/portalnpm.com\/wp-content\/uploads\/2024\/01\/71c7a8f438b77e0db8ca935f2b44866b.jpg\" \/>\n\t<meta property=\"og:image:width\" content=\"790\" \/>\n\t<meta property=\"og:image:height\" content=\"526\" \/>\n\t<meta property=\"og:image:type\" content=\"image\/jpeg\" \/>\n<meta name=\"author\" content=\"Genival Barbosa\" \/>\n<meta name=\"twitter:card\" content=\"summary_large_image\" \/>\n<meta name=\"twitter:label1\" content=\"Escrito por\" \/>\n\t<meta name=\"twitter:data1\" content=\"Genival Barbosa\" \/>\n\t<meta name=\"twitter:label2\" content=\"Est. tempo de leitura\" \/>\n\t<meta name=\"twitter:data2\" content=\"4 minutos\" \/>\n<script type=\"application\/ld+json\" class=\"yoast-schema-graph\">{\"@context\":\"https:\/\/schema.org\",\"@graph\":[{\"@type\":\"WebPage\",\"@id\":\"https:\/\/portalnpm.com\/index.php\/2021\/02\/19\/marcelo-castro-pede-calma-e-admite-ser-candidato-a-governador-em-reuniao-do-mdb\/\",\"url\":\"https:\/\/portalnpm.com\/index.php\/2021\/02\/19\/marcelo-castro-pede-calma-e-admite-ser-candidato-a-governador-em-reuniao-do-mdb\/\",\"name\":\"Marcelo Castro pede \u201ccalma\u201d e admite ser candidato a governador em reuni\u00e3o do MDB\",\"isPartOf\":{\"@id\":\"https:\/\/portalnpm.com\/#website\"},\"primaryImageOfPage\":{\"@id\":\"https:\/\/portalnpm.com\/index.php\/2021\/02\/19\/marcelo-castro-pede-calma-e-admite-ser-candidato-a-governador-em-reuniao-do-mdb\/#primaryimage\"},\"image\":{\"@id\":\"https:\/\/portalnpm.com\/index.php\/2021\/02\/19\/marcelo-castro-pede-calma-e-admite-ser-candidato-a-governador-em-reuniao-do-mdb\/#primaryimage\"},\"thumbnailUrl\":\"https:\/\/portalnpm.com\/wp-content\/uploads\/2024\/01\/71c7a8f438b77e0db8ca935f2b44866b.jpg\",\"datePublished\":\"2021-02-19T22:02:08+00:00\",\"dateModified\":\"2021-02-19T22:02:08+00:00\",\"author\":{\"@id\":\"https:\/\/portalnpm.com\/#\/schema\/person\/49313e563cfdefcc167f1ee4c017c294\"},\"breadcrumb\":{\"@id\":\"https:\/\/portalnpm.com\/index.php\/2021\/02\/19\/marcelo-castro-pede-calma-e-admite-ser-candidato-a-governador-em-reuniao-do-mdb\/#breadcrumb\"},\"inLanguage\":\"pt-BR\",\"potentialAction\":[{\"@type\":\"ReadAction\",\"target\":[\"https:\/\/portalnpm.com\/index.php\/2021\/02\/19\/marcelo-castro-pede-calma-e-admite-ser-candidato-a-governador-em-reuniao-do-mdb\/\"]}]},{\"@type\":\"ImageObject\",\"inLanguage\":\"pt-BR\",\"@id\":\"https:\/\/portalnpm.com\/index.php\/2021\/02\/19\/marcelo-castro-pede-calma-e-admite-ser-candidato-a-governador-em-reuniao-do-mdb\/#primaryimage\",\"url\":\"https:\/\/portalnpm.com\/wp-content\/uploads\/2024\/01\/71c7a8f438b77e0db8ca935f2b44866b.jpg\",\"contentUrl\":\"https:\/\/portalnpm.com\/wp-content\/uploads\/2024\/01\/71c7a8f438b77e0db8ca935f2b44866b.jpg\",\"width\":790,\"height\":526},{\"@type\":\"BreadcrumbList\",\"@id\":\"https:\/\/portalnpm.com\/index.php\/2021\/02\/19\/marcelo-castro-pede-calma-e-admite-ser-candidato-a-governador-em-reuniao-do-mdb\/#breadcrumb\",\"itemListElement\":[{\"@type\":\"ListItem\",\"position\":1,\"name\":\"In\u00edcio\",\"item\":\"https:\/\/portalnpm.com\/\"},{\"@type\":\"ListItem\",\"position\":2,\"name\":\"Marcelo Castro pede \u201ccalma\u201d e admite ser candidato a governador em reuni\u00e3o do MDB\"}]},{\"@type\":\"WebSite\",\"@id\":\"https:\/\/portalnpm.com\/#website\",\"url\":\"https:\/\/portalnpm.com\/\",\"name\":\"Portal NPM\",\"description\":\"Not\u00edcias em Primeira M\u00e3o\",\"potentialAction\":[{\"@type\":\"SearchAction\",\"target\":{\"@type\":\"EntryPoint\",\"urlTemplate\":\"https:\/\/portalnpm.com\/?s={search_term_string}\"},\"query-input\":\"required name=search_term_string\"}],\"inLanguage\":\"pt-BR\"},{\"@type\":\"Person\",\"@id\":\"https:\/\/portalnpm.com\/#\/schema\/person\/49313e563cfdefcc167f1ee4c017c294\",\"name\":\"Genival Barbosa\",\"image\":{\"@type\":\"ImageObject\",\"inLanguage\":\"pt-BR\",\"@id\":\"https:\/\/portalnpm.com\/#\/schema\/person\/image\/\",\"url\":\"https:\/\/portalnpm.com\/wp-content\/uploads\/2024\/02\/avatar_user_2_1707743258-96x96.jpeg\",\"contentUrl\":\"https:\/\/portalnpm.com\/wp-content\/uploads\/2024\/02\/avatar_user_2_1707743258-96x96.jpeg\",\"caption\":\"Genival Barbosa\"},\"url\":\"https:\/\/portalnpm.com\/index.php\/author\/genival\/\"}]}<\/script>\n<!-- \/ Yoast SEO plugin. -->","yoast_head_json":{"title":"Marcelo Castro pede \u201ccalma\u201d e admite ser candidato a governador em reuni\u00e3o do MDB","robots":{"index":"index","follow":"follow","max-snippet":"max-snippet:-1","max-image-preview":"max-image-preview:large","max-video-preview":"max-video-preview:-1"},"canonical":"https:\/\/portalnpm.com\/index.php\/2021\/02\/19\/marcelo-castro-pede-calma-e-admite-ser-candidato-a-governador-em-reuniao-do-mdb\/","og_locale":"pt_BR","og_type":"article","og_title":"Marcelo Castro pede \u201ccalma\u201d e admite ser candidato a governador em reuni\u00e3o do MDB","og_description":"Pela primeira vez ap\u00f3s as elei\u00e7\u00f5es de 2020, o MDB re\u00fane nesta sexta-feira (19) os diret\u00f3rios municipal e estadual para discutir o pleito de 2022. No encontro, o presidente do Diret\u00f3rio Estadual, Marcelo Castro buscou acalmar os aliados ao afirmar que estar\u00e1 na linha de frente das discuss\u00f5es sobre a estrat\u00e9gia da base governista para &hellip;","og_url":"https:\/\/portalnpm.com\/index.php\/2021\/02\/19\/marcelo-castro-pede-calma-e-admite-ser-candidato-a-governador-em-reuniao-do-mdb\/","og_site_name":"Portal NPM","article_published_time":"2021-02-19T22:02:08+00:00","og_image":[{"width":790,"height":526,"url":"https:\/\/portalnpm.com\/wp-content\/uploads\/2024\/01\/71c7a8f438b77e0db8ca935f2b44866b.jpg","type":"image\/jpeg"}],"author":"Genival Barbosa","twitter_card":"summary_large_image","twitter_misc":{"Escrito por":"Genival Barbosa","Est. tempo de leitura":"4 minutos"},"schema":{"@context":"https:\/\/schema.org","@graph":[{"@type":"WebPage","@id":"https:\/\/portalnpm.com\/index.php\/2021\/02\/19\/marcelo-castro-pede-calma-e-admite-ser-candidato-a-governador-em-reuniao-do-mdb\/","url":"https:\/\/portalnpm.com\/index.php\/2021\/02\/19\/marcelo-castro-pede-calma-e-admite-ser-candidato-a-governador-em-reuniao-do-mdb\/","name":"Marcelo Castro pede \u201ccalma\u201d e admite ser candidato a governador em reuni\u00e3o do MDB","isPartOf":{"@id":"https:\/\/portalnpm.com\/#website"},"primaryImageOfPage":{"@id":"https:\/\/portalnpm.com\/index.php\/2021\/02\/19\/marcelo-castro-pede-calma-e-admite-ser-candidato-a-governador-em-reuniao-do-mdb\/#primaryimage"},"image":{"@id":"https:\/\/portalnpm.com\/index.php\/2021\/02\/19\/marcelo-castro-pede-calma-e-admite-ser-candidato-a-governador-em-reuniao-do-mdb\/#primaryimage"},"thumbnailUrl":"https:\/\/portalnpm.com\/wp-content\/uploads\/2024\/01\/71c7a8f438b77e0db8ca935f2b44866b.jpg","datePublished":"2021-02-19T22:02:08+00:00","dateModified":"2021-02-19T22:02:08+00:00","author":{"@id":"https:\/\/portalnpm.com\/#\/schema\/person\/49313e563cfdefcc167f1ee4c017c294"},"breadcrumb":{"@id":"https:\/\/portalnpm.com\/index.php\/2021\/02\/19\/marcelo-castro-pede-calma-e-admite-ser-candidato-a-governador-em-reuniao-do-mdb\/#breadcrumb"},"inLanguage":"pt-BR","potentialAction":[{"@type":"ReadAction","target":["https:\/\/portalnpm.com\/index.php\/2021\/02\/19\/marcelo-castro-pede-calma-e-admite-ser-candidato-a-governador-em-reuniao-do-mdb\/"]}]},{"@type":"ImageObject","inLanguage":"pt-BR","@id":"https:\/\/portalnpm.com\/index.php\/2021\/02\/19\/marcelo-castro-pede-calma-e-admite-ser-candidato-a-governador-em-reuniao-do-mdb\/#primaryimage","url":"https:\/\/portalnpm.com\/wp-content\/uploads\/2024\/01\/71c7a8f438b77e0db8ca935f2b44866b.jpg","contentUrl":"https:\/\/portalnpm.com\/wp-content\/uploads\/2024\/01\/71c7a8f438b77e0db8ca935f2b44866b.jpg","width":790,"height":526},{"@type":"BreadcrumbList","@id":"https:\/\/portalnpm.com\/index.php\/2021\/02\/19\/marcelo-castro-pede-calma-e-admite-ser-candidato-a-governador-em-reuniao-do-mdb\/#breadcrumb","itemListElement":[{"@type":"ListItem","position":1,"name":"In\u00edcio","item":"https:\/\/portalnpm.com\/"},{"@type":"ListItem","position":2,"name":"Marcelo Castro pede \u201ccalma\u201d e admite ser candidato a governador em reuni\u00e3o do MDB"}]},{"@type":"WebSite","@id":"https:\/\/portalnpm.com\/#website","url":"https:\/\/portalnpm.com\/","name":"Portal NPM","description":"Not\u00edcias em Primeira M\u00e3o","potentialAction":[{"@type":"SearchAction","target":{"@type":"EntryPoint","urlTemplate":"https:\/\/portalnpm.com\/?s={search_term_string}"},"query-input":"required name=search_term_string"}],"inLanguage":"pt-BR"},{"@type":"Person","@id":"https:\/\/portalnpm.com\/#\/schema\/person\/49313e563cfdefcc167f1ee4c017c294","name":"Genival Barbosa","image":{"@type":"ImageObject","inLanguage":"pt-BR","@id":"https:\/\/portalnpm.com\/#\/schema\/person\/image\/","url":"https:\/\/portalnpm.com\/wp-content\/uploads\/2024\/02\/avatar_user_2_1707743258-96x96.jpeg","contentUrl":"https:\/\/portalnpm.com\/wp-content\/uploads\/2024\/02\/avatar_user_2_1707743258-96x96.jpeg","caption":"Genival Barbosa"},"url":"https:\/\/portalnpm.com\/index.php\/author\/genival\/"}]}},"jetpack_sharing_enabled":true,"jetpack_featured_media_url":"https:\/\/portalnpm.com\/wp-content\/uploads\/2024\/01\/71c7a8f438b77e0db8ca935f2b44866b.jpg","_links":{"self":[{"href":"https:\/\/portalnpm.com\/index.php\/wp-json\/wp\/v2\/posts\/62640"}],"collection":[{"href":"https:\/\/portalnpm.com\/index.php\/wp-json\/wp\/v2\/posts"}],"about":[{"href":"https:\/\/portalnpm.com\/index.php\/wp-json\/wp\/v2\/types\/post"}],"author":[{"embeddable":true,"href":"https:\/\/portalnpm.com\/index.php\/wp-json\/wp\/v2\/users\/2"}],"replies":[{"embeddable":true,"href":"https:\/\/portalnpm.com\/index.php\/wp-json\/wp\/v2\/comments?post=62640"}],"version-history":[{"count":0,"href":"https:\/\/portalnpm.com\/index.php\/wp-json\/wp\/v2\/posts\/62640\/revisions"}],"wp:featuredmedia":[{"embeddable":true,"href":"https:\/\/portalnpm.com\/index.php\/wp-json\/wp\/v2\/media\/62641"}],"wp:attachment":[{"href":"https:\/\/portalnpm.com\/index.php\/wp-json\/wp\/v2\/media?parent=62640"}],"wp:term":[{"taxonomy":"category","embeddable":true,"href":"https:\/\/portalnpm.com\/index.php\/wp-json\/wp\/v2\/categories?post=62640"},{"taxonomy":"post_tag","embeddable":true,"href":"https:\/\/portalnpm.com\/index.php\/wp-json\/wp\/v2\/tags?post=62640"}],"curies":[{"name":"wp","href":"https:\/\/api.w.org\/{rel}","templated":true}]}}