{"id":62653,"date":"2021-02-20T14:11:04","date_gmt":"2021-02-20T17:11:04","guid":{"rendered":"https:\/\/portalnpm.com\/index.php\/2021\/02\/20\/na-prisao-daniel-silveira-tem-cela-individual-4-refeicoes-por-dia-e-banho-de-sol\/"},"modified":"2024-01-15T22:51:19","modified_gmt":"2024-01-16T01:51:19","slug":"na-prisao-daniel-silveira-tem-cela-individual-4-refeicoes-por-dia-e-banho-de-sol","status":"publish","type":"post","link":"https:\/\/portalnpm.com\/index.php\/2021\/02\/20\/na-prisao-daniel-silveira-tem-cela-individual-4-refeicoes-por-dia-e-banho-de-sol\/","title":{"rendered":"Na pris\u00e3o, Daniel Silveira tem cela individual, 4 refei\u00e7\u00f5es por dia e banho de sol"},"content":{"rendered":"<p><p style=\"text-align: justify;\">O primeiro dia de&nbsp;<a href=\"https:\/\/www.cnnbrasil.com.br\/tudo-sobre\/daniel-silveira\">Daniel Silveira<\/a>&nbsp;(PSL-RJ) na Unidade Prisional da Pol&iacute;cia Militar em Niter&oacute;i, na regi&atilde;o metropolitana do&nbsp;<a href=\"https:\/\/www.cnnbrasil.com.br\/tudo-sobre\/rio-de-janeiro-estado\">Rio de Janeiro<\/a>, fugiu &agrave; rotina da penitenci&aacute;ria. Com manifesta&ccedil;&otilde;es na porta e visita dos advogados para sess&atilde;o por videoconfer&ecirc;ncia na&nbsp;<a href=\"https:\/\/www.cnnbrasil.com.br\/tudo-sobre\/camara-dos-deputados\">C&acirc;mara<\/a>, Silveira ainda n&atilde;o se enquadrou na rotina dos outros presos, o que deve acontecer a partir deste s&aacute;bado (20).<\/p>\n<h2 style=\"text-align: justify;\"><\/h2>\n<h2 style=\"text-align: justify;\">Cela individual<\/h2>\n<p style=\"text-align: justify;\">Acomodado na ala dos oficiais, Silveira tem direito &agrave; cela individual, como prev&ecirc; o C&oacute;digo Penal. Por ser deputado federal, ele tem prerrogativa de pris&atilde;o especial e n&atilde;o pode ser transportado ou acomodado com outros presidi&aacute;rios. Algumas celas pr&oacute;ximas &agrave; de Daniel tem lugar para duas pessoas.<\/p>\n<p style=\"text-align: justify;\">Como a Unidade Prisional de Niter&oacute;i &eacute; uma pris&atilde;o militar, as alas s&atilde;o divididas por patentes. Silveira est&aacute; acomodado na mesma ala em que foram colocados ao mesmo tempo os ex-governadores Luiz Fernando Pez&atilde;o e Moreira Franco &#8211; preso na Opera&ccedil;&atilde;o Descontamina&ccedil;&atilde;o, em 2019.<\/p>\n<p style=\"text-align: justify;\">Franco, ex-ministro de Michel Temer, era alvo de a&ccedil;&atilde;o da Pol&iacute;cia Federal nas investiga&ccedil;&otilde;es sobre poss&iacute;veis desvios na constru&ccedil;&atilde;o da usina nuclear de Angra 3.<\/p>\n<div id=\"CNNImage_1613778909378\" style=\"text-align: justify;\" data-componenttype=\"CNNImage\">\n<figure class=\"cnnImage\"><picture><source srcset=\"https:\/\/medias.cnnbrasil.com.br\/unidade-da-policia-militar-onde-daniel-silveira-ficara-preso-em-niteroi.jpeg?format=WEBP&amp;image=https:\/\/mediastorage.cnnbrasil.com.br\/IMAGES\/00\/00\/02\/26523_D197D7D3522538A3.jpg&amp;width=804&amp;height=452&amp;resize=CROP\" type=\"image\/webp\"><\/source><source srcset=\"https:\/\/medias.cnnbrasil.com.br\/unidade-da-policia-militar-onde-daniel-silveira-ficara-preso-em-niteroi.jpeg?format=JPEG&amp;image=https:\/\/mediastorage.cnnbrasil.com.br\/IMAGES\/00\/00\/02\/26523_D197D7D3522538A3.jpg&amp;width=804&amp;height=452&amp;resize=CROP\" type=\"image\/jpeg\"><\/source><img decoding=\"async\" title=\"Unidade da Pol&iacute;cia Militar onde Daniel Silveira ficar&aacute; preso, em Niter&oacute;i\" src=\"\" alt=\"Unidade da Pol&iacute;cia Militar onde Daniel Silveira ficar&aacute; preso, em Niter&oacute;i\" width=\"100%\" height=\"auto\"><\/picture><figcaption class=\"light\">Unidade da Pol&iacute;cia Militar onde Daniel Silveira ficar&aacute; preso, em Niter&oacute;i<\/figcaption><span class=\"light\">Foto: Pedro Duran\/CNN<\/span><\/figure>\n<\/div>\n<h2 style=\"text-align: justify;\">Quatro refei&ccedil;&otilde;es por dia<\/h2>\n<p style=\"text-align: justify;\">Caf&eacute; da manh&atilde;, almo&ccedil;o, jantar e ceia. Essa ser&aacute; a rotina alimentar de Daniel Silveira. Parte das refei&ccedil;&otilde;es vem da Secretaria de Administra&ccedil;&atilde;o Penitenci&aacute;ria, e &eacute; transportada refrigerada at&eacute; o local. Outra parte vem do pr&oacute;prio pres&iacute;dio, que tem cozinha pr&oacute;pria.<\/p>\n<h2 style=\"text-align: justify;\">Banho de sol<\/h2>\n<p style=\"text-align: justify;\">Como os demais presos, Silveira poder&aacute; ter acesso ao p&aacute;tio do pres&iacute;dio. Esse &eacute; o principal momento de conv&iacute;vio dos detentos. Por conta da pandemia do novo coronav&iacute;rus, atividades que eram realizadas em grupo foram suspensas, pra evitar aglomera&ccedil;&otilde;es. O v&iacute;rus mudou ainda a din&acirc;mica de visita&ccedil;&atilde;o no pres&iacute;dio, deixando as regras mais restritas.<\/p>\n<p style=\"text-align: justify;\">Fontes da Pol&iacute;cia Militar do Rio de Janeiro ainda disseram &agrave; CNN que ele pode ter acesso a livros e biblioteca, no momento reservado pra leitura e estudo, mas apenas quando isso estiver previsto na rotina dos demais presos.<\/p>\n<p style=\"text-align: justify;\">Tenente coronel da Pol&iacute;cia Militar, Edmar Santos tamb&eacute;m passou pela Unidade Prisional. Ele foi secret&aacute;rio da Sa&uacute;de de Wilson Witzel e acabou no centro de um esc&acirc;ndalo de corrup&ccedil;&atilde;o, que culminou no afastamento do governador. Santos ficou quase um m&ecirc;s no local.<\/p>\n<p style=\"text-align: justify;\">Por mais que Silveira tenha sido policial militar por pouco mais de cinco anos, ele n&atilde;o chegou a se aposentar pela carreira e &eacute; visto internamente no pres&iacute;dio como &ldquo;pol&iacute;tico&rdquo;.<\/p>\n<p style=\"text-align: justify;\">A unidade disp&otilde;e de servi&ccedil;os de atendimento individual variados, como dentista, psic&oacute;logo, assist&ecirc;ncia social e m&eacute;dica e atendimento religioso. Os aparelhos de telefone celular, como de regra, s&atilde;o vetados para os presos.<\/p>\n<p style=\"text-align: justify;\"><em><strong>Fonte:&nbsp; CNN<\/strong><\/em><\/p><\/p>\n","protected":false},"excerpt":{"rendered":"<p>O primeiro dia de&nbsp;Daniel Silveira&nbsp;(PSL-RJ) na Unidade Prisional da Pol&iacute;cia Militar em Niter&oacute;i, na regi&atilde;o metropolitana do&nbsp;Rio de Janeiro, fugiu &agrave; rotina da penitenci&aacute;ria. Com manifesta&ccedil;&otilde;es na porta e visita dos advogados para sess&atilde;o por videoconfer&ecirc;ncia na&nbsp;C&acirc;mara, Silveira ainda n&atilde;o se enquadrou na rotina dos outros presos, o que deve acontecer a partir deste s&aacute;bado &hellip;<\/p>\n","protected":false},"author":2,"featured_media":62654,"comment_status":"open","ping_status":"open","sticky":false,"template":"","format":"standard","meta":{"content-type":"","rop_custom_images_group":[],"rop_custom_messages_group":[],"rop_publish_now":"initial","rop_publish_now_accounts":{"facebook_2648258775420054_1618374048415101":""},"rop_publish_now_history":[],"rop_publish_now_status":"pending","footnotes":"","_jetpack_memberships_contains_paid_content":false},"categories":[113,145],"tags":[9856,9857,9858,9859],"yoast_head":"<!-- This site is optimized with the Yoast SEO plugin v22.3 - https:\/\/yoast.com\/wordpress\/plugins\/seo\/ -->\n<title>Na pris\u00e3o, Daniel Silveira tem cela individual, 4 refei\u00e7\u00f5es por dia e banho de sol<\/title>\n<meta name=\"robots\" content=\"index, follow, max-snippet:-1, max-image-preview:large, max-video-preview:-1\" \/>\n<link rel=\"canonical\" href=\"https:\/\/portalnpm.com\/index.php\/2021\/02\/20\/na-prisao-daniel-silveira-tem-cela-individual-4-refeicoes-por-dia-e-banho-de-sol\/\" \/>\n<meta property=\"og:locale\" content=\"pt_BR\" \/>\n<meta property=\"og:type\" content=\"article\" \/>\n<meta property=\"og:title\" content=\"Na pris\u00e3o, Daniel Silveira tem cela individual, 4 refei\u00e7\u00f5es por dia e banho de sol\" \/>\n<meta property=\"og:description\" content=\"O primeiro dia de&nbsp;Daniel Silveira&nbsp;(PSL-RJ) na Unidade Prisional da Pol&iacute;cia Militar em Niter&oacute;i, na regi&atilde;o metropolitana do&nbsp;Rio de Janeiro, fugiu &agrave; rotina da penitenci&aacute;ria. Com manifesta&ccedil;&otilde;es na porta e visita dos advogados para sess&atilde;o por videoconfer&ecirc;ncia na&nbsp;C&acirc;mara, Silveira ainda n&atilde;o se enquadrou na rotina dos outros presos, o que deve acontecer a partir deste s&aacute;bado &hellip;\" \/>\n<meta property=\"og:url\" content=\"https:\/\/portalnpm.com\/index.php\/2021\/02\/20\/na-prisao-daniel-silveira-tem-cela-individual-4-refeicoes-por-dia-e-banho-de-sol\/\" \/>\n<meta property=\"og:site_name\" content=\"Portal NPM\" \/>\n<meta property=\"article:published_time\" content=\"2021-02-20T17:11:04+00:00\" \/>\n<meta property=\"article:modified_time\" content=\"2024-01-16T01:51:19+00:00\" \/>\n<meta property=\"og:image\" content=\"https:\/\/portalnpm.com\/wp-content\/uploads\/2024\/01\/o-deputado-federal-daniel-silveira-psl-rj-deixa-a-sede-da-policia-federal-pf-1.jpg\" \/>\n\t<meta property=\"og:image:width\" content=\"804\" \/>\n\t<meta property=\"og:image:height\" content=\"441\" \/>\n\t<meta property=\"og:image:type\" content=\"image\/jpeg\" \/>\n<meta name=\"author\" content=\"Genival Barbosa\" \/>\n<meta name=\"twitter:card\" content=\"summary_large_image\" \/>\n<meta name=\"twitter:label1\" content=\"Escrito por\" \/>\n\t<meta name=\"twitter:data1\" content=\"Genival Barbosa\" \/>\n\t<meta name=\"twitter:label2\" content=\"Est. tempo de leitura\" \/>\n\t<meta name=\"twitter:data2\" content=\"3 minutos\" \/>\n<script type=\"application\/ld+json\" class=\"yoast-schema-graph\">{\"@context\":\"https:\/\/schema.org\",\"@graph\":[{\"@type\":\"WebPage\",\"@id\":\"https:\/\/portalnpm.com\/index.php\/2021\/02\/20\/na-prisao-daniel-silveira-tem-cela-individual-4-refeicoes-por-dia-e-banho-de-sol\/\",\"url\":\"https:\/\/portalnpm.com\/index.php\/2021\/02\/20\/na-prisao-daniel-silveira-tem-cela-individual-4-refeicoes-por-dia-e-banho-de-sol\/\",\"name\":\"Na pris\u00e3o, Daniel Silveira tem cela individual, 4 refei\u00e7\u00f5es por dia e banho de sol\",\"isPartOf\":{\"@id\":\"https:\/\/portalnpm.com\/#website\"},\"primaryImageOfPage\":{\"@id\":\"https:\/\/portalnpm.com\/index.php\/2021\/02\/20\/na-prisao-daniel-silveira-tem-cela-individual-4-refeicoes-por-dia-e-banho-de-sol\/#primaryimage\"},\"image\":{\"@id\":\"https:\/\/portalnpm.com\/index.php\/2021\/02\/20\/na-prisao-daniel-silveira-tem-cela-individual-4-refeicoes-por-dia-e-banho-de-sol\/#primaryimage\"},\"thumbnailUrl\":\"https:\/\/portalnpm.com\/wp-content\/uploads\/2024\/01\/o-deputado-federal-daniel-silveira-psl-rj-deixa-a-sede-da-policia-federal-pf-1.jpg\",\"datePublished\":\"2021-02-20T17:11:04+00:00\",\"dateModified\":\"2024-01-16T01:51:19+00:00\",\"author\":{\"@id\":\"https:\/\/portalnpm.com\/#\/schema\/person\/49313e563cfdefcc167f1ee4c017c294\"},\"breadcrumb\":{\"@id\":\"https:\/\/portalnpm.com\/index.php\/2021\/02\/20\/na-prisao-daniel-silveira-tem-cela-individual-4-refeicoes-por-dia-e-banho-de-sol\/#breadcrumb\"},\"inLanguage\":\"pt-BR\",\"potentialAction\":[{\"@type\":\"ReadAction\",\"target\":[\"https:\/\/portalnpm.com\/index.php\/2021\/02\/20\/na-prisao-daniel-silveira-tem-cela-individual-4-refeicoes-por-dia-e-banho-de-sol\/\"]}]},{\"@type\":\"ImageObject\",\"inLanguage\":\"pt-BR\",\"@id\":\"https:\/\/portalnpm.com\/index.php\/2021\/02\/20\/na-prisao-daniel-silveira-tem-cela-individual-4-refeicoes-por-dia-e-banho-de-sol\/#primaryimage\",\"url\":\"https:\/\/portalnpm.com\/wp-content\/uploads\/2024\/01\/o-deputado-federal-daniel-silveira-psl-rj-deixa-a-sede-da-policia-federal-pf-1.jpg\",\"contentUrl\":\"https:\/\/portalnpm.com\/wp-content\/uploads\/2024\/01\/o-deputado-federal-daniel-silveira-psl-rj-deixa-a-sede-da-policia-federal-pf-1.jpg\",\"width\":804,\"height\":441},{\"@type\":\"BreadcrumbList\",\"@id\":\"https:\/\/portalnpm.com\/index.php\/2021\/02\/20\/na-prisao-daniel-silveira-tem-cela-individual-4-refeicoes-por-dia-e-banho-de-sol\/#breadcrumb\",\"itemListElement\":[{\"@type\":\"ListItem\",\"position\":1,\"name\":\"In\u00edcio\",\"item\":\"https:\/\/portalnpm.com\/\"},{\"@type\":\"ListItem\",\"position\":2,\"name\":\"Na pris\u00e3o, Daniel Silveira tem cela individual, 4 refei\u00e7\u00f5es por dia e banho de sol\"}]},{\"@type\":\"WebSite\",\"@id\":\"https:\/\/portalnpm.com\/#website\",\"url\":\"https:\/\/portalnpm.com\/\",\"name\":\"Portal NPM\",\"description\":\"Not\u00edcias em Primeira M\u00e3o\",\"potentialAction\":[{\"@type\":\"SearchAction\",\"target\":{\"@type\":\"EntryPoint\",\"urlTemplate\":\"https:\/\/portalnpm.com\/?s={search_term_string}\"},\"query-input\":\"required name=search_term_string\"}],\"inLanguage\":\"pt-BR\"},{\"@type\":\"Person\",\"@id\":\"https:\/\/portalnpm.com\/#\/schema\/person\/49313e563cfdefcc167f1ee4c017c294\",\"name\":\"Genival Barbosa\",\"image\":{\"@type\":\"ImageObject\",\"inLanguage\":\"pt-BR\",\"@id\":\"https:\/\/portalnpm.com\/#\/schema\/person\/image\/\",\"url\":\"https:\/\/portalnpm.com\/wp-content\/uploads\/2024\/02\/avatar_user_2_1707743258-96x96.jpeg\",\"contentUrl\":\"https:\/\/portalnpm.com\/wp-content\/uploads\/2024\/02\/avatar_user_2_1707743258-96x96.jpeg\",\"caption\":\"Genival Barbosa\"},\"url\":\"https:\/\/portalnpm.com\/index.php\/author\/genival\/\"}]}<\/script>\n<!-- \/ Yoast SEO plugin. -->","yoast_head_json":{"title":"Na pris\u00e3o, Daniel Silveira tem cela individual, 4 refei\u00e7\u00f5es por dia e banho de sol","robots":{"index":"index","follow":"follow","max-snippet":"max-snippet:-1","max-image-preview":"max-image-preview:large","max-video-preview":"max-video-preview:-1"},"canonical":"https:\/\/portalnpm.com\/index.php\/2021\/02\/20\/na-prisao-daniel-silveira-tem-cela-individual-4-refeicoes-por-dia-e-banho-de-sol\/","og_locale":"pt_BR","og_type":"article","og_title":"Na pris\u00e3o, Daniel Silveira tem cela individual, 4 refei\u00e7\u00f5es por dia e banho de sol","og_description":"O primeiro dia de&nbsp;Daniel Silveira&nbsp;(PSL-RJ) na Unidade Prisional da Pol&iacute;cia Militar em Niter&oacute;i, na regi&atilde;o metropolitana do&nbsp;Rio de Janeiro, fugiu &agrave; rotina da penitenci&aacute;ria. Com manifesta&ccedil;&otilde;es na porta e visita dos advogados para sess&atilde;o por videoconfer&ecirc;ncia na&nbsp;C&acirc;mara, Silveira ainda n&atilde;o se enquadrou na rotina dos outros presos, o que deve acontecer a partir deste s&aacute;bado &hellip;","og_url":"https:\/\/portalnpm.com\/index.php\/2021\/02\/20\/na-prisao-daniel-silveira-tem-cela-individual-4-refeicoes-por-dia-e-banho-de-sol\/","og_site_name":"Portal NPM","article_published_time":"2021-02-20T17:11:04+00:00","article_modified_time":"2024-01-16T01:51:19+00:00","og_image":[{"width":804,"height":441,"url":"https:\/\/portalnpm.com\/wp-content\/uploads\/2024\/01\/o-deputado-federal-daniel-silveira-psl-rj-deixa-a-sede-da-policia-federal-pf-1.jpg","type":"image\/jpeg"}],"author":"Genival Barbosa","twitter_card":"summary_large_image","twitter_misc":{"Escrito por":"Genival Barbosa","Est. tempo de leitura":"3 minutos"},"schema":{"@context":"https:\/\/schema.org","@graph":[{"@type":"WebPage","@id":"https:\/\/portalnpm.com\/index.php\/2021\/02\/20\/na-prisao-daniel-silveira-tem-cela-individual-4-refeicoes-por-dia-e-banho-de-sol\/","url":"https:\/\/portalnpm.com\/index.php\/2021\/02\/20\/na-prisao-daniel-silveira-tem-cela-individual-4-refeicoes-por-dia-e-banho-de-sol\/","name":"Na pris\u00e3o, Daniel Silveira tem cela individual, 4 refei\u00e7\u00f5es por dia e banho de sol","isPartOf":{"@id":"https:\/\/portalnpm.com\/#website"},"primaryImageOfPage":{"@id":"https:\/\/portalnpm.com\/index.php\/2021\/02\/20\/na-prisao-daniel-silveira-tem-cela-individual-4-refeicoes-por-dia-e-banho-de-sol\/#primaryimage"},"image":{"@id":"https:\/\/portalnpm.com\/index.php\/2021\/02\/20\/na-prisao-daniel-silveira-tem-cela-individual-4-refeicoes-por-dia-e-banho-de-sol\/#primaryimage"},"thumbnailUrl":"https:\/\/portalnpm.com\/wp-content\/uploads\/2024\/01\/o-deputado-federal-daniel-silveira-psl-rj-deixa-a-sede-da-policia-federal-pf-1.jpg","datePublished":"2021-02-20T17:11:04+00:00","dateModified":"2024-01-16T01:51:19+00:00","author":{"@id":"https:\/\/portalnpm.com\/#\/schema\/person\/49313e563cfdefcc167f1ee4c017c294"},"breadcrumb":{"@id":"https:\/\/portalnpm.com\/index.php\/2021\/02\/20\/na-prisao-daniel-silveira-tem-cela-individual-4-refeicoes-por-dia-e-banho-de-sol\/#breadcrumb"},"inLanguage":"pt-BR","potentialAction":[{"@type":"ReadAction","target":["https:\/\/portalnpm.com\/index.php\/2021\/02\/20\/na-prisao-daniel-silveira-tem-cela-individual-4-refeicoes-por-dia-e-banho-de-sol\/"]}]},{"@type":"ImageObject","inLanguage":"pt-BR","@id":"https:\/\/portalnpm.com\/index.php\/2021\/02\/20\/na-prisao-daniel-silveira-tem-cela-individual-4-refeicoes-por-dia-e-banho-de-sol\/#primaryimage","url":"https:\/\/portalnpm.com\/wp-content\/uploads\/2024\/01\/o-deputado-federal-daniel-silveira-psl-rj-deixa-a-sede-da-policia-federal-pf-1.jpg","contentUrl":"https:\/\/portalnpm.com\/wp-content\/uploads\/2024\/01\/o-deputado-federal-daniel-silveira-psl-rj-deixa-a-sede-da-policia-federal-pf-1.jpg","width":804,"height":441},{"@type":"BreadcrumbList","@id":"https:\/\/portalnpm.com\/index.php\/2021\/02\/20\/na-prisao-daniel-silveira-tem-cela-individual-4-refeicoes-por-dia-e-banho-de-sol\/#breadcrumb","itemListElement":[{"@type":"ListItem","position":1,"name":"In\u00edcio","item":"https:\/\/portalnpm.com\/"},{"@type":"ListItem","position":2,"name":"Na pris\u00e3o, Daniel Silveira tem cela individual, 4 refei\u00e7\u00f5es por dia e banho de sol"}]},{"@type":"WebSite","@id":"https:\/\/portalnpm.com\/#website","url":"https:\/\/portalnpm.com\/","name":"Portal NPM","description":"Not\u00edcias em Primeira M\u00e3o","potentialAction":[{"@type":"SearchAction","target":{"@type":"EntryPoint","urlTemplate":"https:\/\/portalnpm.com\/?s={search_term_string}"},"query-input":"required name=search_term_string"}],"inLanguage":"pt-BR"},{"@type":"Person","@id":"https:\/\/portalnpm.com\/#\/schema\/person\/49313e563cfdefcc167f1ee4c017c294","name":"Genival Barbosa","image":{"@type":"ImageObject","inLanguage":"pt-BR","@id":"https:\/\/portalnpm.com\/#\/schema\/person\/image\/","url":"https:\/\/portalnpm.com\/wp-content\/uploads\/2024\/02\/avatar_user_2_1707743258-96x96.jpeg","contentUrl":"https:\/\/portalnpm.com\/wp-content\/uploads\/2024\/02\/avatar_user_2_1707743258-96x96.jpeg","caption":"Genival Barbosa"},"url":"https:\/\/portalnpm.com\/index.php\/author\/genival\/"}]}},"jetpack_sharing_enabled":true,"jetpack_featured_media_url":"https:\/\/portalnpm.com\/wp-content\/uploads\/2024\/01\/o-deputado-federal-daniel-silveira-psl-rj-deixa-a-sede-da-policia-federal-pf-1.jpg","_links":{"self":[{"href":"https:\/\/portalnpm.com\/index.php\/wp-json\/wp\/v2\/posts\/62653"}],"collection":[{"href":"https:\/\/portalnpm.com\/index.php\/wp-json\/wp\/v2\/posts"}],"about":[{"href":"https:\/\/portalnpm.com\/index.php\/wp-json\/wp\/v2\/types\/post"}],"author":[{"embeddable":true,"href":"https:\/\/portalnpm.com\/index.php\/wp-json\/wp\/v2\/users\/2"}],"replies":[{"embeddable":true,"href":"https:\/\/portalnpm.com\/index.php\/wp-json\/wp\/v2\/comments?post=62653"}],"version-history":[{"count":1,"href":"https:\/\/portalnpm.com\/index.php\/wp-json\/wp\/v2\/posts\/62653\/revisions"}],"predecessor-version":[{"id":62659,"href":"https:\/\/portalnpm.com\/index.php\/wp-json\/wp\/v2\/posts\/62653\/revisions\/62659"}],"wp:featuredmedia":[{"embeddable":true,"href":"https:\/\/portalnpm.com\/index.php\/wp-json\/wp\/v2\/media\/62654"}],"wp:attachment":[{"href":"https:\/\/portalnpm.com\/index.php\/wp-json\/wp\/v2\/media?parent=62653"}],"wp:term":[{"taxonomy":"category","embeddable":true,"href":"https:\/\/portalnpm.com\/index.php\/wp-json\/wp\/v2\/categories?post=62653"},{"taxonomy":"post_tag","embeddable":true,"href":"https:\/\/portalnpm.com\/index.php\/wp-json\/wp\/v2\/tags?post=62653"}],"curies":[{"name":"wp","href":"https:\/\/api.w.org\/{rel}","templated":true}]}}