{"id":62664,"date":"2021-02-20T14:34:46","date_gmt":"2021-02-20T17:34:46","guid":{"rendered":"https:\/\/portalnpm.com\/index.php\/2021\/02\/20\/disputa-territorial-entre-ceara-e-piaui-pode-reduzir-populacao-cearense-em-ate-245-mil-habitantes\/"},"modified":"2021-02-20T14:34:46","modified_gmt":"2021-02-20T17:34:46","slug":"disputa-territorial-entre-ceara-e-piaui-pode-reduzir-populacao-cearense-em-ate-245-mil-habitantes","status":"publish","type":"post","link":"https:\/\/portalnpm.com\/index.php\/2021\/02\/20\/disputa-territorial-entre-ceara-e-piaui-pode-reduzir-populacao-cearense-em-ate-245-mil-habitantes\/","title":{"rendered":"Disputa territorial entre Cear\u00e1 e Piau\u00ed pode reduzir popula\u00e7\u00e3o cearense em at\u00e9 245 mil habitantes"},"content":{"rendered":"<p style=\"text-align: justify;\">Ao menos 244.712 pessoas est\u00e3o no meio de uma decis\u00e3o territorial por conta de uma disputa judicial entre os estados de Cear\u00e1 e Piau\u00ed. Trata-se de uma a\u00e7\u00e3o que tramita no Supremo Tribunal Federal (STF), desde 2011, e prev\u00ea uma reconfigura\u00e7\u00e3o a partir da qual seis munic\u00edpios na regi\u00e3o da Serra da Ibiapaba passariam para o lado piauiense. Outras sete cidades tamb\u00e9m teriam extens\u00e3o modificada.<br \/>\n\u2800<\/p>\n<p style=\"text-align: justify;\">\n<p style=\"text-align: justify;\">De acordo com os dados do Ipece, o Estado do Cear\u00e1 perderia, com base no relat\u00f3rio preliminar do Ex\u00e9rcito, 290 escolas; 6 centros de educa\u00e7\u00e3o infantil, 3 escolas profissionalizantes, 172 Unidades de Sa\u00fade, 24 centros de conviv\u00eancia e 733 km de estradas.<br \/>\n\u2800<br \/>\nTamb\u00e9m mudariam para o lado piauiense o aeroporto do munic\u00edpio de S\u00e3o Benedito, 598 torres e\u00f3licas, 117 \u00e1reas de minera\u00e7\u00e3o, 21.747 estabelecimentos agropecu\u00e1rios, uma Unidade de Conserva\u00e7\u00e3o Estadual (Bica do Ipu), uma Unidade de Conserva\u00e7\u00e3o Federal (Parque Nacional de Ubajara), 2 a\u00e7udes (Jaburu\/Ubajara e Lontras\/Ipueiras) e 1.549 po\u00e7os profundos.<\/p>\n<p style=\"text-align: justify;\"><strong>Fonte: Di\u00e1rio do Nordeste<\/strong><\/p>\n","protected":false},"excerpt":{"rendered":"<p>Ao menos 244.712 pessoas est\u00e3o no meio de uma decis\u00e3o territorial por conta de uma disputa judicial entre os estados de Cear\u00e1 e Piau\u00ed. Trata-se de uma a\u00e7\u00e3o que tramita no Supremo Tribunal Federal (STF), desde 2011, e prev\u00ea uma reconfigura\u00e7\u00e3o a partir da qual seis munic\u00edpios na regi\u00e3o da Serra da Ibiapaba passariam para &hellip;<\/p>\n","protected":false},"author":2,"featured_media":62665,"comment_status":"open","ping_status":"open","sticky":false,"template":"","format":"standard","meta":{"content-type":"","rop_custom_images_group":[],"rop_custom_messages_group":[],"rop_publish_now":"initial","rop_publish_now_accounts":{"facebook_2648258775420054_1618374048415101":""},"rop_publish_now_history":[],"rop_publish_now_status":"pending","footnotes":"","_jetpack_memberships_contains_paid_content":false},"categories":[125,118],"tags":[9874,9875,9876,9877,9878],"yoast_head":"<!-- This site is optimized with the Yoast SEO plugin v22.3 - https:\/\/yoast.com\/wordpress\/plugins\/seo\/ -->\n<title>Disputa territorial entre Cear\u00e1 e Piau\u00ed pode reduzir popula\u00e7\u00e3o cearense em at\u00e9 245 mil habitantes<\/title>\n<meta name=\"robots\" content=\"index, follow, max-snippet:-1, max-image-preview:large, max-video-preview:-1\" \/>\n<link rel=\"canonical\" href=\"https:\/\/portalnpm.com\/index.php\/2021\/02\/20\/disputa-territorial-entre-ceara-e-piaui-pode-reduzir-populacao-cearense-em-ate-245-mil-habitantes\/\" \/>\n<meta property=\"og:locale\" content=\"pt_BR\" \/>\n<meta property=\"og:type\" content=\"article\" \/>\n<meta property=\"og:title\" content=\"Disputa territorial entre Cear\u00e1 e Piau\u00ed pode reduzir popula\u00e7\u00e3o cearense em at\u00e9 245 mil habitantes\" \/>\n<meta property=\"og:description\" content=\"Ao menos 244.712 pessoas est\u00e3o no meio de uma decis\u00e3o territorial por conta de uma disputa judicial entre os estados de Cear\u00e1 e Piau\u00ed. Trata-se de uma a\u00e7\u00e3o que tramita no Supremo Tribunal Federal (STF), desde 2011, e prev\u00ea uma reconfigura\u00e7\u00e3o a partir da qual seis munic\u00edpios na regi\u00e3o da Serra da Ibiapaba passariam para &hellip;\" \/>\n<meta property=\"og:url\" content=\"https:\/\/portalnpm.com\/index.php\/2021\/02\/20\/disputa-territorial-entre-ceara-e-piaui-pode-reduzir-populacao-cearense-em-ate-245-mil-habitantes\/\" \/>\n<meta property=\"og:site_name\" content=\"Portal NPM\" \/>\n<meta property=\"article:published_time\" content=\"2021-02-20T17:34:46+00:00\" \/>\n<meta property=\"og:image\" content=\"https:\/\/portalnpm.com\/wp-content\/uploads\/2024\/01\/cearapiaui.jpg\" \/>\n\t<meta property=\"og:image:width\" content=\"616\" \/>\n\t<meta property=\"og:image:height\" content=\"480\" \/>\n\t<meta property=\"og:image:type\" content=\"image\/jpeg\" \/>\n<meta name=\"author\" content=\"Genival Barbosa\" \/>\n<meta name=\"twitter:card\" content=\"summary_large_image\" \/>\n<meta name=\"twitter:label1\" content=\"Escrito por\" \/>\n\t<meta name=\"twitter:data1\" content=\"Genival Barbosa\" \/>\n\t<meta name=\"twitter:label2\" content=\"Est. tempo de leitura\" \/>\n\t<meta name=\"twitter:data2\" content=\"1 minuto\" \/>\n<script type=\"application\/ld+json\" class=\"yoast-schema-graph\">{\"@context\":\"https:\/\/schema.org\",\"@graph\":[{\"@type\":\"WebPage\",\"@id\":\"https:\/\/portalnpm.com\/index.php\/2021\/02\/20\/disputa-territorial-entre-ceara-e-piaui-pode-reduzir-populacao-cearense-em-ate-245-mil-habitantes\/\",\"url\":\"https:\/\/portalnpm.com\/index.php\/2021\/02\/20\/disputa-territorial-entre-ceara-e-piaui-pode-reduzir-populacao-cearense-em-ate-245-mil-habitantes\/\",\"name\":\"Disputa territorial entre Cear\u00e1 e Piau\u00ed pode reduzir popula\u00e7\u00e3o cearense em at\u00e9 245 mil habitantes\",\"isPartOf\":{\"@id\":\"https:\/\/portalnpm.com\/#website\"},\"primaryImageOfPage\":{\"@id\":\"https:\/\/portalnpm.com\/index.php\/2021\/02\/20\/disputa-territorial-entre-ceara-e-piaui-pode-reduzir-populacao-cearense-em-ate-245-mil-habitantes\/#primaryimage\"},\"image\":{\"@id\":\"https:\/\/portalnpm.com\/index.php\/2021\/02\/20\/disputa-territorial-entre-ceara-e-piaui-pode-reduzir-populacao-cearense-em-ate-245-mil-habitantes\/#primaryimage\"},\"thumbnailUrl\":\"https:\/\/portalnpm.com\/wp-content\/uploads\/2024\/01\/cearapiaui.jpg\",\"datePublished\":\"2021-02-20T17:34:46+00:00\",\"dateModified\":\"2021-02-20T17:34:46+00:00\",\"author\":{\"@id\":\"https:\/\/portalnpm.com\/#\/schema\/person\/49313e563cfdefcc167f1ee4c017c294\"},\"breadcrumb\":{\"@id\":\"https:\/\/portalnpm.com\/index.php\/2021\/02\/20\/disputa-territorial-entre-ceara-e-piaui-pode-reduzir-populacao-cearense-em-ate-245-mil-habitantes\/#breadcrumb\"},\"inLanguage\":\"pt-BR\",\"potentialAction\":[{\"@type\":\"ReadAction\",\"target\":[\"https:\/\/portalnpm.com\/index.php\/2021\/02\/20\/disputa-territorial-entre-ceara-e-piaui-pode-reduzir-populacao-cearense-em-ate-245-mil-habitantes\/\"]}]},{\"@type\":\"ImageObject\",\"inLanguage\":\"pt-BR\",\"@id\":\"https:\/\/portalnpm.com\/index.php\/2021\/02\/20\/disputa-territorial-entre-ceara-e-piaui-pode-reduzir-populacao-cearense-em-ate-245-mil-habitantes\/#primaryimage\",\"url\":\"https:\/\/portalnpm.com\/wp-content\/uploads\/2024\/01\/cearapiaui.jpg\",\"contentUrl\":\"https:\/\/portalnpm.com\/wp-content\/uploads\/2024\/01\/cearapiaui.jpg\",\"width\":616,\"height\":480},{\"@type\":\"BreadcrumbList\",\"@id\":\"https:\/\/portalnpm.com\/index.php\/2021\/02\/20\/disputa-territorial-entre-ceara-e-piaui-pode-reduzir-populacao-cearense-em-ate-245-mil-habitantes\/#breadcrumb\",\"itemListElement\":[{\"@type\":\"ListItem\",\"position\":1,\"name\":\"In\u00edcio\",\"item\":\"https:\/\/portalnpm.com\/\"},{\"@type\":\"ListItem\",\"position\":2,\"name\":\"Disputa territorial entre Cear\u00e1 e Piau\u00ed pode reduzir popula\u00e7\u00e3o cearense em at\u00e9 245 mil habitantes\"}]},{\"@type\":\"WebSite\",\"@id\":\"https:\/\/portalnpm.com\/#website\",\"url\":\"https:\/\/portalnpm.com\/\",\"name\":\"Portal NPM\",\"description\":\"Not\u00edcias em Primeira M\u00e3o\",\"potentialAction\":[{\"@type\":\"SearchAction\",\"target\":{\"@type\":\"EntryPoint\",\"urlTemplate\":\"https:\/\/portalnpm.com\/?s={search_term_string}\"},\"query-input\":\"required name=search_term_string\"}],\"inLanguage\":\"pt-BR\"},{\"@type\":\"Person\",\"@id\":\"https:\/\/portalnpm.com\/#\/schema\/person\/49313e563cfdefcc167f1ee4c017c294\",\"name\":\"Genival Barbosa\",\"image\":{\"@type\":\"ImageObject\",\"inLanguage\":\"pt-BR\",\"@id\":\"https:\/\/portalnpm.com\/#\/schema\/person\/image\/\",\"url\":\"https:\/\/portalnpm.com\/wp-content\/uploads\/2024\/02\/avatar_user_2_1707743258-96x96.jpeg\",\"contentUrl\":\"https:\/\/portalnpm.com\/wp-content\/uploads\/2024\/02\/avatar_user_2_1707743258-96x96.jpeg\",\"caption\":\"Genival Barbosa\"},\"url\":\"https:\/\/portalnpm.com\/index.php\/author\/genival\/\"}]}<\/script>\n<!-- \/ Yoast SEO plugin. -->","yoast_head_json":{"title":"Disputa territorial entre Cear\u00e1 e Piau\u00ed pode reduzir popula\u00e7\u00e3o cearense em at\u00e9 245 mil habitantes","robots":{"index":"index","follow":"follow","max-snippet":"max-snippet:-1","max-image-preview":"max-image-preview:large","max-video-preview":"max-video-preview:-1"},"canonical":"https:\/\/portalnpm.com\/index.php\/2021\/02\/20\/disputa-territorial-entre-ceara-e-piaui-pode-reduzir-populacao-cearense-em-ate-245-mil-habitantes\/","og_locale":"pt_BR","og_type":"article","og_title":"Disputa territorial entre Cear\u00e1 e Piau\u00ed pode reduzir popula\u00e7\u00e3o cearense em at\u00e9 245 mil habitantes","og_description":"Ao menos 244.712 pessoas est\u00e3o no meio de uma decis\u00e3o territorial por conta de uma disputa judicial entre os estados de Cear\u00e1 e Piau\u00ed. Trata-se de uma a\u00e7\u00e3o que tramita no Supremo Tribunal Federal (STF), desde 2011, e prev\u00ea uma reconfigura\u00e7\u00e3o a partir da qual seis munic\u00edpios na regi\u00e3o da Serra da Ibiapaba passariam para &hellip;","og_url":"https:\/\/portalnpm.com\/index.php\/2021\/02\/20\/disputa-territorial-entre-ceara-e-piaui-pode-reduzir-populacao-cearense-em-ate-245-mil-habitantes\/","og_site_name":"Portal NPM","article_published_time":"2021-02-20T17:34:46+00:00","og_image":[{"width":616,"height":480,"url":"https:\/\/portalnpm.com\/wp-content\/uploads\/2024\/01\/cearapiaui.jpg","type":"image\/jpeg"}],"author":"Genival Barbosa","twitter_card":"summary_large_image","twitter_misc":{"Escrito por":"Genival Barbosa","Est. tempo de leitura":"1 minuto"},"schema":{"@context":"https:\/\/schema.org","@graph":[{"@type":"WebPage","@id":"https:\/\/portalnpm.com\/index.php\/2021\/02\/20\/disputa-territorial-entre-ceara-e-piaui-pode-reduzir-populacao-cearense-em-ate-245-mil-habitantes\/","url":"https:\/\/portalnpm.com\/index.php\/2021\/02\/20\/disputa-territorial-entre-ceara-e-piaui-pode-reduzir-populacao-cearense-em-ate-245-mil-habitantes\/","name":"Disputa territorial entre Cear\u00e1 e Piau\u00ed pode reduzir popula\u00e7\u00e3o cearense em at\u00e9 245 mil habitantes","isPartOf":{"@id":"https:\/\/portalnpm.com\/#website"},"primaryImageOfPage":{"@id":"https:\/\/portalnpm.com\/index.php\/2021\/02\/20\/disputa-territorial-entre-ceara-e-piaui-pode-reduzir-populacao-cearense-em-ate-245-mil-habitantes\/#primaryimage"},"image":{"@id":"https:\/\/portalnpm.com\/index.php\/2021\/02\/20\/disputa-territorial-entre-ceara-e-piaui-pode-reduzir-populacao-cearense-em-ate-245-mil-habitantes\/#primaryimage"},"thumbnailUrl":"https:\/\/portalnpm.com\/wp-content\/uploads\/2024\/01\/cearapiaui.jpg","datePublished":"2021-02-20T17:34:46+00:00","dateModified":"2021-02-20T17:34:46+00:00","author":{"@id":"https:\/\/portalnpm.com\/#\/schema\/person\/49313e563cfdefcc167f1ee4c017c294"},"breadcrumb":{"@id":"https:\/\/portalnpm.com\/index.php\/2021\/02\/20\/disputa-territorial-entre-ceara-e-piaui-pode-reduzir-populacao-cearense-em-ate-245-mil-habitantes\/#breadcrumb"},"inLanguage":"pt-BR","potentialAction":[{"@type":"ReadAction","target":["https:\/\/portalnpm.com\/index.php\/2021\/02\/20\/disputa-territorial-entre-ceara-e-piaui-pode-reduzir-populacao-cearense-em-ate-245-mil-habitantes\/"]}]},{"@type":"ImageObject","inLanguage":"pt-BR","@id":"https:\/\/portalnpm.com\/index.php\/2021\/02\/20\/disputa-territorial-entre-ceara-e-piaui-pode-reduzir-populacao-cearense-em-ate-245-mil-habitantes\/#primaryimage","url":"https:\/\/portalnpm.com\/wp-content\/uploads\/2024\/01\/cearapiaui.jpg","contentUrl":"https:\/\/portalnpm.com\/wp-content\/uploads\/2024\/01\/cearapiaui.jpg","width":616,"height":480},{"@type":"BreadcrumbList","@id":"https:\/\/portalnpm.com\/index.php\/2021\/02\/20\/disputa-territorial-entre-ceara-e-piaui-pode-reduzir-populacao-cearense-em-ate-245-mil-habitantes\/#breadcrumb","itemListElement":[{"@type":"ListItem","position":1,"name":"In\u00edcio","item":"https:\/\/portalnpm.com\/"},{"@type":"ListItem","position":2,"name":"Disputa territorial entre Cear\u00e1 e Piau\u00ed pode reduzir popula\u00e7\u00e3o cearense em at\u00e9 245 mil habitantes"}]},{"@type":"WebSite","@id":"https:\/\/portalnpm.com\/#website","url":"https:\/\/portalnpm.com\/","name":"Portal NPM","description":"Not\u00edcias em Primeira M\u00e3o","potentialAction":[{"@type":"SearchAction","target":{"@type":"EntryPoint","urlTemplate":"https:\/\/portalnpm.com\/?s={search_term_string}"},"query-input":"required name=search_term_string"}],"inLanguage":"pt-BR"},{"@type":"Person","@id":"https:\/\/portalnpm.com\/#\/schema\/person\/49313e563cfdefcc167f1ee4c017c294","name":"Genival Barbosa","image":{"@type":"ImageObject","inLanguage":"pt-BR","@id":"https:\/\/portalnpm.com\/#\/schema\/person\/image\/","url":"https:\/\/portalnpm.com\/wp-content\/uploads\/2024\/02\/avatar_user_2_1707743258-96x96.jpeg","contentUrl":"https:\/\/portalnpm.com\/wp-content\/uploads\/2024\/02\/avatar_user_2_1707743258-96x96.jpeg","caption":"Genival Barbosa"},"url":"https:\/\/portalnpm.com\/index.php\/author\/genival\/"}]}},"jetpack_sharing_enabled":true,"jetpack_featured_media_url":"https:\/\/portalnpm.com\/wp-content\/uploads\/2024\/01\/cearapiaui.jpg","_links":{"self":[{"href":"https:\/\/portalnpm.com\/index.php\/wp-json\/wp\/v2\/posts\/62664"}],"collection":[{"href":"https:\/\/portalnpm.com\/index.php\/wp-json\/wp\/v2\/posts"}],"about":[{"href":"https:\/\/portalnpm.com\/index.php\/wp-json\/wp\/v2\/types\/post"}],"author":[{"embeddable":true,"href":"https:\/\/portalnpm.com\/index.php\/wp-json\/wp\/v2\/users\/2"}],"replies":[{"embeddable":true,"href":"https:\/\/portalnpm.com\/index.php\/wp-json\/wp\/v2\/comments?post=62664"}],"version-history":[{"count":0,"href":"https:\/\/portalnpm.com\/index.php\/wp-json\/wp\/v2\/posts\/62664\/revisions"}],"wp:featuredmedia":[{"embeddable":true,"href":"https:\/\/portalnpm.com\/index.php\/wp-json\/wp\/v2\/media\/62665"}],"wp:attachment":[{"href":"https:\/\/portalnpm.com\/index.php\/wp-json\/wp\/v2\/media?parent=62664"}],"wp:term":[{"taxonomy":"category","embeddable":true,"href":"https:\/\/portalnpm.com\/index.php\/wp-json\/wp\/v2\/categories?post=62664"},{"taxonomy":"post_tag","embeddable":true,"href":"https:\/\/portalnpm.com\/index.php\/wp-json\/wp\/v2\/tags?post=62664"}],"curies":[{"name":"wp","href":"https:\/\/api.w.org\/{rel}","templated":true}]}}