{"id":62757,"date":"2021-02-20T21:12:02","date_gmt":"2021-02-21T00:12:02","guid":{"rendered":"https:\/\/portalnpm.com\/index.php\/2021\/02\/20\/brasileirao-ceara-bate-o-coritiba-e-confirma-vaga-na-proxima-sul-americana\/"},"modified":"2021-02-20T21:12:02","modified_gmt":"2021-02-21T00:12:02","slug":"brasileirao-ceara-bate-o-coritiba-e-confirma-vaga-na-proxima-sul-americana","status":"publish","type":"post","link":"https:\/\/portalnpm.com\/index.php\/2021\/02\/20\/brasileirao-ceara-bate-o-coritiba-e-confirma-vaga-na-proxima-sul-americana\/","title":{"rendered":"Brasileir\u00e3o: Cear\u00e1 bate o Coritiba e confirma vaga na pr\u00f3xima Sul-Americana"},"content":{"rendered":"<h2 class=\"m-b-20\" style=\"text-align: justify;\">No Couto Pereira, Voz\u00e3o derrotou o time da casa por 2 a 0, com gols de Felipe Vizeu e Saulo Mineiro<\/h2>\n<p style=\"text-align: justify;\">\n<p style=\"text-align: justify;\">Neste s\u00e1bado (20),\u00a0<strong>Coritiba<\/strong>\u00a0e\u00a0<strong>Cear\u00e1<\/strong>\u00a0se enfrentaram pela 37\u00aa e pen\u00faltima rodada do\u00a0<strong>Brasileir\u00e3o Assa\u00ed<\/strong>, no Couto Pereira, com o time visitante levando a melhor. Com gols de Felipe Vizeu e Saulo Mineiro, o Voz\u00e3o venceu os mandantes por 2 a 0.<\/p>\n<p style=\"text-align: justify;\">Com o resultado, o Cear\u00e1 chegou a 49 pontos e ocupa o d\u00e9cimo lugar na tabela de classifica\u00e7\u00e3o da S\u00e9rie A \u2013 confirmando vaga na pr\u00f3xima edi\u00e7\u00e3o da Copa Sul-Americana. O Coxa, com 31, aparece na 19\u00aa posi\u00e7\u00e3o e vai disputar a S\u00e9rie B na temporada 2021.<\/p>\n<p style=\"text-align: justify;\"><a href=\"https:\/\/www.cbf.com.br\/futebol-brasileiro\/competicoes\/campeonato-brasileiro-serie-a\" target=\"_blank\" rel=\"noopener noreferrer\">+Confira a tabela completa da S\u00e9rie A 2020!<\/a><\/p>\n<p style=\"text-align: justify;\"><strong>O jogo<\/strong><\/p>\n<p style=\"text-align: justify;\">Na despedida do Couto Pereira nesta edi\u00e7\u00e3o do Brasileir\u00e3o Assa\u00ed, o Coritiba controlou as a\u00e7\u00f5es diante do Cear\u00e1 no primeiro tempo da partida. Com marca\u00e7\u00e3o forte, o Coxa tamb\u00e9m foi quem se lan\u00e7ou mais ao ataque. Logo no lance inicial, Matheus Oliveira pegou sobra dentro da \u00e1rea e chegou a balan\u00e7ar as redes, mas estava em posi\u00e7\u00e3o de impedimento e o gol n\u00e3o foi validado. Depois, Robson, Matheus Bueno e Ne\u00edlton tamb\u00e9m levaram perigo. Do lado do Voz\u00e3o, que teve dificuldades de infiltrar na defesa dos donos da casa, a melhor chegada foi com Lima. Aos 24 minutos, Vina deu passe para o atacante, que foi parado em boa defesa de Arthur.<\/p>\n<p style=\"text-align: justify;\">Na volta do intervalo, o Cear\u00e1 mudou a postura e abriu o placar logo aos cinco minutos. Pela esquerda, L\u00e9o Chu passou para Felipe Vizeu, que completou para o fundo das redes: 1 a 0. Nos dois lances seguintes, o atacante levou perigo novamente, mas foi parado em defesa de Arthur e, depois, cabeceou para fora ap\u00f3s escanteio. O Voz\u00e3o seguiu mais ofensivo e ampliou a vantagem aos 28. Vina buscou Pedro Naressi, que tocou de calcanhar para Saulo Mineiro finalizar forte para dar n\u00fameros finais ao jogo: 2 a 0.<\/p>\n<p style=\"text-align: justify;\">FONTE:\u00a0 CBF<\/p>\n","protected":false},"excerpt":{"rendered":"<p>No Couto Pereira, Voz\u00e3o derrotou o time da casa por 2 a 0, com gols de Felipe Vizeu e Saulo Mineiro Neste s\u00e1bado (20),\u00a0Coritiba\u00a0e\u00a0Cear\u00e1\u00a0se enfrentaram pela 37\u00aa e pen\u00faltima rodada do\u00a0Brasileir\u00e3o Assa\u00ed, no Couto Pereira, com o time visitante levando a melhor. Com gols de Felipe Vizeu e Saulo Mineiro, o Voz\u00e3o venceu os mandantes &hellip;<\/p>\n","protected":false},"author":2,"featured_media":62758,"comment_status":"open","ping_status":"open","sticky":false,"template":"","format":"standard","meta":{"content-type":"","rop_custom_images_group":[],"rop_custom_messages_group":[],"rop_publish_now":"initial","rop_publish_now_accounts":{"facebook_2648258775420054_1618374048415101":""},"rop_publish_now_history":[],"rop_publish_now_status":"pending","footnotes":"","_jetpack_memberships_contains_paid_content":false},"categories":[108],"tags":[9905,1163],"yoast_head":"<!-- This site is optimized with the Yoast SEO plugin v22.3 - https:\/\/yoast.com\/wordpress\/plugins\/seo\/ -->\n<title>Brasileir\u00e3o: Cear\u00e1 bate o Coritiba e confirma vaga na pr\u00f3xima Sul-Americana<\/title>\n<meta name=\"robots\" content=\"index, follow, max-snippet:-1, max-image-preview:large, max-video-preview:-1\" \/>\n<link rel=\"canonical\" href=\"https:\/\/portalnpm.com\/index.php\/2021\/02\/20\/brasileirao-ceara-bate-o-coritiba-e-confirma-vaga-na-proxima-sul-americana\/\" \/>\n<meta property=\"og:locale\" content=\"pt_BR\" \/>\n<meta property=\"og:type\" content=\"article\" \/>\n<meta property=\"og:title\" content=\"Brasileir\u00e3o: Cear\u00e1 bate o Coritiba e confirma vaga na pr\u00f3xima Sul-Americana\" \/>\n<meta property=\"og:description\" content=\"No Couto Pereira, Voz\u00e3o derrotou o time da casa por 2 a 0, com gols de Felipe Vizeu e Saulo Mineiro Neste s\u00e1bado (20),\u00a0Coritiba\u00a0e\u00a0Cear\u00e1\u00a0se enfrentaram pela 37\u00aa e pen\u00faltima rodada do\u00a0Brasileir\u00e3o Assa\u00ed, no Couto Pereira, com o time visitante levando a melhor. Com gols de Felipe Vizeu e Saulo Mineiro, o Voz\u00e3o venceu os mandantes &hellip;\" \/>\n<meta property=\"og:url\" content=\"https:\/\/portalnpm.com\/index.php\/2021\/02\/20\/brasileirao-ceara-bate-o-coritiba-e-confirma-vaga-na-proxima-sul-americana\/\" \/>\n<meta property=\"og:site_name\" content=\"Portal NPM\" \/>\n<meta property=\"article:published_time\" content=\"2021-02-21T00:12:02+00:00\" \/>\n<meta property=\"og:image\" content=\"https:\/\/portalnpm.com\/wp-content\/uploads\/2024\/01\/20210220192144_477.jpeg\" \/>\n\t<meta property=\"og:image:width\" content=\"910\" \/>\n\t<meta property=\"og:image:height\" content=\"455\" \/>\n\t<meta property=\"og:image:type\" content=\"image\/jpeg\" \/>\n<meta name=\"author\" content=\"Genival Barbosa\" \/>\n<meta name=\"twitter:card\" content=\"summary_large_image\" \/>\n<meta name=\"twitter:label1\" content=\"Escrito por\" \/>\n\t<meta name=\"twitter:data1\" content=\"Genival Barbosa\" \/>\n\t<meta name=\"twitter:label2\" content=\"Est. tempo de leitura\" \/>\n\t<meta name=\"twitter:data2\" content=\"2 minutos\" \/>\n<script type=\"application\/ld+json\" class=\"yoast-schema-graph\">{\"@context\":\"https:\/\/schema.org\",\"@graph\":[{\"@type\":\"WebPage\",\"@id\":\"https:\/\/portalnpm.com\/index.php\/2021\/02\/20\/brasileirao-ceara-bate-o-coritiba-e-confirma-vaga-na-proxima-sul-americana\/\",\"url\":\"https:\/\/portalnpm.com\/index.php\/2021\/02\/20\/brasileirao-ceara-bate-o-coritiba-e-confirma-vaga-na-proxima-sul-americana\/\",\"name\":\"Brasileir\u00e3o: Cear\u00e1 bate o Coritiba e confirma vaga na pr\u00f3xima Sul-Americana\",\"isPartOf\":{\"@id\":\"https:\/\/portalnpm.com\/#website\"},\"primaryImageOfPage\":{\"@id\":\"https:\/\/portalnpm.com\/index.php\/2021\/02\/20\/brasileirao-ceara-bate-o-coritiba-e-confirma-vaga-na-proxima-sul-americana\/#primaryimage\"},\"image\":{\"@id\":\"https:\/\/portalnpm.com\/index.php\/2021\/02\/20\/brasileirao-ceara-bate-o-coritiba-e-confirma-vaga-na-proxima-sul-americana\/#primaryimage\"},\"thumbnailUrl\":\"https:\/\/portalnpm.com\/wp-content\/uploads\/2024\/01\/20210220192144_477.jpeg\",\"datePublished\":\"2021-02-21T00:12:02+00:00\",\"dateModified\":\"2021-02-21T00:12:02+00:00\",\"author\":{\"@id\":\"https:\/\/portalnpm.com\/#\/schema\/person\/49313e563cfdefcc167f1ee4c017c294\"},\"breadcrumb\":{\"@id\":\"https:\/\/portalnpm.com\/index.php\/2021\/02\/20\/brasileirao-ceara-bate-o-coritiba-e-confirma-vaga-na-proxima-sul-americana\/#breadcrumb\"},\"inLanguage\":\"pt-BR\",\"potentialAction\":[{\"@type\":\"ReadAction\",\"target\":[\"https:\/\/portalnpm.com\/index.php\/2021\/02\/20\/brasileirao-ceara-bate-o-coritiba-e-confirma-vaga-na-proxima-sul-americana\/\"]}]},{\"@type\":\"ImageObject\",\"inLanguage\":\"pt-BR\",\"@id\":\"https:\/\/portalnpm.com\/index.php\/2021\/02\/20\/brasileirao-ceara-bate-o-coritiba-e-confirma-vaga-na-proxima-sul-americana\/#primaryimage\",\"url\":\"https:\/\/portalnpm.com\/wp-content\/uploads\/2024\/01\/20210220192144_477.jpeg\",\"contentUrl\":\"https:\/\/portalnpm.com\/wp-content\/uploads\/2024\/01\/20210220192144_477.jpeg\",\"width\":910,\"height\":455},{\"@type\":\"BreadcrumbList\",\"@id\":\"https:\/\/portalnpm.com\/index.php\/2021\/02\/20\/brasileirao-ceara-bate-o-coritiba-e-confirma-vaga-na-proxima-sul-americana\/#breadcrumb\",\"itemListElement\":[{\"@type\":\"ListItem\",\"position\":1,\"name\":\"In\u00edcio\",\"item\":\"https:\/\/portalnpm.com\/\"},{\"@type\":\"ListItem\",\"position\":2,\"name\":\"Brasileir\u00e3o: Cear\u00e1 bate o Coritiba e confirma vaga na pr\u00f3xima Sul-Americana\"}]},{\"@type\":\"WebSite\",\"@id\":\"https:\/\/portalnpm.com\/#website\",\"url\":\"https:\/\/portalnpm.com\/\",\"name\":\"Portal NPM\",\"description\":\"Not\u00edcias em Primeira M\u00e3o\",\"potentialAction\":[{\"@type\":\"SearchAction\",\"target\":{\"@type\":\"EntryPoint\",\"urlTemplate\":\"https:\/\/portalnpm.com\/?s={search_term_string}\"},\"query-input\":\"required name=search_term_string\"}],\"inLanguage\":\"pt-BR\"},{\"@type\":\"Person\",\"@id\":\"https:\/\/portalnpm.com\/#\/schema\/person\/49313e563cfdefcc167f1ee4c017c294\",\"name\":\"Genival Barbosa\",\"image\":{\"@type\":\"ImageObject\",\"inLanguage\":\"pt-BR\",\"@id\":\"https:\/\/portalnpm.com\/#\/schema\/person\/image\/\",\"url\":\"https:\/\/portalnpm.com\/wp-content\/uploads\/2024\/02\/avatar_user_2_1707743258-96x96.jpeg\",\"contentUrl\":\"https:\/\/portalnpm.com\/wp-content\/uploads\/2024\/02\/avatar_user_2_1707743258-96x96.jpeg\",\"caption\":\"Genival Barbosa\"},\"url\":\"https:\/\/portalnpm.com\/index.php\/author\/genival\/\"}]}<\/script>\n<!-- \/ Yoast SEO plugin. -->","yoast_head_json":{"title":"Brasileir\u00e3o: Cear\u00e1 bate o Coritiba e confirma vaga na pr\u00f3xima Sul-Americana","robots":{"index":"index","follow":"follow","max-snippet":"max-snippet:-1","max-image-preview":"max-image-preview:large","max-video-preview":"max-video-preview:-1"},"canonical":"https:\/\/portalnpm.com\/index.php\/2021\/02\/20\/brasileirao-ceara-bate-o-coritiba-e-confirma-vaga-na-proxima-sul-americana\/","og_locale":"pt_BR","og_type":"article","og_title":"Brasileir\u00e3o: Cear\u00e1 bate o Coritiba e confirma vaga na pr\u00f3xima Sul-Americana","og_description":"No Couto Pereira, Voz\u00e3o derrotou o time da casa por 2 a 0, com gols de Felipe Vizeu e Saulo Mineiro Neste s\u00e1bado (20),\u00a0Coritiba\u00a0e\u00a0Cear\u00e1\u00a0se enfrentaram pela 37\u00aa e pen\u00faltima rodada do\u00a0Brasileir\u00e3o Assa\u00ed, no Couto Pereira, com o time visitante levando a melhor. Com gols de Felipe Vizeu e Saulo Mineiro, o Voz\u00e3o venceu os mandantes &hellip;","og_url":"https:\/\/portalnpm.com\/index.php\/2021\/02\/20\/brasileirao-ceara-bate-o-coritiba-e-confirma-vaga-na-proxima-sul-americana\/","og_site_name":"Portal NPM","article_published_time":"2021-02-21T00:12:02+00:00","og_image":[{"width":910,"height":455,"url":"https:\/\/portalnpm.com\/wp-content\/uploads\/2024\/01\/20210220192144_477.jpeg","type":"image\/jpeg"}],"author":"Genival Barbosa","twitter_card":"summary_large_image","twitter_misc":{"Escrito por":"Genival Barbosa","Est. tempo de leitura":"2 minutos"},"schema":{"@context":"https:\/\/schema.org","@graph":[{"@type":"WebPage","@id":"https:\/\/portalnpm.com\/index.php\/2021\/02\/20\/brasileirao-ceara-bate-o-coritiba-e-confirma-vaga-na-proxima-sul-americana\/","url":"https:\/\/portalnpm.com\/index.php\/2021\/02\/20\/brasileirao-ceara-bate-o-coritiba-e-confirma-vaga-na-proxima-sul-americana\/","name":"Brasileir\u00e3o: Cear\u00e1 bate o Coritiba e confirma vaga na pr\u00f3xima Sul-Americana","isPartOf":{"@id":"https:\/\/portalnpm.com\/#website"},"primaryImageOfPage":{"@id":"https:\/\/portalnpm.com\/index.php\/2021\/02\/20\/brasileirao-ceara-bate-o-coritiba-e-confirma-vaga-na-proxima-sul-americana\/#primaryimage"},"image":{"@id":"https:\/\/portalnpm.com\/index.php\/2021\/02\/20\/brasileirao-ceara-bate-o-coritiba-e-confirma-vaga-na-proxima-sul-americana\/#primaryimage"},"thumbnailUrl":"https:\/\/portalnpm.com\/wp-content\/uploads\/2024\/01\/20210220192144_477.jpeg","datePublished":"2021-02-21T00:12:02+00:00","dateModified":"2021-02-21T00:12:02+00:00","author":{"@id":"https:\/\/portalnpm.com\/#\/schema\/person\/49313e563cfdefcc167f1ee4c017c294"},"breadcrumb":{"@id":"https:\/\/portalnpm.com\/index.php\/2021\/02\/20\/brasileirao-ceara-bate-o-coritiba-e-confirma-vaga-na-proxima-sul-americana\/#breadcrumb"},"inLanguage":"pt-BR","potentialAction":[{"@type":"ReadAction","target":["https:\/\/portalnpm.com\/index.php\/2021\/02\/20\/brasileirao-ceara-bate-o-coritiba-e-confirma-vaga-na-proxima-sul-americana\/"]}]},{"@type":"ImageObject","inLanguage":"pt-BR","@id":"https:\/\/portalnpm.com\/index.php\/2021\/02\/20\/brasileirao-ceara-bate-o-coritiba-e-confirma-vaga-na-proxima-sul-americana\/#primaryimage","url":"https:\/\/portalnpm.com\/wp-content\/uploads\/2024\/01\/20210220192144_477.jpeg","contentUrl":"https:\/\/portalnpm.com\/wp-content\/uploads\/2024\/01\/20210220192144_477.jpeg","width":910,"height":455},{"@type":"BreadcrumbList","@id":"https:\/\/portalnpm.com\/index.php\/2021\/02\/20\/brasileirao-ceara-bate-o-coritiba-e-confirma-vaga-na-proxima-sul-americana\/#breadcrumb","itemListElement":[{"@type":"ListItem","position":1,"name":"In\u00edcio","item":"https:\/\/portalnpm.com\/"},{"@type":"ListItem","position":2,"name":"Brasileir\u00e3o: Cear\u00e1 bate o Coritiba e confirma vaga na pr\u00f3xima Sul-Americana"}]},{"@type":"WebSite","@id":"https:\/\/portalnpm.com\/#website","url":"https:\/\/portalnpm.com\/","name":"Portal NPM","description":"Not\u00edcias em Primeira M\u00e3o","potentialAction":[{"@type":"SearchAction","target":{"@type":"EntryPoint","urlTemplate":"https:\/\/portalnpm.com\/?s={search_term_string}"},"query-input":"required name=search_term_string"}],"inLanguage":"pt-BR"},{"@type":"Person","@id":"https:\/\/portalnpm.com\/#\/schema\/person\/49313e563cfdefcc167f1ee4c017c294","name":"Genival Barbosa","image":{"@type":"ImageObject","inLanguage":"pt-BR","@id":"https:\/\/portalnpm.com\/#\/schema\/person\/image\/","url":"https:\/\/portalnpm.com\/wp-content\/uploads\/2024\/02\/avatar_user_2_1707743258-96x96.jpeg","contentUrl":"https:\/\/portalnpm.com\/wp-content\/uploads\/2024\/02\/avatar_user_2_1707743258-96x96.jpeg","caption":"Genival Barbosa"},"url":"https:\/\/portalnpm.com\/index.php\/author\/genival\/"}]}},"jetpack_sharing_enabled":true,"jetpack_featured_media_url":"https:\/\/portalnpm.com\/wp-content\/uploads\/2024\/01\/20210220192144_477.jpeg","_links":{"self":[{"href":"https:\/\/portalnpm.com\/index.php\/wp-json\/wp\/v2\/posts\/62757"}],"collection":[{"href":"https:\/\/portalnpm.com\/index.php\/wp-json\/wp\/v2\/posts"}],"about":[{"href":"https:\/\/portalnpm.com\/index.php\/wp-json\/wp\/v2\/types\/post"}],"author":[{"embeddable":true,"href":"https:\/\/portalnpm.com\/index.php\/wp-json\/wp\/v2\/users\/2"}],"replies":[{"embeddable":true,"href":"https:\/\/portalnpm.com\/index.php\/wp-json\/wp\/v2\/comments?post=62757"}],"version-history":[{"count":0,"href":"https:\/\/portalnpm.com\/index.php\/wp-json\/wp\/v2\/posts\/62757\/revisions"}],"wp:featuredmedia":[{"embeddable":true,"href":"https:\/\/portalnpm.com\/index.php\/wp-json\/wp\/v2\/media\/62758"}],"wp:attachment":[{"href":"https:\/\/portalnpm.com\/index.php\/wp-json\/wp\/v2\/media?parent=62757"}],"wp:term":[{"taxonomy":"category","embeddable":true,"href":"https:\/\/portalnpm.com\/index.php\/wp-json\/wp\/v2\/categories?post=62757"},{"taxonomy":"post_tag","embeddable":true,"href":"https:\/\/portalnpm.com\/index.php\/wp-json\/wp\/v2\/tags?post=62757"}],"curies":[{"name":"wp","href":"https:\/\/api.w.org\/{rel}","templated":true}]}}