{"id":62763,"date":"2021-02-21T08:30:03","date_gmt":"2021-02-21T11:30:03","guid":{"rendered":"https:\/\/portalnpm.com\/index.php\/2021\/02\/21\/reforco-de-peso-atletico-anuncia-o-meia-nacho-fernandez-ex-river-plate\/"},"modified":"2021-02-21T08:30:03","modified_gmt":"2021-02-21T11:30:03","slug":"reforco-de-peso-atletico-anuncia-o-meia-nacho-fernandez-ex-river-plate","status":"publish","type":"post","link":"https:\/\/portalnpm.com\/index.php\/2021\/02\/21\/reforco-de-peso-atletico-anuncia-o-meia-nacho-fernandez-ex-river-plate\/","title":{"rendered":"Refor\u00e7o de peso! Atl\u00e9tico anuncia o meia Nacho Fern\u00e1ndez, ex-River Plate"},"content":{"rendered":"<p style=\"text-align: justify;\">O Atl\u00e9tico anunciou, neste s\u00e1bado, a chegada de um refor\u00e7o de peso para a temporada 2021. Ap\u00f3s contratar o lateral-esquerdo Dod\u00f4 e o atacante Hulk, o clube alvinegro chegou a um acordo com o River Plate para comprar os direitos econ\u00f4micos do meia Ignacio \u201cNacho\u201d Fern\u00e1ndez, de 31 anos. O v\u00ednculo vale por tr\u00eas anos.<\/p>\n<p style=\"text-align: justify;\">\n<p style=\"text-align: justify;\">\n<p style=\"text-align: justify;\">Nas redes sociais, o Galo brincou com o apelido de Ignacio Fern\u00e1ndez e publicou uma foto do p\u00e3o de queijo mineiro ao lado de queijo nacho. \u201cTe gusta esta combinaci\u00f3n?\u201d.<\/p>\n<p style=\"text-align: justify;\">Fern\u00e1ndez tamb\u00e9m enviou mensagem de \u00e1udio aos s\u00f3cios Galo na Veia. \u201c\u201cAl\u00f4, Massa, quero dizer a voc\u00eas que tem mais um Galo na Veia. J\u00e1 separei minha camisa, e pode contar a todo mundo que o Nacho chegou\u201d.<\/p>\n<div>\n<div>\n<p style=\"text-align: justify;\">Nacho chega ao Atl\u00e9tico ap\u00f3s uma negocia\u00e7\u00e3o que se arrastava desde 2020. Ano passado, o clube alvinegro &#8211; ainda com Alexandre Mattos no comando do departamento de futebol &#8211; fez as primeiras consultas pelo jogador.<\/p>\n<p style=\"text-align: justify;\">Em 2021, coube ao novo diretor Rodrigo Caetano fechar o neg\u00f3cio, que render\u00e1 cerca de 6 milh\u00f5es de d\u00f3lares (R$ 32,2 milh\u00f5es na cota\u00e7\u00e3o atual) livres de impostos aos cofres do River.<\/p>\n<p style=\"text-align: justify;\">Contratar Nacho era o grande desejo do t\u00e9cnico Jorge Sampaoli no mercado de transfer\u00eancias. Por\u00e9m, a perman\u00eancia do treinador argentino na Cidade do Galo para a pr\u00f3xima temporada \u00e9 incerta. Ele desperta o interesse do Olympique de Marseille, da Fran\u00e7a.<\/p>\n<p style=\"text-align: justify;\">Mesmo sem a certeza da continuidade da atual comiss\u00e3o t\u00e9cnica, a diretoria alvinegra topou investir alto na contrata\u00e7\u00e3o de Nacho. O armador se tornou um dos grandes destaques do poderoso River do t\u00e9cnico Marcelo Gallardo a partir de 2016, quando foi contratado.<\/p>\n<div>\n<div>\n<h2 style=\"text-align: justify;\"><strong>Destaque no River e elogios de Maradona<\/strong><\/h2>\n<p style=\"text-align: justify;\">\n<p style=\"text-align: justify;\">Pelo clube, Nacho fez 31 gols em 185 partidas e foi protagonista na hist\u00f3rica campanha da Copa Libertadores de 2018, que culminou com o t\u00edtulo sobre o Boca Juniors. Ganhou tamb\u00e9m duas Recopas Sul-Americanas, tr\u00eas Copas Argentinas e uma Supercopa Argentina.<\/p>\n<p style=\"text-align: justify;\">O novo jogador do Atl\u00e9tico j\u00e1 foi elogiado por lendas do Boca, arquirrival do River. Em 2019, o ex-meia Diego Maradona o elegeu melhor jogador do futebol argentino: \u201cSe eu tivesse que escolher algu\u00e9m que se destacasse na liga seria Nacho. Ele tem uma camur\u00e7a no p\u00e9\u201d, afirmou.<\/p>\n<p style=\"text-align: justify;\">O tamb\u00e9m ex-meia Juan Rom\u00e1n Riquelme corroborou a opini\u00e3o de Maradona e citou Nacho como o respons\u00e1vel pela vit\u00f3ria por 3 a 1 do River sobre o Boca na decis\u00e3o da Libertadores de 2018, disputada na Espanha.<\/p>\n<p style=\"text-align: justify;\">\u201cEu n\u00e3o tenho d\u00favidas de que Nacho \u00e9 o melhor jogador do futebol argentino h\u00e1 muito tempo. Foi ele que complicou nossa vida e virou o jogo na final em Madrid. O \u2018culpado\u2019 foi ele\u201d, frisou, em declara\u00e7\u00e3o dada em 2019.<\/p>\n<p style=\"text-align: justify;\">No mesmo ano, Nacho recebeu elogios de um brasileiro. Quando defendia o Cruzeiro, o centroavante Fred, atualmente no Fluminense, destacou o grande desempenho do meia.<\/p>\n<p style=\"text-align: justify;\">\u201cCraque! Arrebentou nos dois jogos contra a gente (nas oitavas de final da Libertadores de 2019). O moleque \u00e9 craque! \u00c9 um canhotinho, \u00e9 o articulador do River. Ele mexe o campo, do lado esquerdo para dentro. \u00c9 um fen\u00f4meno\u201d, disse, em entrevista ao Bandsports.<\/p>\n<p style=\"text-align: justify;\">\n<h2 style=\"text-align: justify;\"><strong>Carreira<\/strong><\/h2>\n<p style=\"text-align: justify;\">\n<p style=\"text-align: justify;\">O Atl\u00e9tico ser\u00e1 o primeiro clube de Nacho fora da Argentina. Natural da pequena Castelli, prov\u00edncia de Buenos Aires, Carlos Ignacio Fern\u00e1ndez Lobbe passou por Gimnasia e Temperley antes de chegar ao River, em 2016.<\/p>\n<p style=\"text-align: justify;\">Foi pelo clube milion\u00e1rio que o armador conquistou t\u00edtulos e ganhou notoriedade no cen\u00e1rio sul-americano. Apesar do bom desempenho, quase n\u00e3o teve chances na Sele\u00e7\u00e3o Argentina.<\/p>\n<p style=\"text-align: justify;\">A \u00fanica convoca\u00e7\u00e3o de Nacho foi em 2017, quando justamente Jorge Sampaoli o chamou para amistosos contra Cingapura e Brasil. O meia entrou em campo apenas diante do pa\u00eds asi\u00e1tico. Nos 20 minutos em que atuou, contribuiu com uma assist\u00eancia para \u00c1ngel Di Mar\u00eda marcar o \u00faltimo gol da vit\u00f3ria por 6 a 0.<\/p>\n<p style=\"text-align: justify;\">\n<h2 style=\"text-align: justify;\"><strong>Ficha<\/strong><\/h2>\n<p style=\"text-align: justify;\">\n<p style=\"text-align: justify;\"><strong>Nome:\u00a0<\/strong>Carlos Ignacio Fern\u00e1ndez Lobbe<\/p>\n<p style=\"text-align: justify;\"><strong>Nascimento:<\/strong>\u00a012 de janeiro de 1990 (31 anos)<\/p>\n<p style=\"text-align: justify;\"><strong>Naturalidade:\u00a0<\/strong>Castelli (Argentina)<\/p>\n<p style=\"text-align: justify;\"><strong>Posi\u00e7\u00e3o:\u00a0<\/strong>Meia<\/p>\n<p style=\"text-align: justify;\"><strong>P\u00e9 preferencial:\u00a0<\/strong>Canhoto<\/p>\n<p style=\"text-align: justify;\"><strong>Clubes como profissional:\u00a0<\/strong>Gimnasia de La Plata (2010-2011 e 2012-2016), Temperley (2011-2012), River Plate (2016-2021) e Atl\u00e9tico (2021)<\/p>\n<p style=\"text-align: justify;\"><strong>T\u00edtulos:<\/strong>\u00a0Copa Libertadores (2018), Recopa Sul-Americana (2016 e 2019), Copa Argentina (2016, 2017 e 2019) e Supercopa Argentina (2018)<\/p>\n<p style=\"text-align: justify;\">Super Esportes<\/p>\n<\/div>\n<\/div>\n<\/div>\n<\/div>\n","protected":false},"excerpt":{"rendered":"<p>O Atl\u00e9tico anunciou, neste s\u00e1bado, a chegada de um refor\u00e7o de peso para a temporada 2021. Ap\u00f3s contratar o lateral-esquerdo Dod\u00f4 e o atacante Hulk, o clube alvinegro chegou a um acordo com o River Plate para comprar os direitos econ\u00f4micos do meia Ignacio \u201cNacho\u201d Fern\u00e1ndez, de 31 anos. O v\u00ednculo vale por tr\u00eas anos. &hellip;<\/p>\n","protected":false},"author":2,"featured_media":62764,"comment_status":"open","ping_status":"open","sticky":false,"template":"","format":"standard","meta":{"content-type":"","rop_custom_images_group":[],"rop_custom_messages_group":[],"rop_publish_now":"initial","rop_publish_now_accounts":{"facebook_2648258775420054_1618374048415101":""},"rop_publish_now_history":[],"rop_publish_now_status":"pending","footnotes":"","_jetpack_memberships_contains_paid_content":false},"categories":[108],"tags":[9909,9910,9911,9912],"yoast_head":"<!-- This site is optimized with the Yoast SEO plugin v22.3 - https:\/\/yoast.com\/wordpress\/plugins\/seo\/ -->\n<title>Refor\u00e7o de peso! Atl\u00e9tico anuncia o meia Nacho Fern\u00e1ndez, ex-River Plate<\/title>\n<meta name=\"robots\" content=\"index, follow, max-snippet:-1, max-image-preview:large, max-video-preview:-1\" \/>\n<link rel=\"canonical\" href=\"https:\/\/portalnpm.com\/index.php\/2021\/02\/21\/reforco-de-peso-atletico-anuncia-o-meia-nacho-fernandez-ex-river-plate\/\" \/>\n<meta property=\"og:locale\" content=\"pt_BR\" \/>\n<meta property=\"og:type\" content=\"article\" \/>\n<meta property=\"og:title\" content=\"Refor\u00e7o de peso! Atl\u00e9tico anuncia o meia Nacho Fern\u00e1ndez, ex-River Plate\" \/>\n<meta property=\"og:description\" content=\"O Atl\u00e9tico anunciou, neste s\u00e1bado, a chegada de um refor\u00e7o de peso para a temporada 2021. Ap\u00f3s contratar o lateral-esquerdo Dod\u00f4 e o atacante Hulk, o clube alvinegro chegou a um acordo com o River Plate para comprar os direitos econ\u00f4micos do meia Ignacio \u201cNacho\u201d Fern\u00e1ndez, de 31 anos. O v\u00ednculo vale por tr\u00eas anos. &hellip;\" \/>\n<meta property=\"og:url\" content=\"https:\/\/portalnpm.com\/index.php\/2021\/02\/21\/reforco-de-peso-atletico-anuncia-o-meia-nacho-fernandez-ex-river-plate\/\" \/>\n<meta property=\"og:site_name\" content=\"Portal NPM\" \/>\n<meta property=\"article:published_time\" content=\"2021-02-21T11:30:03+00:00\" \/>\n<meta property=\"og:image\" content=\"https:\/\/portalnpm.com\/wp-content\/uploads\/2024\/01\/BB1dRngS.jpeg\" \/>\n\t<meta property=\"og:image:width\" content=\"600\" \/>\n\t<meta property=\"og:image:height\" content=\"400\" \/>\n\t<meta property=\"og:image:type\" content=\"image\/jpeg\" \/>\n<meta name=\"author\" content=\"Genival Barbosa\" \/>\n<meta name=\"twitter:card\" content=\"summary_large_image\" \/>\n<meta name=\"twitter:label1\" content=\"Escrito por\" \/>\n\t<meta name=\"twitter:data1\" content=\"Genival Barbosa\" \/>\n\t<meta name=\"twitter:label2\" content=\"Est. tempo de leitura\" \/>\n\t<meta name=\"twitter:data2\" content=\"4 minutos\" \/>\n<script type=\"application\/ld+json\" class=\"yoast-schema-graph\">{\"@context\":\"https:\/\/schema.org\",\"@graph\":[{\"@type\":\"WebPage\",\"@id\":\"https:\/\/portalnpm.com\/index.php\/2021\/02\/21\/reforco-de-peso-atletico-anuncia-o-meia-nacho-fernandez-ex-river-plate\/\",\"url\":\"https:\/\/portalnpm.com\/index.php\/2021\/02\/21\/reforco-de-peso-atletico-anuncia-o-meia-nacho-fernandez-ex-river-plate\/\",\"name\":\"Refor\u00e7o de peso! Atl\u00e9tico anuncia o meia Nacho Fern\u00e1ndez, ex-River Plate\",\"isPartOf\":{\"@id\":\"https:\/\/portalnpm.com\/#website\"},\"primaryImageOfPage\":{\"@id\":\"https:\/\/portalnpm.com\/index.php\/2021\/02\/21\/reforco-de-peso-atletico-anuncia-o-meia-nacho-fernandez-ex-river-plate\/#primaryimage\"},\"image\":{\"@id\":\"https:\/\/portalnpm.com\/index.php\/2021\/02\/21\/reforco-de-peso-atletico-anuncia-o-meia-nacho-fernandez-ex-river-plate\/#primaryimage\"},\"thumbnailUrl\":\"https:\/\/portalnpm.com\/wp-content\/uploads\/2024\/01\/BB1dRngS.jpeg\",\"datePublished\":\"2021-02-21T11:30:03+00:00\",\"dateModified\":\"2021-02-21T11:30:03+00:00\",\"author\":{\"@id\":\"https:\/\/portalnpm.com\/#\/schema\/person\/49313e563cfdefcc167f1ee4c017c294\"},\"breadcrumb\":{\"@id\":\"https:\/\/portalnpm.com\/index.php\/2021\/02\/21\/reforco-de-peso-atletico-anuncia-o-meia-nacho-fernandez-ex-river-plate\/#breadcrumb\"},\"inLanguage\":\"pt-BR\",\"potentialAction\":[{\"@type\":\"ReadAction\",\"target\":[\"https:\/\/portalnpm.com\/index.php\/2021\/02\/21\/reforco-de-peso-atletico-anuncia-o-meia-nacho-fernandez-ex-river-plate\/\"]}]},{\"@type\":\"ImageObject\",\"inLanguage\":\"pt-BR\",\"@id\":\"https:\/\/portalnpm.com\/index.php\/2021\/02\/21\/reforco-de-peso-atletico-anuncia-o-meia-nacho-fernandez-ex-river-plate\/#primaryimage\",\"url\":\"https:\/\/portalnpm.com\/wp-content\/uploads\/2024\/01\/BB1dRngS.jpeg\",\"contentUrl\":\"https:\/\/portalnpm.com\/wp-content\/uploads\/2024\/01\/BB1dRngS.jpeg\",\"width\":600,\"height\":400},{\"@type\":\"BreadcrumbList\",\"@id\":\"https:\/\/portalnpm.com\/index.php\/2021\/02\/21\/reforco-de-peso-atletico-anuncia-o-meia-nacho-fernandez-ex-river-plate\/#breadcrumb\",\"itemListElement\":[{\"@type\":\"ListItem\",\"position\":1,\"name\":\"In\u00edcio\",\"item\":\"https:\/\/portalnpm.com\/\"},{\"@type\":\"ListItem\",\"position\":2,\"name\":\"Refor\u00e7o de peso! Atl\u00e9tico anuncia o meia Nacho Fern\u00e1ndez, ex-River Plate\"}]},{\"@type\":\"WebSite\",\"@id\":\"https:\/\/portalnpm.com\/#website\",\"url\":\"https:\/\/portalnpm.com\/\",\"name\":\"Portal NPM\",\"description\":\"Not\u00edcias em Primeira M\u00e3o\",\"potentialAction\":[{\"@type\":\"SearchAction\",\"target\":{\"@type\":\"EntryPoint\",\"urlTemplate\":\"https:\/\/portalnpm.com\/?s={search_term_string}\"},\"query-input\":\"required name=search_term_string\"}],\"inLanguage\":\"pt-BR\"},{\"@type\":\"Person\",\"@id\":\"https:\/\/portalnpm.com\/#\/schema\/person\/49313e563cfdefcc167f1ee4c017c294\",\"name\":\"Genival Barbosa\",\"image\":{\"@type\":\"ImageObject\",\"inLanguage\":\"pt-BR\",\"@id\":\"https:\/\/portalnpm.com\/#\/schema\/person\/image\/\",\"url\":\"https:\/\/portalnpm.com\/wp-content\/uploads\/2024\/02\/avatar_user_2_1707743258-96x96.jpeg\",\"contentUrl\":\"https:\/\/portalnpm.com\/wp-content\/uploads\/2024\/02\/avatar_user_2_1707743258-96x96.jpeg\",\"caption\":\"Genival Barbosa\"},\"url\":\"https:\/\/portalnpm.com\/index.php\/author\/genival\/\"}]}<\/script>\n<!-- \/ Yoast SEO plugin. -->","yoast_head_json":{"title":"Refor\u00e7o de peso! Atl\u00e9tico anuncia o meia Nacho Fern\u00e1ndez, ex-River Plate","robots":{"index":"index","follow":"follow","max-snippet":"max-snippet:-1","max-image-preview":"max-image-preview:large","max-video-preview":"max-video-preview:-1"},"canonical":"https:\/\/portalnpm.com\/index.php\/2021\/02\/21\/reforco-de-peso-atletico-anuncia-o-meia-nacho-fernandez-ex-river-plate\/","og_locale":"pt_BR","og_type":"article","og_title":"Refor\u00e7o de peso! Atl\u00e9tico anuncia o meia Nacho Fern\u00e1ndez, ex-River Plate","og_description":"O Atl\u00e9tico anunciou, neste s\u00e1bado, a chegada de um refor\u00e7o de peso para a temporada 2021. Ap\u00f3s contratar o lateral-esquerdo Dod\u00f4 e o atacante Hulk, o clube alvinegro chegou a um acordo com o River Plate para comprar os direitos econ\u00f4micos do meia Ignacio \u201cNacho\u201d Fern\u00e1ndez, de 31 anos. O v\u00ednculo vale por tr\u00eas anos. &hellip;","og_url":"https:\/\/portalnpm.com\/index.php\/2021\/02\/21\/reforco-de-peso-atletico-anuncia-o-meia-nacho-fernandez-ex-river-plate\/","og_site_name":"Portal NPM","article_published_time":"2021-02-21T11:30:03+00:00","og_image":[{"width":600,"height":400,"url":"https:\/\/portalnpm.com\/wp-content\/uploads\/2024\/01\/BB1dRngS.jpeg","type":"image\/jpeg"}],"author":"Genival Barbosa","twitter_card":"summary_large_image","twitter_misc":{"Escrito por":"Genival Barbosa","Est. tempo de leitura":"4 minutos"},"schema":{"@context":"https:\/\/schema.org","@graph":[{"@type":"WebPage","@id":"https:\/\/portalnpm.com\/index.php\/2021\/02\/21\/reforco-de-peso-atletico-anuncia-o-meia-nacho-fernandez-ex-river-plate\/","url":"https:\/\/portalnpm.com\/index.php\/2021\/02\/21\/reforco-de-peso-atletico-anuncia-o-meia-nacho-fernandez-ex-river-plate\/","name":"Refor\u00e7o de peso! Atl\u00e9tico anuncia o meia Nacho Fern\u00e1ndez, ex-River Plate","isPartOf":{"@id":"https:\/\/portalnpm.com\/#website"},"primaryImageOfPage":{"@id":"https:\/\/portalnpm.com\/index.php\/2021\/02\/21\/reforco-de-peso-atletico-anuncia-o-meia-nacho-fernandez-ex-river-plate\/#primaryimage"},"image":{"@id":"https:\/\/portalnpm.com\/index.php\/2021\/02\/21\/reforco-de-peso-atletico-anuncia-o-meia-nacho-fernandez-ex-river-plate\/#primaryimage"},"thumbnailUrl":"https:\/\/portalnpm.com\/wp-content\/uploads\/2024\/01\/BB1dRngS.jpeg","datePublished":"2021-02-21T11:30:03+00:00","dateModified":"2021-02-21T11:30:03+00:00","author":{"@id":"https:\/\/portalnpm.com\/#\/schema\/person\/49313e563cfdefcc167f1ee4c017c294"},"breadcrumb":{"@id":"https:\/\/portalnpm.com\/index.php\/2021\/02\/21\/reforco-de-peso-atletico-anuncia-o-meia-nacho-fernandez-ex-river-plate\/#breadcrumb"},"inLanguage":"pt-BR","potentialAction":[{"@type":"ReadAction","target":["https:\/\/portalnpm.com\/index.php\/2021\/02\/21\/reforco-de-peso-atletico-anuncia-o-meia-nacho-fernandez-ex-river-plate\/"]}]},{"@type":"ImageObject","inLanguage":"pt-BR","@id":"https:\/\/portalnpm.com\/index.php\/2021\/02\/21\/reforco-de-peso-atletico-anuncia-o-meia-nacho-fernandez-ex-river-plate\/#primaryimage","url":"https:\/\/portalnpm.com\/wp-content\/uploads\/2024\/01\/BB1dRngS.jpeg","contentUrl":"https:\/\/portalnpm.com\/wp-content\/uploads\/2024\/01\/BB1dRngS.jpeg","width":600,"height":400},{"@type":"BreadcrumbList","@id":"https:\/\/portalnpm.com\/index.php\/2021\/02\/21\/reforco-de-peso-atletico-anuncia-o-meia-nacho-fernandez-ex-river-plate\/#breadcrumb","itemListElement":[{"@type":"ListItem","position":1,"name":"In\u00edcio","item":"https:\/\/portalnpm.com\/"},{"@type":"ListItem","position":2,"name":"Refor\u00e7o de peso! Atl\u00e9tico anuncia o meia Nacho Fern\u00e1ndez, ex-River Plate"}]},{"@type":"WebSite","@id":"https:\/\/portalnpm.com\/#website","url":"https:\/\/portalnpm.com\/","name":"Portal NPM","description":"Not\u00edcias em Primeira M\u00e3o","potentialAction":[{"@type":"SearchAction","target":{"@type":"EntryPoint","urlTemplate":"https:\/\/portalnpm.com\/?s={search_term_string}"},"query-input":"required name=search_term_string"}],"inLanguage":"pt-BR"},{"@type":"Person","@id":"https:\/\/portalnpm.com\/#\/schema\/person\/49313e563cfdefcc167f1ee4c017c294","name":"Genival Barbosa","image":{"@type":"ImageObject","inLanguage":"pt-BR","@id":"https:\/\/portalnpm.com\/#\/schema\/person\/image\/","url":"https:\/\/portalnpm.com\/wp-content\/uploads\/2024\/02\/avatar_user_2_1707743258-96x96.jpeg","contentUrl":"https:\/\/portalnpm.com\/wp-content\/uploads\/2024\/02\/avatar_user_2_1707743258-96x96.jpeg","caption":"Genival Barbosa"},"url":"https:\/\/portalnpm.com\/index.php\/author\/genival\/"}]}},"jetpack_sharing_enabled":true,"jetpack_featured_media_url":"https:\/\/portalnpm.com\/wp-content\/uploads\/2024\/01\/BB1dRngS.jpeg","_links":{"self":[{"href":"https:\/\/portalnpm.com\/index.php\/wp-json\/wp\/v2\/posts\/62763"}],"collection":[{"href":"https:\/\/portalnpm.com\/index.php\/wp-json\/wp\/v2\/posts"}],"about":[{"href":"https:\/\/portalnpm.com\/index.php\/wp-json\/wp\/v2\/types\/post"}],"author":[{"embeddable":true,"href":"https:\/\/portalnpm.com\/index.php\/wp-json\/wp\/v2\/users\/2"}],"replies":[{"embeddable":true,"href":"https:\/\/portalnpm.com\/index.php\/wp-json\/wp\/v2\/comments?post=62763"}],"version-history":[{"count":0,"href":"https:\/\/portalnpm.com\/index.php\/wp-json\/wp\/v2\/posts\/62763\/revisions"}],"wp:featuredmedia":[{"embeddable":true,"href":"https:\/\/portalnpm.com\/index.php\/wp-json\/wp\/v2\/media\/62764"}],"wp:attachment":[{"href":"https:\/\/portalnpm.com\/index.php\/wp-json\/wp\/v2\/media?parent=62763"}],"wp:term":[{"taxonomy":"category","embeddable":true,"href":"https:\/\/portalnpm.com\/index.php\/wp-json\/wp\/v2\/categories?post=62763"},{"taxonomy":"post_tag","embeddable":true,"href":"https:\/\/portalnpm.com\/index.php\/wp-json\/wp\/v2\/tags?post=62763"}],"curies":[{"name":"wp","href":"https:\/\/api.w.org\/{rel}","templated":true}]}}