{"id":62765,"date":"2021-02-21T08:35:26","date_gmt":"2021-02-21T11:35:26","guid":{"rendered":"https:\/\/portalnpm.com\/index.php\/2021\/02\/21\/chega-ao-brasil-o-primeiro-aviao-da-itapemirim-transportes-aereos\/"},"modified":"2021-02-21T08:35:26","modified_gmt":"2021-02-21T11:35:26","slug":"chega-ao-brasil-o-primeiro-aviao-da-itapemirim-transportes-aereos","status":"publish","type":"post","link":"https:\/\/portalnpm.com\/index.php\/2021\/02\/21\/chega-ao-brasil-o-primeiro-aviao-da-itapemirim-transportes-aereos\/","title":{"rendered":"Chega ao Brasil o primeiro avi\u00e3o da Itapemirim Transportes A\u00e9reos"},"content":{"rendered":"<section class=\"flexarticle\" data-id=\"37\" data-m=\"{\"i\":37,\"p\":35,\"n\":\"flexarticle\",\"y\":6,\"o\":2}\">\n<section class=\"articlebody  flexarticlebody \" data-id=\"38\" data-m=\"{\"i\":38,\"p\":37,\"n\":\"articlebody\",\"y\":6,\"o\":1}\">\n<div>\n<p style=\"text-align: justify;\">O Grupo Itapemirim confirmou na noite desta sexta-feira (19) a chegada da sua primeira aeronave que far\u00e1 parte da nova companhia, a Itapemirim Transportes A\u00e9reos. A decolagem ser\u00e1 de Madrid e a aterrissagem em Natal (RN) est\u00e1 prevista para \u00e0s 11h25 deste s\u00e1bado (20). A transmiss\u00e3o ser\u00e1 feita no\u00a0<a href=\"https:\/\/www.instagram.com\/itatransportesaereos.oficial\/\" target=\"_blank\" rel=\"noopener noreferrer\" data-id=\"40\">perfil do Instagram da companhia<\/a>.<\/p>\n<p style=\"text-align: justify;\">\n<p style=\"text-align: justify;\">\n<p style=\"text-align: justify;\">A empresa pretende come\u00e7ar a voar em mar\u00e7o e dever\u00e1 atender as seguintes cidades: S\u00e3o Paulo, Ribeir\u00e3o Preto, Presidente Prudente, Rio de Janeiro, Porto Alegre, Curitiba, Foz do Igua\u00e7u, Florian\u00f3polis, Salvador, Fortaleza, Vit\u00f3ria e Goi\u00e2nia.<\/p>\n<p style=\"text-align: justify;\">\u201cEstamos muito felizes porque todo o cronograma vem sendo cumprido para obtermos as certifica\u00e7\u00f5es junto \u00e0 ANAC (Ag\u00eancia Nacional de Avia\u00e7\u00e3o Civil)\u201d, comemora Sidnei Piva, presidente do Grupo Itapemirim, que ambiciona atender todas as capitais do Brasil.<\/p>\n<p style=\"text-align: justify;\">A aeronave, um Airbus A320, deve ficar em Natal para tr\u00e2mites relacionados \u00e0 importa\u00e7\u00e3o e depois seguir\u00e1 para S\u00e3o Jos\u00e9 dos Campos (SP) para pintura e customiza\u00e7\u00f5es. A proposta da Itapemirim Transportes A\u00e9reos \u00e9 oferecer aeronaves com maior espa\u00e7o entre as poltronas e servi\u00e7o de bordo diferenciado.<\/p>\n<\/div>\n<div style=\"text-align: justify;\">\n<div><iframe id=\"instagram-embed-0\" class=\"instagram-media ig-em-bq instagram-media-rendered\" src=\"https:\/\/www.instagram.com\/p\/CLfdrYIJQFY\/embed\/captioned\/?cr=1&#038;v=13&#038;wp=636&#038;rd=https%3A%2F%2Fwww.msn.com&#038;rp=%2Fpt-br%2Fviagem%2Fnoticias%2Fchega-ao-brasil-o-primeiro-avi%25c3%25a3o-da-itapemirim-transportes-a%25c3%25a9reos%2Far-BB1dQqPP%3Fli%3DBByBfnF%26ocid%3Da2hs#%7B%22ci%22%3A0%2C%22os%22%3A3706.399999995483%2C%22ls%22%3A3474.3000000016764%2C%22le%22%3A3495.7999999896856%7D\" height=\"763\" frameborder=\"0\" scrolling=\"no\" allowfullscreen=\"allowfullscreen\" data-instgrm-payload-id=\"instagram-media-payload-0\" data-mce-fragment=\"1\"><\/iframe><\/div>\n<\/div>\n<\/section>\n<\/section>\n<div class=\"vl_disclosure\" style=\"text-align: justify;\">Com Informa\u00e7\u00f5es Blog Viagem<\/div>\n","protected":false},"excerpt":{"rendered":"<p>O Grupo Itapemirim confirmou na noite desta sexta-feira (19) a chegada da sua primeira aeronave que far\u00e1 parte da nova companhia, a Itapemirim Transportes A\u00e9reos. A decolagem ser\u00e1 de Madrid e a aterrissagem em Natal (RN) est\u00e1 prevista para \u00e0s 11h25 deste s\u00e1bado (20). A transmiss\u00e3o ser\u00e1 feita no\u00a0perfil do Instagram da companhia. A empresa &hellip;<\/p>\n","protected":false},"author":2,"featured_media":62766,"comment_status":"open","ping_status":"open","sticky":false,"template":"","format":"standard","meta":{"content-type":"","rop_custom_images_group":[],"rop_custom_messages_group":[],"rop_publish_now":"initial","rop_publish_now_accounts":{"facebook_2648258775420054_1618374048415101":""},"rop_publish_now_history":[],"rop_publish_now_status":"pending","footnotes":"","_jetpack_memberships_contains_paid_content":false},"categories":[125],"tags":[9913,5936,9914,9915],"yoast_head":"<!-- This site is optimized with the Yoast SEO plugin v22.3 - https:\/\/yoast.com\/wordpress\/plugins\/seo\/ -->\n<title>Chega ao Brasil o primeiro avi\u00e3o da Itapemirim Transportes A\u00e9reos<\/title>\n<meta name=\"robots\" content=\"index, follow, max-snippet:-1, max-image-preview:large, max-video-preview:-1\" \/>\n<link rel=\"canonical\" href=\"https:\/\/portalnpm.com\/index.php\/2021\/02\/21\/chega-ao-brasil-o-primeiro-aviao-da-itapemirim-transportes-aereos\/\" \/>\n<meta property=\"og:locale\" content=\"pt_BR\" \/>\n<meta property=\"og:type\" content=\"article\" \/>\n<meta property=\"og:title\" content=\"Chega ao Brasil o primeiro avi\u00e3o da Itapemirim Transportes A\u00e9reos\" \/>\n<meta property=\"og:description\" content=\"O Grupo Itapemirim confirmou na noite desta sexta-feira (19) a chegada da sua primeira aeronave que far\u00e1 parte da nova companhia, a Itapemirim Transportes A\u00e9reos. A decolagem ser\u00e1 de Madrid e a aterrissagem em Natal (RN) est\u00e1 prevista para \u00e0s 11h25 deste s\u00e1bado (20). A transmiss\u00e3o ser\u00e1 feita no\u00a0perfil do Instagram da companhia. A empresa &hellip;\" \/>\n<meta property=\"og:url\" content=\"https:\/\/portalnpm.com\/index.php\/2021\/02\/21\/chega-ao-brasil-o-primeiro-aviao-da-itapemirim-transportes-aereos\/\" \/>\n<meta property=\"og:site_name\" content=\"Portal NPM\" \/>\n<meta property=\"article:published_time\" content=\"2021-02-21T11:35:26+00:00\" \/>\n<meta property=\"og:image\" content=\"https:\/\/portalnpm.com\/wp-content\/uploads\/2024\/01\/BB1dQnvY-1.jpeg\" \/>\n\t<meta property=\"og:image:width\" content=\"600\" \/>\n\t<meta property=\"og:image:height\" content=\"450\" \/>\n\t<meta property=\"og:image:type\" content=\"image\/jpeg\" \/>\n<meta name=\"author\" content=\"Genival Barbosa\" \/>\n<meta name=\"twitter:card\" content=\"summary_large_image\" \/>\n<meta name=\"twitter:label1\" content=\"Escrito por\" \/>\n\t<meta name=\"twitter:data1\" content=\"Genival Barbosa\" \/>\n\t<meta name=\"twitter:label2\" content=\"Est. tempo de leitura\" \/>\n\t<meta name=\"twitter:data2\" content=\"1 minuto\" \/>\n<script type=\"application\/ld+json\" class=\"yoast-schema-graph\">{\"@context\":\"https:\/\/schema.org\",\"@graph\":[{\"@type\":\"WebPage\",\"@id\":\"https:\/\/portalnpm.com\/index.php\/2021\/02\/21\/chega-ao-brasil-o-primeiro-aviao-da-itapemirim-transportes-aereos\/\",\"url\":\"https:\/\/portalnpm.com\/index.php\/2021\/02\/21\/chega-ao-brasil-o-primeiro-aviao-da-itapemirim-transportes-aereos\/\",\"name\":\"Chega ao Brasil o primeiro avi\u00e3o da Itapemirim Transportes A\u00e9reos\",\"isPartOf\":{\"@id\":\"https:\/\/portalnpm.com\/#website\"},\"primaryImageOfPage\":{\"@id\":\"https:\/\/portalnpm.com\/index.php\/2021\/02\/21\/chega-ao-brasil-o-primeiro-aviao-da-itapemirim-transportes-aereos\/#primaryimage\"},\"image\":{\"@id\":\"https:\/\/portalnpm.com\/index.php\/2021\/02\/21\/chega-ao-brasil-o-primeiro-aviao-da-itapemirim-transportes-aereos\/#primaryimage\"},\"thumbnailUrl\":\"https:\/\/portalnpm.com\/wp-content\/uploads\/2024\/01\/BB1dQnvY-1.jpeg\",\"datePublished\":\"2021-02-21T11:35:26+00:00\",\"dateModified\":\"2021-02-21T11:35:26+00:00\",\"author\":{\"@id\":\"https:\/\/portalnpm.com\/#\/schema\/person\/49313e563cfdefcc167f1ee4c017c294\"},\"breadcrumb\":{\"@id\":\"https:\/\/portalnpm.com\/index.php\/2021\/02\/21\/chega-ao-brasil-o-primeiro-aviao-da-itapemirim-transportes-aereos\/#breadcrumb\"},\"inLanguage\":\"pt-BR\",\"potentialAction\":[{\"@type\":\"ReadAction\",\"target\":[\"https:\/\/portalnpm.com\/index.php\/2021\/02\/21\/chega-ao-brasil-o-primeiro-aviao-da-itapemirim-transportes-aereos\/\"]}]},{\"@type\":\"ImageObject\",\"inLanguage\":\"pt-BR\",\"@id\":\"https:\/\/portalnpm.com\/index.php\/2021\/02\/21\/chega-ao-brasil-o-primeiro-aviao-da-itapemirim-transportes-aereos\/#primaryimage\",\"url\":\"https:\/\/portalnpm.com\/wp-content\/uploads\/2024\/01\/BB1dQnvY-1.jpeg\",\"contentUrl\":\"https:\/\/portalnpm.com\/wp-content\/uploads\/2024\/01\/BB1dQnvY-1.jpeg\",\"width\":600,\"height\":450},{\"@type\":\"BreadcrumbList\",\"@id\":\"https:\/\/portalnpm.com\/index.php\/2021\/02\/21\/chega-ao-brasil-o-primeiro-aviao-da-itapemirim-transportes-aereos\/#breadcrumb\",\"itemListElement\":[{\"@type\":\"ListItem\",\"position\":1,\"name\":\"In\u00edcio\",\"item\":\"https:\/\/portalnpm.com\/\"},{\"@type\":\"ListItem\",\"position\":2,\"name\":\"Chega ao Brasil o primeiro avi\u00e3o da Itapemirim Transportes A\u00e9reos\"}]},{\"@type\":\"WebSite\",\"@id\":\"https:\/\/portalnpm.com\/#website\",\"url\":\"https:\/\/portalnpm.com\/\",\"name\":\"Portal NPM\",\"description\":\"Not\u00edcias em Primeira M\u00e3o\",\"potentialAction\":[{\"@type\":\"SearchAction\",\"target\":{\"@type\":\"EntryPoint\",\"urlTemplate\":\"https:\/\/portalnpm.com\/?s={search_term_string}\"},\"query-input\":\"required name=search_term_string\"}],\"inLanguage\":\"pt-BR\"},{\"@type\":\"Person\",\"@id\":\"https:\/\/portalnpm.com\/#\/schema\/person\/49313e563cfdefcc167f1ee4c017c294\",\"name\":\"Genival Barbosa\",\"image\":{\"@type\":\"ImageObject\",\"inLanguage\":\"pt-BR\",\"@id\":\"https:\/\/portalnpm.com\/#\/schema\/person\/image\/\",\"url\":\"https:\/\/portalnpm.com\/wp-content\/uploads\/2024\/02\/avatar_user_2_1707743258-96x96.jpeg\",\"contentUrl\":\"https:\/\/portalnpm.com\/wp-content\/uploads\/2024\/02\/avatar_user_2_1707743258-96x96.jpeg\",\"caption\":\"Genival Barbosa\"},\"url\":\"https:\/\/portalnpm.com\/index.php\/author\/genival\/\"}]}<\/script>\n<!-- \/ Yoast SEO plugin. -->","yoast_head_json":{"title":"Chega ao Brasil o primeiro avi\u00e3o da Itapemirim Transportes A\u00e9reos","robots":{"index":"index","follow":"follow","max-snippet":"max-snippet:-1","max-image-preview":"max-image-preview:large","max-video-preview":"max-video-preview:-1"},"canonical":"https:\/\/portalnpm.com\/index.php\/2021\/02\/21\/chega-ao-brasil-o-primeiro-aviao-da-itapemirim-transportes-aereos\/","og_locale":"pt_BR","og_type":"article","og_title":"Chega ao Brasil o primeiro avi\u00e3o da Itapemirim Transportes A\u00e9reos","og_description":"O Grupo Itapemirim confirmou na noite desta sexta-feira (19) a chegada da sua primeira aeronave que far\u00e1 parte da nova companhia, a Itapemirim Transportes A\u00e9reos. A decolagem ser\u00e1 de Madrid e a aterrissagem em Natal (RN) est\u00e1 prevista para \u00e0s 11h25 deste s\u00e1bado (20). A transmiss\u00e3o ser\u00e1 feita no\u00a0perfil do Instagram da companhia. A empresa &hellip;","og_url":"https:\/\/portalnpm.com\/index.php\/2021\/02\/21\/chega-ao-brasil-o-primeiro-aviao-da-itapemirim-transportes-aereos\/","og_site_name":"Portal NPM","article_published_time":"2021-02-21T11:35:26+00:00","og_image":[{"width":600,"height":450,"url":"https:\/\/portalnpm.com\/wp-content\/uploads\/2024\/01\/BB1dQnvY-1.jpeg","type":"image\/jpeg"}],"author":"Genival Barbosa","twitter_card":"summary_large_image","twitter_misc":{"Escrito por":"Genival Barbosa","Est. tempo de leitura":"1 minuto"},"schema":{"@context":"https:\/\/schema.org","@graph":[{"@type":"WebPage","@id":"https:\/\/portalnpm.com\/index.php\/2021\/02\/21\/chega-ao-brasil-o-primeiro-aviao-da-itapemirim-transportes-aereos\/","url":"https:\/\/portalnpm.com\/index.php\/2021\/02\/21\/chega-ao-brasil-o-primeiro-aviao-da-itapemirim-transportes-aereos\/","name":"Chega ao Brasil o primeiro avi\u00e3o da Itapemirim Transportes A\u00e9reos","isPartOf":{"@id":"https:\/\/portalnpm.com\/#website"},"primaryImageOfPage":{"@id":"https:\/\/portalnpm.com\/index.php\/2021\/02\/21\/chega-ao-brasil-o-primeiro-aviao-da-itapemirim-transportes-aereos\/#primaryimage"},"image":{"@id":"https:\/\/portalnpm.com\/index.php\/2021\/02\/21\/chega-ao-brasil-o-primeiro-aviao-da-itapemirim-transportes-aereos\/#primaryimage"},"thumbnailUrl":"https:\/\/portalnpm.com\/wp-content\/uploads\/2024\/01\/BB1dQnvY-1.jpeg","datePublished":"2021-02-21T11:35:26+00:00","dateModified":"2021-02-21T11:35:26+00:00","author":{"@id":"https:\/\/portalnpm.com\/#\/schema\/person\/49313e563cfdefcc167f1ee4c017c294"},"breadcrumb":{"@id":"https:\/\/portalnpm.com\/index.php\/2021\/02\/21\/chega-ao-brasil-o-primeiro-aviao-da-itapemirim-transportes-aereos\/#breadcrumb"},"inLanguage":"pt-BR","potentialAction":[{"@type":"ReadAction","target":["https:\/\/portalnpm.com\/index.php\/2021\/02\/21\/chega-ao-brasil-o-primeiro-aviao-da-itapemirim-transportes-aereos\/"]}]},{"@type":"ImageObject","inLanguage":"pt-BR","@id":"https:\/\/portalnpm.com\/index.php\/2021\/02\/21\/chega-ao-brasil-o-primeiro-aviao-da-itapemirim-transportes-aereos\/#primaryimage","url":"https:\/\/portalnpm.com\/wp-content\/uploads\/2024\/01\/BB1dQnvY-1.jpeg","contentUrl":"https:\/\/portalnpm.com\/wp-content\/uploads\/2024\/01\/BB1dQnvY-1.jpeg","width":600,"height":450},{"@type":"BreadcrumbList","@id":"https:\/\/portalnpm.com\/index.php\/2021\/02\/21\/chega-ao-brasil-o-primeiro-aviao-da-itapemirim-transportes-aereos\/#breadcrumb","itemListElement":[{"@type":"ListItem","position":1,"name":"In\u00edcio","item":"https:\/\/portalnpm.com\/"},{"@type":"ListItem","position":2,"name":"Chega ao Brasil o primeiro avi\u00e3o da Itapemirim Transportes A\u00e9reos"}]},{"@type":"WebSite","@id":"https:\/\/portalnpm.com\/#website","url":"https:\/\/portalnpm.com\/","name":"Portal NPM","description":"Not\u00edcias em Primeira M\u00e3o","potentialAction":[{"@type":"SearchAction","target":{"@type":"EntryPoint","urlTemplate":"https:\/\/portalnpm.com\/?s={search_term_string}"},"query-input":"required name=search_term_string"}],"inLanguage":"pt-BR"},{"@type":"Person","@id":"https:\/\/portalnpm.com\/#\/schema\/person\/49313e563cfdefcc167f1ee4c017c294","name":"Genival Barbosa","image":{"@type":"ImageObject","inLanguage":"pt-BR","@id":"https:\/\/portalnpm.com\/#\/schema\/person\/image\/","url":"https:\/\/portalnpm.com\/wp-content\/uploads\/2024\/02\/avatar_user_2_1707743258-96x96.jpeg","contentUrl":"https:\/\/portalnpm.com\/wp-content\/uploads\/2024\/02\/avatar_user_2_1707743258-96x96.jpeg","caption":"Genival Barbosa"},"url":"https:\/\/portalnpm.com\/index.php\/author\/genival\/"}]}},"jetpack_sharing_enabled":true,"jetpack_featured_media_url":"https:\/\/portalnpm.com\/wp-content\/uploads\/2024\/01\/BB1dQnvY-1.jpeg","_links":{"self":[{"href":"https:\/\/portalnpm.com\/index.php\/wp-json\/wp\/v2\/posts\/62765"}],"collection":[{"href":"https:\/\/portalnpm.com\/index.php\/wp-json\/wp\/v2\/posts"}],"about":[{"href":"https:\/\/portalnpm.com\/index.php\/wp-json\/wp\/v2\/types\/post"}],"author":[{"embeddable":true,"href":"https:\/\/portalnpm.com\/index.php\/wp-json\/wp\/v2\/users\/2"}],"replies":[{"embeddable":true,"href":"https:\/\/portalnpm.com\/index.php\/wp-json\/wp\/v2\/comments?post=62765"}],"version-history":[{"count":0,"href":"https:\/\/portalnpm.com\/index.php\/wp-json\/wp\/v2\/posts\/62765\/revisions"}],"wp:featuredmedia":[{"embeddable":true,"href":"https:\/\/portalnpm.com\/index.php\/wp-json\/wp\/v2\/media\/62766"}],"wp:attachment":[{"href":"https:\/\/portalnpm.com\/index.php\/wp-json\/wp\/v2\/media?parent=62765"}],"wp:term":[{"taxonomy":"category","embeddable":true,"href":"https:\/\/portalnpm.com\/index.php\/wp-json\/wp\/v2\/categories?post=62765"},{"taxonomy":"post_tag","embeddable":true,"href":"https:\/\/portalnpm.com\/index.php\/wp-json\/wp\/v2\/tags?post=62765"}],"curies":[{"name":"wp","href":"https:\/\/api.w.org\/{rel}","templated":true}]}}