{"id":62767,"date":"2021-02-21T08:39:39","date_gmt":"2021-02-21T11:39:39","guid":{"rendered":"https:\/\/portalnpm.com\/index.php\/2021\/02\/21\/julio-arcoverde-acerta-parceria-politica-com-mao-santa\/"},"modified":"2021-02-21T08:39:39","modified_gmt":"2021-02-21T11:39:39","slug":"julio-arcoverde-acerta-parceria-politica-com-mao-santa","status":"publish","type":"post","link":"https:\/\/portalnpm.com\/index.php\/2021\/02\/21\/julio-arcoverde-acerta-parceria-politica-com-mao-santa\/","title":{"rendered":"J\u00falio Arcoverde acerta parceria pol\u00edtica com M\u00e3o Santa"},"content":{"rendered":"<p style=\"text-align: justify;\">O deputado estadual J\u00falio Arcoverde (Progressistas) visita Parna\u00edba, conversa com o prefeito M\u00e3o Santa (DEM) e refor\u00e7a parceria pol\u00edtica para as elei\u00e7\u00f5es de 2022.<\/p>\n<p style=\"text-align: justify;\">\n<p style=\"text-align: justify;\">Na conversa, J\u00falio formalizou convite para filia\u00e7\u00e3o da secret\u00e1ria Gracinha Moraes Souza (filha de M\u00e3o Santa), que ser\u00e1 candidata \u00e0 C\u00e2mara Federal no pr\u00f3ximo ano. O Progressistas \u00e9 a principal for\u00e7a de oposi\u00e7\u00e3o no estado e j\u00e1 articula estrat\u00e9gias para a disputa eleitoral de 2022. M\u00e3o Santa \u00e9 aliado oposicionista de refer\u00eancia na regi\u00e3o norte.<\/p>\n<p style=\"text-align: justify;\">Por Cidade Verde<\/p>\n","protected":false},"excerpt":{"rendered":"<p>O deputado estadual J\u00falio Arcoverde (Progressistas) visita Parna\u00edba, conversa com o prefeito M\u00e3o Santa (DEM) e refor\u00e7a parceria pol\u00edtica para as elei\u00e7\u00f5es de 2022. Na conversa, J\u00falio formalizou convite para filia\u00e7\u00e3o da secret\u00e1ria Gracinha Moraes Souza (filha de M\u00e3o Santa), que ser\u00e1 candidata \u00e0 C\u00e2mara Federal no pr\u00f3ximo ano. O Progressistas \u00e9 a principal for\u00e7a &hellip;<\/p>\n","protected":false},"author":2,"featured_media":62768,"comment_status":"open","ping_status":"open","sticky":false,"template":"","format":"standard","meta":{"content-type":"","rop_custom_images_group":[],"rop_custom_messages_group":[],"rop_publish_now":"initial","rop_publish_now_accounts":{"facebook_2648258775420054_1618374048415101":""},"rop_publish_now_history":[],"rop_publish_now_status":"pending","footnotes":"","_jetpack_memberships_contains_paid_content":false},"categories":[130],"tags":[9916,9917,9918],"yoast_head":"<!-- This site is optimized with the Yoast SEO plugin v22.3 - https:\/\/yoast.com\/wordpress\/plugins\/seo\/ -->\n<title>J\u00falio Arcoverde acerta parceria pol\u00edtica com M\u00e3o Santa<\/title>\n<meta name=\"robots\" content=\"index, follow, max-snippet:-1, max-image-preview:large, max-video-preview:-1\" \/>\n<link rel=\"canonical\" href=\"https:\/\/portalnpm.com\/index.php\/2021\/02\/21\/julio-arcoverde-acerta-parceria-politica-com-mao-santa\/\" \/>\n<meta property=\"og:locale\" content=\"pt_BR\" \/>\n<meta property=\"og:type\" content=\"article\" \/>\n<meta property=\"og:title\" content=\"J\u00falio Arcoverde acerta parceria pol\u00edtica com M\u00e3o Santa\" \/>\n<meta property=\"og:description\" content=\"O deputado estadual J\u00falio Arcoverde (Progressistas) visita Parna\u00edba, conversa com o prefeito M\u00e3o Santa (DEM) e refor\u00e7a parceria pol\u00edtica para as elei\u00e7\u00f5es de 2022. Na conversa, J\u00falio formalizou convite para filia\u00e7\u00e3o da secret\u00e1ria Gracinha Moraes Souza (filha de M\u00e3o Santa), que ser\u00e1 candidata \u00e0 C\u00e2mara Federal no pr\u00f3ximo ano. O Progressistas \u00e9 a principal for\u00e7a &hellip;\" \/>\n<meta property=\"og:url\" content=\"https:\/\/portalnpm.com\/index.php\/2021\/02\/21\/julio-arcoverde-acerta-parceria-politica-com-mao-santa\/\" \/>\n<meta property=\"og:site_name\" content=\"Portal NPM\" \/>\n<meta property=\"article:published_time\" content=\"2021-02-21T11:39:39+00:00\" \/>\n<meta property=\"og:image\" content=\"https:\/\/portalnpm.com\/wp-content\/uploads\/2024\/01\/maosanta-arcoverde-1.jpg\" \/>\n\t<meta property=\"og:image:width\" content=\"790\" \/>\n\t<meta property=\"og:image:height\" content=\"591\" \/>\n\t<meta property=\"og:image:type\" content=\"image\/jpeg\" \/>\n<meta name=\"author\" content=\"Genival Barbosa\" \/>\n<meta name=\"twitter:card\" content=\"summary_large_image\" \/>\n<meta name=\"twitter:label1\" content=\"Escrito por\" \/>\n\t<meta name=\"twitter:data1\" content=\"Genival Barbosa\" \/>\n<script type=\"application\/ld+json\" class=\"yoast-schema-graph\">{\"@context\":\"https:\/\/schema.org\",\"@graph\":[{\"@type\":\"WebPage\",\"@id\":\"https:\/\/portalnpm.com\/index.php\/2021\/02\/21\/julio-arcoverde-acerta-parceria-politica-com-mao-santa\/\",\"url\":\"https:\/\/portalnpm.com\/index.php\/2021\/02\/21\/julio-arcoverde-acerta-parceria-politica-com-mao-santa\/\",\"name\":\"J\u00falio Arcoverde acerta parceria pol\u00edtica com M\u00e3o Santa\",\"isPartOf\":{\"@id\":\"https:\/\/portalnpm.com\/#website\"},\"primaryImageOfPage\":{\"@id\":\"https:\/\/portalnpm.com\/index.php\/2021\/02\/21\/julio-arcoverde-acerta-parceria-politica-com-mao-santa\/#primaryimage\"},\"image\":{\"@id\":\"https:\/\/portalnpm.com\/index.php\/2021\/02\/21\/julio-arcoverde-acerta-parceria-politica-com-mao-santa\/#primaryimage\"},\"thumbnailUrl\":\"https:\/\/portalnpm.com\/wp-content\/uploads\/2024\/01\/maosanta-arcoverde-1.jpg\",\"datePublished\":\"2021-02-21T11:39:39+00:00\",\"dateModified\":\"2021-02-21T11:39:39+00:00\",\"author\":{\"@id\":\"https:\/\/portalnpm.com\/#\/schema\/person\/49313e563cfdefcc167f1ee4c017c294\"},\"breadcrumb\":{\"@id\":\"https:\/\/portalnpm.com\/index.php\/2021\/02\/21\/julio-arcoverde-acerta-parceria-politica-com-mao-santa\/#breadcrumb\"},\"inLanguage\":\"pt-BR\",\"potentialAction\":[{\"@type\":\"ReadAction\",\"target\":[\"https:\/\/portalnpm.com\/index.php\/2021\/02\/21\/julio-arcoverde-acerta-parceria-politica-com-mao-santa\/\"]}]},{\"@type\":\"ImageObject\",\"inLanguage\":\"pt-BR\",\"@id\":\"https:\/\/portalnpm.com\/index.php\/2021\/02\/21\/julio-arcoverde-acerta-parceria-politica-com-mao-santa\/#primaryimage\",\"url\":\"https:\/\/portalnpm.com\/wp-content\/uploads\/2024\/01\/maosanta-arcoverde-1.jpg\",\"contentUrl\":\"https:\/\/portalnpm.com\/wp-content\/uploads\/2024\/01\/maosanta-arcoverde-1.jpg\",\"width\":790,\"height\":591},{\"@type\":\"BreadcrumbList\",\"@id\":\"https:\/\/portalnpm.com\/index.php\/2021\/02\/21\/julio-arcoverde-acerta-parceria-politica-com-mao-santa\/#breadcrumb\",\"itemListElement\":[{\"@type\":\"ListItem\",\"position\":1,\"name\":\"In\u00edcio\",\"item\":\"https:\/\/portalnpm.com\/\"},{\"@type\":\"ListItem\",\"position\":2,\"name\":\"J\u00falio Arcoverde acerta parceria pol\u00edtica com M\u00e3o Santa\"}]},{\"@type\":\"WebSite\",\"@id\":\"https:\/\/portalnpm.com\/#website\",\"url\":\"https:\/\/portalnpm.com\/\",\"name\":\"Portal NPM\",\"description\":\"Not\u00edcias em Primeira M\u00e3o\",\"potentialAction\":[{\"@type\":\"SearchAction\",\"target\":{\"@type\":\"EntryPoint\",\"urlTemplate\":\"https:\/\/portalnpm.com\/?s={search_term_string}\"},\"query-input\":\"required name=search_term_string\"}],\"inLanguage\":\"pt-BR\"},{\"@type\":\"Person\",\"@id\":\"https:\/\/portalnpm.com\/#\/schema\/person\/49313e563cfdefcc167f1ee4c017c294\",\"name\":\"Genival Barbosa\",\"image\":{\"@type\":\"ImageObject\",\"inLanguage\":\"pt-BR\",\"@id\":\"https:\/\/portalnpm.com\/#\/schema\/person\/image\/\",\"url\":\"https:\/\/portalnpm.com\/wp-content\/uploads\/2024\/02\/avatar_user_2_1707743258-96x96.jpeg\",\"contentUrl\":\"https:\/\/portalnpm.com\/wp-content\/uploads\/2024\/02\/avatar_user_2_1707743258-96x96.jpeg\",\"caption\":\"Genival Barbosa\"},\"url\":\"https:\/\/portalnpm.com\/index.php\/author\/genival\/\"}]}<\/script>\n<!-- \/ Yoast SEO plugin. -->","yoast_head_json":{"title":"J\u00falio Arcoverde acerta parceria pol\u00edtica com M\u00e3o Santa","robots":{"index":"index","follow":"follow","max-snippet":"max-snippet:-1","max-image-preview":"max-image-preview:large","max-video-preview":"max-video-preview:-1"},"canonical":"https:\/\/portalnpm.com\/index.php\/2021\/02\/21\/julio-arcoverde-acerta-parceria-politica-com-mao-santa\/","og_locale":"pt_BR","og_type":"article","og_title":"J\u00falio Arcoverde acerta parceria pol\u00edtica com M\u00e3o Santa","og_description":"O deputado estadual J\u00falio Arcoverde (Progressistas) visita Parna\u00edba, conversa com o prefeito M\u00e3o Santa (DEM) e refor\u00e7a parceria pol\u00edtica para as elei\u00e7\u00f5es de 2022. Na conversa, J\u00falio formalizou convite para filia\u00e7\u00e3o da secret\u00e1ria Gracinha Moraes Souza (filha de M\u00e3o Santa), que ser\u00e1 candidata \u00e0 C\u00e2mara Federal no pr\u00f3ximo ano. O Progressistas \u00e9 a principal for\u00e7a &hellip;","og_url":"https:\/\/portalnpm.com\/index.php\/2021\/02\/21\/julio-arcoverde-acerta-parceria-politica-com-mao-santa\/","og_site_name":"Portal NPM","article_published_time":"2021-02-21T11:39:39+00:00","og_image":[{"width":790,"height":591,"url":"https:\/\/portalnpm.com\/wp-content\/uploads\/2024\/01\/maosanta-arcoverde-1.jpg","type":"image\/jpeg"}],"author":"Genival Barbosa","twitter_card":"summary_large_image","twitter_misc":{"Escrito por":"Genival Barbosa"},"schema":{"@context":"https:\/\/schema.org","@graph":[{"@type":"WebPage","@id":"https:\/\/portalnpm.com\/index.php\/2021\/02\/21\/julio-arcoverde-acerta-parceria-politica-com-mao-santa\/","url":"https:\/\/portalnpm.com\/index.php\/2021\/02\/21\/julio-arcoverde-acerta-parceria-politica-com-mao-santa\/","name":"J\u00falio Arcoverde acerta parceria pol\u00edtica com M\u00e3o Santa","isPartOf":{"@id":"https:\/\/portalnpm.com\/#website"},"primaryImageOfPage":{"@id":"https:\/\/portalnpm.com\/index.php\/2021\/02\/21\/julio-arcoverde-acerta-parceria-politica-com-mao-santa\/#primaryimage"},"image":{"@id":"https:\/\/portalnpm.com\/index.php\/2021\/02\/21\/julio-arcoverde-acerta-parceria-politica-com-mao-santa\/#primaryimage"},"thumbnailUrl":"https:\/\/portalnpm.com\/wp-content\/uploads\/2024\/01\/maosanta-arcoverde-1.jpg","datePublished":"2021-02-21T11:39:39+00:00","dateModified":"2021-02-21T11:39:39+00:00","author":{"@id":"https:\/\/portalnpm.com\/#\/schema\/person\/49313e563cfdefcc167f1ee4c017c294"},"breadcrumb":{"@id":"https:\/\/portalnpm.com\/index.php\/2021\/02\/21\/julio-arcoverde-acerta-parceria-politica-com-mao-santa\/#breadcrumb"},"inLanguage":"pt-BR","potentialAction":[{"@type":"ReadAction","target":["https:\/\/portalnpm.com\/index.php\/2021\/02\/21\/julio-arcoverde-acerta-parceria-politica-com-mao-santa\/"]}]},{"@type":"ImageObject","inLanguage":"pt-BR","@id":"https:\/\/portalnpm.com\/index.php\/2021\/02\/21\/julio-arcoverde-acerta-parceria-politica-com-mao-santa\/#primaryimage","url":"https:\/\/portalnpm.com\/wp-content\/uploads\/2024\/01\/maosanta-arcoverde-1.jpg","contentUrl":"https:\/\/portalnpm.com\/wp-content\/uploads\/2024\/01\/maosanta-arcoverde-1.jpg","width":790,"height":591},{"@type":"BreadcrumbList","@id":"https:\/\/portalnpm.com\/index.php\/2021\/02\/21\/julio-arcoverde-acerta-parceria-politica-com-mao-santa\/#breadcrumb","itemListElement":[{"@type":"ListItem","position":1,"name":"In\u00edcio","item":"https:\/\/portalnpm.com\/"},{"@type":"ListItem","position":2,"name":"J\u00falio Arcoverde acerta parceria pol\u00edtica com M\u00e3o Santa"}]},{"@type":"WebSite","@id":"https:\/\/portalnpm.com\/#website","url":"https:\/\/portalnpm.com\/","name":"Portal NPM","description":"Not\u00edcias em Primeira M\u00e3o","potentialAction":[{"@type":"SearchAction","target":{"@type":"EntryPoint","urlTemplate":"https:\/\/portalnpm.com\/?s={search_term_string}"},"query-input":"required name=search_term_string"}],"inLanguage":"pt-BR"},{"@type":"Person","@id":"https:\/\/portalnpm.com\/#\/schema\/person\/49313e563cfdefcc167f1ee4c017c294","name":"Genival Barbosa","image":{"@type":"ImageObject","inLanguage":"pt-BR","@id":"https:\/\/portalnpm.com\/#\/schema\/person\/image\/","url":"https:\/\/portalnpm.com\/wp-content\/uploads\/2024\/02\/avatar_user_2_1707743258-96x96.jpeg","contentUrl":"https:\/\/portalnpm.com\/wp-content\/uploads\/2024\/02\/avatar_user_2_1707743258-96x96.jpeg","caption":"Genival Barbosa"},"url":"https:\/\/portalnpm.com\/index.php\/author\/genival\/"}]}},"jetpack_sharing_enabled":true,"jetpack_featured_media_url":"https:\/\/portalnpm.com\/wp-content\/uploads\/2024\/01\/maosanta-arcoverde-1.jpg","_links":{"self":[{"href":"https:\/\/portalnpm.com\/index.php\/wp-json\/wp\/v2\/posts\/62767"}],"collection":[{"href":"https:\/\/portalnpm.com\/index.php\/wp-json\/wp\/v2\/posts"}],"about":[{"href":"https:\/\/portalnpm.com\/index.php\/wp-json\/wp\/v2\/types\/post"}],"author":[{"embeddable":true,"href":"https:\/\/portalnpm.com\/index.php\/wp-json\/wp\/v2\/users\/2"}],"replies":[{"embeddable":true,"href":"https:\/\/portalnpm.com\/index.php\/wp-json\/wp\/v2\/comments?post=62767"}],"version-history":[{"count":0,"href":"https:\/\/portalnpm.com\/index.php\/wp-json\/wp\/v2\/posts\/62767\/revisions"}],"wp:featuredmedia":[{"embeddable":true,"href":"https:\/\/portalnpm.com\/index.php\/wp-json\/wp\/v2\/media\/62768"}],"wp:attachment":[{"href":"https:\/\/portalnpm.com\/index.php\/wp-json\/wp\/v2\/media?parent=62767"}],"wp:term":[{"taxonomy":"category","embeddable":true,"href":"https:\/\/portalnpm.com\/index.php\/wp-json\/wp\/v2\/categories?post=62767"},{"taxonomy":"post_tag","embeddable":true,"href":"https:\/\/portalnpm.com\/index.php\/wp-json\/wp\/v2\/tags?post=62767"}],"curies":[{"name":"wp","href":"https:\/\/api.w.org\/{rel}","templated":true}]}}