{"id":62790,"date":"2021-02-27T08:38:59","date_gmt":"2021-02-27T11:38:59","guid":{"rendered":"https:\/\/portalnpm.com\/index.php\/2021\/02\/27\/luiz-henrique-mandetta-ex-ministro-da-saude-recebe-carta-branca-do-dem-para-articular-candidatura-presidencial\/"},"modified":"2021-02-27T08:38:59","modified_gmt":"2021-02-27T11:38:59","slug":"luiz-henrique-mandetta-ex-ministro-da-saude-recebe-carta-branca-do-dem-para-articular-candidatura-presidencial","status":"publish","type":"post","link":"https:\/\/portalnpm.com\/index.php\/2021\/02\/27\/luiz-henrique-mandetta-ex-ministro-da-saude-recebe-carta-branca-do-dem-para-articular-candidatura-presidencial\/","title":{"rendered":"Luiz Henrique Mandetta, ex-Ministro da Sa\u00fade, recebe carta branca do DEM para articular candidatura presidencial"},"content":{"rendered":"<p style=\"text-align: justify;\">Ap\u00f3s Luiz Henrique Mandetta sinalizar que poderia deixar o DEM caso o partido venha a apoiar a reelei\u00e7\u00e3o de Jair Bolsonaro, a c\u00fapula do partido deu carta branca para que o ex-ministro da Sa\u00fade trabalhe na articula\u00e7\u00e3o de sua candidatura ao Pal\u00e1cio do Planalto em 2002.<\/p>\n<p style=\"text-align: justify;\">\n<p style=\"text-align: justify;\">Segundo o jornalista\u00a0<a href=\"https:\/\/epoca.globo.com\/guilherme-amado\/mandetta-recebe-carta-branca-do-dem-para-trabalhar-rumo-ao-planalto-24899651\" target=\"_top\" rel=\"noopener noreferrer\">Guilherme Amado<\/a>, da revista \u00c9poca, a dire\u00e7\u00e3o do DEM avalia que Mandetta possui um \u201ccapital pol\u00edtico importante\u201d. A reportagem, por\u00e9m, ressalta que Mandetta sabe da exist\u00eancia do risco de que a legenda volte atr\u00e1s e apoie o projeto de reelei\u00e7\u00e3o de Bolsonaro. O ex-ministro tem at\u00e9 mar\u00e7o para decidir se permanece ou n\u00e3o nos quadros do partido.<\/p>\n<p><strong>Com informa\u00e7\u00f5es do Brasil 247\u00a0<\/strong><\/p>\n","protected":false},"excerpt":{"rendered":"<p>Ap\u00f3s Luiz Henrique Mandetta sinalizar que poderia deixar o DEM caso o partido venha a apoiar a reelei\u00e7\u00e3o de Jair Bolsonaro, a c\u00fapula do partido deu carta branca para que o ex-ministro da Sa\u00fade trabalhe na articula\u00e7\u00e3o de sua candidatura ao Pal\u00e1cio do Planalto em 2002. Segundo o jornalista\u00a0Guilherme Amado, da revista \u00c9poca, a dire\u00e7\u00e3o &hellip;<\/p>\n","protected":false},"author":4,"featured_media":62791,"comment_status":"open","ping_status":"open","sticky":false,"template":"","format":"standard","meta":{"content-type":"","rop_custom_images_group":[],"rop_custom_messages_group":[],"rop_publish_now":"initial","rop_publish_now_accounts":{"facebook_2648258775420054_1618374048415101":""},"rop_publish_now_history":[],"rop_publish_now_status":"pending","footnotes":"","_jetpack_memberships_contains_paid_content":false},"categories":[113,130],"tags":[9931,785,4924],"yoast_head":"<!-- This site is optimized with the Yoast SEO plugin v22.3 - https:\/\/yoast.com\/wordpress\/plugins\/seo\/ -->\n<title>Luiz Henrique Mandetta, ex-Ministro da Sa\u00fade, recebe carta branca do DEM para articular candidatura presidencial<\/title>\n<meta name=\"robots\" content=\"index, follow, max-snippet:-1, max-image-preview:large, max-video-preview:-1\" \/>\n<link rel=\"canonical\" href=\"https:\/\/portalnpm.com\/index.php\/2021\/02\/27\/luiz-henrique-mandetta-ex-ministro-da-saude-recebe-carta-branca-do-dem-para-articular-candidatura-presidencial\/\" \/>\n<meta property=\"og:locale\" content=\"pt_BR\" \/>\n<meta property=\"og:type\" content=\"article\" \/>\n<meta property=\"og:title\" content=\"Luiz Henrique Mandetta, ex-Ministro da Sa\u00fade, recebe carta branca do DEM para articular candidatura presidencial\" \/>\n<meta property=\"og:description\" content=\"Ap\u00f3s Luiz Henrique Mandetta sinalizar que poderia deixar o DEM caso o partido venha a apoiar a reelei\u00e7\u00e3o de Jair Bolsonaro, a c\u00fapula do partido deu carta branca para que o ex-ministro da Sa\u00fade trabalhe na articula\u00e7\u00e3o de sua candidatura ao Pal\u00e1cio do Planalto em 2002. Segundo o jornalista\u00a0Guilherme Amado, da revista \u00c9poca, a dire\u00e7\u00e3o &hellip;\" \/>\n<meta property=\"og:url\" content=\"https:\/\/portalnpm.com\/index.php\/2021\/02\/27\/luiz-henrique-mandetta-ex-ministro-da-saude-recebe-carta-branca-do-dem-para-articular-candidatura-presidencial\/\" \/>\n<meta property=\"og:site_name\" content=\"Portal NPM\" \/>\n<meta property=\"article:published_time\" content=\"2021-02-27T11:38:59+00:00\" \/>\n<meta property=\"og:image\" content=\"https:\/\/portalnpm.com\/wp-content\/uploads\/2024\/01\/2021022609024_b50747b43b7628d3672203e321d567c1f4e8a48599e268728ab1093b391c6cf4.jpg\" \/>\n\t<meta property=\"og:image:width\" content=\"1250\" \/>\n\t<meta property=\"og:image:height\" content=\"600\" \/>\n\t<meta property=\"og:image:type\" content=\"image\/jpeg\" \/>\n<meta name=\"author\" content=\"Reda\u00e7\u00e3o\" \/>\n<meta name=\"twitter:card\" content=\"summary_large_image\" \/>\n<meta name=\"twitter:label1\" content=\"Escrito por\" \/>\n\t<meta name=\"twitter:data1\" content=\"Reda\u00e7\u00e3o\" \/>\n\t<meta name=\"twitter:label2\" content=\"Est. tempo de leitura\" \/>\n\t<meta name=\"twitter:data2\" content=\"1 minuto\" \/>\n<script type=\"application\/ld+json\" class=\"yoast-schema-graph\">{\"@context\":\"https:\/\/schema.org\",\"@graph\":[{\"@type\":\"WebPage\",\"@id\":\"https:\/\/portalnpm.com\/index.php\/2021\/02\/27\/luiz-henrique-mandetta-ex-ministro-da-saude-recebe-carta-branca-do-dem-para-articular-candidatura-presidencial\/\",\"url\":\"https:\/\/portalnpm.com\/index.php\/2021\/02\/27\/luiz-henrique-mandetta-ex-ministro-da-saude-recebe-carta-branca-do-dem-para-articular-candidatura-presidencial\/\",\"name\":\"Luiz Henrique Mandetta, ex-Ministro da Sa\u00fade, recebe carta branca do DEM para articular candidatura presidencial\",\"isPartOf\":{\"@id\":\"https:\/\/portalnpm.com\/#website\"},\"primaryImageOfPage\":{\"@id\":\"https:\/\/portalnpm.com\/index.php\/2021\/02\/27\/luiz-henrique-mandetta-ex-ministro-da-saude-recebe-carta-branca-do-dem-para-articular-candidatura-presidencial\/#primaryimage\"},\"image\":{\"@id\":\"https:\/\/portalnpm.com\/index.php\/2021\/02\/27\/luiz-henrique-mandetta-ex-ministro-da-saude-recebe-carta-branca-do-dem-para-articular-candidatura-presidencial\/#primaryimage\"},\"thumbnailUrl\":\"https:\/\/portalnpm.com\/wp-content\/uploads\/2024\/01\/2021022609024_b50747b43b7628d3672203e321d567c1f4e8a48599e268728ab1093b391c6cf4.jpg\",\"datePublished\":\"2021-02-27T11:38:59+00:00\",\"dateModified\":\"2021-02-27T11:38:59+00:00\",\"author\":{\"@id\":\"https:\/\/portalnpm.com\/#\/schema\/person\/0b5f230ec96cee25504fa328e7f2b733\"},\"breadcrumb\":{\"@id\":\"https:\/\/portalnpm.com\/index.php\/2021\/02\/27\/luiz-henrique-mandetta-ex-ministro-da-saude-recebe-carta-branca-do-dem-para-articular-candidatura-presidencial\/#breadcrumb\"},\"inLanguage\":\"pt-BR\",\"potentialAction\":[{\"@type\":\"ReadAction\",\"target\":[\"https:\/\/portalnpm.com\/index.php\/2021\/02\/27\/luiz-henrique-mandetta-ex-ministro-da-saude-recebe-carta-branca-do-dem-para-articular-candidatura-presidencial\/\"]}]},{\"@type\":\"ImageObject\",\"inLanguage\":\"pt-BR\",\"@id\":\"https:\/\/portalnpm.com\/index.php\/2021\/02\/27\/luiz-henrique-mandetta-ex-ministro-da-saude-recebe-carta-branca-do-dem-para-articular-candidatura-presidencial\/#primaryimage\",\"url\":\"https:\/\/portalnpm.com\/wp-content\/uploads\/2024\/01\/2021022609024_b50747b43b7628d3672203e321d567c1f4e8a48599e268728ab1093b391c6cf4.jpg\",\"contentUrl\":\"https:\/\/portalnpm.com\/wp-content\/uploads\/2024\/01\/2021022609024_b50747b43b7628d3672203e321d567c1f4e8a48599e268728ab1093b391c6cf4.jpg\",\"width\":1250,\"height\":600},{\"@type\":\"BreadcrumbList\",\"@id\":\"https:\/\/portalnpm.com\/index.php\/2021\/02\/27\/luiz-henrique-mandetta-ex-ministro-da-saude-recebe-carta-branca-do-dem-para-articular-candidatura-presidencial\/#breadcrumb\",\"itemListElement\":[{\"@type\":\"ListItem\",\"position\":1,\"name\":\"In\u00edcio\",\"item\":\"https:\/\/portalnpm.com\/\"},{\"@type\":\"ListItem\",\"position\":2,\"name\":\"Luiz Henrique Mandetta, ex-Ministro da Sa\u00fade, recebe carta branca do DEM para articular candidatura presidencial\"}]},{\"@type\":\"WebSite\",\"@id\":\"https:\/\/portalnpm.com\/#website\",\"url\":\"https:\/\/portalnpm.com\/\",\"name\":\"Portal NPM\",\"description\":\"Not\u00edcias em Primeira M\u00e3o\",\"potentialAction\":[{\"@type\":\"SearchAction\",\"target\":{\"@type\":\"EntryPoint\",\"urlTemplate\":\"https:\/\/portalnpm.com\/?s={search_term_string}\"},\"query-input\":\"required name=search_term_string\"}],\"inLanguage\":\"pt-BR\"},{\"@type\":\"Person\",\"@id\":\"https:\/\/portalnpm.com\/#\/schema\/person\/0b5f230ec96cee25504fa328e7f2b733\",\"name\":\"Reda\u00e7\u00e3o\",\"image\":{\"@type\":\"ImageObject\",\"inLanguage\":\"pt-BR\",\"@id\":\"https:\/\/portalnpm.com\/#\/schema\/person\/image\/\",\"url\":\"https:\/\/portalnpm.com\/wp-content\/uploads\/2024\/03\/avatar_user_4_1710097212-96x96.png\",\"contentUrl\":\"https:\/\/portalnpm.com\/wp-content\/uploads\/2024\/03\/avatar_user_4_1710097212-96x96.png\",\"caption\":\"Reda\u00e7\u00e3o\"},\"url\":\"https:\/\/portalnpm.com\/index.php\/author\/redacao\/\"}]}<\/script>\n<!-- \/ Yoast SEO plugin. -->","yoast_head_json":{"title":"Luiz Henrique Mandetta, ex-Ministro da Sa\u00fade, recebe carta branca do DEM para articular candidatura presidencial","robots":{"index":"index","follow":"follow","max-snippet":"max-snippet:-1","max-image-preview":"max-image-preview:large","max-video-preview":"max-video-preview:-1"},"canonical":"https:\/\/portalnpm.com\/index.php\/2021\/02\/27\/luiz-henrique-mandetta-ex-ministro-da-saude-recebe-carta-branca-do-dem-para-articular-candidatura-presidencial\/","og_locale":"pt_BR","og_type":"article","og_title":"Luiz Henrique Mandetta, ex-Ministro da Sa\u00fade, recebe carta branca do DEM para articular candidatura presidencial","og_description":"Ap\u00f3s Luiz Henrique Mandetta sinalizar que poderia deixar o DEM caso o partido venha a apoiar a reelei\u00e7\u00e3o de Jair Bolsonaro, a c\u00fapula do partido deu carta branca para que o ex-ministro da Sa\u00fade trabalhe na articula\u00e7\u00e3o de sua candidatura ao Pal\u00e1cio do Planalto em 2002. Segundo o jornalista\u00a0Guilherme Amado, da revista \u00c9poca, a dire\u00e7\u00e3o &hellip;","og_url":"https:\/\/portalnpm.com\/index.php\/2021\/02\/27\/luiz-henrique-mandetta-ex-ministro-da-saude-recebe-carta-branca-do-dem-para-articular-candidatura-presidencial\/","og_site_name":"Portal NPM","article_published_time":"2021-02-27T11:38:59+00:00","og_image":[{"width":1250,"height":600,"url":"https:\/\/portalnpm.com\/wp-content\/uploads\/2024\/01\/2021022609024_b50747b43b7628d3672203e321d567c1f4e8a48599e268728ab1093b391c6cf4.jpg","type":"image\/jpeg"}],"author":"Reda\u00e7\u00e3o","twitter_card":"summary_large_image","twitter_misc":{"Escrito por":"Reda\u00e7\u00e3o","Est. tempo de leitura":"1 minuto"},"schema":{"@context":"https:\/\/schema.org","@graph":[{"@type":"WebPage","@id":"https:\/\/portalnpm.com\/index.php\/2021\/02\/27\/luiz-henrique-mandetta-ex-ministro-da-saude-recebe-carta-branca-do-dem-para-articular-candidatura-presidencial\/","url":"https:\/\/portalnpm.com\/index.php\/2021\/02\/27\/luiz-henrique-mandetta-ex-ministro-da-saude-recebe-carta-branca-do-dem-para-articular-candidatura-presidencial\/","name":"Luiz Henrique Mandetta, ex-Ministro da Sa\u00fade, recebe carta branca do DEM para articular candidatura presidencial","isPartOf":{"@id":"https:\/\/portalnpm.com\/#website"},"primaryImageOfPage":{"@id":"https:\/\/portalnpm.com\/index.php\/2021\/02\/27\/luiz-henrique-mandetta-ex-ministro-da-saude-recebe-carta-branca-do-dem-para-articular-candidatura-presidencial\/#primaryimage"},"image":{"@id":"https:\/\/portalnpm.com\/index.php\/2021\/02\/27\/luiz-henrique-mandetta-ex-ministro-da-saude-recebe-carta-branca-do-dem-para-articular-candidatura-presidencial\/#primaryimage"},"thumbnailUrl":"https:\/\/portalnpm.com\/wp-content\/uploads\/2024\/01\/2021022609024_b50747b43b7628d3672203e321d567c1f4e8a48599e268728ab1093b391c6cf4.jpg","datePublished":"2021-02-27T11:38:59+00:00","dateModified":"2021-02-27T11:38:59+00:00","author":{"@id":"https:\/\/portalnpm.com\/#\/schema\/person\/0b5f230ec96cee25504fa328e7f2b733"},"breadcrumb":{"@id":"https:\/\/portalnpm.com\/index.php\/2021\/02\/27\/luiz-henrique-mandetta-ex-ministro-da-saude-recebe-carta-branca-do-dem-para-articular-candidatura-presidencial\/#breadcrumb"},"inLanguage":"pt-BR","potentialAction":[{"@type":"ReadAction","target":["https:\/\/portalnpm.com\/index.php\/2021\/02\/27\/luiz-henrique-mandetta-ex-ministro-da-saude-recebe-carta-branca-do-dem-para-articular-candidatura-presidencial\/"]}]},{"@type":"ImageObject","inLanguage":"pt-BR","@id":"https:\/\/portalnpm.com\/index.php\/2021\/02\/27\/luiz-henrique-mandetta-ex-ministro-da-saude-recebe-carta-branca-do-dem-para-articular-candidatura-presidencial\/#primaryimage","url":"https:\/\/portalnpm.com\/wp-content\/uploads\/2024\/01\/2021022609024_b50747b43b7628d3672203e321d567c1f4e8a48599e268728ab1093b391c6cf4.jpg","contentUrl":"https:\/\/portalnpm.com\/wp-content\/uploads\/2024\/01\/2021022609024_b50747b43b7628d3672203e321d567c1f4e8a48599e268728ab1093b391c6cf4.jpg","width":1250,"height":600},{"@type":"BreadcrumbList","@id":"https:\/\/portalnpm.com\/index.php\/2021\/02\/27\/luiz-henrique-mandetta-ex-ministro-da-saude-recebe-carta-branca-do-dem-para-articular-candidatura-presidencial\/#breadcrumb","itemListElement":[{"@type":"ListItem","position":1,"name":"In\u00edcio","item":"https:\/\/portalnpm.com\/"},{"@type":"ListItem","position":2,"name":"Luiz Henrique Mandetta, ex-Ministro da Sa\u00fade, recebe carta branca do DEM para articular candidatura presidencial"}]},{"@type":"WebSite","@id":"https:\/\/portalnpm.com\/#website","url":"https:\/\/portalnpm.com\/","name":"Portal NPM","description":"Not\u00edcias em Primeira M\u00e3o","potentialAction":[{"@type":"SearchAction","target":{"@type":"EntryPoint","urlTemplate":"https:\/\/portalnpm.com\/?s={search_term_string}"},"query-input":"required name=search_term_string"}],"inLanguage":"pt-BR"},{"@type":"Person","@id":"https:\/\/portalnpm.com\/#\/schema\/person\/0b5f230ec96cee25504fa328e7f2b733","name":"Reda\u00e7\u00e3o","image":{"@type":"ImageObject","inLanguage":"pt-BR","@id":"https:\/\/portalnpm.com\/#\/schema\/person\/image\/","url":"https:\/\/portalnpm.com\/wp-content\/uploads\/2024\/03\/avatar_user_4_1710097212-96x96.png","contentUrl":"https:\/\/portalnpm.com\/wp-content\/uploads\/2024\/03\/avatar_user_4_1710097212-96x96.png","caption":"Reda\u00e7\u00e3o"},"url":"https:\/\/portalnpm.com\/index.php\/author\/redacao\/"}]}},"jetpack_sharing_enabled":true,"jetpack_featured_media_url":"https:\/\/portalnpm.com\/wp-content\/uploads\/2024\/01\/2021022609024_b50747b43b7628d3672203e321d567c1f4e8a48599e268728ab1093b391c6cf4.jpg","_links":{"self":[{"href":"https:\/\/portalnpm.com\/index.php\/wp-json\/wp\/v2\/posts\/62790"}],"collection":[{"href":"https:\/\/portalnpm.com\/index.php\/wp-json\/wp\/v2\/posts"}],"about":[{"href":"https:\/\/portalnpm.com\/index.php\/wp-json\/wp\/v2\/types\/post"}],"author":[{"embeddable":true,"href":"https:\/\/portalnpm.com\/index.php\/wp-json\/wp\/v2\/users\/4"}],"replies":[{"embeddable":true,"href":"https:\/\/portalnpm.com\/index.php\/wp-json\/wp\/v2\/comments?post=62790"}],"version-history":[{"count":0,"href":"https:\/\/portalnpm.com\/index.php\/wp-json\/wp\/v2\/posts\/62790\/revisions"}],"wp:featuredmedia":[{"embeddable":true,"href":"https:\/\/portalnpm.com\/index.php\/wp-json\/wp\/v2\/media\/62791"}],"wp:attachment":[{"href":"https:\/\/portalnpm.com\/index.php\/wp-json\/wp\/v2\/media?parent=62790"}],"wp:term":[{"taxonomy":"category","embeddable":true,"href":"https:\/\/portalnpm.com\/index.php\/wp-json\/wp\/v2\/categories?post=62790"},{"taxonomy":"post_tag","embeddable":true,"href":"https:\/\/portalnpm.com\/index.php\/wp-json\/wp\/v2\/tags?post=62790"}],"curies":[{"name":"wp","href":"https:\/\/api.w.org\/{rel}","templated":true}]}}