{"id":6282,"date":"2019-03-19T13:10:04","date_gmt":"2019-03-19T16:10:04","guid":{"rendered":"http:\/\/srv.portalnpm.com.br\/?p=6282"},"modified":"2019-03-19T13:10:04","modified_gmt":"2019-03-19T16:10:04","slug":"governador-diz-nao-ter-como-atender-reivindicacoes-dos-professores","status":"publish","type":"post","link":"https:\/\/portalnpm.com\/index.php\/2019\/03\/19\/governador-diz-nao-ter-como-atender-reivindicacoes-dos-professores\/","title":{"rendered":"Governador diz n\u00e3o ter como atender reivindica\u00e7\u00f5es dos professores"},"content":{"rendered":"<p style=\"text-align: justify;\">Ap\u00f3s os docentes da Universidade Estadual do Piau\u00ed (UESPI) deflagrarem greve nesta segunda-feira (18), o governador Wellington Dias (PT) declarou que, pela atual situa\u00e7\u00e3o financeira do Estado, n\u00e3o tem como atender as demandas reivindicadas pela categoria.<\/p>\n<p style=\"text-align: justify;\">\u00a0\u201cEu disse aos l\u00edderes que \u00e9 preciso sensatez. Na verdade n\u00f3s temos uma situa\u00e7\u00e3o em que o estado atingiu o limite na Lei de Responsabilidade Fiscal, ou seja, a lei impede que haja reajuste salarial, chamamento de concursados, promo\u00e7\u00e3o, ou seja, estamos fazendo um esfor\u00e7o, inclusive cortando na carne, cortando despesas para poder se adequar a esse processo\u201d, explicou Dias.<\/p>\n<p style=\"text-align: justify;\">O movimento grevista, que Governador diz n\u00e3o ter como atender reivindica\u00e7\u00f5es contempla os sete campi da UESPI espalhados pela capital e interior do Piau\u00ed, cobra o cumprimento do Plano de Cargos, Carreiras e Sal\u00e1rios, que implica na implanta\u00e7\u00e3o de progress\u00f5es, promo\u00e7\u00f5es e mudan\u00e7as de regime de trabalho para os servidores.<\/p>\n<p style=\"text-align: justify;\">A greve acontece justamente em meio a discuss\u00e3o da Reforma Administrativa proposta pelo poder Executivo, que pretende reduzir despesas e readequar a situa\u00e7\u00e3o financeira da m\u00e1quina p\u00fablica estadual. \u201cAgora \u00e9 aguardar os resultados, mas enquanto isso n\u00e3o \u00e9 poss\u00edvel (atender as reivindica\u00e7\u00f5es), at\u00e9 porque n\u00e3o creio que ningu\u00e9m vai fazer greve para pedir uma coisa ilegal\u201d, afirmou o governador.<\/p>\n<figure id=\"attachment_6284\" aria-describedby=\"caption-attachment-6284\" style=\"width: 300px\" class=\"wp-caption alignnone\"><img fetchpriority=\"high\" decoding=\"async\" class=\"size-medium wp-image-6284\" src=\"http:\/\/portalnpm.com\/wp-content\/uploads\/2019\/03\/wellingtondias_posse_2019janeiro_jorgehenriquebastos_ccom215463784211552988934-300x176.jpg\" alt=\"\" width=\"300\" height=\"176\" \/><figcaption id=\"caption-attachment-6284\" class=\"wp-caption-text\"><br \/>O governador Wellington Dias diz que reajustes est\u00e3o impedidos pela Lei de Responsabilidade Fiscal<\/figcaption><\/figure>\n<p style=\"text-align: justify;\"><b>Deputados aceleram tramita\u00e7\u00e3o da reforma no parlamento e aprovam mais uma mensagem encaminhada pelo governo\u00a0<\/b><\/p>\n<p style=\"text-align: justify;\">A tramita\u00e7\u00e3o da reforma administrativa segue de forma acelerada na Assembleia Legislativa. Nessa segunda-feira (18), o plen\u00e1rio da casa aprovou por unanimidade a mensagem n\u00famero 02 do pacote de medidas encaminhado pelo governador Wellington Dias (PT). A mat\u00e9ria, que trata, entre outros pontos, da extin\u00e7\u00e3o da Funda\u00e7\u00e3o Cepro, obteve o voto favor\u00e1vel dos 24 deputados presentes na sess\u00e3o.<\/p>\n<p style=\"text-align: justify;\">Os deputados tamb\u00e9m aprovaram a Proposta de Emenda \u00e0 Constitui\u00e7\u00e3o (PEC) que modifica as atribui\u00e7\u00f5es da Controladoria Geral do Estado e a Procuradoria Geral do Estado. A PEC altera os Artigos 150 e 152 da Constitui\u00e7\u00e3o Estadual assegurando aos procuradores do Estado a estabilidade no servi\u00e7o p\u00fablico ap\u00f3s tr\u00eas anos de exerc\u00edcio na atividade e determina que sejam encaminhados \u00e0 Procuradoria Geral do Estado os processos que envolvam servidores p\u00fablicos, \u00e0 exce\u00e7\u00e3o dos policiais militares e civis.<\/p>\n<p style=\"text-align: justify;\">Nos pr\u00f3ximos dias, as comiss\u00f5es t\u00e9cnicas da Assembleia Legislativa devem voltar a se reunir, de maneira extraordin\u00e1ria, para dar continuidade \u00e0 an\u00e1lise das mensagens da reforma administrativa. O foco deve ficar nas propostas que tratam da reestrutura\u00e7\u00e3o da m\u00e1quina p\u00fablica, atrav\u00e9s da extin\u00e7\u00e3o e fus\u00e3o de unidades administrativas.<\/p>\n<p style=\"text-align: justify;\">As vota\u00e7\u00f5es da reforma administrativa devem ser encerradas ainda no m\u00eas de mar\u00e7o, uma vez que a mat\u00e9ria tramita em regime de urg\u00eancia na Assembleia Legislativa. O pr\u00f3ximo dia 30 de mar\u00e7o \u00e9 o prazo de conclus\u00e3o estabelecido pelo presidente da casa, Them\u00edstocles Filho (MDB).<\/p>\n<p style=\"text-align: justify;\"><strong>FONTE: Jornal O Dia\u00a0<\/strong><\/p>\n","protected":false},"excerpt":{"rendered":"<p>Ap\u00f3s os docentes da Universidade Estadual do Piau\u00ed (UESPI) deflagrarem greve nesta segunda-feira (18), o governador Wellington Dias (PT) declarou que, pela atual situa\u00e7\u00e3o financeira do Estado, n\u00e3o tem como atender as demandas reivindicadas pela categoria. \u00a0\u201cEu disse aos l\u00edderes que \u00e9 preciso sensatez. Na verdade n\u00f3s temos uma situa\u00e7\u00e3o em que o estado atingiu &hellip;<\/p>\n","protected":false},"author":4,"featured_media":6283,"comment_status":"open","ping_status":"open","sticky":false,"template":"","format":"standard","meta":{"content-type":"","rop_custom_images_group":[],"rop_custom_messages_group":[],"rop_publish_now":"initial","rop_publish_now_accounts":{"facebook_2648258775420054_1618374048415101":""},"rop_publish_now_history":[],"rop_publish_now_status":"pending","footnotes":"","_jetpack_memberships_contains_paid_content":false},"categories":[130],"tags":[2405,880,402,2183,1590,185,2406],"yoast_head":"<!-- This site is optimized with the Yoast SEO plugin v22.3 - https:\/\/yoast.com\/wordpress\/plugins\/seo\/ -->\n<title>Governador diz n\u00e3o ter como atender reivindica\u00e7\u00f5es dos professores - Portal NPM<\/title>\n<meta name=\"robots\" content=\"index, follow, max-snippet:-1, max-image-preview:large, max-video-preview:-1\" \/>\n<link rel=\"canonical\" href=\"https:\/\/portalnpm.com\/index.php\/2019\/03\/19\/governador-diz-nao-ter-como-atender-reivindicacoes-dos-professores\/\" \/>\n<meta property=\"og:locale\" content=\"pt_BR\" \/>\n<meta property=\"og:type\" content=\"article\" \/>\n<meta property=\"og:title\" content=\"Governador diz n\u00e3o ter como atender reivindica\u00e7\u00f5es dos professores - Portal NPM\" \/>\n<meta property=\"og:description\" content=\"Ap\u00f3s os docentes da Universidade Estadual do Piau\u00ed (UESPI) deflagrarem greve nesta segunda-feira (18), o governador Wellington Dias (PT) declarou que, pela atual situa\u00e7\u00e3o financeira do Estado, n\u00e3o tem como atender as demandas reivindicadas pela categoria. \u00a0\u201cEu disse aos l\u00edderes que \u00e9 preciso sensatez. Na verdade n\u00f3s temos uma situa\u00e7\u00e3o em que o estado atingiu &hellip;\" \/>\n<meta property=\"og:url\" content=\"https:\/\/portalnpm.com\/index.php\/2019\/03\/19\/governador-diz-nao-ter-como-atender-reivindicacoes-dos-professores\/\" \/>\n<meta property=\"og:site_name\" content=\"Portal NPM\" \/>\n<meta property=\"article:published_time\" content=\"2019-03-19T16:10:04+00:00\" \/>\n<meta name=\"author\" content=\"Reda\u00e7\u00e3o\" \/>\n<meta name=\"twitter:card\" content=\"summary_large_image\" \/>\n<meta name=\"twitter:label1\" content=\"Escrito por\" \/>\n\t<meta name=\"twitter:data1\" content=\"Reda\u00e7\u00e3o\" \/>\n\t<meta name=\"twitter:label2\" content=\"Est. tempo de leitura\" \/>\n\t<meta name=\"twitter:data2\" content=\"3 minutos\" \/>\n<script type=\"application\/ld+json\" class=\"yoast-schema-graph\">{\"@context\":\"https:\/\/schema.org\",\"@graph\":[{\"@type\":\"WebPage\",\"@id\":\"https:\/\/portalnpm.com\/index.php\/2019\/03\/19\/governador-diz-nao-ter-como-atender-reivindicacoes-dos-professores\/\",\"url\":\"https:\/\/portalnpm.com\/index.php\/2019\/03\/19\/governador-diz-nao-ter-como-atender-reivindicacoes-dos-professores\/\",\"name\":\"Governador diz n\u00e3o ter como atender reivindica\u00e7\u00f5es dos professores - Portal NPM\",\"isPartOf\":{\"@id\":\"https:\/\/portalnpm.com\/#website\"},\"primaryImageOfPage\":{\"@id\":\"https:\/\/portalnpm.com\/index.php\/2019\/03\/19\/governador-diz-nao-ter-como-atender-reivindicacoes-dos-professores\/#primaryimage\"},\"image\":{\"@id\":\"https:\/\/portalnpm.com\/index.php\/2019\/03\/19\/governador-diz-nao-ter-como-atender-reivindicacoes-dos-professores\/#primaryimage\"},\"thumbnailUrl\":\"\",\"datePublished\":\"2019-03-19T16:10:04+00:00\",\"dateModified\":\"2019-03-19T16:10:04+00:00\",\"author\":{\"@id\":\"https:\/\/portalnpm.com\/#\/schema\/person\/0b5f230ec96cee25504fa328e7f2b733\"},\"breadcrumb\":{\"@id\":\"https:\/\/portalnpm.com\/index.php\/2019\/03\/19\/governador-diz-nao-ter-como-atender-reivindicacoes-dos-professores\/#breadcrumb\"},\"inLanguage\":\"pt-BR\",\"potentialAction\":[{\"@type\":\"ReadAction\",\"target\":[\"https:\/\/portalnpm.com\/index.php\/2019\/03\/19\/governador-diz-nao-ter-como-atender-reivindicacoes-dos-professores\/\"]}]},{\"@type\":\"ImageObject\",\"inLanguage\":\"pt-BR\",\"@id\":\"https:\/\/portalnpm.com\/index.php\/2019\/03\/19\/governador-diz-nao-ter-como-atender-reivindicacoes-dos-professores\/#primaryimage\",\"url\":\"\",\"contentUrl\":\"\"},{\"@type\":\"BreadcrumbList\",\"@id\":\"https:\/\/portalnpm.com\/index.php\/2019\/03\/19\/governador-diz-nao-ter-como-atender-reivindicacoes-dos-professores\/#breadcrumb\",\"itemListElement\":[{\"@type\":\"ListItem\",\"position\":1,\"name\":\"In\u00edcio\",\"item\":\"https:\/\/portalnpm.com\/\"},{\"@type\":\"ListItem\",\"position\":2,\"name\":\"Governador diz n\u00e3o ter como atender reivindica\u00e7\u00f5es dos professores\"}]},{\"@type\":\"WebSite\",\"@id\":\"https:\/\/portalnpm.com\/#website\",\"url\":\"https:\/\/portalnpm.com\/\",\"name\":\"Portal NPM\",\"description\":\"Not\u00edcias em Primeira M\u00e3o\",\"potentialAction\":[{\"@type\":\"SearchAction\",\"target\":{\"@type\":\"EntryPoint\",\"urlTemplate\":\"https:\/\/portalnpm.com\/?s={search_term_string}\"},\"query-input\":\"required name=search_term_string\"}],\"inLanguage\":\"pt-BR\"},{\"@type\":\"Person\",\"@id\":\"https:\/\/portalnpm.com\/#\/schema\/person\/0b5f230ec96cee25504fa328e7f2b733\",\"name\":\"Reda\u00e7\u00e3o\",\"image\":{\"@type\":\"ImageObject\",\"inLanguage\":\"pt-BR\",\"@id\":\"https:\/\/portalnpm.com\/#\/schema\/person\/image\/\",\"url\":\"https:\/\/portalnpm.com\/wp-content\/uploads\/2024\/03\/avatar_user_4_1710097212-96x96.png\",\"contentUrl\":\"https:\/\/portalnpm.com\/wp-content\/uploads\/2024\/03\/avatar_user_4_1710097212-96x96.png\",\"caption\":\"Reda\u00e7\u00e3o\"},\"url\":\"https:\/\/portalnpm.com\/index.php\/author\/redacao\/\"}]}<\/script>\n<!-- \/ Yoast SEO plugin. -->","yoast_head_json":{"title":"Governador diz n\u00e3o ter como atender reivindica\u00e7\u00f5es dos professores - Portal NPM","robots":{"index":"index","follow":"follow","max-snippet":"max-snippet:-1","max-image-preview":"max-image-preview:large","max-video-preview":"max-video-preview:-1"},"canonical":"https:\/\/portalnpm.com\/index.php\/2019\/03\/19\/governador-diz-nao-ter-como-atender-reivindicacoes-dos-professores\/","og_locale":"pt_BR","og_type":"article","og_title":"Governador diz n\u00e3o ter como atender reivindica\u00e7\u00f5es dos professores - Portal NPM","og_description":"Ap\u00f3s os docentes da Universidade Estadual do Piau\u00ed (UESPI) deflagrarem greve nesta segunda-feira (18), o governador Wellington Dias (PT) declarou que, pela atual situa\u00e7\u00e3o financeira do Estado, n\u00e3o tem como atender as demandas reivindicadas pela categoria. \u00a0\u201cEu disse aos l\u00edderes que \u00e9 preciso sensatez. Na verdade n\u00f3s temos uma situa\u00e7\u00e3o em que o estado atingiu &hellip;","og_url":"https:\/\/portalnpm.com\/index.php\/2019\/03\/19\/governador-diz-nao-ter-como-atender-reivindicacoes-dos-professores\/","og_site_name":"Portal NPM","article_published_time":"2019-03-19T16:10:04+00:00","author":"Reda\u00e7\u00e3o","twitter_card":"summary_large_image","twitter_misc":{"Escrito por":"Reda\u00e7\u00e3o","Est. tempo de leitura":"3 minutos"},"schema":{"@context":"https:\/\/schema.org","@graph":[{"@type":"WebPage","@id":"https:\/\/portalnpm.com\/index.php\/2019\/03\/19\/governador-diz-nao-ter-como-atender-reivindicacoes-dos-professores\/","url":"https:\/\/portalnpm.com\/index.php\/2019\/03\/19\/governador-diz-nao-ter-como-atender-reivindicacoes-dos-professores\/","name":"Governador diz n\u00e3o ter como atender reivindica\u00e7\u00f5es dos professores - Portal NPM","isPartOf":{"@id":"https:\/\/portalnpm.com\/#website"},"primaryImageOfPage":{"@id":"https:\/\/portalnpm.com\/index.php\/2019\/03\/19\/governador-diz-nao-ter-como-atender-reivindicacoes-dos-professores\/#primaryimage"},"image":{"@id":"https:\/\/portalnpm.com\/index.php\/2019\/03\/19\/governador-diz-nao-ter-como-atender-reivindicacoes-dos-professores\/#primaryimage"},"thumbnailUrl":"","datePublished":"2019-03-19T16:10:04+00:00","dateModified":"2019-03-19T16:10:04+00:00","author":{"@id":"https:\/\/portalnpm.com\/#\/schema\/person\/0b5f230ec96cee25504fa328e7f2b733"},"breadcrumb":{"@id":"https:\/\/portalnpm.com\/index.php\/2019\/03\/19\/governador-diz-nao-ter-como-atender-reivindicacoes-dos-professores\/#breadcrumb"},"inLanguage":"pt-BR","potentialAction":[{"@type":"ReadAction","target":["https:\/\/portalnpm.com\/index.php\/2019\/03\/19\/governador-diz-nao-ter-como-atender-reivindicacoes-dos-professores\/"]}]},{"@type":"ImageObject","inLanguage":"pt-BR","@id":"https:\/\/portalnpm.com\/index.php\/2019\/03\/19\/governador-diz-nao-ter-como-atender-reivindicacoes-dos-professores\/#primaryimage","url":"","contentUrl":""},{"@type":"BreadcrumbList","@id":"https:\/\/portalnpm.com\/index.php\/2019\/03\/19\/governador-diz-nao-ter-como-atender-reivindicacoes-dos-professores\/#breadcrumb","itemListElement":[{"@type":"ListItem","position":1,"name":"In\u00edcio","item":"https:\/\/portalnpm.com\/"},{"@type":"ListItem","position":2,"name":"Governador diz n\u00e3o ter como atender reivindica\u00e7\u00f5es dos professores"}]},{"@type":"WebSite","@id":"https:\/\/portalnpm.com\/#website","url":"https:\/\/portalnpm.com\/","name":"Portal NPM","description":"Not\u00edcias em Primeira M\u00e3o","potentialAction":[{"@type":"SearchAction","target":{"@type":"EntryPoint","urlTemplate":"https:\/\/portalnpm.com\/?s={search_term_string}"},"query-input":"required name=search_term_string"}],"inLanguage":"pt-BR"},{"@type":"Person","@id":"https:\/\/portalnpm.com\/#\/schema\/person\/0b5f230ec96cee25504fa328e7f2b733","name":"Reda\u00e7\u00e3o","image":{"@type":"ImageObject","inLanguage":"pt-BR","@id":"https:\/\/portalnpm.com\/#\/schema\/person\/image\/","url":"https:\/\/portalnpm.com\/wp-content\/uploads\/2024\/03\/avatar_user_4_1710097212-96x96.png","contentUrl":"https:\/\/portalnpm.com\/wp-content\/uploads\/2024\/03\/avatar_user_4_1710097212-96x96.png","caption":"Reda\u00e7\u00e3o"},"url":"https:\/\/portalnpm.com\/index.php\/author\/redacao\/"}]}},"jetpack_sharing_enabled":true,"jetpack_featured_media_url":"","_links":{"self":[{"href":"https:\/\/portalnpm.com\/index.php\/wp-json\/wp\/v2\/posts\/6282"}],"collection":[{"href":"https:\/\/portalnpm.com\/index.php\/wp-json\/wp\/v2\/posts"}],"about":[{"href":"https:\/\/portalnpm.com\/index.php\/wp-json\/wp\/v2\/types\/post"}],"author":[{"embeddable":true,"href":"https:\/\/portalnpm.com\/index.php\/wp-json\/wp\/v2\/users\/4"}],"replies":[{"embeddable":true,"href":"https:\/\/portalnpm.com\/index.php\/wp-json\/wp\/v2\/comments?post=6282"}],"version-history":[{"count":0,"href":"https:\/\/portalnpm.com\/index.php\/wp-json\/wp\/v2\/posts\/6282\/revisions"}],"wp:featuredmedia":[{"embeddable":true,"href":"https:\/\/portalnpm.com\/index.php\/wp-json\/"}],"wp:attachment":[{"href":"https:\/\/portalnpm.com\/index.php\/wp-json\/wp\/v2\/media?parent=6282"}],"wp:term":[{"taxonomy":"category","embeddable":true,"href":"https:\/\/portalnpm.com\/index.php\/wp-json\/wp\/v2\/categories?post=6282"},{"taxonomy":"post_tag","embeddable":true,"href":"https:\/\/portalnpm.com\/index.php\/wp-json\/wp\/v2\/tags?post=6282"}],"curies":[{"name":"wp","href":"https:\/\/api.w.org\/{rel}","templated":true}]}}