{"id":62863,"date":"2021-03-01T19:05:56","date_gmt":"2021-03-01T22:05:56","guid":{"rendered":"https:\/\/portalnpm.com\/index.php\/2021\/03\/01\/serei-candidato-a-deputado-federal-confirma-elmano\/"},"modified":"2021-03-01T19:05:56","modified_gmt":"2021-03-01T22:05:56","slug":"serei-candidato-a-deputado-federal-confirma-elmano","status":"publish","type":"post","link":"https:\/\/portalnpm.com\/index.php\/2021\/03\/01\/serei-candidato-a-deputado-federal-confirma-elmano\/","title":{"rendered":"\u201cSerei candidato a deputado federal\u201d, confirma Elmano"},"content":{"rendered":"<p style=\"text-align: justify;\">Ap\u00f3s conversa com o senador Ciro Nogueira na manh\u00e3 desta segunda-feira, 01, o senador Elmano F\u00e9rrer bateu o martelo em rela\u00e7\u00e3o ao projeto pol\u00edtico para 2022.\u00a0 Anunciou que n\u00e3o disputar\u00e1 a reelei\u00e7\u00e3o no pr\u00f3ximo ano.<\/p>\n<p style=\"text-align: justify;\">\n<p style=\"text-align: justify;\">O parlamentar ser\u00e1 candidato a deputado federal pelo Progressistas e uma das dobradinhas poder\u00e1 ser com o ex-prefeito de Demerval Lob\u00e3o, J\u00fanior Carvalho, que planeja candidatura \u00e0 Assembleia Legislativa. Ciro Nogueira trabalha na montagem de chapas competitivas para a C\u00e2mara Federal e Assembleia Legislativa. A vaga de senador pela oposi\u00e7\u00e3o poder\u00e1 ser ocupada por sigla da base governista.<\/p>\n<p style=\"text-align: justify;\">Fonte: Cidade Verde<\/p>\n","protected":false},"excerpt":{"rendered":"<p>Ap\u00f3s conversa com o senador Ciro Nogueira na manh\u00e3 desta segunda-feira, 01, o senador Elmano F\u00e9rrer bateu o martelo em rela\u00e7\u00e3o ao projeto pol\u00edtico para 2022.\u00a0 Anunciou que n\u00e3o disputar\u00e1 a reelei\u00e7\u00e3o no pr\u00f3ximo ano. O parlamentar ser\u00e1 candidato a deputado federal pelo Progressistas e uma das dobradinhas poder\u00e1 ser com o ex-prefeito de Demerval &hellip;<\/p>\n","protected":false},"author":2,"featured_media":31096,"comment_status":"open","ping_status":"open","sticky":false,"template":"","format":"standard","meta":{"content-type":"","rop_custom_images_group":[],"rop_custom_messages_group":[],"rop_publish_now":"initial","rop_publish_now_accounts":{"facebook_2648258775420054_1618374048415101":""},"rop_publish_now_history":[],"rop_publish_now_status":"pending","footnotes":"","_jetpack_memberships_contains_paid_content":false},"categories":[113,188,130],"tags":[10014,509,10015],"yoast_head":"<!-- This site is optimized with the Yoast SEO plugin v22.3 - https:\/\/yoast.com\/wordpress\/plugins\/seo\/ -->\n<title>\u201cSerei candidato a deputado federal\u201d, confirma Elmano<\/title>\n<meta name=\"robots\" content=\"index, follow, max-snippet:-1, max-image-preview:large, max-video-preview:-1\" \/>\n<link rel=\"canonical\" href=\"https:\/\/portalnpm.com\/index.php\/2021\/03\/01\/serei-candidato-a-deputado-federal-confirma-elmano\/\" \/>\n<meta property=\"og:locale\" content=\"pt_BR\" \/>\n<meta property=\"og:type\" content=\"article\" \/>\n<meta property=\"og:title\" content=\"\u201cSerei candidato a deputado federal\u201d, confirma Elmano\" \/>\n<meta property=\"og:description\" content=\"Ap\u00f3s conversa com o senador Ciro Nogueira na manh\u00e3 desta segunda-feira, 01, o senador Elmano F\u00e9rrer bateu o martelo em rela\u00e7\u00e3o ao projeto pol\u00edtico para 2022.\u00a0 Anunciou que n\u00e3o disputar\u00e1 a reelei\u00e7\u00e3o no pr\u00f3ximo ano. O parlamentar ser\u00e1 candidato a deputado federal pelo Progressistas e uma das dobradinhas poder\u00e1 ser com o ex-prefeito de Demerval &hellip;\" \/>\n<meta property=\"og:url\" content=\"https:\/\/portalnpm.com\/index.php\/2021\/03\/01\/serei-candidato-a-deputado-federal-confirma-elmano\/\" \/>\n<meta property=\"og:site_name\" content=\"Portal NPM\" \/>\n<meta property=\"article:published_time\" content=\"2021-03-01T22:05:56+00:00\" \/>\n<meta name=\"author\" content=\"Genival Barbosa\" \/>\n<meta name=\"twitter:card\" content=\"summary_large_image\" \/>\n<meta name=\"twitter:label1\" content=\"Escrito por\" \/>\n\t<meta name=\"twitter:data1\" content=\"Genival Barbosa\" \/>\n\t<meta name=\"twitter:label2\" content=\"Est. tempo de leitura\" \/>\n\t<meta name=\"twitter:data2\" content=\"1 minuto\" \/>\n<script type=\"application\/ld+json\" class=\"yoast-schema-graph\">{\"@context\":\"https:\/\/schema.org\",\"@graph\":[{\"@type\":\"WebPage\",\"@id\":\"https:\/\/portalnpm.com\/index.php\/2021\/03\/01\/serei-candidato-a-deputado-federal-confirma-elmano\/\",\"url\":\"https:\/\/portalnpm.com\/index.php\/2021\/03\/01\/serei-candidato-a-deputado-federal-confirma-elmano\/\",\"name\":\"\u201cSerei candidato a deputado federal\u201d, confirma Elmano\",\"isPartOf\":{\"@id\":\"https:\/\/portalnpm.com\/#website\"},\"primaryImageOfPage\":{\"@id\":\"https:\/\/portalnpm.com\/index.php\/2021\/03\/01\/serei-candidato-a-deputado-federal-confirma-elmano\/#primaryimage\"},\"image\":{\"@id\":\"https:\/\/portalnpm.com\/index.php\/2021\/03\/01\/serei-candidato-a-deputado-federal-confirma-elmano\/#primaryimage\"},\"thumbnailUrl\":\"\",\"datePublished\":\"2021-03-01T22:05:56+00:00\",\"dateModified\":\"2021-03-01T22:05:56+00:00\",\"author\":{\"@id\":\"https:\/\/portalnpm.com\/#\/schema\/person\/49313e563cfdefcc167f1ee4c017c294\"},\"breadcrumb\":{\"@id\":\"https:\/\/portalnpm.com\/index.php\/2021\/03\/01\/serei-candidato-a-deputado-federal-confirma-elmano\/#breadcrumb\"},\"inLanguage\":\"pt-BR\",\"potentialAction\":[{\"@type\":\"ReadAction\",\"target\":[\"https:\/\/portalnpm.com\/index.php\/2021\/03\/01\/serei-candidato-a-deputado-federal-confirma-elmano\/\"]}]},{\"@type\":\"ImageObject\",\"inLanguage\":\"pt-BR\",\"@id\":\"https:\/\/portalnpm.com\/index.php\/2021\/03\/01\/serei-candidato-a-deputado-federal-confirma-elmano\/#primaryimage\",\"url\":\"\",\"contentUrl\":\"\"},{\"@type\":\"BreadcrumbList\",\"@id\":\"https:\/\/portalnpm.com\/index.php\/2021\/03\/01\/serei-candidato-a-deputado-federal-confirma-elmano\/#breadcrumb\",\"itemListElement\":[{\"@type\":\"ListItem\",\"position\":1,\"name\":\"In\u00edcio\",\"item\":\"https:\/\/portalnpm.com\/\"},{\"@type\":\"ListItem\",\"position\":2,\"name\":\"\u201cSerei candidato a deputado federal\u201d, confirma Elmano\"}]},{\"@type\":\"WebSite\",\"@id\":\"https:\/\/portalnpm.com\/#website\",\"url\":\"https:\/\/portalnpm.com\/\",\"name\":\"Portal NPM\",\"description\":\"Not\u00edcias em Primeira M\u00e3o\",\"potentialAction\":[{\"@type\":\"SearchAction\",\"target\":{\"@type\":\"EntryPoint\",\"urlTemplate\":\"https:\/\/portalnpm.com\/?s={search_term_string}\"},\"query-input\":\"required name=search_term_string\"}],\"inLanguage\":\"pt-BR\"},{\"@type\":\"Person\",\"@id\":\"https:\/\/portalnpm.com\/#\/schema\/person\/49313e563cfdefcc167f1ee4c017c294\",\"name\":\"Genival Barbosa\",\"image\":{\"@type\":\"ImageObject\",\"inLanguage\":\"pt-BR\",\"@id\":\"https:\/\/portalnpm.com\/#\/schema\/person\/image\/\",\"url\":\"https:\/\/portalnpm.com\/wp-content\/uploads\/2024\/02\/avatar_user_2_1707743258-96x96.jpeg\",\"contentUrl\":\"https:\/\/portalnpm.com\/wp-content\/uploads\/2024\/02\/avatar_user_2_1707743258-96x96.jpeg\",\"caption\":\"Genival Barbosa\"},\"url\":\"https:\/\/portalnpm.com\/index.php\/author\/genival\/\"}]}<\/script>\n<!-- \/ Yoast SEO plugin. -->","yoast_head_json":{"title":"\u201cSerei candidato a deputado federal\u201d, confirma Elmano","robots":{"index":"index","follow":"follow","max-snippet":"max-snippet:-1","max-image-preview":"max-image-preview:large","max-video-preview":"max-video-preview:-1"},"canonical":"https:\/\/portalnpm.com\/index.php\/2021\/03\/01\/serei-candidato-a-deputado-federal-confirma-elmano\/","og_locale":"pt_BR","og_type":"article","og_title":"\u201cSerei candidato a deputado federal\u201d, confirma Elmano","og_description":"Ap\u00f3s conversa com o senador Ciro Nogueira na manh\u00e3 desta segunda-feira, 01, o senador Elmano F\u00e9rrer bateu o martelo em rela\u00e7\u00e3o ao projeto pol\u00edtico para 2022.\u00a0 Anunciou que n\u00e3o disputar\u00e1 a reelei\u00e7\u00e3o no pr\u00f3ximo ano. O parlamentar ser\u00e1 candidato a deputado federal pelo Progressistas e uma das dobradinhas poder\u00e1 ser com o ex-prefeito de Demerval &hellip;","og_url":"https:\/\/portalnpm.com\/index.php\/2021\/03\/01\/serei-candidato-a-deputado-federal-confirma-elmano\/","og_site_name":"Portal NPM","article_published_time":"2021-03-01T22:05:56+00:00","author":"Genival Barbosa","twitter_card":"summary_large_image","twitter_misc":{"Escrito por":"Genival Barbosa","Est. tempo de leitura":"1 minuto"},"schema":{"@context":"https:\/\/schema.org","@graph":[{"@type":"WebPage","@id":"https:\/\/portalnpm.com\/index.php\/2021\/03\/01\/serei-candidato-a-deputado-federal-confirma-elmano\/","url":"https:\/\/portalnpm.com\/index.php\/2021\/03\/01\/serei-candidato-a-deputado-federal-confirma-elmano\/","name":"\u201cSerei candidato a deputado federal\u201d, confirma Elmano","isPartOf":{"@id":"https:\/\/portalnpm.com\/#website"},"primaryImageOfPage":{"@id":"https:\/\/portalnpm.com\/index.php\/2021\/03\/01\/serei-candidato-a-deputado-federal-confirma-elmano\/#primaryimage"},"image":{"@id":"https:\/\/portalnpm.com\/index.php\/2021\/03\/01\/serei-candidato-a-deputado-federal-confirma-elmano\/#primaryimage"},"thumbnailUrl":"","datePublished":"2021-03-01T22:05:56+00:00","dateModified":"2021-03-01T22:05:56+00:00","author":{"@id":"https:\/\/portalnpm.com\/#\/schema\/person\/49313e563cfdefcc167f1ee4c017c294"},"breadcrumb":{"@id":"https:\/\/portalnpm.com\/index.php\/2021\/03\/01\/serei-candidato-a-deputado-federal-confirma-elmano\/#breadcrumb"},"inLanguage":"pt-BR","potentialAction":[{"@type":"ReadAction","target":["https:\/\/portalnpm.com\/index.php\/2021\/03\/01\/serei-candidato-a-deputado-federal-confirma-elmano\/"]}]},{"@type":"ImageObject","inLanguage":"pt-BR","@id":"https:\/\/portalnpm.com\/index.php\/2021\/03\/01\/serei-candidato-a-deputado-federal-confirma-elmano\/#primaryimage","url":"","contentUrl":""},{"@type":"BreadcrumbList","@id":"https:\/\/portalnpm.com\/index.php\/2021\/03\/01\/serei-candidato-a-deputado-federal-confirma-elmano\/#breadcrumb","itemListElement":[{"@type":"ListItem","position":1,"name":"In\u00edcio","item":"https:\/\/portalnpm.com\/"},{"@type":"ListItem","position":2,"name":"\u201cSerei candidato a deputado federal\u201d, confirma Elmano"}]},{"@type":"WebSite","@id":"https:\/\/portalnpm.com\/#website","url":"https:\/\/portalnpm.com\/","name":"Portal NPM","description":"Not\u00edcias em Primeira M\u00e3o","potentialAction":[{"@type":"SearchAction","target":{"@type":"EntryPoint","urlTemplate":"https:\/\/portalnpm.com\/?s={search_term_string}"},"query-input":"required name=search_term_string"}],"inLanguage":"pt-BR"},{"@type":"Person","@id":"https:\/\/portalnpm.com\/#\/schema\/person\/49313e563cfdefcc167f1ee4c017c294","name":"Genival Barbosa","image":{"@type":"ImageObject","inLanguage":"pt-BR","@id":"https:\/\/portalnpm.com\/#\/schema\/person\/image\/","url":"https:\/\/portalnpm.com\/wp-content\/uploads\/2024\/02\/avatar_user_2_1707743258-96x96.jpeg","contentUrl":"https:\/\/portalnpm.com\/wp-content\/uploads\/2024\/02\/avatar_user_2_1707743258-96x96.jpeg","caption":"Genival Barbosa"},"url":"https:\/\/portalnpm.com\/index.php\/author\/genival\/"}]}},"jetpack_sharing_enabled":true,"jetpack_featured_media_url":"","_links":{"self":[{"href":"https:\/\/portalnpm.com\/index.php\/wp-json\/wp\/v2\/posts\/62863"}],"collection":[{"href":"https:\/\/portalnpm.com\/index.php\/wp-json\/wp\/v2\/posts"}],"about":[{"href":"https:\/\/portalnpm.com\/index.php\/wp-json\/wp\/v2\/types\/post"}],"author":[{"embeddable":true,"href":"https:\/\/portalnpm.com\/index.php\/wp-json\/wp\/v2\/users\/2"}],"replies":[{"embeddable":true,"href":"https:\/\/portalnpm.com\/index.php\/wp-json\/wp\/v2\/comments?post=62863"}],"version-history":[{"count":0,"href":"https:\/\/portalnpm.com\/index.php\/wp-json\/wp\/v2\/posts\/62863\/revisions"}],"wp:featuredmedia":[{"embeddable":true,"href":"https:\/\/portalnpm.com\/index.php\/wp-json\/"}],"wp:attachment":[{"href":"https:\/\/portalnpm.com\/index.php\/wp-json\/wp\/v2\/media?parent=62863"}],"wp:term":[{"taxonomy":"category","embeddable":true,"href":"https:\/\/portalnpm.com\/index.php\/wp-json\/wp\/v2\/categories?post=62863"},{"taxonomy":"post_tag","embeddable":true,"href":"https:\/\/portalnpm.com\/index.php\/wp-json\/wp\/v2\/tags?post=62863"}],"curies":[{"name":"wp","href":"https:\/\/api.w.org\/{rel}","templated":true}]}}