{"id":62876,"date":"2021-03-02T18:46:53","date_gmt":"2021-03-02T21:46:53","guid":{"rendered":"https:\/\/portalnpm.com\/index.php\/2021\/03\/02\/secretaria-de-saude-de-fronteiras-inicia-vacinacao-dos-idosos-de-85-a-89-anos\/"},"modified":"2024-01-15T22:53:49","modified_gmt":"2024-01-16T01:53:49","slug":"secretaria-de-saude-de-fronteiras-inicia-vacinacao-dos-idosos-de-85-a-89-anos","status":"publish","type":"post","link":"https:\/\/portalnpm.com\/index.php\/2021\/03\/02\/secretaria-de-saude-de-fronteiras-inicia-vacinacao-dos-idosos-de-85-a-89-anos\/","title":{"rendered":"Secretaria de Sa\u00fade de Fronteiras inicia vacina\u00e7\u00e3o dos idosos de 85 \u00e0 89 anos"},"content":{"rendered":"<p><p style=\"text-align: justify;\">Prefeitura Municipal de Fronteiras, na gest&atilde;o &ldquo;Construindo um Novo Tempo&rdquo; do prefeito Eudes Agripino Ribeiro, atrav&eacute;s da Secretaria Municipal de Sa&uacute;de, que tem &agrave; frente o Secret&aacute;rio Ant&ocirc;nio Neto, iniciou na manh&atilde; desta segunda-feira, 1&ordm; de mar&ccedil;o, a vacina&ccedil;&atilde;o dos idosos de 85 &agrave; 89 anos, seguindo as etapas do Minist&eacute;rio da Sa&uacute;de.<\/p>\n<p style=\"text-align: justify;\">\n<p style=\"text-align: justify;\">A aplica&ccedil;&atilde;o das doses come&ccedil;aram pelos idosos da Equipe de Sa&uacute;de da Fam&iacute;lia (ESF) 04, sob responsabilidade dos Agentes Comunit&aacute;rios de Sa&uacute;de N&uacute;ria, Rebeca, Domingos e Alberto.<\/p>\n<p style=\"text-align: justify;\">A imuniza&ccedil;&atilde;o ocorre de forma gradual, respeitando todas as normas sanit&aacute;rias impostas pela a OMS e Minist&eacute;rio da Sa&uacute;de, como distanciamento social, uso de &aacute;lcool em gel e profissionais com os devidos EPI&rsquo;S.<\/p>\n<p style=\"text-align: justify;\">A vacina&ccedil;&atilde;o tamb&eacute;m est&aacute; funcionando na forma Drive-Thru (o idoso n&atilde;o precisa sair do ve&iacute;culo). Os idosos que n&atilde;o puderem se locomover at&eacute; o posto de vacina&ccedil;&atilde;o, solicite a seu Agente de Sa&uacute;de respons&aacute;vel a aplica&ccedil;&atilde;o da dose em domic&iacute;lio.<\/p>\n<p style=\"text-align: justify;\"><img decoding=\"async\" class=\"jetpack-lazy-image jetpack-lazy-image--handled tie-appear\" src=\"https:\/\/portalnpm.com\/wp-content\/uploads\/2024\/01\/f3(2).jpeg\" alt=\"\" data-lazy-loaded=\"1\">O posto de vacina&ccedil;&atilde;o est&aacute; sendo na Unidade Escolar Municipal Nossa Senhora de F&aacute;tima, no Centro.<\/p>\n<p style=\"text-align: justify;\">Fonte: Fronteiras online<\/p><\/p>\n","protected":false},"excerpt":{"rendered":"<p>Prefeitura Municipal de Fronteiras, na gest&atilde;o &ldquo;Construindo um Novo Tempo&rdquo; do prefeito Eudes Agripino Ribeiro, atrav&eacute;s da Secretaria Municipal de Sa&uacute;de, que tem &agrave; frente o Secret&aacute;rio Ant&ocirc;nio Neto, iniciou na manh&atilde; desta segunda-feira, 1&ordm; de mar&ccedil;o, a vacina&ccedil;&atilde;o dos idosos de 85 &agrave; 89 anos, seguindo as etapas do Minist&eacute;rio da Sa&uacute;de. A aplica&ccedil;&atilde;o &hellip;<\/p>\n","protected":false},"author":2,"featured_media":31118,"comment_status":"open","ping_status":"open","sticky":false,"template":"","format":"standard","meta":{"content-type":"","rop_custom_images_group":[],"rop_custom_messages_group":[],"rop_publish_now":"initial","rop_publish_now_accounts":{"facebook_2648258775420054_1618374048415101":""},"rop_publish_now_history":[],"rop_publish_now_status":"pending","footnotes":"","_jetpack_memberships_contains_paid_content":false},"categories":[151,109],"tags":[10031,10032,2242,472],"yoast_head":"<!-- This site is optimized with the Yoast SEO plugin v22.3 - https:\/\/yoast.com\/wordpress\/plugins\/seo\/ -->\n<title>Secretaria de Sa\u00fade de Fronteiras inicia vacina\u00e7\u00e3o dos idosos de 85 \u00e0 89 anos<\/title>\n<meta name=\"robots\" content=\"index, follow, max-snippet:-1, max-image-preview:large, max-video-preview:-1\" \/>\n<link rel=\"canonical\" href=\"https:\/\/portalnpm.com\/index.php\/2021\/03\/02\/secretaria-de-saude-de-fronteiras-inicia-vacinacao-dos-idosos-de-85-a-89-anos\/\" \/>\n<meta property=\"og:locale\" content=\"pt_BR\" \/>\n<meta property=\"og:type\" content=\"article\" \/>\n<meta property=\"og:title\" content=\"Secretaria de Sa\u00fade de Fronteiras inicia vacina\u00e7\u00e3o dos idosos de 85 \u00e0 89 anos\" \/>\n<meta property=\"og:description\" content=\"Prefeitura Municipal de Fronteiras, na gest&atilde;o &ldquo;Construindo um Novo Tempo&rdquo; do prefeito Eudes Agripino Ribeiro, atrav&eacute;s da Secretaria Municipal de Sa&uacute;de, que tem &agrave; frente o Secret&aacute;rio Ant&ocirc;nio Neto, iniciou na manh&atilde; desta segunda-feira, 1&ordm; de mar&ccedil;o, a vacina&ccedil;&atilde;o dos idosos de 85 &agrave; 89 anos, seguindo as etapas do Minist&eacute;rio da Sa&uacute;de. A aplica&ccedil;&atilde;o &hellip;\" \/>\n<meta property=\"og:url\" content=\"https:\/\/portalnpm.com\/index.php\/2021\/03\/02\/secretaria-de-saude-de-fronteiras-inicia-vacinacao-dos-idosos-de-85-a-89-anos\/\" \/>\n<meta property=\"og:site_name\" content=\"Portal NPM\" \/>\n<meta property=\"article:published_time\" content=\"2021-03-02T21:46:53+00:00\" \/>\n<meta property=\"article:modified_time\" content=\"2024-01-16T01:53:49+00:00\" \/>\n<meta name=\"author\" content=\"Genival Barbosa\" \/>\n<meta name=\"twitter:card\" content=\"summary_large_image\" \/>\n<meta name=\"twitter:label1\" content=\"Escrito por\" \/>\n\t<meta name=\"twitter:data1\" content=\"Genival Barbosa\" \/>\n\t<meta name=\"twitter:label2\" content=\"Est. tempo de leitura\" \/>\n\t<meta name=\"twitter:data2\" content=\"1 minuto\" \/>\n<script type=\"application\/ld+json\" class=\"yoast-schema-graph\">{\"@context\":\"https:\/\/schema.org\",\"@graph\":[{\"@type\":\"WebPage\",\"@id\":\"https:\/\/portalnpm.com\/index.php\/2021\/03\/02\/secretaria-de-saude-de-fronteiras-inicia-vacinacao-dos-idosos-de-85-a-89-anos\/\",\"url\":\"https:\/\/portalnpm.com\/index.php\/2021\/03\/02\/secretaria-de-saude-de-fronteiras-inicia-vacinacao-dos-idosos-de-85-a-89-anos\/\",\"name\":\"Secretaria de Sa\u00fade de Fronteiras inicia vacina\u00e7\u00e3o dos idosos de 85 \u00e0 89 anos\",\"isPartOf\":{\"@id\":\"https:\/\/portalnpm.com\/#website\"},\"primaryImageOfPage\":{\"@id\":\"https:\/\/portalnpm.com\/index.php\/2021\/03\/02\/secretaria-de-saude-de-fronteiras-inicia-vacinacao-dos-idosos-de-85-a-89-anos\/#primaryimage\"},\"image\":{\"@id\":\"https:\/\/portalnpm.com\/index.php\/2021\/03\/02\/secretaria-de-saude-de-fronteiras-inicia-vacinacao-dos-idosos-de-85-a-89-anos\/#primaryimage\"},\"thumbnailUrl\":\"\",\"datePublished\":\"2021-03-02T21:46:53+00:00\",\"dateModified\":\"2024-01-16T01:53:49+00:00\",\"author\":{\"@id\":\"https:\/\/portalnpm.com\/#\/schema\/person\/49313e563cfdefcc167f1ee4c017c294\"},\"breadcrumb\":{\"@id\":\"https:\/\/portalnpm.com\/index.php\/2021\/03\/02\/secretaria-de-saude-de-fronteiras-inicia-vacinacao-dos-idosos-de-85-a-89-anos\/#breadcrumb\"},\"inLanguage\":\"pt-BR\",\"potentialAction\":[{\"@type\":\"ReadAction\",\"target\":[\"https:\/\/portalnpm.com\/index.php\/2021\/03\/02\/secretaria-de-saude-de-fronteiras-inicia-vacinacao-dos-idosos-de-85-a-89-anos\/\"]}]},{\"@type\":\"ImageObject\",\"inLanguage\":\"pt-BR\",\"@id\":\"https:\/\/portalnpm.com\/index.php\/2021\/03\/02\/secretaria-de-saude-de-fronteiras-inicia-vacinacao-dos-idosos-de-85-a-89-anos\/#primaryimage\",\"url\":\"\",\"contentUrl\":\"\"},{\"@type\":\"BreadcrumbList\",\"@id\":\"https:\/\/portalnpm.com\/index.php\/2021\/03\/02\/secretaria-de-saude-de-fronteiras-inicia-vacinacao-dos-idosos-de-85-a-89-anos\/#breadcrumb\",\"itemListElement\":[{\"@type\":\"ListItem\",\"position\":1,\"name\":\"In\u00edcio\",\"item\":\"https:\/\/portalnpm.com\/\"},{\"@type\":\"ListItem\",\"position\":2,\"name\":\"Secretaria de Sa\u00fade de Fronteiras inicia vacina\u00e7\u00e3o dos idosos de 85 \u00e0 89 anos\"}]},{\"@type\":\"WebSite\",\"@id\":\"https:\/\/portalnpm.com\/#website\",\"url\":\"https:\/\/portalnpm.com\/\",\"name\":\"Portal NPM\",\"description\":\"Not\u00edcias em Primeira M\u00e3o\",\"potentialAction\":[{\"@type\":\"SearchAction\",\"target\":{\"@type\":\"EntryPoint\",\"urlTemplate\":\"https:\/\/portalnpm.com\/?s={search_term_string}\"},\"query-input\":\"required name=search_term_string\"}],\"inLanguage\":\"pt-BR\"},{\"@type\":\"Person\",\"@id\":\"https:\/\/portalnpm.com\/#\/schema\/person\/49313e563cfdefcc167f1ee4c017c294\",\"name\":\"Genival Barbosa\",\"image\":{\"@type\":\"ImageObject\",\"inLanguage\":\"pt-BR\",\"@id\":\"https:\/\/portalnpm.com\/#\/schema\/person\/image\/\",\"url\":\"https:\/\/portalnpm.com\/wp-content\/uploads\/2024\/02\/avatar_user_2_1707743258-96x96.jpeg\",\"contentUrl\":\"https:\/\/portalnpm.com\/wp-content\/uploads\/2024\/02\/avatar_user_2_1707743258-96x96.jpeg\",\"caption\":\"Genival Barbosa\"},\"url\":\"https:\/\/portalnpm.com\/index.php\/author\/genival\/\"}]}<\/script>\n<!-- \/ Yoast SEO plugin. -->","yoast_head_json":{"title":"Secretaria de Sa\u00fade de Fronteiras inicia vacina\u00e7\u00e3o dos idosos de 85 \u00e0 89 anos","robots":{"index":"index","follow":"follow","max-snippet":"max-snippet:-1","max-image-preview":"max-image-preview:large","max-video-preview":"max-video-preview:-1"},"canonical":"https:\/\/portalnpm.com\/index.php\/2021\/03\/02\/secretaria-de-saude-de-fronteiras-inicia-vacinacao-dos-idosos-de-85-a-89-anos\/","og_locale":"pt_BR","og_type":"article","og_title":"Secretaria de Sa\u00fade de Fronteiras inicia vacina\u00e7\u00e3o dos idosos de 85 \u00e0 89 anos","og_description":"Prefeitura Municipal de Fronteiras, na gest&atilde;o &ldquo;Construindo um Novo Tempo&rdquo; do prefeito Eudes Agripino Ribeiro, atrav&eacute;s da Secretaria Municipal de Sa&uacute;de, que tem &agrave; frente o Secret&aacute;rio Ant&ocirc;nio Neto, iniciou na manh&atilde; desta segunda-feira, 1&ordm; de mar&ccedil;o, a vacina&ccedil;&atilde;o dos idosos de 85 &agrave; 89 anos, seguindo as etapas do Minist&eacute;rio da Sa&uacute;de. A aplica&ccedil;&atilde;o &hellip;","og_url":"https:\/\/portalnpm.com\/index.php\/2021\/03\/02\/secretaria-de-saude-de-fronteiras-inicia-vacinacao-dos-idosos-de-85-a-89-anos\/","og_site_name":"Portal NPM","article_published_time":"2021-03-02T21:46:53+00:00","article_modified_time":"2024-01-16T01:53:49+00:00","author":"Genival Barbosa","twitter_card":"summary_large_image","twitter_misc":{"Escrito por":"Genival Barbosa","Est. tempo de leitura":"1 minuto"},"schema":{"@context":"https:\/\/schema.org","@graph":[{"@type":"WebPage","@id":"https:\/\/portalnpm.com\/index.php\/2021\/03\/02\/secretaria-de-saude-de-fronteiras-inicia-vacinacao-dos-idosos-de-85-a-89-anos\/","url":"https:\/\/portalnpm.com\/index.php\/2021\/03\/02\/secretaria-de-saude-de-fronteiras-inicia-vacinacao-dos-idosos-de-85-a-89-anos\/","name":"Secretaria de Sa\u00fade de Fronteiras inicia vacina\u00e7\u00e3o dos idosos de 85 \u00e0 89 anos","isPartOf":{"@id":"https:\/\/portalnpm.com\/#website"},"primaryImageOfPage":{"@id":"https:\/\/portalnpm.com\/index.php\/2021\/03\/02\/secretaria-de-saude-de-fronteiras-inicia-vacinacao-dos-idosos-de-85-a-89-anos\/#primaryimage"},"image":{"@id":"https:\/\/portalnpm.com\/index.php\/2021\/03\/02\/secretaria-de-saude-de-fronteiras-inicia-vacinacao-dos-idosos-de-85-a-89-anos\/#primaryimage"},"thumbnailUrl":"","datePublished":"2021-03-02T21:46:53+00:00","dateModified":"2024-01-16T01:53:49+00:00","author":{"@id":"https:\/\/portalnpm.com\/#\/schema\/person\/49313e563cfdefcc167f1ee4c017c294"},"breadcrumb":{"@id":"https:\/\/portalnpm.com\/index.php\/2021\/03\/02\/secretaria-de-saude-de-fronteiras-inicia-vacinacao-dos-idosos-de-85-a-89-anos\/#breadcrumb"},"inLanguage":"pt-BR","potentialAction":[{"@type":"ReadAction","target":["https:\/\/portalnpm.com\/index.php\/2021\/03\/02\/secretaria-de-saude-de-fronteiras-inicia-vacinacao-dos-idosos-de-85-a-89-anos\/"]}]},{"@type":"ImageObject","inLanguage":"pt-BR","@id":"https:\/\/portalnpm.com\/index.php\/2021\/03\/02\/secretaria-de-saude-de-fronteiras-inicia-vacinacao-dos-idosos-de-85-a-89-anos\/#primaryimage","url":"","contentUrl":""},{"@type":"BreadcrumbList","@id":"https:\/\/portalnpm.com\/index.php\/2021\/03\/02\/secretaria-de-saude-de-fronteiras-inicia-vacinacao-dos-idosos-de-85-a-89-anos\/#breadcrumb","itemListElement":[{"@type":"ListItem","position":1,"name":"In\u00edcio","item":"https:\/\/portalnpm.com\/"},{"@type":"ListItem","position":2,"name":"Secretaria de Sa\u00fade de Fronteiras inicia vacina\u00e7\u00e3o dos idosos de 85 \u00e0 89 anos"}]},{"@type":"WebSite","@id":"https:\/\/portalnpm.com\/#website","url":"https:\/\/portalnpm.com\/","name":"Portal NPM","description":"Not\u00edcias em Primeira M\u00e3o","potentialAction":[{"@type":"SearchAction","target":{"@type":"EntryPoint","urlTemplate":"https:\/\/portalnpm.com\/?s={search_term_string}"},"query-input":"required name=search_term_string"}],"inLanguage":"pt-BR"},{"@type":"Person","@id":"https:\/\/portalnpm.com\/#\/schema\/person\/49313e563cfdefcc167f1ee4c017c294","name":"Genival Barbosa","image":{"@type":"ImageObject","inLanguage":"pt-BR","@id":"https:\/\/portalnpm.com\/#\/schema\/person\/image\/","url":"https:\/\/portalnpm.com\/wp-content\/uploads\/2024\/02\/avatar_user_2_1707743258-96x96.jpeg","contentUrl":"https:\/\/portalnpm.com\/wp-content\/uploads\/2024\/02\/avatar_user_2_1707743258-96x96.jpeg","caption":"Genival Barbosa"},"url":"https:\/\/portalnpm.com\/index.php\/author\/genival\/"}]}},"jetpack_sharing_enabled":true,"jetpack_featured_media_url":"","_links":{"self":[{"href":"https:\/\/portalnpm.com\/index.php\/wp-json\/wp\/v2\/posts\/62876"}],"collection":[{"href":"https:\/\/portalnpm.com\/index.php\/wp-json\/wp\/v2\/posts"}],"about":[{"href":"https:\/\/portalnpm.com\/index.php\/wp-json\/wp\/v2\/types\/post"}],"author":[{"embeddable":true,"href":"https:\/\/portalnpm.com\/index.php\/wp-json\/wp\/v2\/users\/2"}],"replies":[{"embeddable":true,"href":"https:\/\/portalnpm.com\/index.php\/wp-json\/wp\/v2\/comments?post=62876"}],"version-history":[{"count":1,"href":"https:\/\/portalnpm.com\/index.php\/wp-json\/wp\/v2\/posts\/62876\/revisions"}],"predecessor-version":[{"id":62878,"href":"https:\/\/portalnpm.com\/index.php\/wp-json\/wp\/v2\/posts\/62876\/revisions\/62878"}],"wp:featuredmedia":[{"embeddable":true,"href":"https:\/\/portalnpm.com\/index.php\/wp-json\/"}],"wp:attachment":[{"href":"https:\/\/portalnpm.com\/index.php\/wp-json\/wp\/v2\/media?parent=62876"}],"wp:term":[{"taxonomy":"category","embeddable":true,"href":"https:\/\/portalnpm.com\/index.php\/wp-json\/wp\/v2\/categories?post=62876"},{"taxonomy":"post_tag","embeddable":true,"href":"https:\/\/portalnpm.com\/index.php\/wp-json\/wp\/v2\/tags?post=62876"}],"curies":[{"name":"wp","href":"https:\/\/api.w.org\/{rel}","templated":true}]}}