{"id":6294,"date":"2019-03-19T13:45:47","date_gmt":"2019-03-19T16:45:47","guid":{"rendered":"http:\/\/srv.portalnpm.com.br\/?p=6294"},"modified":"2019-03-19T13:45:47","modified_gmt":"2019-03-19T16:45:47","slug":"pm-prende-suspeito-de-apontar-arma-para-professores-e-alunos","status":"publish","type":"post","link":"https:\/\/portalnpm.com\/index.php\/2019\/03\/19\/pm-prende-suspeito-de-apontar-arma-para-professores-e-alunos\/","title":{"rendered":"PM prende suspeito de apontar arma para professores e alunos"},"content":{"rendered":"<p style=\"text-align: justify;\">A Pol\u00edcia Militar de Barras prendeu, na manh\u00e3 desta ter\u00e7a-feira (19), um dos suspeitos de praticar um \u201carrast\u00e3o\u201d\u00a0 na escola estadual Ven\u00e2ncia Lages Veloso, localizada na cidade de Cabe\u00e7eiras do Piau\u00ed, distante 93 quil\u00f4metros de Teresina.<\/p>\n<p style=\"text-align: justify;\">O preso, identificado como Ant\u00f4nio Alan Cavalcante, 21 anos, foi encontrado em um casebre na zona Rural de Barras. Segundo a pol\u00edcia, ele e outro comparsa apontaram armas para professores e alunos durante o assalto.<\/p>\n<p style=\"text-align: justify;\">Com Ant\u00f4nio Alan, a pol\u00edcia encontrou um r\u00e9volver calibre 32, que teria sido usado no arrast\u00e3o \u00e0 escola, muni\u00e7\u00f5es e uma pequena por\u00e7\u00e3o de maconha. O comandante da PM de Barras, capit\u00e3o Miguel Batista, informou que fotos do suspeito foram enviadas para alguns professores e alunos, que o reconheceram como um dos participantes do assalto.<\/p>\n<p style=\"text-align: justify;\"><strong><a href=\"https:\/\/cidadeverde.com\/noticias\/295425\/assaltantes-invadem-escola-agridem-professores-alunos-e-causam-panico\">As v\u00edtimas relataram que viveram momentos \u201cde terror\u201d quando os bandidos entraram nas salas<\/a><\/strong>, agrediram e roubaram celulares, dinheiro e notebooks de quem estava na escola.<\/p>\n<p style=\"text-align: justify;\">O preso foi encaminhado para a Delegacia Regional de Barras. Mais duas pessoas est\u00e3o sendo investigadas e devem ser presas suspeitas de praticar o arrast\u00e3o na escola.<\/p>\n<p style=\"text-align: justify;\">Ap\u00f3s o assalto, o prefeito de Cabe\u00e7eiras do Piau\u00ed fez um desabafo ao Cidadeverde.com e relatou que a escola j\u00e1 foi assaltada v\u00e1rias vezes. O gestor fez uma cobran\u00e7a para que as autoridades reforcem a seguran\u00e7a no munic\u00edpio.<\/p>\n<p style=\"text-align: justify;\"><strong>FONTE: Cidade Verde\u00a0<\/strong><\/p>\n","protected":false},"excerpt":{"rendered":"<p>A Pol\u00edcia Militar de Barras prendeu, na manh\u00e3 desta ter\u00e7a-feira (19), um dos suspeitos de praticar um \u201carrast\u00e3o\u201d\u00a0 na escola estadual Ven\u00e2ncia Lages Veloso, localizada na cidade de Cabe\u00e7eiras do Piau\u00ed, distante 93 quil\u00f4metros de Teresina. O preso, identificado como Ant\u00f4nio Alan Cavalcante, 21 anos, foi encontrado em um casebre na zona Rural de Barras. &hellip;<\/p>\n","protected":false},"author":4,"featured_media":6295,"comment_status":"open","ping_status":"open","sticky":false,"template":"","format":"standard","meta":{"content-type":"","rop_custom_images_group":[],"rop_custom_messages_group":[],"rop_publish_now":"initial","rop_publish_now_accounts":{"facebook_2648258775420054_1618374048415101":""},"rop_publish_now_history":[],"rop_publish_now_status":"pending","footnotes":"","_jetpack_memberships_contains_paid_content":false},"categories":[113,118],"tags":[1484,2409,498,1950,2410,185,517],"yoast_head":"<!-- This site is optimized with the Yoast SEO plugin v22.3 - https:\/\/yoast.com\/wordpress\/plugins\/seo\/ -->\n<title>PM prende suspeito de apontar arma para professores e alunos - Portal NPM<\/title>\n<meta name=\"robots\" content=\"index, follow, max-snippet:-1, max-image-preview:large, max-video-preview:-1\" \/>\n<link rel=\"canonical\" href=\"https:\/\/portalnpm.com\/index.php\/2019\/03\/19\/pm-prende-suspeito-de-apontar-arma-para-professores-e-alunos\/\" \/>\n<meta property=\"og:locale\" content=\"pt_BR\" \/>\n<meta property=\"og:type\" content=\"article\" \/>\n<meta property=\"og:title\" content=\"PM prende suspeito de apontar arma para professores e alunos - Portal NPM\" \/>\n<meta property=\"og:description\" content=\"A Pol\u00edcia Militar de Barras prendeu, na manh\u00e3 desta ter\u00e7a-feira (19), um dos suspeitos de praticar um \u201carrast\u00e3o\u201d\u00a0 na escola estadual Ven\u00e2ncia Lages Veloso, localizada na cidade de Cabe\u00e7eiras do Piau\u00ed, distante 93 quil\u00f4metros de Teresina. O preso, identificado como Ant\u00f4nio Alan Cavalcante, 21 anos, foi encontrado em um casebre na zona Rural de Barras. &hellip;\" \/>\n<meta property=\"og:url\" content=\"https:\/\/portalnpm.com\/index.php\/2019\/03\/19\/pm-prende-suspeito-de-apontar-arma-para-professores-e-alunos\/\" \/>\n<meta property=\"og:site_name\" content=\"Portal NPM\" \/>\n<meta property=\"article:published_time\" content=\"2019-03-19T16:45:47+00:00\" \/>\n<meta name=\"author\" content=\"Reda\u00e7\u00e3o\" \/>\n<meta name=\"twitter:card\" content=\"summary_large_image\" \/>\n<meta name=\"twitter:label1\" content=\"Escrito por\" \/>\n\t<meta name=\"twitter:data1\" content=\"Reda\u00e7\u00e3o\" \/>\n\t<meta name=\"twitter:label2\" content=\"Est. tempo de leitura\" \/>\n\t<meta name=\"twitter:data2\" content=\"1 minuto\" \/>\n<script type=\"application\/ld+json\" class=\"yoast-schema-graph\">{\"@context\":\"https:\/\/schema.org\",\"@graph\":[{\"@type\":\"WebPage\",\"@id\":\"https:\/\/portalnpm.com\/index.php\/2019\/03\/19\/pm-prende-suspeito-de-apontar-arma-para-professores-e-alunos\/\",\"url\":\"https:\/\/portalnpm.com\/index.php\/2019\/03\/19\/pm-prende-suspeito-de-apontar-arma-para-professores-e-alunos\/\",\"name\":\"PM prende suspeito de apontar arma para professores e alunos - Portal NPM\",\"isPartOf\":{\"@id\":\"https:\/\/portalnpm.com\/#website\"},\"primaryImageOfPage\":{\"@id\":\"https:\/\/portalnpm.com\/index.php\/2019\/03\/19\/pm-prende-suspeito-de-apontar-arma-para-professores-e-alunos\/#primaryimage\"},\"image\":{\"@id\":\"https:\/\/portalnpm.com\/index.php\/2019\/03\/19\/pm-prende-suspeito-de-apontar-arma-para-professores-e-alunos\/#primaryimage\"},\"thumbnailUrl\":\"\",\"datePublished\":\"2019-03-19T16:45:47+00:00\",\"dateModified\":\"2019-03-19T16:45:47+00:00\",\"author\":{\"@id\":\"https:\/\/portalnpm.com\/#\/schema\/person\/0b5f230ec96cee25504fa328e7f2b733\"},\"breadcrumb\":{\"@id\":\"https:\/\/portalnpm.com\/index.php\/2019\/03\/19\/pm-prende-suspeito-de-apontar-arma-para-professores-e-alunos\/#breadcrumb\"},\"inLanguage\":\"pt-BR\",\"potentialAction\":[{\"@type\":\"ReadAction\",\"target\":[\"https:\/\/portalnpm.com\/index.php\/2019\/03\/19\/pm-prende-suspeito-de-apontar-arma-para-professores-e-alunos\/\"]}]},{\"@type\":\"ImageObject\",\"inLanguage\":\"pt-BR\",\"@id\":\"https:\/\/portalnpm.com\/index.php\/2019\/03\/19\/pm-prende-suspeito-de-apontar-arma-para-professores-e-alunos\/#primaryimage\",\"url\":\"\",\"contentUrl\":\"\"},{\"@type\":\"BreadcrumbList\",\"@id\":\"https:\/\/portalnpm.com\/index.php\/2019\/03\/19\/pm-prende-suspeito-de-apontar-arma-para-professores-e-alunos\/#breadcrumb\",\"itemListElement\":[{\"@type\":\"ListItem\",\"position\":1,\"name\":\"In\u00edcio\",\"item\":\"https:\/\/portalnpm.com\/\"},{\"@type\":\"ListItem\",\"position\":2,\"name\":\"PM prende suspeito de apontar arma para professores e alunos\"}]},{\"@type\":\"WebSite\",\"@id\":\"https:\/\/portalnpm.com\/#website\",\"url\":\"https:\/\/portalnpm.com\/\",\"name\":\"Portal NPM\",\"description\":\"Not\u00edcias em Primeira M\u00e3o\",\"potentialAction\":[{\"@type\":\"SearchAction\",\"target\":{\"@type\":\"EntryPoint\",\"urlTemplate\":\"https:\/\/portalnpm.com\/?s={search_term_string}\"},\"query-input\":\"required name=search_term_string\"}],\"inLanguage\":\"pt-BR\"},{\"@type\":\"Person\",\"@id\":\"https:\/\/portalnpm.com\/#\/schema\/person\/0b5f230ec96cee25504fa328e7f2b733\",\"name\":\"Reda\u00e7\u00e3o\",\"image\":{\"@type\":\"ImageObject\",\"inLanguage\":\"pt-BR\",\"@id\":\"https:\/\/portalnpm.com\/#\/schema\/person\/image\/\",\"url\":\"https:\/\/portalnpm.com\/wp-content\/uploads\/2024\/03\/avatar_user_4_1710097212-96x96.png\",\"contentUrl\":\"https:\/\/portalnpm.com\/wp-content\/uploads\/2024\/03\/avatar_user_4_1710097212-96x96.png\",\"caption\":\"Reda\u00e7\u00e3o\"},\"url\":\"https:\/\/portalnpm.com\/index.php\/author\/redacao\/\"}]}<\/script>\n<!-- \/ Yoast SEO plugin. -->","yoast_head_json":{"title":"PM prende suspeito de apontar arma para professores e alunos - Portal NPM","robots":{"index":"index","follow":"follow","max-snippet":"max-snippet:-1","max-image-preview":"max-image-preview:large","max-video-preview":"max-video-preview:-1"},"canonical":"https:\/\/portalnpm.com\/index.php\/2019\/03\/19\/pm-prende-suspeito-de-apontar-arma-para-professores-e-alunos\/","og_locale":"pt_BR","og_type":"article","og_title":"PM prende suspeito de apontar arma para professores e alunos - Portal NPM","og_description":"A Pol\u00edcia Militar de Barras prendeu, na manh\u00e3 desta ter\u00e7a-feira (19), um dos suspeitos de praticar um \u201carrast\u00e3o\u201d\u00a0 na escola estadual Ven\u00e2ncia Lages Veloso, localizada na cidade de Cabe\u00e7eiras do Piau\u00ed, distante 93 quil\u00f4metros de Teresina. O preso, identificado como Ant\u00f4nio Alan Cavalcante, 21 anos, foi encontrado em um casebre na zona Rural de Barras. &hellip;","og_url":"https:\/\/portalnpm.com\/index.php\/2019\/03\/19\/pm-prende-suspeito-de-apontar-arma-para-professores-e-alunos\/","og_site_name":"Portal NPM","article_published_time":"2019-03-19T16:45:47+00:00","author":"Reda\u00e7\u00e3o","twitter_card":"summary_large_image","twitter_misc":{"Escrito por":"Reda\u00e7\u00e3o","Est. tempo de leitura":"1 minuto"},"schema":{"@context":"https:\/\/schema.org","@graph":[{"@type":"WebPage","@id":"https:\/\/portalnpm.com\/index.php\/2019\/03\/19\/pm-prende-suspeito-de-apontar-arma-para-professores-e-alunos\/","url":"https:\/\/portalnpm.com\/index.php\/2019\/03\/19\/pm-prende-suspeito-de-apontar-arma-para-professores-e-alunos\/","name":"PM prende suspeito de apontar arma para professores e alunos - Portal NPM","isPartOf":{"@id":"https:\/\/portalnpm.com\/#website"},"primaryImageOfPage":{"@id":"https:\/\/portalnpm.com\/index.php\/2019\/03\/19\/pm-prende-suspeito-de-apontar-arma-para-professores-e-alunos\/#primaryimage"},"image":{"@id":"https:\/\/portalnpm.com\/index.php\/2019\/03\/19\/pm-prende-suspeito-de-apontar-arma-para-professores-e-alunos\/#primaryimage"},"thumbnailUrl":"","datePublished":"2019-03-19T16:45:47+00:00","dateModified":"2019-03-19T16:45:47+00:00","author":{"@id":"https:\/\/portalnpm.com\/#\/schema\/person\/0b5f230ec96cee25504fa328e7f2b733"},"breadcrumb":{"@id":"https:\/\/portalnpm.com\/index.php\/2019\/03\/19\/pm-prende-suspeito-de-apontar-arma-para-professores-e-alunos\/#breadcrumb"},"inLanguage":"pt-BR","potentialAction":[{"@type":"ReadAction","target":["https:\/\/portalnpm.com\/index.php\/2019\/03\/19\/pm-prende-suspeito-de-apontar-arma-para-professores-e-alunos\/"]}]},{"@type":"ImageObject","inLanguage":"pt-BR","@id":"https:\/\/portalnpm.com\/index.php\/2019\/03\/19\/pm-prende-suspeito-de-apontar-arma-para-professores-e-alunos\/#primaryimage","url":"","contentUrl":""},{"@type":"BreadcrumbList","@id":"https:\/\/portalnpm.com\/index.php\/2019\/03\/19\/pm-prende-suspeito-de-apontar-arma-para-professores-e-alunos\/#breadcrumb","itemListElement":[{"@type":"ListItem","position":1,"name":"In\u00edcio","item":"https:\/\/portalnpm.com\/"},{"@type":"ListItem","position":2,"name":"PM prende suspeito de apontar arma para professores e alunos"}]},{"@type":"WebSite","@id":"https:\/\/portalnpm.com\/#website","url":"https:\/\/portalnpm.com\/","name":"Portal NPM","description":"Not\u00edcias em Primeira M\u00e3o","potentialAction":[{"@type":"SearchAction","target":{"@type":"EntryPoint","urlTemplate":"https:\/\/portalnpm.com\/?s={search_term_string}"},"query-input":"required name=search_term_string"}],"inLanguage":"pt-BR"},{"@type":"Person","@id":"https:\/\/portalnpm.com\/#\/schema\/person\/0b5f230ec96cee25504fa328e7f2b733","name":"Reda\u00e7\u00e3o","image":{"@type":"ImageObject","inLanguage":"pt-BR","@id":"https:\/\/portalnpm.com\/#\/schema\/person\/image\/","url":"https:\/\/portalnpm.com\/wp-content\/uploads\/2024\/03\/avatar_user_4_1710097212-96x96.png","contentUrl":"https:\/\/portalnpm.com\/wp-content\/uploads\/2024\/03\/avatar_user_4_1710097212-96x96.png","caption":"Reda\u00e7\u00e3o"},"url":"https:\/\/portalnpm.com\/index.php\/author\/redacao\/"}]}},"jetpack_sharing_enabled":true,"jetpack_featured_media_url":"","_links":{"self":[{"href":"https:\/\/portalnpm.com\/index.php\/wp-json\/wp\/v2\/posts\/6294"}],"collection":[{"href":"https:\/\/portalnpm.com\/index.php\/wp-json\/wp\/v2\/posts"}],"about":[{"href":"https:\/\/portalnpm.com\/index.php\/wp-json\/wp\/v2\/types\/post"}],"author":[{"embeddable":true,"href":"https:\/\/portalnpm.com\/index.php\/wp-json\/wp\/v2\/users\/4"}],"replies":[{"embeddable":true,"href":"https:\/\/portalnpm.com\/index.php\/wp-json\/wp\/v2\/comments?post=6294"}],"version-history":[{"count":0,"href":"https:\/\/portalnpm.com\/index.php\/wp-json\/wp\/v2\/posts\/6294\/revisions"}],"wp:featuredmedia":[{"embeddable":true,"href":"https:\/\/portalnpm.com\/index.php\/wp-json\/"}],"wp:attachment":[{"href":"https:\/\/portalnpm.com\/index.php\/wp-json\/wp\/v2\/media?parent=6294"}],"wp:term":[{"taxonomy":"category","embeddable":true,"href":"https:\/\/portalnpm.com\/index.php\/wp-json\/wp\/v2\/categories?post=6294"},{"taxonomy":"post_tag","embeddable":true,"href":"https:\/\/portalnpm.com\/index.php\/wp-json\/wp\/v2\/tags?post=6294"}],"curies":[{"name":"wp","href":"https:\/\/api.w.org\/{rel}","templated":true}]}}