{"id":62944,"date":"2021-03-02T18:53:19","date_gmt":"2021-03-02T21:53:19","guid":{"rendered":"https:\/\/portalnpm.com\/index.php\/2021\/03\/02\/alagoinha-do-piaui-igreja-catolica-divulga-programacao-do-20o-festejo-de-sao-jose\/"},"modified":"2024-01-15T22:54:25","modified_gmt":"2024-01-16T01:54:25","slug":"alagoinha-do-piaui-igreja-catolica-divulga-programacao-do-20o-festejo-de-sao-jose","status":"publish","type":"post","link":"https:\/\/portalnpm.com\/index.php\/2021\/03\/02\/alagoinha-do-piaui-igreja-catolica-divulga-programacao-do-20o-festejo-de-sao-jose\/","title":{"rendered":"Alagoinha do Piau\u00ed | Igreja Cat\u00f3lica divulga programa\u00e7\u00e3o do 20\u00ba Festejo de S\u00e3o Jos\u00e9"},"content":{"rendered":"<p><p style=\"text-align: justify;\">Chegou o m&ecirc;s de mar&ccedil;o, m&ecirc;s dedicado a S&atilde;o Jos&eacute;, m&ecirc;s que os agricultores aguarda a intensifica&ccedil;&atilde;o do inverno, pois S&atilde;o Jos&eacute; &eacute; considerado o patrono dos trabalhadores, e diz os mais antigos que chuva no dia de S&atilde;o Jos&eacute; &eacute; sinal de bom inverno, de boas colheitas.<\/p>\n<p style=\"text-align: justify;\">\n<p style=\"text-align: justify;\">&Eacute; com j&uacute;bilo e alegria que a comunidade do Bairro S&atilde;o Jos&eacute;, em Alagoinha do Piau&iacute;, convida voc&ecirc; e sua fam&iacute;lia a preparar o seu cora&ccedil;&atilde;o para celebrar com profundo entusiasmo a 20&ordf; Festa de S&atilde;o Jos&eacute;, que traz como tema:&nbsp;<strong>&ldquo;S&atilde;o Jos&eacute;, Patrono Universal e Guardi&atilde;o da Santa Igreja&rdquo;<\/strong>; e o lema:&nbsp;<strong>&ldquo;20 anos de f&eacute; e devo&ccedil;&atilde;o<\/strong>.<\/p>\n<figure id=\"attachment_89040\" class=\"wp-caption alignnone\" style=\"text-align: justify;\" aria-describedby=\"caption-attachment-89040\"><img fetchpriority=\"high\" decoding=\"async\" class=\"wp-image-89040 size-full\" src=\"https:\/\/portalnpm.com\/wp-content\/uploads\/2024\/01\/09334527-f0cf-45fa-b71a-8b3e8d9f24cc.jpg\" sizes=\"(max-width: 640px) 100vw, 640px\" srcset=\"https:\/\/i2.wp.com\/www.portalenoticias.com.br\/wp-content\/uploads\/2021\/03\/09334527-f0cf-45fa-b71a-8b3e8d9f24cc.jpg?fit=300%2C150&amp;ssl=1 300w, https:\/\/i2.wp.com\/www.portalenoticias.com.br\/wp-content\/uploads\/2021\/03\/09334527-f0cf-45fa-b71a-8b3e8d9f24cc.jpg?fit=640%2C319&amp;ssl=1 640w\" alt=\"\" width=\"380\" height=\"189\" data-attachment-id=\"89040\" data-permalink=\"https:\/\/www.portalenoticias.com.br\/alagoinha-do-piaui-igreja-catolica-divulga-programacao-do-20o-festejo-de-sao-jose\/09334527-f0cf-45fa-b71a-8b3e8d9f24cc\/\" data-orig-file=\"https:\/\/i2.wp.com\/www.portalenoticias.com.br\/wp-content\/uploads\/2021\/03\/09334527-f0cf-45fa-b71a-8b3e8d9f24cc.jpg?fit=640%2C319&amp;ssl=1\" data-orig-size=\"640,319\" data-comments-opened=\"0\" data-image-meta='{\"aperture\":\"0\",\"credit\":\"\",\"camera\":\"\",\"caption\":\"\",\"created_timestamp\":\"0\",\"copyright\":\"\",\"focal_length\":\"0\",\"iso\":\"0\",\"shutter_speed\":\"0\",\"title\":\"\",\"orientation\":\"0\"}' data-image-title=\"09334527-f0cf-45fa-b71a-8b3e8d9f24cc\" data-image-description=\"\" data-medium-file=\"https:\/\/i2.wp.com\/www.portalenoticias.com.br\/wp-content\/uploads\/2021\/03\/09334527-f0cf-45fa-b71a-8b3e8d9f24cc.jpg?fit=300%2C150&amp;ssl=1\" data-large-file=\"https:\/\/i2.wp.com\/www.portalenoticias.com.br\/wp-content\/uploads\/2021\/03\/09334527-f0cf-45fa-b71a-8b3e8d9f24cc.jpg?fit=640%2C319&amp;ssl=1\"><figcaption id=\"caption-attachment-89040\" class=\"wp-caption-text\">Igreja de S&atilde;o Jos&eacute; em Alagoinha do Piau&iacute;<\/figcaption><\/figure>\n<p style=\"text-align: justify;\">Este ano (2021), para celebrar os 150 anos da declara&ccedil;&atilde;o do Esposo de Maria como Padroeiro da Igreja Cat&oacute;lica, o Papa Francisco convoca o &ldquo;Ano de S&atilde;o Jos&eacute;&rdquo; com a Carta apost&oacute;lica &ldquo;Patris corde &ndash; Com cora&ccedil;&atilde;o de Pai&rdquo;.<\/p>\n<p style=\"text-align: justify;\">O festejo acontecer&aacute; do dia 10 a 19 de mar&ccedil;o, as missas e novenas acontecer&aacute; no adro da Igreja, mantendo o distanciamento e todos os protocolos recomendados pelo &oacute;rg&atilde;os de sa&uacute;de.<\/p>\n<figure id=\"attachment_89041\" class=\"wp-caption alignnone\" style=\"text-align: justify;\" aria-describedby=\"caption-attachment-89041\"><img decoding=\"async\" class=\"wp-image-89041 size-full\" src=\"https:\/\/portalnpm.com\/wp-content\/uploads\/2024\/01\/b67dd51e-4537-434f-8be9-8c290668033d.jpg\" sizes=\"(max-width: 768px) 100vw, 768px\" srcset=\"https:\/\/i2.wp.com\/www.portalenoticias.com.br\/wp-content\/uploads\/2021\/03\/b67dd51e-4537-434f-8be9-8c290668033d.jpg?fit=225%2C300&amp;ssl=1 225w, https:\/\/i2.wp.com\/www.portalenoticias.com.br\/wp-content\/uploads\/2021\/03\/b67dd51e-4537-434f-8be9-8c290668033d.jpg?fit=768%2C1024&amp;ssl=1 768w\" alt=\"\" width=\"380\" height=\"507\" data-attachment-id=\"89041\" data-permalink=\"https:\/\/www.portalenoticias.com.br\/alagoinha-do-piaui-igreja-catolica-divulga-programacao-do-20o-festejo-de-sao-jose\/b67dd51e-4537-434f-8be9-8c290668033d\/\" data-orig-file=\"https:\/\/i2.wp.com\/www.portalenoticias.com.br\/wp-content\/uploads\/2021\/03\/b67dd51e-4537-434f-8be9-8c290668033d.jpg?fit=768%2C1024&amp;ssl=1\" data-orig-size=\"768,1024\" data-comments-opened=\"0\" data-image-meta='{\"aperture\":\"0\",\"credit\":\"\",\"camera\":\"\",\"caption\":\"\",\"created_timestamp\":\"0\",\"copyright\":\"\",\"focal_length\":\"0\",\"iso\":\"0\",\"shutter_speed\":\"0\",\"title\":\"\",\"orientation\":\"0\"}' data-image-title=\"b67dd51e-4537-434f-8be9-8c290668033d\" data-image-description=\"\" data-medium-file=\"https:\/\/i2.wp.com\/www.portalenoticias.com.br\/wp-content\/uploads\/2021\/03\/b67dd51e-4537-434f-8be9-8c290668033d.jpg?fit=225%2C300&amp;ssl=1\" data-large-file=\"https:\/\/i2.wp.com\/www.portalenoticias.com.br\/wp-content\/uploads\/2021\/03\/b67dd51e-4537-434f-8be9-8c290668033d.jpg?fit=768%2C1024&amp;ssl=1\"><figcaption id=\"caption-attachment-89041\" class=\"wp-caption-text\">O festejo acontecer&aacute; do dia 10 a 19 de mar&ccedil;o<\/figcaption><\/figure>\n<p style=\"text-align: justify;\"><strong>Veja a programa&ccedil;&atilde;o na &iacute;ntegra:<\/strong><\/p>\n<p style=\"text-align: justify;\"><img decoding=\"async\" class=\"alignnone size-full wp-image-89042\" src=\"https:\/\/portalnpm.com\/wp-content\/uploads\/2024\/01\/festejossaojoseee.jpg\" sizes=\"(max-width: 1094px) 100vw, 1094px\" srcset=\"https:\/\/i1.wp.com\/www.portalenoticias.com.br\/wp-content\/uploads\/2021\/03\/festejossaojoseee.jpg?fit=300%2C211&amp;ssl=1 300w, https:\/\/i1.wp.com\/www.portalenoticias.com.br\/wp-content\/uploads\/2021\/03\/festejossaojoseee.jpg?fit=768%2C541&amp;ssl=1 768w, https:\/\/i1.wp.com\/www.portalenoticias.com.br\/wp-content\/uploads\/2021\/03\/festejossaojoseee.jpg?fit=1024%2C721&amp;ssl=1 1024w, https:\/\/i1.wp.com\/www.portalenoticias.com.br\/wp-content\/uploads\/2021\/03\/festejossaojoseee.jpg?fit=1094%2C770&amp;ssl=1 1094w\" alt=\"\" width=\"380\" height=\"267\" data-attachment-id=\"89042\" data-permalink=\"https:\/\/www.portalenoticias.com.br\/alagoinha-do-piaui-igreja-catolica-divulga-programacao-do-20o-festejo-de-sao-jose\/festejossaojoseee\/\" data-orig-file=\"https:\/\/i1.wp.com\/www.portalenoticias.com.br\/wp-content\/uploads\/2021\/03\/festejossaojoseee.jpg?fit=1094%2C770&amp;ssl=1\" data-orig-size=\"1094,770\" data-comments-opened=\"0\" data-image-meta='{\"aperture\":\"0\",\"credit\":\"\",\"camera\":\"\",\"caption\":\"\",\"created_timestamp\":\"0\",\"copyright\":\"\",\"focal_length\":\"0\",\"iso\":\"0\",\"shutter_speed\":\"0\",\"title\":\"\",\"orientation\":\"0\"}' data-image-title=\"festejossaojoseee\" data-image-description=\"\" data-medium-file=\"https:\/\/i1.wp.com\/www.portalenoticias.com.br\/wp-content\/uploads\/2021\/03\/festejossaojoseee.jpg?fit=300%2C211&amp;ssl=1\" data-large-file=\"https:\/\/i1.wp.com\/www.portalenoticias.com.br\/wp-content\/uploads\/2021\/03\/festejossaojoseee.jpg?fit=1024%2C721&amp;ssl=1\"><\/p>\n<p style=\"text-align: justify;\"><img loading=\"lazy\" decoding=\"async\" class=\"alignnone size-full wp-image-89043\" src=\"https:\/\/portalnpm.com\/wp-content\/uploads\/2024\/01\/festejossaojoseee123.jpg\" sizes=\"(max-width: 1080px) 100vw, 1080px\" srcset=\"https:\/\/i1.wp.com\/www.portalenoticias.com.br\/wp-content\/uploads\/2021\/03\/festejossaojoseee123.jpg?fit=300%2C199&amp;ssl=1 300w, https:\/\/i1.wp.com\/www.portalenoticias.com.br\/wp-content\/uploads\/2021\/03\/festejossaojoseee123.jpg?fit=768%2C511&amp;ssl=1 768w, https:\/\/i1.wp.com\/www.portalenoticias.com.br\/wp-content\/uploads\/2021\/03\/festejossaojoseee123.jpg?fit=1024%2C681&amp;ssl=1 1024w, https:\/\/i1.wp.com\/www.portalenoticias.com.br\/wp-content\/uploads\/2021\/03\/festejossaojoseee123.jpg?fit=1080%2C718&amp;ssl=1 1080w\" alt=\"\" width=\"380\" height=\"252\" data-attachment-id=\"89043\" data-permalink=\"https:\/\/www.portalenoticias.com.br\/alagoinha-do-piaui-igreja-catolica-divulga-programacao-do-20o-festejo-de-sao-jose\/festejossaojoseee123\/\" data-orig-file=\"https:\/\/i1.wp.com\/www.portalenoticias.com.br\/wp-content\/uploads\/2021\/03\/festejossaojoseee123.jpg?fit=1080%2C718&amp;ssl=1\" data-orig-size=\"1080,718\" data-comments-opened=\"0\" data-image-meta='{\"aperture\":\"0\",\"credit\":\"\",\"camera\":\"\",\"caption\":\"\",\"created_timestamp\":\"0\",\"copyright\":\"\",\"focal_length\":\"0\",\"iso\":\"0\",\"shutter_speed\":\"0\",\"title\":\"\",\"orientation\":\"1\"}' data-image-title=\"festejossaojoseee123\" data-image-description=\"\" data-medium-file=\"https:\/\/i1.wp.com\/www.portalenoticias.com.br\/wp-content\/uploads\/2021\/03\/festejossaojoseee123.jpg?fit=300%2C199&amp;ssl=1\" data-large-file=\"https:\/\/i1.wp.com\/www.portalenoticias.com.br\/wp-content\/uploads\/2021\/03\/festejossaojoseee123.jpg?fit=1024%2C681&amp;ssl=1\"><\/p>\n<div class=\"heateorFfcClear\" style=\"text-align: justify;\">Fonte: Portal &Eacute; Not&iacute;cias<\/div><\/p>\n","protected":false},"excerpt":{"rendered":"<p>Chegou o m&ecirc;s de mar&ccedil;o, m&ecirc;s dedicado a S&atilde;o Jos&eacute;, m&ecirc;s que os agricultores aguarda a intensifica&ccedil;&atilde;o do inverno, pois S&atilde;o Jos&eacute; &eacute; considerado o patrono dos trabalhadores, e diz os mais antigos que chuva no dia de S&atilde;o Jos&eacute; &eacute; sinal de bom inverno, de boas colheitas. &Eacute; com j&uacute;bilo e alegria que a &hellip;<\/p>\n","protected":false},"author":2,"featured_media":62945,"comment_status":"open","ping_status":"open","sticky":false,"template":"","format":"standard","meta":{"content-type":"","rop_custom_images_group":[],"rop_custom_messages_group":[],"rop_publish_now":"initial","rop_publish_now_accounts":{"facebook_2648258775420054_1618374048415101":""},"rop_publish_now_history":[],"rop_publish_now_status":"pending","footnotes":"","_jetpack_memberships_contains_paid_content":false},"categories":[144,109],"tags":[10035,1119,10036,10037,2440],"yoast_head":"<!-- This site is optimized with the Yoast SEO plugin v22.3 - https:\/\/yoast.com\/wordpress\/plugins\/seo\/ -->\n<title>Alagoinha do Piau\u00ed | Igreja Cat\u00f3lica divulga programa\u00e7\u00e3o do 20\u00ba Festejo de S\u00e3o Jos\u00e9<\/title>\n<meta name=\"robots\" content=\"index, follow, max-snippet:-1, max-image-preview:large, max-video-preview:-1\" \/>\n<link rel=\"canonical\" href=\"https:\/\/portalnpm.com\/index.php\/2021\/03\/02\/alagoinha-do-piaui-igreja-catolica-divulga-programacao-do-20o-festejo-de-sao-jose\/\" \/>\n<meta property=\"og:locale\" content=\"pt_BR\" \/>\n<meta property=\"og:type\" content=\"article\" \/>\n<meta property=\"og:title\" content=\"Alagoinha do Piau\u00ed | Igreja Cat\u00f3lica divulga programa\u00e7\u00e3o do 20\u00ba Festejo de S\u00e3o Jos\u00e9\" \/>\n<meta property=\"og:description\" content=\"Chegou o m&ecirc;s de mar&ccedil;o, m&ecirc;s dedicado a S&atilde;o Jos&eacute;, m&ecirc;s que os agricultores aguarda a intensifica&ccedil;&atilde;o do inverno, pois S&atilde;o Jos&eacute; &eacute; considerado o patrono dos trabalhadores, e diz os mais antigos que chuva no dia de S&atilde;o Jos&eacute; &eacute; sinal de bom inverno, de boas colheitas. &Eacute; com j&uacute;bilo e alegria que a &hellip;\" \/>\n<meta property=\"og:url\" content=\"https:\/\/portalnpm.com\/index.php\/2021\/03\/02\/alagoinha-do-piaui-igreja-catolica-divulga-programacao-do-20o-festejo-de-sao-jose\/\" \/>\n<meta property=\"og:site_name\" content=\"Portal NPM\" \/>\n<meta property=\"article:published_time\" content=\"2021-03-02T21:53:19+00:00\" \/>\n<meta property=\"article:modified_time\" content=\"2024-01-16T01:54:25+00:00\" \/>\n<meta property=\"og:image\" content=\"https:\/\/portalnpm.com\/wp-content\/uploads\/2024\/01\/alasaojosecapa.jpg\" \/>\n\t<meta property=\"og:image:width\" content=\"634\" \/>\n\t<meta property=\"og:image:height\" content=\"480\" \/>\n\t<meta property=\"og:image:type\" content=\"image\/jpeg\" \/>\n<meta name=\"author\" content=\"Genival Barbosa\" \/>\n<meta name=\"twitter:card\" content=\"summary_large_image\" \/>\n<meta name=\"twitter:label1\" content=\"Escrito por\" \/>\n\t<meta name=\"twitter:data1\" content=\"Genival Barbosa\" \/>\n\t<meta name=\"twitter:label2\" content=\"Est. tempo de leitura\" \/>\n\t<meta name=\"twitter:data2\" content=\"1 minuto\" \/>\n<script type=\"application\/ld+json\" class=\"yoast-schema-graph\">{\"@context\":\"https:\/\/schema.org\",\"@graph\":[{\"@type\":\"WebPage\",\"@id\":\"https:\/\/portalnpm.com\/index.php\/2021\/03\/02\/alagoinha-do-piaui-igreja-catolica-divulga-programacao-do-20o-festejo-de-sao-jose\/\",\"url\":\"https:\/\/portalnpm.com\/index.php\/2021\/03\/02\/alagoinha-do-piaui-igreja-catolica-divulga-programacao-do-20o-festejo-de-sao-jose\/\",\"name\":\"Alagoinha do Piau\u00ed | Igreja Cat\u00f3lica divulga programa\u00e7\u00e3o do 20\u00ba Festejo de S\u00e3o Jos\u00e9\",\"isPartOf\":{\"@id\":\"https:\/\/portalnpm.com\/#website\"},\"primaryImageOfPage\":{\"@id\":\"https:\/\/portalnpm.com\/index.php\/2021\/03\/02\/alagoinha-do-piaui-igreja-catolica-divulga-programacao-do-20o-festejo-de-sao-jose\/#primaryimage\"},\"image\":{\"@id\":\"https:\/\/portalnpm.com\/index.php\/2021\/03\/02\/alagoinha-do-piaui-igreja-catolica-divulga-programacao-do-20o-festejo-de-sao-jose\/#primaryimage\"},\"thumbnailUrl\":\"https:\/\/portalnpm.com\/wp-content\/uploads\/2024\/01\/alasaojosecapa.jpg\",\"datePublished\":\"2021-03-02T21:53:19+00:00\",\"dateModified\":\"2024-01-16T01:54:25+00:00\",\"author\":{\"@id\":\"https:\/\/portalnpm.com\/#\/schema\/person\/49313e563cfdefcc167f1ee4c017c294\"},\"breadcrumb\":{\"@id\":\"https:\/\/portalnpm.com\/index.php\/2021\/03\/02\/alagoinha-do-piaui-igreja-catolica-divulga-programacao-do-20o-festejo-de-sao-jose\/#breadcrumb\"},\"inLanguage\":\"pt-BR\",\"potentialAction\":[{\"@type\":\"ReadAction\",\"target\":[\"https:\/\/portalnpm.com\/index.php\/2021\/03\/02\/alagoinha-do-piaui-igreja-catolica-divulga-programacao-do-20o-festejo-de-sao-jose\/\"]}]},{\"@type\":\"ImageObject\",\"inLanguage\":\"pt-BR\",\"@id\":\"https:\/\/portalnpm.com\/index.php\/2021\/03\/02\/alagoinha-do-piaui-igreja-catolica-divulga-programacao-do-20o-festejo-de-sao-jose\/#primaryimage\",\"url\":\"https:\/\/portalnpm.com\/wp-content\/uploads\/2024\/01\/alasaojosecapa.jpg\",\"contentUrl\":\"https:\/\/portalnpm.com\/wp-content\/uploads\/2024\/01\/alasaojosecapa.jpg\",\"width\":634,\"height\":480},{\"@type\":\"BreadcrumbList\",\"@id\":\"https:\/\/portalnpm.com\/index.php\/2021\/03\/02\/alagoinha-do-piaui-igreja-catolica-divulga-programacao-do-20o-festejo-de-sao-jose\/#breadcrumb\",\"itemListElement\":[{\"@type\":\"ListItem\",\"position\":1,\"name\":\"In\u00edcio\",\"item\":\"https:\/\/portalnpm.com\/\"},{\"@type\":\"ListItem\",\"position\":2,\"name\":\"Alagoinha do Piau\u00ed | Igreja Cat\u00f3lica divulga programa\u00e7\u00e3o do 20\u00ba Festejo de S\u00e3o Jos\u00e9\"}]},{\"@type\":\"WebSite\",\"@id\":\"https:\/\/portalnpm.com\/#website\",\"url\":\"https:\/\/portalnpm.com\/\",\"name\":\"Portal NPM\",\"description\":\"Not\u00edcias em Primeira M\u00e3o\",\"potentialAction\":[{\"@type\":\"SearchAction\",\"target\":{\"@type\":\"EntryPoint\",\"urlTemplate\":\"https:\/\/portalnpm.com\/?s={search_term_string}\"},\"query-input\":\"required name=search_term_string\"}],\"inLanguage\":\"pt-BR\"},{\"@type\":\"Person\",\"@id\":\"https:\/\/portalnpm.com\/#\/schema\/person\/49313e563cfdefcc167f1ee4c017c294\",\"name\":\"Genival Barbosa\",\"image\":{\"@type\":\"ImageObject\",\"inLanguage\":\"pt-BR\",\"@id\":\"https:\/\/portalnpm.com\/#\/schema\/person\/image\/\",\"url\":\"https:\/\/portalnpm.com\/wp-content\/uploads\/2024\/02\/avatar_user_2_1707743258-96x96.jpeg\",\"contentUrl\":\"https:\/\/portalnpm.com\/wp-content\/uploads\/2024\/02\/avatar_user_2_1707743258-96x96.jpeg\",\"caption\":\"Genival Barbosa\"},\"url\":\"https:\/\/portalnpm.com\/index.php\/author\/genival\/\"}]}<\/script>\n<!-- \/ Yoast SEO plugin. -->","yoast_head_json":{"title":"Alagoinha do Piau\u00ed | Igreja Cat\u00f3lica divulga programa\u00e7\u00e3o do 20\u00ba Festejo de S\u00e3o Jos\u00e9","robots":{"index":"index","follow":"follow","max-snippet":"max-snippet:-1","max-image-preview":"max-image-preview:large","max-video-preview":"max-video-preview:-1"},"canonical":"https:\/\/portalnpm.com\/index.php\/2021\/03\/02\/alagoinha-do-piaui-igreja-catolica-divulga-programacao-do-20o-festejo-de-sao-jose\/","og_locale":"pt_BR","og_type":"article","og_title":"Alagoinha do Piau\u00ed | Igreja Cat\u00f3lica divulga programa\u00e7\u00e3o do 20\u00ba Festejo de S\u00e3o Jos\u00e9","og_description":"Chegou o m&ecirc;s de mar&ccedil;o, m&ecirc;s dedicado a S&atilde;o Jos&eacute;, m&ecirc;s que os agricultores aguarda a intensifica&ccedil;&atilde;o do inverno, pois S&atilde;o Jos&eacute; &eacute; considerado o patrono dos trabalhadores, e diz os mais antigos que chuva no dia de S&atilde;o Jos&eacute; &eacute; sinal de bom inverno, de boas colheitas. &Eacute; com j&uacute;bilo e alegria que a &hellip;","og_url":"https:\/\/portalnpm.com\/index.php\/2021\/03\/02\/alagoinha-do-piaui-igreja-catolica-divulga-programacao-do-20o-festejo-de-sao-jose\/","og_site_name":"Portal NPM","article_published_time":"2021-03-02T21:53:19+00:00","article_modified_time":"2024-01-16T01:54:25+00:00","og_image":[{"width":634,"height":480,"url":"https:\/\/portalnpm.com\/wp-content\/uploads\/2024\/01\/alasaojosecapa.jpg","type":"image\/jpeg"}],"author":"Genival Barbosa","twitter_card":"summary_large_image","twitter_misc":{"Escrito por":"Genival Barbosa","Est. tempo de leitura":"1 minuto"},"schema":{"@context":"https:\/\/schema.org","@graph":[{"@type":"WebPage","@id":"https:\/\/portalnpm.com\/index.php\/2021\/03\/02\/alagoinha-do-piaui-igreja-catolica-divulga-programacao-do-20o-festejo-de-sao-jose\/","url":"https:\/\/portalnpm.com\/index.php\/2021\/03\/02\/alagoinha-do-piaui-igreja-catolica-divulga-programacao-do-20o-festejo-de-sao-jose\/","name":"Alagoinha do Piau\u00ed | Igreja Cat\u00f3lica divulga programa\u00e7\u00e3o do 20\u00ba Festejo de S\u00e3o Jos\u00e9","isPartOf":{"@id":"https:\/\/portalnpm.com\/#website"},"primaryImageOfPage":{"@id":"https:\/\/portalnpm.com\/index.php\/2021\/03\/02\/alagoinha-do-piaui-igreja-catolica-divulga-programacao-do-20o-festejo-de-sao-jose\/#primaryimage"},"image":{"@id":"https:\/\/portalnpm.com\/index.php\/2021\/03\/02\/alagoinha-do-piaui-igreja-catolica-divulga-programacao-do-20o-festejo-de-sao-jose\/#primaryimage"},"thumbnailUrl":"https:\/\/portalnpm.com\/wp-content\/uploads\/2024\/01\/alasaojosecapa.jpg","datePublished":"2021-03-02T21:53:19+00:00","dateModified":"2024-01-16T01:54:25+00:00","author":{"@id":"https:\/\/portalnpm.com\/#\/schema\/person\/49313e563cfdefcc167f1ee4c017c294"},"breadcrumb":{"@id":"https:\/\/portalnpm.com\/index.php\/2021\/03\/02\/alagoinha-do-piaui-igreja-catolica-divulga-programacao-do-20o-festejo-de-sao-jose\/#breadcrumb"},"inLanguage":"pt-BR","potentialAction":[{"@type":"ReadAction","target":["https:\/\/portalnpm.com\/index.php\/2021\/03\/02\/alagoinha-do-piaui-igreja-catolica-divulga-programacao-do-20o-festejo-de-sao-jose\/"]}]},{"@type":"ImageObject","inLanguage":"pt-BR","@id":"https:\/\/portalnpm.com\/index.php\/2021\/03\/02\/alagoinha-do-piaui-igreja-catolica-divulga-programacao-do-20o-festejo-de-sao-jose\/#primaryimage","url":"https:\/\/portalnpm.com\/wp-content\/uploads\/2024\/01\/alasaojosecapa.jpg","contentUrl":"https:\/\/portalnpm.com\/wp-content\/uploads\/2024\/01\/alasaojosecapa.jpg","width":634,"height":480},{"@type":"BreadcrumbList","@id":"https:\/\/portalnpm.com\/index.php\/2021\/03\/02\/alagoinha-do-piaui-igreja-catolica-divulga-programacao-do-20o-festejo-de-sao-jose\/#breadcrumb","itemListElement":[{"@type":"ListItem","position":1,"name":"In\u00edcio","item":"https:\/\/portalnpm.com\/"},{"@type":"ListItem","position":2,"name":"Alagoinha do Piau\u00ed | Igreja Cat\u00f3lica divulga programa\u00e7\u00e3o do 20\u00ba Festejo de S\u00e3o Jos\u00e9"}]},{"@type":"WebSite","@id":"https:\/\/portalnpm.com\/#website","url":"https:\/\/portalnpm.com\/","name":"Portal NPM","description":"Not\u00edcias em Primeira M\u00e3o","potentialAction":[{"@type":"SearchAction","target":{"@type":"EntryPoint","urlTemplate":"https:\/\/portalnpm.com\/?s={search_term_string}"},"query-input":"required name=search_term_string"}],"inLanguage":"pt-BR"},{"@type":"Person","@id":"https:\/\/portalnpm.com\/#\/schema\/person\/49313e563cfdefcc167f1ee4c017c294","name":"Genival Barbosa","image":{"@type":"ImageObject","inLanguage":"pt-BR","@id":"https:\/\/portalnpm.com\/#\/schema\/person\/image\/","url":"https:\/\/portalnpm.com\/wp-content\/uploads\/2024\/02\/avatar_user_2_1707743258-96x96.jpeg","contentUrl":"https:\/\/portalnpm.com\/wp-content\/uploads\/2024\/02\/avatar_user_2_1707743258-96x96.jpeg","caption":"Genival Barbosa"},"url":"https:\/\/portalnpm.com\/index.php\/author\/genival\/"}]}},"jetpack_sharing_enabled":true,"jetpack_featured_media_url":"https:\/\/portalnpm.com\/wp-content\/uploads\/2024\/01\/alasaojosecapa.jpg","_links":{"self":[{"href":"https:\/\/portalnpm.com\/index.php\/wp-json\/wp\/v2\/posts\/62944"}],"collection":[{"href":"https:\/\/portalnpm.com\/index.php\/wp-json\/wp\/v2\/posts"}],"about":[{"href":"https:\/\/portalnpm.com\/index.php\/wp-json\/wp\/v2\/types\/post"}],"author":[{"embeddable":true,"href":"https:\/\/portalnpm.com\/index.php\/wp-json\/wp\/v2\/users\/2"}],"replies":[{"embeddable":true,"href":"https:\/\/portalnpm.com\/index.php\/wp-json\/wp\/v2\/comments?post=62944"}],"version-history":[{"count":1,"href":"https:\/\/portalnpm.com\/index.php\/wp-json\/wp\/v2\/posts\/62944\/revisions"}],"predecessor-version":[{"id":62955,"href":"https:\/\/portalnpm.com\/index.php\/wp-json\/wp\/v2\/posts\/62944\/revisions\/62955"}],"wp:featuredmedia":[{"embeddable":true,"href":"https:\/\/portalnpm.com\/index.php\/wp-json\/wp\/v2\/media\/62945"}],"wp:attachment":[{"href":"https:\/\/portalnpm.com\/index.php\/wp-json\/wp\/v2\/media?parent=62944"}],"wp:term":[{"taxonomy":"category","embeddable":true,"href":"https:\/\/portalnpm.com\/index.php\/wp-json\/wp\/v2\/categories?post=62944"},{"taxonomy":"post_tag","embeddable":true,"href":"https:\/\/portalnpm.com\/index.php\/wp-json\/wp\/v2\/tags?post=62944"}],"curies":[{"name":"wp","href":"https:\/\/api.w.org\/{rel}","templated":true}]}}