{"id":62957,"date":"2021-03-03T18:54:24","date_gmt":"2021-03-03T21:54:24","guid":{"rendered":"https:\/\/portalnpm.com\/index.php\/2021\/03\/03\/pe-morre-veterinaria-internada-com-suspeita-de-sindrome-de-haff-apos-comer-peixe\/"},"modified":"2021-03-03T18:54:24","modified_gmt":"2021-03-03T21:54:24","slug":"pe-morre-veterinaria-internada-com-suspeita-de-sindrome-de-haff-apos-comer-peixe","status":"publish","type":"post","link":"https:\/\/portalnpm.com\/index.php\/2021\/03\/03\/pe-morre-veterinaria-internada-com-suspeita-de-sindrome-de-haff-apos-comer-peixe\/","title":{"rendered":"PE: Morre veterin\u00e1ria internada com suspeita de s\u00edndrome de Haff ap\u00f3s comer peixe"},"content":{"rendered":"<section class=\"flexhero flexheronormal\" data-id=\"35\" data-m=\"{\"i\":35,\"p\":34,\"n\":\"hero\",\"y\":6,\"o\":1}\">A veterin\u00e1ria Pryscila Andrade, de 31 anos, morreu nesta ter\u00e7a-feira (2). <a href=\"https:\/\/istoe.com.br\/doenca-da-urina-preta-irmas-sao-internadas-apos-comer-peixe-diz-familia\/\" target=\"_blank\" rel=\"noopener noreferrer\" data-id=\"38\">Ela estava internada em um hospital particular de Recife (PE)\u00a0<\/a>desde o \u00faltimo dia 16 quando passou mal ap\u00f3s comer peixe da esp\u00e9cie arabaiana. A suspeita \u00e9 de que ela e a irm\u00e3, Fl\u00e1via Andrade, de 36 anos, tenham contra\u00eddo S\u00edndrome de Haff, conhecida como \u201cdoen\u00e7a da urina preta\u201d. Fl\u00e1via j\u00e1 havia recebido alta no \u00faltimo dia 24.<\/section>\n<section class=\"flexarticle\" data-id=\"36\" data-m=\"{\"i\":36,\"p\":34,\"n\":\"flexarticle\",\"y\":6,\"o\":2}\">\n<section class=\"articlebody  flexarticlebody \" data-id=\"37\" data-m=\"{\"i\":37,\"p\":36,\"n\":\"articlebody\",\"y\":6,\"o\":1}\">\n<p style=\"text-align: justify;\">\n<p style=\"text-align: justify;\">A doen\u00e7a de Haff tem como principal caracter\u00edstica dores musculares intensas que surgem pouco tempo ap\u00f3s a ingest\u00e3o de peixe. Ela tamb\u00e9m escurece a cor da urina e, sem um atendimento m\u00e9dico imediato, pode levar o paciente \u00e0 insufici\u00eancia renal.<\/p>\n<p style=\"text-align: justify;\">De acordo com a m\u00e3e das pacientes, a empres\u00e1ria Bet\u00e2nia Andrade, as filhas foram internadas horas ap\u00f3s almo\u00e7o. Al\u00e9m das duas irm\u00e3s, o filho de Fl\u00e1via, de 4 anos, tamb\u00e9m comeu do peixe, mas em uma quantidade menor.<\/p>\n<p style=\"text-align: justify;\">Ap\u00f3s receber alta do hospital, Fl\u00e1via compartilhou nas redes sociais um v\u00eddeo explicando o que havia acontecido com ela e a irm\u00e3. Tamb\u00e9m nas redes sociais, amigos e familiares lamentaram a morte de Pryscila.<\/p>\n<div id=\"outbrain_widget_0\" class=\"OUTBRAIN\" style=\"text-align: justify;\" data-external-id=\"23f9ac26d111474ea1dd4f285eb288d3\" data-src=\"DROP_PERMALINK_HERE\" data-widget-id=\"MB_1\" data-ob-mark=\"true\" data-browser=\"chrome\" data-os=\"linux aarch64\" data-dynload=\"\" data-idx=\"0\">\n<div class=\"ob-widget ob-grid-layout ob-text-on-image MB_1 ob-cmn-MB_1\" data-dynamic-truncate=\"true\">\n<div class=\"ob-widget-footer\">\n<div class=\"ob-pixels\"><\/div>\n<\/div>\n<\/div>\n<\/div>\n<div class=\"embedpress-wrapper ose-instagram ose-uid-924bc5e6065d8e8cab83e2db200b7563 responsive\" style=\"text-align: justify;\">\n<div><iframe id=\"instagram-embed-0\" class=\"instagram-media ig-em-bq instagram-media-rendered\" src=\"https:\/\/www.instagram.com\/tv\/CLuRII7jCAQ\/embed\/captioned\/?cr=1&#038;v=13&#038;wp=647&#038;rd=https%3A%2F%2Fwww.msn.com&#038;rp=%2Fpt-br%2Fnoticias%2Fbrasil%2Fpe-morre-veterin%25c3%25a1ria-internada-com-suspeita-de-s%25c3%25adndrome-de-haff-ap%25c3%25b3s-comer-peixe%2Far-BB1ea0g3%3Fli%3DAAggXC1#%7B%22ci%22%3A0%2C%22os%22%3A6596.799999999348%2C%22ls%22%3A5952.399999951012%2C%22le%22%3A6031.299999973271%7D\" height=\"670\" frameborder=\"0\" scrolling=\"no\" allowfullscreen=\"allowfullscreen\" data-instgrm-payload-id=\"instagram-media-payload-0\" data-mce-fragment=\"1\"><\/iframe><\/div>\n<\/div>\n<h4 style=\"text-align: justify;\">Investiga\u00e7\u00e3o<\/h4>\n<p style=\"text-align: justify;\">Em nota, a Secretaria Estadual de Sa\u00fade (SES) informou que no \u00faltimo dia 22 \u201cfoi notificada, pelo Centro de Informa\u00e7\u00f5es Estrat\u00e9gicas em Vigil\u00e2ncia em Sa\u00fade (Cievs) do Recife, de cinco casos de mialgia aguda, suspeitos para doen\u00e7a de Haff\u201d.<\/p>\n<p style=\"text-align: justify;\">\u201cAp\u00f3s a notifica\u00e7\u00e3o, a SES orientou sobre a investiga\u00e7\u00e3o epidemiol\u00f3gica de todos aqueles que consumiram o alimento, assim como a coleta do referido insumo para encaminhamento ao Laborat\u00f3rio Central de Sa\u00fade P\u00fablica de Pernambuco (Lacen-PE) para que sejam providenciadas as an\u00e1lises laboratoriais. A doen\u00e7a de Haff \u00e9 caracterizada pela presen\u00e7a de toxina biol\u00f3gica presente em pescados\u201d, diz a nota.<\/p>\n<p style=\"text-align: justify;\">Fonte: ISTO \u00c9<\/p>\n<\/section>\n<\/section>\n","protected":false},"excerpt":{"rendered":"<p>A veterin\u00e1ria Pryscila Andrade, de 31 anos, morreu nesta ter\u00e7a-feira (2). Ela estava internada em um hospital particular de Recife (PE)\u00a0desde o \u00faltimo dia 16 quando passou mal ap\u00f3s comer peixe da esp\u00e9cie arabaiana. A suspeita \u00e9 de que ela e a irm\u00e3, Fl\u00e1via Andrade, de 36 anos, tenham contra\u00eddo S\u00edndrome de Haff, conhecida como &hellip;<\/p>\n","protected":false},"author":2,"featured_media":62958,"comment_status":"open","ping_status":"open","sticky":false,"template":"","format":"standard","meta":{"content-type":"","rop_custom_images_group":[],"rop_custom_messages_group":[],"rop_publish_now":"initial","rop_publish_now_accounts":{"facebook_2648258775420054_1618374048415101":""},"rop_publish_now_history":[],"rop_publish_now_status":"pending","footnotes":"","_jetpack_memberships_contains_paid_content":false},"categories":[125],"tags":[10048,10049,132,10050,10051],"yoast_head":"<!-- This site is optimized with the Yoast SEO plugin v22.3 - https:\/\/yoast.com\/wordpress\/plugins\/seo\/ -->\n<title>PE: Morre veterin\u00e1ria internada com suspeita de s\u00edndrome de Haff ap\u00f3s comer peixe<\/title>\n<meta name=\"robots\" content=\"index, follow, max-snippet:-1, max-image-preview:large, max-video-preview:-1\" \/>\n<link rel=\"canonical\" href=\"https:\/\/portalnpm.com\/index.php\/2021\/03\/03\/pe-morre-veterinaria-internada-com-suspeita-de-sindrome-de-haff-apos-comer-peixe\/\" \/>\n<meta property=\"og:locale\" content=\"pt_BR\" \/>\n<meta property=\"og:type\" content=\"article\" \/>\n<meta property=\"og:title\" content=\"PE: Morre veterin\u00e1ria internada com suspeita de s\u00edndrome de Haff ap\u00f3s comer peixe\" \/>\n<meta property=\"og:description\" content=\"A veterin\u00e1ria Pryscila Andrade, de 31 anos, morreu nesta ter\u00e7a-feira (2). Ela estava internada em um hospital particular de Recife (PE)\u00a0desde o \u00faltimo dia 16 quando passou mal ap\u00f3s comer peixe da esp\u00e9cie arabaiana. A suspeita \u00e9 de que ela e a irm\u00e3, Fl\u00e1via Andrade, de 36 anos, tenham contra\u00eddo S\u00edndrome de Haff, conhecida como &hellip;\" \/>\n<meta property=\"og:url\" content=\"https:\/\/portalnpm.com\/index.php\/2021\/03\/03\/pe-morre-veterinaria-internada-com-suspeita-de-sindrome-de-haff-apos-comer-peixe\/\" \/>\n<meta property=\"og:site_name\" content=\"Portal NPM\" \/>\n<meta property=\"article:published_time\" content=\"2021-03-03T21:54:24+00:00\" \/>\n<meta property=\"og:image\" content=\"https:\/\/portalnpm.com\/wp-content\/uploads\/2024\/01\/BB1e9XPA.jpeg\" \/>\n\t<meta property=\"og:image:width\" content=\"600\" \/>\n\t<meta property=\"og:image:height\" content=\"331\" \/>\n\t<meta property=\"og:image:type\" content=\"image\/jpeg\" \/>\n<meta name=\"author\" content=\"Genival Barbosa\" \/>\n<meta name=\"twitter:card\" content=\"summary_large_image\" \/>\n<meta name=\"twitter:label1\" content=\"Escrito por\" \/>\n\t<meta name=\"twitter:data1\" content=\"Genival Barbosa\" \/>\n\t<meta name=\"twitter:label2\" content=\"Est. tempo de leitura\" \/>\n\t<meta name=\"twitter:data2\" content=\"2 minutos\" \/>\n<script type=\"application\/ld+json\" class=\"yoast-schema-graph\">{\"@context\":\"https:\/\/schema.org\",\"@graph\":[{\"@type\":\"WebPage\",\"@id\":\"https:\/\/portalnpm.com\/index.php\/2021\/03\/03\/pe-morre-veterinaria-internada-com-suspeita-de-sindrome-de-haff-apos-comer-peixe\/\",\"url\":\"https:\/\/portalnpm.com\/index.php\/2021\/03\/03\/pe-morre-veterinaria-internada-com-suspeita-de-sindrome-de-haff-apos-comer-peixe\/\",\"name\":\"PE: Morre veterin\u00e1ria internada com suspeita de s\u00edndrome de Haff ap\u00f3s comer peixe\",\"isPartOf\":{\"@id\":\"https:\/\/portalnpm.com\/#website\"},\"primaryImageOfPage\":{\"@id\":\"https:\/\/portalnpm.com\/index.php\/2021\/03\/03\/pe-morre-veterinaria-internada-com-suspeita-de-sindrome-de-haff-apos-comer-peixe\/#primaryimage\"},\"image\":{\"@id\":\"https:\/\/portalnpm.com\/index.php\/2021\/03\/03\/pe-morre-veterinaria-internada-com-suspeita-de-sindrome-de-haff-apos-comer-peixe\/#primaryimage\"},\"thumbnailUrl\":\"https:\/\/portalnpm.com\/wp-content\/uploads\/2024\/01\/BB1e9XPA.jpeg\",\"datePublished\":\"2021-03-03T21:54:24+00:00\",\"dateModified\":\"2021-03-03T21:54:24+00:00\",\"author\":{\"@id\":\"https:\/\/portalnpm.com\/#\/schema\/person\/49313e563cfdefcc167f1ee4c017c294\"},\"breadcrumb\":{\"@id\":\"https:\/\/portalnpm.com\/index.php\/2021\/03\/03\/pe-morre-veterinaria-internada-com-suspeita-de-sindrome-de-haff-apos-comer-peixe\/#breadcrumb\"},\"inLanguage\":\"pt-BR\",\"potentialAction\":[{\"@type\":\"ReadAction\",\"target\":[\"https:\/\/portalnpm.com\/index.php\/2021\/03\/03\/pe-morre-veterinaria-internada-com-suspeita-de-sindrome-de-haff-apos-comer-peixe\/\"]}]},{\"@type\":\"ImageObject\",\"inLanguage\":\"pt-BR\",\"@id\":\"https:\/\/portalnpm.com\/index.php\/2021\/03\/03\/pe-morre-veterinaria-internada-com-suspeita-de-sindrome-de-haff-apos-comer-peixe\/#primaryimage\",\"url\":\"https:\/\/portalnpm.com\/wp-content\/uploads\/2024\/01\/BB1e9XPA.jpeg\",\"contentUrl\":\"https:\/\/portalnpm.com\/wp-content\/uploads\/2024\/01\/BB1e9XPA.jpeg\",\"width\":600,\"height\":331},{\"@type\":\"BreadcrumbList\",\"@id\":\"https:\/\/portalnpm.com\/index.php\/2021\/03\/03\/pe-morre-veterinaria-internada-com-suspeita-de-sindrome-de-haff-apos-comer-peixe\/#breadcrumb\",\"itemListElement\":[{\"@type\":\"ListItem\",\"position\":1,\"name\":\"In\u00edcio\",\"item\":\"https:\/\/portalnpm.com\/\"},{\"@type\":\"ListItem\",\"position\":2,\"name\":\"PE: Morre veterin\u00e1ria internada com suspeita de s\u00edndrome de Haff ap\u00f3s comer peixe\"}]},{\"@type\":\"WebSite\",\"@id\":\"https:\/\/portalnpm.com\/#website\",\"url\":\"https:\/\/portalnpm.com\/\",\"name\":\"Portal NPM\",\"description\":\"Not\u00edcias em Primeira M\u00e3o\",\"potentialAction\":[{\"@type\":\"SearchAction\",\"target\":{\"@type\":\"EntryPoint\",\"urlTemplate\":\"https:\/\/portalnpm.com\/?s={search_term_string}\"},\"query-input\":\"required name=search_term_string\"}],\"inLanguage\":\"pt-BR\"},{\"@type\":\"Person\",\"@id\":\"https:\/\/portalnpm.com\/#\/schema\/person\/49313e563cfdefcc167f1ee4c017c294\",\"name\":\"Genival Barbosa\",\"image\":{\"@type\":\"ImageObject\",\"inLanguage\":\"pt-BR\",\"@id\":\"https:\/\/portalnpm.com\/#\/schema\/person\/image\/\",\"url\":\"https:\/\/portalnpm.com\/wp-content\/uploads\/2024\/02\/avatar_user_2_1707743258-96x96.jpeg\",\"contentUrl\":\"https:\/\/portalnpm.com\/wp-content\/uploads\/2024\/02\/avatar_user_2_1707743258-96x96.jpeg\",\"caption\":\"Genival Barbosa\"},\"url\":\"https:\/\/portalnpm.com\/index.php\/author\/genival\/\"}]}<\/script>\n<!-- \/ Yoast SEO plugin. -->","yoast_head_json":{"title":"PE: Morre veterin\u00e1ria internada com suspeita de s\u00edndrome de Haff ap\u00f3s comer peixe","robots":{"index":"index","follow":"follow","max-snippet":"max-snippet:-1","max-image-preview":"max-image-preview:large","max-video-preview":"max-video-preview:-1"},"canonical":"https:\/\/portalnpm.com\/index.php\/2021\/03\/03\/pe-morre-veterinaria-internada-com-suspeita-de-sindrome-de-haff-apos-comer-peixe\/","og_locale":"pt_BR","og_type":"article","og_title":"PE: Morre veterin\u00e1ria internada com suspeita de s\u00edndrome de Haff ap\u00f3s comer peixe","og_description":"A veterin\u00e1ria Pryscila Andrade, de 31 anos, morreu nesta ter\u00e7a-feira (2). Ela estava internada em um hospital particular de Recife (PE)\u00a0desde o \u00faltimo dia 16 quando passou mal ap\u00f3s comer peixe da esp\u00e9cie arabaiana. A suspeita \u00e9 de que ela e a irm\u00e3, Fl\u00e1via Andrade, de 36 anos, tenham contra\u00eddo S\u00edndrome de Haff, conhecida como &hellip;","og_url":"https:\/\/portalnpm.com\/index.php\/2021\/03\/03\/pe-morre-veterinaria-internada-com-suspeita-de-sindrome-de-haff-apos-comer-peixe\/","og_site_name":"Portal NPM","article_published_time":"2021-03-03T21:54:24+00:00","og_image":[{"width":600,"height":331,"url":"https:\/\/portalnpm.com\/wp-content\/uploads\/2024\/01\/BB1e9XPA.jpeg","type":"image\/jpeg"}],"author":"Genival Barbosa","twitter_card":"summary_large_image","twitter_misc":{"Escrito por":"Genival Barbosa","Est. tempo de leitura":"2 minutos"},"schema":{"@context":"https:\/\/schema.org","@graph":[{"@type":"WebPage","@id":"https:\/\/portalnpm.com\/index.php\/2021\/03\/03\/pe-morre-veterinaria-internada-com-suspeita-de-sindrome-de-haff-apos-comer-peixe\/","url":"https:\/\/portalnpm.com\/index.php\/2021\/03\/03\/pe-morre-veterinaria-internada-com-suspeita-de-sindrome-de-haff-apos-comer-peixe\/","name":"PE: Morre veterin\u00e1ria internada com suspeita de s\u00edndrome de Haff ap\u00f3s comer peixe","isPartOf":{"@id":"https:\/\/portalnpm.com\/#website"},"primaryImageOfPage":{"@id":"https:\/\/portalnpm.com\/index.php\/2021\/03\/03\/pe-morre-veterinaria-internada-com-suspeita-de-sindrome-de-haff-apos-comer-peixe\/#primaryimage"},"image":{"@id":"https:\/\/portalnpm.com\/index.php\/2021\/03\/03\/pe-morre-veterinaria-internada-com-suspeita-de-sindrome-de-haff-apos-comer-peixe\/#primaryimage"},"thumbnailUrl":"https:\/\/portalnpm.com\/wp-content\/uploads\/2024\/01\/BB1e9XPA.jpeg","datePublished":"2021-03-03T21:54:24+00:00","dateModified":"2021-03-03T21:54:24+00:00","author":{"@id":"https:\/\/portalnpm.com\/#\/schema\/person\/49313e563cfdefcc167f1ee4c017c294"},"breadcrumb":{"@id":"https:\/\/portalnpm.com\/index.php\/2021\/03\/03\/pe-morre-veterinaria-internada-com-suspeita-de-sindrome-de-haff-apos-comer-peixe\/#breadcrumb"},"inLanguage":"pt-BR","potentialAction":[{"@type":"ReadAction","target":["https:\/\/portalnpm.com\/index.php\/2021\/03\/03\/pe-morre-veterinaria-internada-com-suspeita-de-sindrome-de-haff-apos-comer-peixe\/"]}]},{"@type":"ImageObject","inLanguage":"pt-BR","@id":"https:\/\/portalnpm.com\/index.php\/2021\/03\/03\/pe-morre-veterinaria-internada-com-suspeita-de-sindrome-de-haff-apos-comer-peixe\/#primaryimage","url":"https:\/\/portalnpm.com\/wp-content\/uploads\/2024\/01\/BB1e9XPA.jpeg","contentUrl":"https:\/\/portalnpm.com\/wp-content\/uploads\/2024\/01\/BB1e9XPA.jpeg","width":600,"height":331},{"@type":"BreadcrumbList","@id":"https:\/\/portalnpm.com\/index.php\/2021\/03\/03\/pe-morre-veterinaria-internada-com-suspeita-de-sindrome-de-haff-apos-comer-peixe\/#breadcrumb","itemListElement":[{"@type":"ListItem","position":1,"name":"In\u00edcio","item":"https:\/\/portalnpm.com\/"},{"@type":"ListItem","position":2,"name":"PE: Morre veterin\u00e1ria internada com suspeita de s\u00edndrome de Haff ap\u00f3s comer peixe"}]},{"@type":"WebSite","@id":"https:\/\/portalnpm.com\/#website","url":"https:\/\/portalnpm.com\/","name":"Portal NPM","description":"Not\u00edcias em Primeira M\u00e3o","potentialAction":[{"@type":"SearchAction","target":{"@type":"EntryPoint","urlTemplate":"https:\/\/portalnpm.com\/?s={search_term_string}"},"query-input":"required name=search_term_string"}],"inLanguage":"pt-BR"},{"@type":"Person","@id":"https:\/\/portalnpm.com\/#\/schema\/person\/49313e563cfdefcc167f1ee4c017c294","name":"Genival Barbosa","image":{"@type":"ImageObject","inLanguage":"pt-BR","@id":"https:\/\/portalnpm.com\/#\/schema\/person\/image\/","url":"https:\/\/portalnpm.com\/wp-content\/uploads\/2024\/02\/avatar_user_2_1707743258-96x96.jpeg","contentUrl":"https:\/\/portalnpm.com\/wp-content\/uploads\/2024\/02\/avatar_user_2_1707743258-96x96.jpeg","caption":"Genival Barbosa"},"url":"https:\/\/portalnpm.com\/index.php\/author\/genival\/"}]}},"jetpack_sharing_enabled":true,"jetpack_featured_media_url":"https:\/\/portalnpm.com\/wp-content\/uploads\/2024\/01\/BB1e9XPA.jpeg","_links":{"self":[{"href":"https:\/\/portalnpm.com\/index.php\/wp-json\/wp\/v2\/posts\/62957"}],"collection":[{"href":"https:\/\/portalnpm.com\/index.php\/wp-json\/wp\/v2\/posts"}],"about":[{"href":"https:\/\/portalnpm.com\/index.php\/wp-json\/wp\/v2\/types\/post"}],"author":[{"embeddable":true,"href":"https:\/\/portalnpm.com\/index.php\/wp-json\/wp\/v2\/users\/2"}],"replies":[{"embeddable":true,"href":"https:\/\/portalnpm.com\/index.php\/wp-json\/wp\/v2\/comments?post=62957"}],"version-history":[{"count":0,"href":"https:\/\/portalnpm.com\/index.php\/wp-json\/wp\/v2\/posts\/62957\/revisions"}],"wp:featuredmedia":[{"embeddable":true,"href":"https:\/\/portalnpm.com\/index.php\/wp-json\/wp\/v2\/media\/62958"}],"wp:attachment":[{"href":"https:\/\/portalnpm.com\/index.php\/wp-json\/wp\/v2\/media?parent=62957"}],"wp:term":[{"taxonomy":"category","embeddable":true,"href":"https:\/\/portalnpm.com\/index.php\/wp-json\/wp\/v2\/categories?post=62957"},{"taxonomy":"post_tag","embeddable":true,"href":"https:\/\/portalnpm.com\/index.php\/wp-json\/wp\/v2\/tags?post=62957"}],"curies":[{"name":"wp","href":"https:\/\/api.w.org\/{rel}","templated":true}]}}