{"id":62968,"date":"2021-03-04T19:01:23","date_gmt":"2021-03-04T22:01:23","guid":{"rendered":"https:\/\/portalnpm.com\/index.php\/2021\/03\/04\/onibus-com-varios-passageiros-colide-na-traseira-de-carreta-na-regiao-sul-do-piaui\/"},"modified":"2024-01-15T22:54:45","modified_gmt":"2024-01-16T01:54:45","slug":"onibus-com-varios-passageiros-colide-na-traseira-de-carreta-na-regiao-sul-do-piaui","status":"publish","type":"post","link":"https:\/\/portalnpm.com\/index.php\/2021\/03\/04\/onibus-com-varios-passageiros-colide-na-traseira-de-carreta-na-regiao-sul-do-piaui\/","title":{"rendered":"\u00d4nibus com v\u00e1rios passageiros colide na traseira de carreta na regi\u00e3o Sul do Piau\u00ed"},"content":{"rendered":"<p><p style=\"text-align: justify;\">As p&eacute;ssimas condi&ccedil;&otilde;es do trecho da BR-135 entre as cidades de Gilbu&eacute;s e Monte Alegre, no Sul do Piau&iacute;, causaram um acidente na tarde de&nbsp;quarta-feira (03\/03) que deixou um &ocirc;nibus de passeio danificado e v&aacute;rios passageiros assustados.<\/p>\n<div class=\"media js-img\" style=\"text-align: justify;\" contenteditable=\"false\">\n<figure><a class=\"imageRevael no-barba\" href=\"https:\/\/storage.stwonline.com.br\/180graus\/uploads\/ckeditor\/pictures\/2427923\/nibus-acidente-aa.png\" data-modaal-desc=\"\" data-modaal-scope=\"modaal_161485684294104f538006c7f\"><img decoding=\"async\" src=\"https:\/\/portalnpm.com\/wp-content\/uploads\/2024\/01\/nibus-acidente-aa.png\" alt=\"\"><\/a><\/figure>\n<\/div>\n<p style=\"text-align: justify;\">Uma caminhonete S10 que estava &agrave; frente de uma carreta e do &ocirc;nibus precisou frear bruscamente para desviar de um buraco, em um trecho que tamb&eacute;m possui muitas ondula&ccedil;&otilde;es.<\/p>\n<p style=\"text-align: justify;\">Os demais ve&iacute;culos tamb&eacute;m frearam para tentar evitar a colis&atilde;o, no entanto, o motorista do &ocirc;nibus, que vinha mais atr&aacute;s, n&atilde;o conseguiu frear a tempo e colidiu na traseira da carreta, danificando a frente do ve&iacute;culo. Ningu&eacute;m ficou ferido no acidente.<\/p>\n<p style=\"text-align: justify;\">O trecho da BR-135 no Sul do Piau&iacute; est&aacute; sendo alargado, mas enquanto as obras n&atilde;o fecham o trecho, faz-se necess&aacute;rio a realiza&ccedil;&atilde;o de reparos, tendo em vista a consider&aacute;vel quantidade de acidentes no local.<\/p>\n<hr>\n<p style=\"text-align: justify;\">Fonte: Portal B1<\/p><\/p>\n","protected":false},"excerpt":{"rendered":"<p>As p&eacute;ssimas condi&ccedil;&otilde;es do trecho da BR-135 entre as cidades de Gilbu&eacute;s e Monte Alegre, no Sul do Piau&iacute;, causaram um acidente na tarde de&nbsp;quarta-feira (03\/03) que deixou um &ocirc;nibus de passeio danificado e v&aacute;rios passageiros assustados. Uma caminhonete S10 que estava &agrave; frente de uma carreta e do &ocirc;nibus precisou frear bruscamente para desviar &hellip;<\/p>\n","protected":false},"author":2,"featured_media":62969,"comment_status":"open","ping_status":"open","sticky":false,"template":"","format":"standard","meta":{"content-type":"","rop_custom_images_group":[],"rop_custom_messages_group":[],"rop_publish_now":"initial","rop_publish_now_accounts":{"facebook_2648258775420054_1618374048415101":""},"rop_publish_now_history":[],"rop_publish_now_status":"pending","footnotes":"","_jetpack_memberships_contains_paid_content":false},"categories":[113],"tags":[10067,806,10068,10069],"yoast_head":"<!-- This site is optimized with the Yoast SEO plugin v22.3 - https:\/\/yoast.com\/wordpress\/plugins\/seo\/ -->\n<title>\u00d4nibus com v\u00e1rios passageiros colide na traseira de carreta na regi\u00e3o Sul do Piau\u00ed<\/title>\n<meta name=\"robots\" content=\"index, follow, max-snippet:-1, max-image-preview:large, max-video-preview:-1\" \/>\n<link rel=\"canonical\" href=\"https:\/\/portalnpm.com\/index.php\/2021\/03\/04\/onibus-com-varios-passageiros-colide-na-traseira-de-carreta-na-regiao-sul-do-piaui\/\" \/>\n<meta property=\"og:locale\" content=\"pt_BR\" \/>\n<meta property=\"og:type\" content=\"article\" \/>\n<meta property=\"og:title\" content=\"\u00d4nibus com v\u00e1rios passageiros colide na traseira de carreta na regi\u00e3o Sul do Piau\u00ed\" \/>\n<meta property=\"og:description\" content=\"As p&eacute;ssimas condi&ccedil;&otilde;es do trecho da BR-135 entre as cidades de Gilbu&eacute;s e Monte Alegre, no Sul do Piau&iacute;, causaram um acidente na tarde de&nbsp;quarta-feira (03\/03) que deixou um &ocirc;nibus de passeio danificado e v&aacute;rios passageiros assustados. Uma caminhonete S10 que estava &agrave; frente de uma carreta e do &ocirc;nibus precisou frear bruscamente para desviar &hellip;\" \/>\n<meta property=\"og:url\" content=\"https:\/\/portalnpm.com\/index.php\/2021\/03\/04\/onibus-com-varios-passageiros-colide-na-traseira-de-carreta-na-regiao-sul-do-piaui\/\" \/>\n<meta property=\"og:site_name\" content=\"Portal NPM\" \/>\n<meta property=\"article:published_time\" content=\"2021-03-04T22:01:23+00:00\" \/>\n<meta property=\"article:modified_time\" content=\"2024-01-16T01:54:45+00:00\" \/>\n<meta property=\"og:image\" content=\"https:\/\/portalnpm.com\/wp-content\/uploads\/2024\/01\/nibus-acidente-aa.png\" \/>\n\t<meta property=\"og:image:width\" content=\"844\" \/>\n\t<meta property=\"og:image:height\" content=\"840\" \/>\n\t<meta property=\"og:image:type\" content=\"image\/png\" \/>\n<meta name=\"author\" content=\"Genival Barbosa\" \/>\n<meta name=\"twitter:card\" content=\"summary_large_image\" \/>\n<meta name=\"twitter:label1\" content=\"Escrito por\" \/>\n\t<meta name=\"twitter:data1\" content=\"Genival Barbosa\" \/>\n\t<meta name=\"twitter:label2\" content=\"Est. tempo de leitura\" \/>\n\t<meta name=\"twitter:data2\" content=\"1 minuto\" \/>\n<script type=\"application\/ld+json\" class=\"yoast-schema-graph\">{\"@context\":\"https:\/\/schema.org\",\"@graph\":[{\"@type\":\"WebPage\",\"@id\":\"https:\/\/portalnpm.com\/index.php\/2021\/03\/04\/onibus-com-varios-passageiros-colide-na-traseira-de-carreta-na-regiao-sul-do-piaui\/\",\"url\":\"https:\/\/portalnpm.com\/index.php\/2021\/03\/04\/onibus-com-varios-passageiros-colide-na-traseira-de-carreta-na-regiao-sul-do-piaui\/\",\"name\":\"\u00d4nibus com v\u00e1rios passageiros colide na traseira de carreta na regi\u00e3o Sul do Piau\u00ed\",\"isPartOf\":{\"@id\":\"https:\/\/portalnpm.com\/#website\"},\"primaryImageOfPage\":{\"@id\":\"https:\/\/portalnpm.com\/index.php\/2021\/03\/04\/onibus-com-varios-passageiros-colide-na-traseira-de-carreta-na-regiao-sul-do-piaui\/#primaryimage\"},\"image\":{\"@id\":\"https:\/\/portalnpm.com\/index.php\/2021\/03\/04\/onibus-com-varios-passageiros-colide-na-traseira-de-carreta-na-regiao-sul-do-piaui\/#primaryimage\"},\"thumbnailUrl\":\"https:\/\/portalnpm.com\/wp-content\/uploads\/2024\/01\/nibus-acidente-aa.png\",\"datePublished\":\"2021-03-04T22:01:23+00:00\",\"dateModified\":\"2024-01-16T01:54:45+00:00\",\"author\":{\"@id\":\"https:\/\/portalnpm.com\/#\/schema\/person\/49313e563cfdefcc167f1ee4c017c294\"},\"breadcrumb\":{\"@id\":\"https:\/\/portalnpm.com\/index.php\/2021\/03\/04\/onibus-com-varios-passageiros-colide-na-traseira-de-carreta-na-regiao-sul-do-piaui\/#breadcrumb\"},\"inLanguage\":\"pt-BR\",\"potentialAction\":[{\"@type\":\"ReadAction\",\"target\":[\"https:\/\/portalnpm.com\/index.php\/2021\/03\/04\/onibus-com-varios-passageiros-colide-na-traseira-de-carreta-na-regiao-sul-do-piaui\/\"]}]},{\"@type\":\"ImageObject\",\"inLanguage\":\"pt-BR\",\"@id\":\"https:\/\/portalnpm.com\/index.php\/2021\/03\/04\/onibus-com-varios-passageiros-colide-na-traseira-de-carreta-na-regiao-sul-do-piaui\/#primaryimage\",\"url\":\"https:\/\/portalnpm.com\/wp-content\/uploads\/2024\/01\/nibus-acidente-aa.png\",\"contentUrl\":\"https:\/\/portalnpm.com\/wp-content\/uploads\/2024\/01\/nibus-acidente-aa.png\",\"width\":844,\"height\":840},{\"@type\":\"BreadcrumbList\",\"@id\":\"https:\/\/portalnpm.com\/index.php\/2021\/03\/04\/onibus-com-varios-passageiros-colide-na-traseira-de-carreta-na-regiao-sul-do-piaui\/#breadcrumb\",\"itemListElement\":[{\"@type\":\"ListItem\",\"position\":1,\"name\":\"In\u00edcio\",\"item\":\"https:\/\/portalnpm.com\/\"},{\"@type\":\"ListItem\",\"position\":2,\"name\":\"\u00d4nibus com v\u00e1rios passageiros colide na traseira de carreta na regi\u00e3o Sul do Piau\u00ed\"}]},{\"@type\":\"WebSite\",\"@id\":\"https:\/\/portalnpm.com\/#website\",\"url\":\"https:\/\/portalnpm.com\/\",\"name\":\"Portal NPM\",\"description\":\"Not\u00edcias em Primeira M\u00e3o\",\"potentialAction\":[{\"@type\":\"SearchAction\",\"target\":{\"@type\":\"EntryPoint\",\"urlTemplate\":\"https:\/\/portalnpm.com\/?s={search_term_string}\"},\"query-input\":\"required name=search_term_string\"}],\"inLanguage\":\"pt-BR\"},{\"@type\":\"Person\",\"@id\":\"https:\/\/portalnpm.com\/#\/schema\/person\/49313e563cfdefcc167f1ee4c017c294\",\"name\":\"Genival Barbosa\",\"image\":{\"@type\":\"ImageObject\",\"inLanguage\":\"pt-BR\",\"@id\":\"https:\/\/portalnpm.com\/#\/schema\/person\/image\/\",\"url\":\"https:\/\/portalnpm.com\/wp-content\/uploads\/2024\/02\/avatar_user_2_1707743258-96x96.jpeg\",\"contentUrl\":\"https:\/\/portalnpm.com\/wp-content\/uploads\/2024\/02\/avatar_user_2_1707743258-96x96.jpeg\",\"caption\":\"Genival Barbosa\"},\"url\":\"https:\/\/portalnpm.com\/index.php\/author\/genival\/\"}]}<\/script>\n<!-- \/ Yoast SEO plugin. -->","yoast_head_json":{"title":"\u00d4nibus com v\u00e1rios passageiros colide na traseira de carreta na regi\u00e3o Sul do Piau\u00ed","robots":{"index":"index","follow":"follow","max-snippet":"max-snippet:-1","max-image-preview":"max-image-preview:large","max-video-preview":"max-video-preview:-1"},"canonical":"https:\/\/portalnpm.com\/index.php\/2021\/03\/04\/onibus-com-varios-passageiros-colide-na-traseira-de-carreta-na-regiao-sul-do-piaui\/","og_locale":"pt_BR","og_type":"article","og_title":"\u00d4nibus com v\u00e1rios passageiros colide na traseira de carreta na regi\u00e3o Sul do Piau\u00ed","og_description":"As p&eacute;ssimas condi&ccedil;&otilde;es do trecho da BR-135 entre as cidades de Gilbu&eacute;s e Monte Alegre, no Sul do Piau&iacute;, causaram um acidente na tarde de&nbsp;quarta-feira (03\/03) que deixou um &ocirc;nibus de passeio danificado e v&aacute;rios passageiros assustados. Uma caminhonete S10 que estava &agrave; frente de uma carreta e do &ocirc;nibus precisou frear bruscamente para desviar &hellip;","og_url":"https:\/\/portalnpm.com\/index.php\/2021\/03\/04\/onibus-com-varios-passageiros-colide-na-traseira-de-carreta-na-regiao-sul-do-piaui\/","og_site_name":"Portal NPM","article_published_time":"2021-03-04T22:01:23+00:00","article_modified_time":"2024-01-16T01:54:45+00:00","og_image":[{"width":844,"height":840,"url":"https:\/\/portalnpm.com\/wp-content\/uploads\/2024\/01\/nibus-acidente-aa.png","type":"image\/png"}],"author":"Genival Barbosa","twitter_card":"summary_large_image","twitter_misc":{"Escrito por":"Genival Barbosa","Est. tempo de leitura":"1 minuto"},"schema":{"@context":"https:\/\/schema.org","@graph":[{"@type":"WebPage","@id":"https:\/\/portalnpm.com\/index.php\/2021\/03\/04\/onibus-com-varios-passageiros-colide-na-traseira-de-carreta-na-regiao-sul-do-piaui\/","url":"https:\/\/portalnpm.com\/index.php\/2021\/03\/04\/onibus-com-varios-passageiros-colide-na-traseira-de-carreta-na-regiao-sul-do-piaui\/","name":"\u00d4nibus com v\u00e1rios passageiros colide na traseira de carreta na regi\u00e3o Sul do Piau\u00ed","isPartOf":{"@id":"https:\/\/portalnpm.com\/#website"},"primaryImageOfPage":{"@id":"https:\/\/portalnpm.com\/index.php\/2021\/03\/04\/onibus-com-varios-passageiros-colide-na-traseira-de-carreta-na-regiao-sul-do-piaui\/#primaryimage"},"image":{"@id":"https:\/\/portalnpm.com\/index.php\/2021\/03\/04\/onibus-com-varios-passageiros-colide-na-traseira-de-carreta-na-regiao-sul-do-piaui\/#primaryimage"},"thumbnailUrl":"https:\/\/portalnpm.com\/wp-content\/uploads\/2024\/01\/nibus-acidente-aa.png","datePublished":"2021-03-04T22:01:23+00:00","dateModified":"2024-01-16T01:54:45+00:00","author":{"@id":"https:\/\/portalnpm.com\/#\/schema\/person\/49313e563cfdefcc167f1ee4c017c294"},"breadcrumb":{"@id":"https:\/\/portalnpm.com\/index.php\/2021\/03\/04\/onibus-com-varios-passageiros-colide-na-traseira-de-carreta-na-regiao-sul-do-piaui\/#breadcrumb"},"inLanguage":"pt-BR","potentialAction":[{"@type":"ReadAction","target":["https:\/\/portalnpm.com\/index.php\/2021\/03\/04\/onibus-com-varios-passageiros-colide-na-traseira-de-carreta-na-regiao-sul-do-piaui\/"]}]},{"@type":"ImageObject","inLanguage":"pt-BR","@id":"https:\/\/portalnpm.com\/index.php\/2021\/03\/04\/onibus-com-varios-passageiros-colide-na-traseira-de-carreta-na-regiao-sul-do-piaui\/#primaryimage","url":"https:\/\/portalnpm.com\/wp-content\/uploads\/2024\/01\/nibus-acidente-aa.png","contentUrl":"https:\/\/portalnpm.com\/wp-content\/uploads\/2024\/01\/nibus-acidente-aa.png","width":844,"height":840},{"@type":"BreadcrumbList","@id":"https:\/\/portalnpm.com\/index.php\/2021\/03\/04\/onibus-com-varios-passageiros-colide-na-traseira-de-carreta-na-regiao-sul-do-piaui\/#breadcrumb","itemListElement":[{"@type":"ListItem","position":1,"name":"In\u00edcio","item":"https:\/\/portalnpm.com\/"},{"@type":"ListItem","position":2,"name":"\u00d4nibus com v\u00e1rios passageiros colide na traseira de carreta na regi\u00e3o Sul do Piau\u00ed"}]},{"@type":"WebSite","@id":"https:\/\/portalnpm.com\/#website","url":"https:\/\/portalnpm.com\/","name":"Portal NPM","description":"Not\u00edcias em Primeira M\u00e3o","potentialAction":[{"@type":"SearchAction","target":{"@type":"EntryPoint","urlTemplate":"https:\/\/portalnpm.com\/?s={search_term_string}"},"query-input":"required name=search_term_string"}],"inLanguage":"pt-BR"},{"@type":"Person","@id":"https:\/\/portalnpm.com\/#\/schema\/person\/49313e563cfdefcc167f1ee4c017c294","name":"Genival Barbosa","image":{"@type":"ImageObject","inLanguage":"pt-BR","@id":"https:\/\/portalnpm.com\/#\/schema\/person\/image\/","url":"https:\/\/portalnpm.com\/wp-content\/uploads\/2024\/02\/avatar_user_2_1707743258-96x96.jpeg","contentUrl":"https:\/\/portalnpm.com\/wp-content\/uploads\/2024\/02\/avatar_user_2_1707743258-96x96.jpeg","caption":"Genival Barbosa"},"url":"https:\/\/portalnpm.com\/index.php\/author\/genival\/"}]}},"jetpack_sharing_enabled":true,"jetpack_featured_media_url":"https:\/\/portalnpm.com\/wp-content\/uploads\/2024\/01\/nibus-acidente-aa.png","_links":{"self":[{"href":"https:\/\/portalnpm.com\/index.php\/wp-json\/wp\/v2\/posts\/62968"}],"collection":[{"href":"https:\/\/portalnpm.com\/index.php\/wp-json\/wp\/v2\/posts"}],"about":[{"href":"https:\/\/portalnpm.com\/index.php\/wp-json\/wp\/v2\/types\/post"}],"author":[{"embeddable":true,"href":"https:\/\/portalnpm.com\/index.php\/wp-json\/wp\/v2\/users\/2"}],"replies":[{"embeddable":true,"href":"https:\/\/portalnpm.com\/index.php\/wp-json\/wp\/v2\/comments?post=62968"}],"version-history":[{"count":1,"href":"https:\/\/portalnpm.com\/index.php\/wp-json\/wp\/v2\/posts\/62968\/revisions"}],"predecessor-version":[{"id":62973,"href":"https:\/\/portalnpm.com\/index.php\/wp-json\/wp\/v2\/posts\/62968\/revisions\/62973"}],"wp:featuredmedia":[{"embeddable":true,"href":"https:\/\/portalnpm.com\/index.php\/wp-json\/wp\/v2\/media\/62969"}],"wp:attachment":[{"href":"https:\/\/portalnpm.com\/index.php\/wp-json\/wp\/v2\/media?parent=62968"}],"wp:term":[{"taxonomy":"category","embeddable":true,"href":"https:\/\/portalnpm.com\/index.php\/wp-json\/wp\/v2\/categories?post=62968"},{"taxonomy":"post_tag","embeddable":true,"href":"https:\/\/portalnpm.com\/index.php\/wp-json\/wp\/v2\/tags?post=62968"}],"curies":[{"name":"wp","href":"https:\/\/api.w.org\/{rel}","templated":true}]}}